{"id":103669,"date":"2024-06-07T15:19:18","date_gmt":"2024-06-07T18:19:18","guid":{"rendered":"https:\/\/www.noticiasradioreflejos.com.ar\/2021\/?p=103669"},"modified":"2024-06-07T15:19:18","modified_gmt":"2024-06-07T18:19:18","slug":"continua-en-el-distrito-la-disputa-de-los-juegos-bonaerenses-2024","status":"publish","type":"post","link":"https:\/\/www.noticiasradioreflejos.com.ar\/2021\/continua-en-el-distrito-la-disputa-de-los-juegos-bonaerenses-2024\/","title":{"rendered":"Contin\u00faa en el distrito la disputa de los Juegos Bonaerenses 2024"},"content":{"rendered":"<p>Durante esta semana, continu\u00f3 en el distrito de Tornquist el desarrollo de la Etapa Local de diferentes disciplinas deportivas de los Juegos Bonaerenses 2024.<!--more--><\/p>\n<p>Con la localidad cabecera y Chasic\u00f3 como sedes, se cumpli\u00f3 la primera fase de distintas categor\u00edas de v\u00f3ley, futsal y tenis y surgieron nuevos clasificados a la Etapa Regional:<\/p>\n<p>-Voley masculino Sub 17: Bartolini Matias, Iba\u00f1e, Sandobal Axel, Cuevas Elias, Galvan Facundo, Vallerga Tobias, Orellana Joaquin, Medrano Dylan y Martin Felipe. DT Polinori Bruno (Tornquist)<br \/>\n-Voley femenino Sub 16: Naab Olivia, Urriaga Alma, Rusconi Juliana, Gandini Emma, Rincon Carolina, Tepper Carolina, Rodriguez Alma, Garrido Josefina, Grassi Juana, Gonzalez Iara, Guzman Valentina, Quiroga Sol. DT: Urriaga Sofia (Tornquist).<br \/>\n-Voley femenino Sub 18: Trankels Lucia, Candal Josefina, Miconi Luisina, Bayon Luisina, Belate Morena, Muzzi Renata, Fuhr Catalina, Manfredi Josefina, Pacher Camila, Rosatelli Lucia. DT: Urriaga Sofia (Tornquist).<br \/>\n-Voley Mixto Sub 13: Buscaglia Jazmin, Gonzalez Rafael, Lang Kehler Malena, Blanco Benicio, Alvarez Rodriguez Mateo. Rojas Brandon, Menna Ana Julia, Palma Uma. DT: Romano Jimena (Tornquist).<br \/>\n-Tenis Sub 14 singles: Valentino Maldoni (Tornquist)<br \/>\n-Tenis Sub 14 singles: Maureen Hoffmann (Tornquist)<br \/>\n-Tenis Sub 14 dobles: Leandro Barrios y Valentino Maldoni (Tornquist)<br \/>\n-Futsal Sub 14 Escolar Abierta: Bautista Marconi, Ezequiel P\u00e9rez, Francisco Loffler, Donato Sigismondi, Agustin Del Po, Santino Cartuccia y Lautaro Del Po. DT: Bruno Marconi (Tornquist)<br \/>\n-Futsal Sub 15 libre: Carmelo Strazzulla, Facundo Cabrera, Thiago Scabuso, Tomas Noel, Santiago Hipperdinger y Galo Garc\u00eda. (Villa Ventana)<br \/>\n-Futsal Sub 18 Escolar Abierta: Lautaro Mazzarini, Ignacio Marcolini, Benjamin Moldu, Dante Iommi, Lionel Piedrabuena, Marco Iommi, Juan Flores y Mateo Toy. DT: Juan Vigil (Tornquist).<\/p>\n<p>La Etapa Local continuar\u00e1 la semana pr\u00f3xima con el siguiente cronograma:<br \/>\nLunes 10 \u2013 9.30 hs: F\u00fatbol Playa Sub 14 masculino. Lugar: Automoto Club;<br \/>\nMartes 11 \u2013 10 hs: Handball Sub 16 femenino. Lugar: Gimnasio Municipal;<br \/>\nMi\u00e9rcoles 12 \u2013 9 hs: Futbol 11 Sub 18 masculino. Lugar: Automoto Club;<br \/>\nJueves 13 \u2013 9.30 hs: Atletismo. Lugar: Pista Municipal de Tornquist.<\/p>\n<p>Fotos de los encuentros a continuaci\u00f3n.<\/p>\n<p><a data-flickr-embed=\"true\" href=\"https:\/\/www.flickr.com\/photos\/182279889@N02\/53776295160\/in\/dateposted-public\/\" title=\"voleylocal (2)\"><img loading=\"lazy\" decoding=\"async\" src=\"https:\/\/live.staticflickr.com\/65535\/53776295160_3d330d0b7a_h.jpg\" width=\"1600\" height=\"1067\" alt=\"voleylocal (2)\"\/><\/a><script async src=\"\/\/embedr.flickr.com\/assets\/client-code.js\" charset=\"utf-8\"><\/script><\/p>\n<p><a data-flickr-embed=\"true\" href=\"https:\/\/www.flickr.com\/photos\/182279889@N02\/53775874386\/in\/dateposted-public\/\" title=\"voleylocal (1)\"><img loading=\"lazy\" decoding=\"async\" src=\"https:\/\/live.staticflickr.com\/65535\/53775874386_fd6af211e8_h.jpg\" width=\"1600\" height=\"1067\" alt=\"voleylocal (1)\"\/><\/a><script async src=\"\/\/embedr.flickr.com\/assets\/client-code.js\" charset=\"utf-8\"><\/script><\/p>\n<p><a data-flickr-embed=\"true\" href=\"https:\/\/www.flickr.com\/photos\/182279889@N02\/53774958047\/in\/dateposted-public\/\" title=\"voleychasico (2)\"><img loading=\"lazy\" decoding=\"async\" src=\"https:\/\/live.staticflickr.com\/65535\/53774958047_9729cdf128_h.jpg\" width=\"1600\" height=\"1200\" alt=\"voleychasico (2)\"\/><\/a><script async src=\"\/\/embedr.flickr.com\/assets\/client-code.js\" charset=\"utf-8\"><\/script><\/p>\n<p><a data-flickr-embed=\"true\" href=\"https:\/\/www.flickr.com\/photos\/182279889@N02\/53776075953\/in\/dateposted-public\/\" title=\"voleychasico (1)\"><img loading=\"lazy\" decoding=\"async\" src=\"https:\/\/live.staticflickr.com\/65535\/53776075953_dfa50fb850_b.jpg\" width=\"1024\" height=\"798\" alt=\"voleychasico (1)\"\/><\/a><script async src=\"\/\/embedr.flickr.com\/assets\/client-code.js\" charset=\"utf-8\"><\/script><\/p>\n<p><a data-flickr-embed=\"true\" href=\"https:\/\/www.flickr.com\/photos\/182279889@N02\/53775874641\/in\/dateposted-public\/\" title=\"tenislocal (2)\"><img loading=\"lazy\" decoding=\"async\" src=\"https:\/\/live.staticflickr.com\/65535\/53775874641_125ea05c8b_b.jpg\" width=\"1024\" height=\"683\" alt=\"tenislocal (2)\"\/><\/a><script async src=\"\/\/embedr.flickr.com\/assets\/client-code.js\" charset=\"utf-8\"><\/script><\/p>\n<p><a data-flickr-embed=\"true\" href=\"https:\/\/www.flickr.com\/photos\/182279889@N02\/53776295205\/in\/dateposted-public\/\" title=\"futsallocal (2)\"><img loading=\"lazy\" decoding=\"async\" src=\"https:\/\/live.staticflickr.com\/65535\/53776295205_284579409a_b.jpg\" width=\"1024\" height=\"810\" alt=\"futsallocal (2)\"\/><\/a><script async src=\"\/\/embedr.flickr.com\/assets\/client-code.js\" charset=\"utf-8\"><\/script><\/p>\n<p><a data-flickr-embed=\"true\" href=\"https:\/\/www.flickr.com\/photos\/182279889@N02\/53775874481\/in\/dateposted-public\/\" title=\"futsallocal (1)\"><img loading=\"lazy\" decoding=\"async\" src=\"https:\/\/live.staticflickr.com\/65535\/53775874481_cc53987990_b.jpg\" width=\"1024\" height=\"768\" alt=\"futsallocal (1)\"\/><\/a><script async src=\"\/\/embedr.flickr.com\/assets\/client-code.js\" charset=\"utf-8\"><\/script><\/p>\n<p><a data-flickr-embed=\"true\" href=\"https:\/\/www.flickr.com\/photos\/182279889@N02\/53774958332\/in\/dateposted-public\/\" title=\"tenislocal (1)\"><img loading=\"lazy\" decoding=\"async\" src=\"https:\/\/live.staticflickr.com\/65535\/53774958332_416fd63432_b.jpg\" width=\"1024\" height=\"683\" alt=\"tenislocal (1)\"\/><\/a><script async src=\"\/\/embedr.flickr.com\/assets\/client-code.js\" charset=\"utf-8\"><\/script><\/p>\n","protected":false},"excerpt":{"rendered":"<p>Durante esta semana, continu\u00f3 en el distrito de Tornquist el desarrollo de la Etapa Local de diferentes disciplinas deportivas de los Juegos Bonaerenses 2024.<\/p>\n","protected":false},"author":3,"featured_media":0,"comment_status":"closed","ping_status":"closed","sticky":false,"template":"","format":"standard","meta":{"footnotes":""},"categories":[1],"tags":[],"class_list":["post-103669","post","type-post","status-publish","format-standard","hentry","category-sin-categoria"],"yoast_head":"<!-- This site is optimized with the Yoast SEO plugin v25.9 - https:\/\/yoast.com\/wordpress\/plugins\/seo\/ -->\n<title>Contin\u00faa en el distrito la disputa de los Juegos Bonaerenses 2024 - Noticias Radio Reflejos<\/title>\n<meta name=\"robots\" content=\"index, follow, max-snippet:-1, max-image-preview:large, max-video-preview:-1\" \/>\n<link rel=\"canonical\" href=\"https:\/\/www.noticiasradioreflejos.com.ar\/2021\/continua-en-el-distrito-la-disputa-de-los-juegos-bonaerenses-2024\/\" \/>\n<meta property=\"og:locale\" content=\"es_ES\" \/>\n<meta property=\"og:type\" content=\"article\" \/>\n<meta property=\"og:title\" content=\"Contin\u00faa en el distrito la disputa de los Juegos Bonaerenses 2024 - Noticias Radio Reflejos\" \/>\n<meta property=\"og:description\" content=\"Durante esta semana, continu\u00f3 en el distrito de Tornquist el desarrollo de la Etapa Local de diferentes disciplinas deportivas de los Juegos Bonaerenses 2024.\" \/>\n<meta property=\"og:url\" content=\"https:\/\/www.noticiasradioreflejos.com.ar\/2021\/continua-en-el-distrito-la-disputa-de-los-juegos-bonaerenses-2024\/\" \/>\n<meta property=\"og:site_name\" content=\"Noticias Radio Reflejos\" \/>\n<meta property=\"article:published_time\" content=\"2024-06-07T18:19:18+00:00\" \/>\n<meta property=\"og:image\" content=\"https:\/\/live.staticflickr.com\/65535\/53776295160_3d330d0b7a_h.jpg\" \/>\n<meta name=\"author\" content=\"Arnaldo Botto\" \/>\n<meta name=\"twitter:card\" content=\"summary_large_image\" \/>\n<script type=\"application\/ld+json\" class=\"yoast-schema-graph\">{\"@context\":\"https:\/\/schema.org\",\"@graph\":[{\"@type\":\"WebPage\",\"@id\":\"https:\/\/www.noticiasradioreflejos.com.ar\/2021\/continua-en-el-distrito-la-disputa-de-los-juegos-bonaerenses-2024\/\",\"url\":\"https:\/\/www.noticiasradioreflejos.com.ar\/2021\/continua-en-el-distrito-la-disputa-de-los-juegos-bonaerenses-2024\/\",\"name\":\"Contin\u00faa en el distrito la disputa de los Juegos Bonaerenses 2024 - Noticias Radio Reflejos\",\"isPartOf\":{\"@id\":\"https:\/\/www.noticiasradioreflejos.com.ar\/2021\/#website\"},\"primaryImageOfPage\":{\"@id\":\"https:\/\/www.noticiasradioreflejos.com.ar\/2021\/continua-en-el-distrito-la-disputa-de-los-juegos-bonaerenses-2024\/#primaryimage\"},\"image\":{\"@id\":\"https:\/\/www.noticiasradioreflejos.com.ar\/2021\/continua-en-el-distrito-la-disputa-de-los-juegos-bonaerenses-2024\/#primaryimage\"},\"thumbnailUrl\":\"https:\/\/live.staticflickr.com\/65535\/53776295160_3d330d0b7a_h.jpg\",\"datePublished\":\"2024-06-07T18:19:18+00:00\",\"author\":{\"@id\":\"https:\/\/www.noticiasradioreflejos.com.ar\/2021\/#\/schema\/person\/ad82545263dcc5ec0996818884fd5fb1\"},\"breadcrumb\":{\"@id\":\"https:\/\/www.noticiasradioreflejos.com.ar\/2021\/continua-en-el-distrito-la-disputa-de-los-juegos-bonaerenses-2024\/#breadcrumb\"},\"inLanguage\":\"es\",\"potentialAction\":[{\"@type\":\"ReadAction\",\"target\":[\"https:\/\/www.noticiasradioreflejos.com.ar\/2021\/continua-en-el-distrito-la-disputa-de-los-juegos-bonaerenses-2024\/\"]}]},{\"@type\":\"ImageObject\",\"inLanguage\":\"es\",\"@id\":\"https:\/\/www.noticiasradioreflejos.com.ar\/2021\/continua-en-el-distrito-la-disputa-de-los-juegos-bonaerenses-2024\/#primaryimage\",\"url\":\"https:\/\/live.staticflickr.com\/65535\/53776295160_3d330d0b7a_h.jpg\",\"contentUrl\":\"https:\/\/live.staticflickr.com\/65535\/53776295160_3d330d0b7a_h.jpg\"},{\"@type\":\"BreadcrumbList\",\"@id\":\"https:\/\/www.noticiasradioreflejos.com.ar\/2021\/continua-en-el-distrito-la-disputa-de-los-juegos-bonaerenses-2024\/#breadcrumb\",\"itemListElement\":[{\"@type\":\"ListItem\",\"position\":1,\"name\":\"Portada\",\"item\":\"https:\/\/www.noticiasradioreflejos.com.ar\/2021\/\"},{\"@type\":\"ListItem\",\"position\":2,\"name\":\"Contin\u00faa en el distrito la disputa de los Juegos Bonaerenses 2024\"}]},{\"@type\":\"WebSite\",\"@id\":\"https:\/\/www.noticiasradioreflejos.com.ar\/2021\/#website\",\"url\":\"https:\/\/www.noticiasradioreflejos.com.ar\/2021\/\",\"name\":\"Noticias Radio Reflejos\",\"description\":\"Las noticias de mi comarca\",\"potentialAction\":[{\"@type\":\"SearchAction\",\"target\":{\"@type\":\"EntryPoint\",\"urlTemplate\":\"https:\/\/www.noticiasradioreflejos.com.ar\/2021\/?s={search_term_string}\"},\"query-input\":{\"@type\":\"PropertyValueSpecification\",\"valueRequired\":true,\"valueName\":\"search_term_string\"}}],\"inLanguage\":\"es\"},{\"@type\":\"Person\",\"@id\":\"https:\/\/www.noticiasradioreflejos.com.ar\/2021\/#\/schema\/person\/ad82545263dcc5ec0996818884fd5fb1\",\"name\":\"Arnaldo Botto\",\"image\":{\"@type\":\"ImageObject\",\"inLanguage\":\"es\",\"@id\":\"https:\/\/www.noticiasradioreflejos.com.ar\/2021\/#\/schema\/person\/image\/\",\"url\":\"https:\/\/secure.gravatar.com\/avatar\/55cb5e37c1efa326397366e6974cb338056df65cb50e7d64d1cf314e87504837?s=96&d=mm&r=g\",\"contentUrl\":\"https:\/\/secure.gravatar.com\/avatar\/55cb5e37c1efa326397366e6974cb338056df65cb50e7d64d1cf314e87504837?s=96&d=mm&r=g\",\"caption\":\"Arnaldo Botto\"},\"url\":\"https:\/\/www.noticiasradioreflejos.com.ar\/2021\/author\/arnaldo\/\"}]}<\/script>\n<!-- \/ Yoast SEO plugin. -->","yoast_head_json":{"title":"Contin\u00faa en el distrito la disputa de los Juegos Bonaerenses 2024 - Noticias Radio Reflejos","robots":{"index":"index","follow":"follow","max-snippet":"max-snippet:-1","max-image-preview":"max-image-preview:large","max-video-preview":"max-video-preview:-1"},"canonical":"https:\/\/www.noticiasradioreflejos.com.ar\/2021\/continua-en-el-distrito-la-disputa-de-los-juegos-bonaerenses-2024\/","og_locale":"es_ES","og_type":"article","og_title":"Contin\u00faa en el distrito la disputa de los Juegos Bonaerenses 2024 - Noticias Radio Reflejos","og_description":"Durante esta semana, continu\u00f3 en el distrito de Tornquist el desarrollo de la Etapa Local de diferentes disciplinas deportivas de los Juegos Bonaerenses 2024.","og_url":"https:\/\/www.noticiasradioreflejos.com.ar\/2021\/continua-en-el-distrito-la-disputa-de-los-juegos-bonaerenses-2024\/","og_site_name":"Noticias Radio Reflejos","article_published_time":"2024-06-07T18:19:18+00:00","og_image":[{"url":"https:\/\/live.staticflickr.com\/65535\/53776295160_3d330d0b7a_h.jpg","type":"","width":"","height":""}],"author":"Arnaldo Botto","twitter_card":"summary_large_image","schema":{"@context":"https:\/\/schema.org","@graph":[{"@type":"WebPage","@id":"https:\/\/www.noticiasradioreflejos.com.ar\/2021\/continua-en-el-distrito-la-disputa-de-los-juegos-bonaerenses-2024\/","url":"https:\/\/www.noticiasradioreflejos.com.ar\/2021\/continua-en-el-distrito-la-disputa-de-los-juegos-bonaerenses-2024\/","name":"Contin\u00faa en el distrito la disputa de los Juegos Bonaerenses 2024 - Noticias Radio Reflejos","isPartOf":{"@id":"https:\/\/www.noticiasradioreflejos.com.ar\/2021\/#website"},"primaryImageOfPage":{"@id":"https:\/\/www.noticiasradioreflejos.com.ar\/2021\/continua-en-el-distrito-la-disputa-de-los-juegos-bonaerenses-2024\/#primaryimage"},"image":{"@id":"https:\/\/www.noticiasradioreflejos.com.ar\/2021\/continua-en-el-distrito-la-disputa-de-los-juegos-bonaerenses-2024\/#primaryimage"},"thumbnailUrl":"https:\/\/live.staticflickr.com\/65535\/53776295160_3d330d0b7a_h.jpg","datePublished":"2024-06-07T18:19:18+00:00","author":{"@id":"https:\/\/www.noticiasradioreflejos.com.ar\/2021\/#\/schema\/person\/ad82545263dcc5ec0996818884fd5fb1"},"breadcrumb":{"@id":"https:\/\/www.noticiasradioreflejos.com.ar\/2021\/continua-en-el-distrito-la-disputa-de-los-juegos-bonaerenses-2024\/#breadcrumb"},"inLanguage":"es","potentialAction":[{"@type":"ReadAction","target":["https:\/\/www.noticiasradioreflejos.com.ar\/2021\/continua-en-el-distrito-la-disputa-de-los-juegos-bonaerenses-2024\/"]}]},{"@type":"ImageObject","inLanguage":"es","@id":"https:\/\/www.noticiasradioreflejos.com.ar\/2021\/continua-en-el-distrito-la-disputa-de-los-juegos-bonaerenses-2024\/#primaryimage","url":"https:\/\/live.staticflickr.com\/65535\/53776295160_3d330d0b7a_h.jpg","contentUrl":"https:\/\/live.staticflickr.com\/65535\/53776295160_3d330d0b7a_h.jpg"},{"@type":"BreadcrumbList","@id":"https:\/\/www.noticiasradioreflejos.com.ar\/2021\/continua-en-el-distrito-la-disputa-de-los-juegos-bonaerenses-2024\/#breadcrumb","itemListElement":[{"@type":"ListItem","position":1,"name":"Portada","item":"https:\/\/www.noticiasradioreflejos.com.ar\/2021\/"},{"@type":"ListItem","position":2,"name":"Contin\u00faa en el distrito la disputa de los Juegos Bonaerenses 2024"}]},{"@type":"WebSite","@id":"https:\/\/www.noticiasradioreflejos.com.ar\/2021\/#website","url":"https:\/\/www.noticiasradioreflejos.com.ar\/2021\/","name":"Noticias Radio Reflejos","description":"Las noticias de mi comarca","potentialAction":[{"@type":"SearchAction","target":{"@type":"EntryPoint","urlTemplate":"https:\/\/www.noticiasradioreflejos.com.ar\/2021\/?s={search_term_string}"},"query-input":{"@type":"PropertyValueSpecification","valueRequired":true,"valueName":"search_term_string"}}],"inLanguage":"es"},{"@type":"Person","@id":"https:\/\/www.noticiasradioreflejos.com.ar\/2021\/#\/schema\/person\/ad82545263dcc5ec0996818884fd5fb1","name":"Arnaldo Botto","image":{"@type":"ImageObject","inLanguage":"es","@id":"https:\/\/www.noticiasradioreflejos.com.ar\/2021\/#\/schema\/person\/image\/","url":"https:\/\/secure.gravatar.com\/avatar\/55cb5e37c1efa326397366e6974cb338056df65cb50e7d64d1cf314e87504837?s=96&d=mm&r=g","contentUrl":"https:\/\/secure.gravatar.com\/avatar\/55cb5e37c1efa326397366e6974cb338056df65cb50e7d64d1cf314e87504837?s=96&d=mm&r=g","caption":"Arnaldo Botto"},"url":"https:\/\/www.noticiasradioreflejos.com.ar\/2021\/author\/arnaldo\/"}]}},"_links":{"self":[{"href":"https:\/\/www.noticiasradioreflejos.com.ar\/2021\/wp-json\/wp\/v2\/posts\/103669","targetHints":{"allow":["GET"]}}],"collection":[{"href":"https:\/\/www.noticiasradioreflejos.com.ar\/2021\/wp-json\/wp\/v2\/posts"}],"about":[{"href":"https:\/\/www.noticiasradioreflejos.com.ar\/2021\/wp-json\/wp\/v2\/types\/post"}],"author":[{"embeddable":true,"href":"https:\/\/www.noticiasradioreflejos.com.ar\/2021\/wp-json\/wp\/v2\/users\/3"}],"replies":[{"embeddable":true,"href":"https:\/\/www.noticiasradioreflejos.com.ar\/2021\/wp-json\/wp\/v2\/comments?post=103669"}],"version-history":[{"count":1,"href":"https:\/\/www.noticiasradioreflejos.com.ar\/2021\/wp-json\/wp\/v2\/posts\/103669\/revisions"}],"predecessor-version":[{"id":103672,"href":"https:\/\/www.noticiasradioreflejos.com.ar\/2021\/wp-json\/wp\/v2\/posts\/103669\/revisions\/103672"}],"wp:attachment":[{"href":"https:\/\/www.noticiasradioreflejos.com.ar\/2021\/wp-json\/wp\/v2\/media?parent=103669"}],"wp:term":[{"taxonomy":"category","embeddable":true,"href":"https:\/\/www.noticiasradioreflejos.com.ar\/2021\/wp-json\/wp\/v2\/categories?post=103669"},{"taxonomy":"post_tag","embeddable":true,"href":"https:\/\/www.noticiasradioreflejos.com.ar\/2021\/wp-json\/wp\/v2\/tags?post=103669"}],"curies":[{"name":"wp","href":"https:\/\/api.w.org\/{rel}","templated":true}]}}