{"id":103658,"date":"2024-06-07T15:21:44","date_gmt":"2024-06-07T18:21:44","guid":{"rendered":"https:\/\/www.noticiasradioreflejos.com.ar\/2021\/?p=103658"},"modified":"2024-06-08T09:24:41","modified_gmt":"2024-06-08T12:24:41","slug":"pami-vamos-a-tener-atencion-semanal-y-permanente-en-todo-el-distrito","status":"publish","type":"post","link":"https:\/\/www.noticiasradioreflejos.com.ar\/2021\/pami-vamos-a-tener-atencion-semanal-y-permanente-en-todo-el-distrito\/","title":{"rendered":"PAMI: \u201cVamos a tener atenci\u00f3n semanal y permanente en todo el distrito\u201d"},"content":{"rendered":"<p>As\u00ed lo confirm\u00f3 su directora, <strong>Carmen Soverchia<\/strong>. \u201cSe sum\u00f3 una agente que viene de Puan y ella se encargar\u00e1 de ir a las localidades\u201d asegur\u00f3.<!--more--><\/p>\n<p>Esta ma\u00f1ana la Directora de PAMI Tornquist, Carmen Soverchia, trajo una excelente novedad a todos los afiliados, ya que a partir de la pr\u00f3xima semana habr\u00e1 atenci\u00f3n en todas las localidades del distrito.<\/p>\n<p>Seg\u00fan coment\u00f3 \u201cvamos a tener atenci\u00f3n semanal y permanente en todo el distrito a trav\u00e9s de los centros de jubilados. Los lunes ser\u00e1 en Villa Ventana, de 9 a 14, los martes en Sierra, de 8 a 13, y el mi\u00e9rcoles en Saldungaray de 8 a 14\u201d.<\/p>\n<p><a title=\"PAMI en Ventania\" href=\"https:\/\/www.flickr.com\/photos\/182279889@N02\/53776199979\/in\/dateposted-public\/\" data-flickr-embed=\"true\"><img loading=\"lazy\" decoding=\"async\" class=\"aligncenter\" src=\"https:\/\/live.staticflickr.com\/65535\/53776199979_6fa4de19e6_z.jpg\" alt=\"PAMI en Ventania\" width=\"640\" height=\"640\" \/><\/a><script async src=\"\/\/embedr.flickr.com\/assets\/client-code.js\" charset=\"utf-8\"><\/script><\/p>\n<p>Agregando a esto, afirm\u00f3 que \u201cestamos muy contentos con esta decisi\u00f3n de la nueva direcci\u00f3n ejecutiva a cargo de la Dra. Gonz\u00e1lez Prieto. Se sum\u00f3 a Tornquist una agente de Puan, que lleva 18 a\u00f1os trabajando, y con esto tendremos m\u00e1s acercamiento a las localidades\u201d.<\/p>\n<p>De igual manera aprovech\u00f3 para \u201cagradecer a los centros de jubilados, que de movida nos dijeron que s\u00ed, se pusieron a las \u00f3rdenes y siempre est\u00e1n predispuestos a ayudar\u201d.<\/p>\n<p>Sobre las acciones que se podr\u00e1n llevar adelante, subray\u00f3 que \u201cse podr\u00e1n realizar todos los tr\u00e1mites y todas las consultas. Mucho tambi\u00e9n se puede hacer por la p\u00e1gina de internet, pero la realidad es que nosotros tenemos muchas distancias hasta la agencia de Tornquist\u201d.<\/p>\n<p>Por \u00faltimo coment\u00f3 que \u201cest\u00e1bamos recibiendo muchos tr\u00e1mites por whatsapp, pero mucha gente no sabe c\u00f3mo hacerlo, as\u00ed que es un apoyo para las personas que se acerquen a los centros de jubilados\u201d.<\/p>\n<p><iframe loading=\"lazy\" width=\"100%\" height=\"166\" scrolling=\"no\" frameborder=\"no\" allow=\"autoplay\" src=\"https:\/\/w.soundcloud.com\/player\/?url=https%3A\/\/api.soundcloud.com\/tracks\/1841142846&#038;color=%23ff5500&#038;auto_play=false&#038;hide_related=false&#038;show_comments=true&#038;show_user=true&#038;show_reposts=false&#038;show_teaser=true\"><\/iframe><\/p>\n<div style=\"font-size: 10px; color: #cccccc;line-break: anywhere;word-break: normal;overflow: hidden;white-space: nowrap;text-overflow: ellipsis; font-family: Interstate,Lucida Grande,Lucida Sans Unicode,Lucida Sans,Garuda,Verdana,Tahoma,sans-serif;font-weight: 100;\"><a href=\"https:\/\/soundcloud.com\/fmreflejos-103-7\" title=\"fmreflejos 103.7\" target=\"_blank\" style=\"color: #cccccc; text-decoration: none;\" rel=\"noopener\">fmreflejos 103.7<\/a> \u00b7 <a href=\"https:\/\/soundcloud.com\/fmreflejos-103-7\/carmen-soverchia-07-06\" title=\"Carmen Soverchia 07 - 06\" target=\"_blank\" style=\"color: #cccccc; text-decoration: none;\" rel=\"noopener\">Carmen Soverchia 07 &#8211; 06<\/a><\/div>\n","protected":false},"excerpt":{"rendered":"<p>As\u00ed lo confirm\u00f3 su directora, Carmen Soverchia. \u201cSe sum\u00f3 una agente que viene de Puan y ella se encargar\u00e1 de ir a las localidades\u201d asegur\u00f3.<\/p>\n","protected":false},"author":3,"featured_media":44763,"comment_status":"closed","ping_status":"closed","sticky":false,"template":"","format":"standard","meta":{"footnotes":""},"categories":[24],"tags":[48],"class_list":["post-103658","post","type-post","status-publish","format-standard","has-post-thumbnail","hentry","category-politica","tag-destacada"],"yoast_head":"<!-- This site is optimized with the Yoast SEO plugin v25.9 - https:\/\/yoast.com\/wordpress\/plugins\/seo\/ -->\n<title>PAMI: \u201cVamos a tener atenci\u00f3n semanal y permanente en todo el distrito\u201d - Noticias Radio Reflejos<\/title>\n<meta name=\"robots\" content=\"index, follow, max-snippet:-1, max-image-preview:large, max-video-preview:-1\" \/>\n<link rel=\"canonical\" href=\"https:\/\/www.noticiasradioreflejos.com.ar\/2021\/pami-vamos-a-tener-atencion-semanal-y-permanente-en-todo-el-distrito\/\" \/>\n<meta property=\"og:locale\" content=\"es_ES\" \/>\n<meta property=\"og:type\" content=\"article\" \/>\n<meta property=\"og:title\" content=\"PAMI: \u201cVamos a tener atenci\u00f3n semanal y permanente en todo el distrito\u201d - Noticias Radio Reflejos\" \/>\n<meta property=\"og:description\" content=\"As\u00ed lo confirm\u00f3 su directora, Carmen Soverchia. \u201cSe sum\u00f3 una agente que viene de Puan y ella se encargar\u00e1 de ir a las localidades\u201d asegur\u00f3.\" \/>\n<meta property=\"og:url\" content=\"https:\/\/www.noticiasradioreflejos.com.ar\/2021\/pami-vamos-a-tener-atencion-semanal-y-permanente-en-todo-el-distrito\/\" \/>\n<meta property=\"og:site_name\" content=\"Noticias Radio Reflejos\" \/>\n<meta property=\"article:published_time\" content=\"2024-06-07T18:21:44+00:00\" \/>\n<meta property=\"article:modified_time\" content=\"2024-06-08T12:24:41+00:00\" \/>\n<meta property=\"og:image\" content=\"https:\/\/www.noticiasradioreflejos.com.ar\/2021\/wp-content\/uploads\/2020\/07\/PAMI_OK_1588601611.png\" \/>\n\t<meta property=\"og:image:width\" content=\"1072\" \/>\n\t<meta property=\"og:image:height\" content=\"589\" \/>\n\t<meta property=\"og:image:type\" content=\"image\/png\" \/>\n<meta name=\"author\" content=\"Arnaldo Botto\" \/>\n<meta name=\"twitter:card\" content=\"summary_large_image\" \/>\n<script type=\"application\/ld+json\" class=\"yoast-schema-graph\">{\"@context\":\"https:\/\/schema.org\",\"@graph\":[{\"@type\":\"WebPage\",\"@id\":\"https:\/\/www.noticiasradioreflejos.com.ar\/2021\/pami-vamos-a-tener-atencion-semanal-y-permanente-en-todo-el-distrito\/\",\"url\":\"https:\/\/www.noticiasradioreflejos.com.ar\/2021\/pami-vamos-a-tener-atencion-semanal-y-permanente-en-todo-el-distrito\/\",\"name\":\"PAMI: \u201cVamos a tener atenci\u00f3n semanal y permanente en todo el distrito\u201d - Noticias Radio Reflejos\",\"isPartOf\":{\"@id\":\"https:\/\/www.noticiasradioreflejos.com.ar\/2021\/#website\"},\"primaryImageOfPage\":{\"@id\":\"https:\/\/www.noticiasradioreflejos.com.ar\/2021\/pami-vamos-a-tener-atencion-semanal-y-permanente-en-todo-el-distrito\/#primaryimage\"},\"image\":{\"@id\":\"https:\/\/www.noticiasradioreflejos.com.ar\/2021\/pami-vamos-a-tener-atencion-semanal-y-permanente-en-todo-el-distrito\/#primaryimage\"},\"thumbnailUrl\":\"https:\/\/www.noticiasradioreflejos.com.ar\/2021\/wp-content\/uploads\/2020\/07\/PAMI_OK_1588601611.png\",\"datePublished\":\"2024-06-07T18:21:44+00:00\",\"dateModified\":\"2024-06-08T12:24:41+00:00\",\"author\":{\"@id\":\"https:\/\/www.noticiasradioreflejos.com.ar\/2021\/#\/schema\/person\/ad82545263dcc5ec0996818884fd5fb1\"},\"breadcrumb\":{\"@id\":\"https:\/\/www.noticiasradioreflejos.com.ar\/2021\/pami-vamos-a-tener-atencion-semanal-y-permanente-en-todo-el-distrito\/#breadcrumb\"},\"inLanguage\":\"es\",\"potentialAction\":[{\"@type\":\"ReadAction\",\"target\":[\"https:\/\/www.noticiasradioreflejos.com.ar\/2021\/pami-vamos-a-tener-atencion-semanal-y-permanente-en-todo-el-distrito\/\"]}]},{\"@type\":\"ImageObject\",\"inLanguage\":\"es\",\"@id\":\"https:\/\/www.noticiasradioreflejos.com.ar\/2021\/pami-vamos-a-tener-atencion-semanal-y-permanente-en-todo-el-distrito\/#primaryimage\",\"url\":\"https:\/\/www.noticiasradioreflejos.com.ar\/2021\/wp-content\/uploads\/2020\/07\/PAMI_OK_1588601611.png\",\"contentUrl\":\"https:\/\/www.noticiasradioreflejos.com.ar\/2021\/wp-content\/uploads\/2020\/07\/PAMI_OK_1588601611.png\",\"width\":1072,\"height\":589},{\"@type\":\"BreadcrumbList\",\"@id\":\"https:\/\/www.noticiasradioreflejos.com.ar\/2021\/pami-vamos-a-tener-atencion-semanal-y-permanente-en-todo-el-distrito\/#breadcrumb\",\"itemListElement\":[{\"@type\":\"ListItem\",\"position\":1,\"name\":\"Portada\",\"item\":\"https:\/\/www.noticiasradioreflejos.com.ar\/2021\/\"},{\"@type\":\"ListItem\",\"position\":2,\"name\":\"PAMI: \u201cVamos a tener atenci\u00f3n semanal y permanente en todo el distrito\u201d\"}]},{\"@type\":\"WebSite\",\"@id\":\"https:\/\/www.noticiasradioreflejos.com.ar\/2021\/#website\",\"url\":\"https:\/\/www.noticiasradioreflejos.com.ar\/2021\/\",\"name\":\"Noticias Radio Reflejos\",\"description\":\"Las noticias de mi comarca\",\"potentialAction\":[{\"@type\":\"SearchAction\",\"target\":{\"@type\":\"EntryPoint\",\"urlTemplate\":\"https:\/\/www.noticiasradioreflejos.com.ar\/2021\/?s={search_term_string}\"},\"query-input\":{\"@type\":\"PropertyValueSpecification\",\"valueRequired\":true,\"valueName\":\"search_term_string\"}}],\"inLanguage\":\"es\"},{\"@type\":\"Person\",\"@id\":\"https:\/\/www.noticiasradioreflejos.com.ar\/2021\/#\/schema\/person\/ad82545263dcc5ec0996818884fd5fb1\",\"name\":\"Arnaldo Botto\",\"image\":{\"@type\":\"ImageObject\",\"inLanguage\":\"es\",\"@id\":\"https:\/\/www.noticiasradioreflejos.com.ar\/2021\/#\/schema\/person\/image\/\",\"url\":\"https:\/\/secure.gravatar.com\/avatar\/55cb5e37c1efa326397366e6974cb338056df65cb50e7d64d1cf314e87504837?s=96&d=mm&r=g\",\"contentUrl\":\"https:\/\/secure.gravatar.com\/avatar\/55cb5e37c1efa326397366e6974cb338056df65cb50e7d64d1cf314e87504837?s=96&d=mm&r=g\",\"caption\":\"Arnaldo Botto\"},\"url\":\"https:\/\/www.noticiasradioreflejos.com.ar\/2021\/author\/arnaldo\/\"}]}<\/script>\n<!-- \/ Yoast SEO plugin. -->","yoast_head_json":{"title":"PAMI: \u201cVamos a tener atenci\u00f3n semanal y permanente en todo el distrito\u201d - Noticias Radio Reflejos","robots":{"index":"index","follow":"follow","max-snippet":"max-snippet:-1","max-image-preview":"max-image-preview:large","max-video-preview":"max-video-preview:-1"},"canonical":"https:\/\/www.noticiasradioreflejos.com.ar\/2021\/pami-vamos-a-tener-atencion-semanal-y-permanente-en-todo-el-distrito\/","og_locale":"es_ES","og_type":"article","og_title":"PAMI: \u201cVamos a tener atenci\u00f3n semanal y permanente en todo el distrito\u201d - Noticias Radio Reflejos","og_description":"As\u00ed lo confirm\u00f3 su directora, Carmen Soverchia. \u201cSe sum\u00f3 una agente que viene de Puan y ella se encargar\u00e1 de ir a las localidades\u201d asegur\u00f3.","og_url":"https:\/\/www.noticiasradioreflejos.com.ar\/2021\/pami-vamos-a-tener-atencion-semanal-y-permanente-en-todo-el-distrito\/","og_site_name":"Noticias Radio Reflejos","article_published_time":"2024-06-07T18:21:44+00:00","article_modified_time":"2024-06-08T12:24:41+00:00","og_image":[{"width":1072,"height":589,"url":"https:\/\/www.noticiasradioreflejos.com.ar\/2021\/wp-content\/uploads\/2020\/07\/PAMI_OK_1588601611.png","type":"image\/png"}],"author":"Arnaldo Botto","twitter_card":"summary_large_image","schema":{"@context":"https:\/\/schema.org","@graph":[{"@type":"WebPage","@id":"https:\/\/www.noticiasradioreflejos.com.ar\/2021\/pami-vamos-a-tener-atencion-semanal-y-permanente-en-todo-el-distrito\/","url":"https:\/\/www.noticiasradioreflejos.com.ar\/2021\/pami-vamos-a-tener-atencion-semanal-y-permanente-en-todo-el-distrito\/","name":"PAMI: \u201cVamos a tener atenci\u00f3n semanal y permanente en todo el distrito\u201d - Noticias Radio Reflejos","isPartOf":{"@id":"https:\/\/www.noticiasradioreflejos.com.ar\/2021\/#website"},"primaryImageOfPage":{"@id":"https:\/\/www.noticiasradioreflejos.com.ar\/2021\/pami-vamos-a-tener-atencion-semanal-y-permanente-en-todo-el-distrito\/#primaryimage"},"image":{"@id":"https:\/\/www.noticiasradioreflejos.com.ar\/2021\/pami-vamos-a-tener-atencion-semanal-y-permanente-en-todo-el-distrito\/#primaryimage"},"thumbnailUrl":"https:\/\/www.noticiasradioreflejos.com.ar\/2021\/wp-content\/uploads\/2020\/07\/PAMI_OK_1588601611.png","datePublished":"2024-06-07T18:21:44+00:00","dateModified":"2024-06-08T12:24:41+00:00","author":{"@id":"https:\/\/www.noticiasradioreflejos.com.ar\/2021\/#\/schema\/person\/ad82545263dcc5ec0996818884fd5fb1"},"breadcrumb":{"@id":"https:\/\/www.noticiasradioreflejos.com.ar\/2021\/pami-vamos-a-tener-atencion-semanal-y-permanente-en-todo-el-distrito\/#breadcrumb"},"inLanguage":"es","potentialAction":[{"@type":"ReadAction","target":["https:\/\/www.noticiasradioreflejos.com.ar\/2021\/pami-vamos-a-tener-atencion-semanal-y-permanente-en-todo-el-distrito\/"]}]},{"@type":"ImageObject","inLanguage":"es","@id":"https:\/\/www.noticiasradioreflejos.com.ar\/2021\/pami-vamos-a-tener-atencion-semanal-y-permanente-en-todo-el-distrito\/#primaryimage","url":"https:\/\/www.noticiasradioreflejos.com.ar\/2021\/wp-content\/uploads\/2020\/07\/PAMI_OK_1588601611.png","contentUrl":"https:\/\/www.noticiasradioreflejos.com.ar\/2021\/wp-content\/uploads\/2020\/07\/PAMI_OK_1588601611.png","width":1072,"height":589},{"@type":"BreadcrumbList","@id":"https:\/\/www.noticiasradioreflejos.com.ar\/2021\/pami-vamos-a-tener-atencion-semanal-y-permanente-en-todo-el-distrito\/#breadcrumb","itemListElement":[{"@type":"ListItem","position":1,"name":"Portada","item":"https:\/\/www.noticiasradioreflejos.com.ar\/2021\/"},{"@type":"ListItem","position":2,"name":"PAMI: \u201cVamos a tener atenci\u00f3n semanal y permanente en todo el distrito\u201d"}]},{"@type":"WebSite","@id":"https:\/\/www.noticiasradioreflejos.com.ar\/2021\/#website","url":"https:\/\/www.noticiasradioreflejos.com.ar\/2021\/","name":"Noticias Radio Reflejos","description":"Las noticias de mi comarca","potentialAction":[{"@type":"SearchAction","target":{"@type":"EntryPoint","urlTemplate":"https:\/\/www.noticiasradioreflejos.com.ar\/2021\/?s={search_term_string}"},"query-input":{"@type":"PropertyValueSpecification","valueRequired":true,"valueName":"search_term_string"}}],"inLanguage":"es"},{"@type":"Person","@id":"https:\/\/www.noticiasradioreflejos.com.ar\/2021\/#\/schema\/person\/ad82545263dcc5ec0996818884fd5fb1","name":"Arnaldo Botto","image":{"@type":"ImageObject","inLanguage":"es","@id":"https:\/\/www.noticiasradioreflejos.com.ar\/2021\/#\/schema\/person\/image\/","url":"https:\/\/secure.gravatar.com\/avatar\/55cb5e37c1efa326397366e6974cb338056df65cb50e7d64d1cf314e87504837?s=96&d=mm&r=g","contentUrl":"https:\/\/secure.gravatar.com\/avatar\/55cb5e37c1efa326397366e6974cb338056df65cb50e7d64d1cf314e87504837?s=96&d=mm&r=g","caption":"Arnaldo Botto"},"url":"https:\/\/www.noticiasradioreflejos.com.ar\/2021\/author\/arnaldo\/"}]}},"_links":{"self":[{"href":"https:\/\/www.noticiasradioreflejos.com.ar\/2021\/wp-json\/wp\/v2\/posts\/103658","targetHints":{"allow":["GET"]}}],"collection":[{"href":"https:\/\/www.noticiasradioreflejos.com.ar\/2021\/wp-json\/wp\/v2\/posts"}],"about":[{"href":"https:\/\/www.noticiasradioreflejos.com.ar\/2021\/wp-json\/wp\/v2\/types\/post"}],"author":[{"embeddable":true,"href":"https:\/\/www.noticiasradioreflejos.com.ar\/2021\/wp-json\/wp\/v2\/users\/3"}],"replies":[{"embeddable":true,"href":"https:\/\/www.noticiasradioreflejos.com.ar\/2021\/wp-json\/wp\/v2\/comments?post=103658"}],"version-history":[{"count":3,"href":"https:\/\/www.noticiasradioreflejos.com.ar\/2021\/wp-json\/wp\/v2\/posts\/103658\/revisions"}],"predecessor-version":[{"id":103680,"href":"https:\/\/www.noticiasradioreflejos.com.ar\/2021\/wp-json\/wp\/v2\/posts\/103658\/revisions\/103680"}],"wp:featuredmedia":[{"embeddable":true,"href":"https:\/\/www.noticiasradioreflejos.com.ar\/2021\/wp-json\/wp\/v2\/media\/44763"}],"wp:attachment":[{"href":"https:\/\/www.noticiasradioreflejos.com.ar\/2021\/wp-json\/wp\/v2\/media?parent=103658"}],"wp:term":[{"taxonomy":"category","embeddable":true,"href":"https:\/\/www.noticiasradioreflejos.com.ar\/2021\/wp-json\/wp\/v2\/categories?post=103658"},{"taxonomy":"post_tag","embeddable":true,"href":"https:\/\/www.noticiasradioreflejos.com.ar\/2021\/wp-json\/wp\/v2\/tags?post=103658"}],"curies":[{"name":"wp","href":"https:\/\/api.w.org\/{rel}","templated":true}]}}