{"id":103406,"date":"2024-06-01T09:09:28","date_gmt":"2024-06-01T12:09:28","guid":{"rendered":"https:\/\/www.noticiasradioreflejos.com.ar\/2021\/?p=103406"},"modified":"2024-06-01T09:09:28","modified_gmt":"2024-06-01T12:09:28","slug":"plan-motosierra-confirman-el-cierre-de-las-sedes-del-inti","status":"publish","type":"post","link":"https:\/\/www.noticiasradioreflejos.com.ar\/2021\/plan-motosierra-confirman-el-cierre-de-las-sedes-del-inti\/","title":{"rendered":"Plan motosierra: confirman el cierre de las sedes del INTI"},"content":{"rendered":"<p>Daniel Afione, titular del ente aut\u00e1rquico, anunci\u00f3 que la secretaria de Industria decidi\u00f3 \u00abproceder al cierre de todas las sedes provinciales que no tengan laboratorio\u00bb<!--more--><\/p>\n<div class=\"columns\" data-tadevel-template=\"web\/article-columns\">\n<div class=\"column-main\">\n<div class=\"article-body\" data-tadevel-template=\"web\/article-body\">\n<div class=\"article-body-content\">\n<p>El presidente del<strong>\u00a0Instituto Nacional de Tecnolog\u00eda Industrial\u00a0<\/strong>(INTI)\u00a0<strong>Daniel Afione\u00a0<\/strong>le comunic\u00f3 a los subgerentes regionales de la entidad que la secretar\u00eda de Industria y Desarrollo Productivo decidi\u00f3 \u00ab<strong>proceder al cierre de todas las sedes provinciales que no tengan laboratorio<\/strong>\u00ab.<\/p>\n<p>De acuerdo a un comunicado difundido este viernes por los trabajadores del instituto p\u00fablico, el funcionario<strong>\u00a0se neg\u00f3 a cualquier propuesta de revisi\u00f3n de la \u201cbrutal medida informada\u201d<\/strong>\u00a0y volvi\u00f3 a argumentar que\u00a0<strong>la iniciativa no es su voluntad, sino que expresa \u201clo pide la secretar\u00eda<\/strong>\u201d.<\/p>\n<p>En la misma reuni\u00f3n con subgerentes, el funcionario afirm\u00f3 que en las pr\u00f3ximas horas tiene pensado presentar la nueva estructura de todo el Instituto. \u201c<strong>As\u00ed la gente puede ver si se encuentra o no y en base a eso decida si adhiere al retiro voluntario<\/strong>\u201d, explic\u00f3 Afione.<\/p>\n<p>Por su parte, el personal de la entidad calific\u00f3 la medida que lleva adelante la secretar\u00eda de Industria como \u201c<strong>el principio del fin para las y los trabajadores del organismo<\/strong>\u201d.<\/p>\n<p>\u201cEl ataque que comenz\u00f3 con la afirmaci\u00f3n de ejecutar 1000 despidos, ahora ya tiene nombres y apellidos, porque son de carne y hueso las y los compa\u00f1eros del interior que saben que su lugar de trabajo desaparece\u201d, explicaron los trabajadores del instituto, quienes\u00a0<strong>se declararon en alerta y movilizaci\u00f3n a partir de lo anunciado<\/strong>.<\/p>\n<p>A su vez, le exigieron a la Junta Interna ATE INTI que de manera \u201curgente\u201d convoque el d\u00eda lunes 3 de junio a las 10 a una Asamblea h\u00edbrida (presencial y virtual) en el Auditorio donde puedan conectarse los trabajadores de todo el pa\u00eds.<\/p>\n<\/div>\n<\/div>\n<\/div>\n<\/div>\n","protected":false},"excerpt":{"rendered":"<p>Daniel Afione, titular del ente aut\u00e1rquico, anunci\u00f3 que la secretaria de Industria decidi\u00f3 \u00abproceder al cierre de todas las sedes provinciales que no tengan laboratorio\u00bb<\/p>\n","protected":false},"author":3,"featured_media":103407,"comment_status":"closed","ping_status":"closed","sticky":false,"template":"","format":"standard","meta":{"footnotes":""},"categories":[58],"tags":[],"class_list":["post-103406","post","type-post","status-publish","format-standard","has-post-thumbnail","hentry","category-gobierno"],"yoast_head":"<!-- This site is optimized with the Yoast SEO plugin v25.9 - https:\/\/yoast.com\/wordpress\/plugins\/seo\/ -->\n<title>Plan motosierra: confirman el cierre de las sedes del INTI - Noticias Radio Reflejos<\/title>\n<meta name=\"robots\" content=\"index, follow, max-snippet:-1, max-image-preview:large, max-video-preview:-1\" \/>\n<link rel=\"canonical\" href=\"https:\/\/www.noticiasradioreflejos.com.ar\/2021\/plan-motosierra-confirman-el-cierre-de-las-sedes-del-inti\/\" \/>\n<meta property=\"og:locale\" content=\"es_ES\" \/>\n<meta property=\"og:type\" content=\"article\" \/>\n<meta property=\"og:title\" content=\"Plan motosierra: confirman el cierre de las sedes del INTI - Noticias Radio Reflejos\" \/>\n<meta property=\"og:description\" content=\"Daniel Afione, titular del ente aut\u00e1rquico, anunci\u00f3 que la secretaria de Industria decidi\u00f3 \u00abproceder al cierre de todas las sedes provinciales que no tengan laboratorio\u00bb\" \/>\n<meta property=\"og:url\" content=\"https:\/\/www.noticiasradioreflejos.com.ar\/2021\/plan-motosierra-confirman-el-cierre-de-las-sedes-del-inti\/\" \/>\n<meta property=\"og:site_name\" content=\"Noticias Radio Reflejos\" \/>\n<meta property=\"article:published_time\" content=\"2024-06-01T12:09:28+00:00\" \/>\n<meta property=\"og:image\" content=\"https:\/\/www.noticiasradioreflejos.com.ar\/2021\/wp-content\/uploads\/2024\/06\/Inti.png\" \/>\n\t<meta property=\"og:image:width\" content=\"1028\" \/>\n\t<meta property=\"og:image:height\" content=\"720\" \/>\n\t<meta property=\"og:image:type\" content=\"image\/png\" \/>\n<meta name=\"author\" content=\"Arnaldo Botto\" \/>\n<meta name=\"twitter:card\" content=\"summary_large_image\" \/>\n<script type=\"application\/ld+json\" class=\"yoast-schema-graph\">{\"@context\":\"https:\/\/schema.org\",\"@graph\":[{\"@type\":\"WebPage\",\"@id\":\"https:\/\/www.noticiasradioreflejos.com.ar\/2021\/plan-motosierra-confirman-el-cierre-de-las-sedes-del-inti\/\",\"url\":\"https:\/\/www.noticiasradioreflejos.com.ar\/2021\/plan-motosierra-confirman-el-cierre-de-las-sedes-del-inti\/\",\"name\":\"Plan motosierra: confirman el cierre de las sedes del INTI - Noticias Radio Reflejos\",\"isPartOf\":{\"@id\":\"https:\/\/www.noticiasradioreflejos.com.ar\/2021\/#website\"},\"primaryImageOfPage\":{\"@id\":\"https:\/\/www.noticiasradioreflejos.com.ar\/2021\/plan-motosierra-confirman-el-cierre-de-las-sedes-del-inti\/#primaryimage\"},\"image\":{\"@id\":\"https:\/\/www.noticiasradioreflejos.com.ar\/2021\/plan-motosierra-confirman-el-cierre-de-las-sedes-del-inti\/#primaryimage\"},\"thumbnailUrl\":\"https:\/\/www.noticiasradioreflejos.com.ar\/2021\/wp-content\/uploads\/2024\/06\/Inti.png\",\"datePublished\":\"2024-06-01T12:09:28+00:00\",\"author\":{\"@id\":\"https:\/\/www.noticiasradioreflejos.com.ar\/2021\/#\/schema\/person\/ad82545263dcc5ec0996818884fd5fb1\"},\"breadcrumb\":{\"@id\":\"https:\/\/www.noticiasradioreflejos.com.ar\/2021\/plan-motosierra-confirman-el-cierre-de-las-sedes-del-inti\/#breadcrumb\"},\"inLanguage\":\"es\",\"potentialAction\":[{\"@type\":\"ReadAction\",\"target\":[\"https:\/\/www.noticiasradioreflejos.com.ar\/2021\/plan-motosierra-confirman-el-cierre-de-las-sedes-del-inti\/\"]}]},{\"@type\":\"ImageObject\",\"inLanguage\":\"es\",\"@id\":\"https:\/\/www.noticiasradioreflejos.com.ar\/2021\/plan-motosierra-confirman-el-cierre-de-las-sedes-del-inti\/#primaryimage\",\"url\":\"https:\/\/www.noticiasradioreflejos.com.ar\/2021\/wp-content\/uploads\/2024\/06\/Inti.png\",\"contentUrl\":\"https:\/\/www.noticiasradioreflejos.com.ar\/2021\/wp-content\/uploads\/2024\/06\/Inti.png\",\"width\":1028,\"height\":720},{\"@type\":\"BreadcrumbList\",\"@id\":\"https:\/\/www.noticiasradioreflejos.com.ar\/2021\/plan-motosierra-confirman-el-cierre-de-las-sedes-del-inti\/#breadcrumb\",\"itemListElement\":[{\"@type\":\"ListItem\",\"position\":1,\"name\":\"Portada\",\"item\":\"https:\/\/www.noticiasradioreflejos.com.ar\/2021\/\"},{\"@type\":\"ListItem\",\"position\":2,\"name\":\"Plan motosierra: confirman el cierre de las sedes del INTI\"}]},{\"@type\":\"WebSite\",\"@id\":\"https:\/\/www.noticiasradioreflejos.com.ar\/2021\/#website\",\"url\":\"https:\/\/www.noticiasradioreflejos.com.ar\/2021\/\",\"name\":\"Noticias Radio Reflejos\",\"description\":\"Las noticias de mi comarca\",\"potentialAction\":[{\"@type\":\"SearchAction\",\"target\":{\"@type\":\"EntryPoint\",\"urlTemplate\":\"https:\/\/www.noticiasradioreflejos.com.ar\/2021\/?s={search_term_string}\"},\"query-input\":{\"@type\":\"PropertyValueSpecification\",\"valueRequired\":true,\"valueName\":\"search_term_string\"}}],\"inLanguage\":\"es\"},{\"@type\":\"Person\",\"@id\":\"https:\/\/www.noticiasradioreflejos.com.ar\/2021\/#\/schema\/person\/ad82545263dcc5ec0996818884fd5fb1\",\"name\":\"Arnaldo Botto\",\"image\":{\"@type\":\"ImageObject\",\"inLanguage\":\"es\",\"@id\":\"https:\/\/www.noticiasradioreflejos.com.ar\/2021\/#\/schema\/person\/image\/\",\"url\":\"https:\/\/secure.gravatar.com\/avatar\/55cb5e37c1efa326397366e6974cb338056df65cb50e7d64d1cf314e87504837?s=96&d=mm&r=g\",\"contentUrl\":\"https:\/\/secure.gravatar.com\/avatar\/55cb5e37c1efa326397366e6974cb338056df65cb50e7d64d1cf314e87504837?s=96&d=mm&r=g\",\"caption\":\"Arnaldo Botto\"},\"url\":\"https:\/\/www.noticiasradioreflejos.com.ar\/2021\/author\/arnaldo\/\"}]}<\/script>\n<!-- \/ Yoast SEO plugin. -->","yoast_head_json":{"title":"Plan motosierra: confirman el cierre de las sedes del INTI - Noticias Radio Reflejos","robots":{"index":"index","follow":"follow","max-snippet":"max-snippet:-1","max-image-preview":"max-image-preview:large","max-video-preview":"max-video-preview:-1"},"canonical":"https:\/\/www.noticiasradioreflejos.com.ar\/2021\/plan-motosierra-confirman-el-cierre-de-las-sedes-del-inti\/","og_locale":"es_ES","og_type":"article","og_title":"Plan motosierra: confirman el cierre de las sedes del INTI - Noticias Radio Reflejos","og_description":"Daniel Afione, titular del ente aut\u00e1rquico, anunci\u00f3 que la secretaria de Industria decidi\u00f3 \u00abproceder al cierre de todas las sedes provinciales que no tengan laboratorio\u00bb","og_url":"https:\/\/www.noticiasradioreflejos.com.ar\/2021\/plan-motosierra-confirman-el-cierre-de-las-sedes-del-inti\/","og_site_name":"Noticias Radio Reflejos","article_published_time":"2024-06-01T12:09:28+00:00","og_image":[{"width":1028,"height":720,"url":"https:\/\/www.noticiasradioreflejos.com.ar\/2021\/wp-content\/uploads\/2024\/06\/Inti.png","type":"image\/png"}],"author":"Arnaldo Botto","twitter_card":"summary_large_image","schema":{"@context":"https:\/\/schema.org","@graph":[{"@type":"WebPage","@id":"https:\/\/www.noticiasradioreflejos.com.ar\/2021\/plan-motosierra-confirman-el-cierre-de-las-sedes-del-inti\/","url":"https:\/\/www.noticiasradioreflejos.com.ar\/2021\/plan-motosierra-confirman-el-cierre-de-las-sedes-del-inti\/","name":"Plan motosierra: confirman el cierre de las sedes del INTI - Noticias Radio Reflejos","isPartOf":{"@id":"https:\/\/www.noticiasradioreflejos.com.ar\/2021\/#website"},"primaryImageOfPage":{"@id":"https:\/\/www.noticiasradioreflejos.com.ar\/2021\/plan-motosierra-confirman-el-cierre-de-las-sedes-del-inti\/#primaryimage"},"image":{"@id":"https:\/\/www.noticiasradioreflejos.com.ar\/2021\/plan-motosierra-confirman-el-cierre-de-las-sedes-del-inti\/#primaryimage"},"thumbnailUrl":"https:\/\/www.noticiasradioreflejos.com.ar\/2021\/wp-content\/uploads\/2024\/06\/Inti.png","datePublished":"2024-06-01T12:09:28+00:00","author":{"@id":"https:\/\/www.noticiasradioreflejos.com.ar\/2021\/#\/schema\/person\/ad82545263dcc5ec0996818884fd5fb1"},"breadcrumb":{"@id":"https:\/\/www.noticiasradioreflejos.com.ar\/2021\/plan-motosierra-confirman-el-cierre-de-las-sedes-del-inti\/#breadcrumb"},"inLanguage":"es","potentialAction":[{"@type":"ReadAction","target":["https:\/\/www.noticiasradioreflejos.com.ar\/2021\/plan-motosierra-confirman-el-cierre-de-las-sedes-del-inti\/"]}]},{"@type":"ImageObject","inLanguage":"es","@id":"https:\/\/www.noticiasradioreflejos.com.ar\/2021\/plan-motosierra-confirman-el-cierre-de-las-sedes-del-inti\/#primaryimage","url":"https:\/\/www.noticiasradioreflejos.com.ar\/2021\/wp-content\/uploads\/2024\/06\/Inti.png","contentUrl":"https:\/\/www.noticiasradioreflejos.com.ar\/2021\/wp-content\/uploads\/2024\/06\/Inti.png","width":1028,"height":720},{"@type":"BreadcrumbList","@id":"https:\/\/www.noticiasradioreflejos.com.ar\/2021\/plan-motosierra-confirman-el-cierre-de-las-sedes-del-inti\/#breadcrumb","itemListElement":[{"@type":"ListItem","position":1,"name":"Portada","item":"https:\/\/www.noticiasradioreflejos.com.ar\/2021\/"},{"@type":"ListItem","position":2,"name":"Plan motosierra: confirman el cierre de las sedes del INTI"}]},{"@type":"WebSite","@id":"https:\/\/www.noticiasradioreflejos.com.ar\/2021\/#website","url":"https:\/\/www.noticiasradioreflejos.com.ar\/2021\/","name":"Noticias Radio Reflejos","description":"Las noticias de mi comarca","potentialAction":[{"@type":"SearchAction","target":{"@type":"EntryPoint","urlTemplate":"https:\/\/www.noticiasradioreflejos.com.ar\/2021\/?s={search_term_string}"},"query-input":{"@type":"PropertyValueSpecification","valueRequired":true,"valueName":"search_term_string"}}],"inLanguage":"es"},{"@type":"Person","@id":"https:\/\/www.noticiasradioreflejos.com.ar\/2021\/#\/schema\/person\/ad82545263dcc5ec0996818884fd5fb1","name":"Arnaldo Botto","image":{"@type":"ImageObject","inLanguage":"es","@id":"https:\/\/www.noticiasradioreflejos.com.ar\/2021\/#\/schema\/person\/image\/","url":"https:\/\/secure.gravatar.com\/avatar\/55cb5e37c1efa326397366e6974cb338056df65cb50e7d64d1cf314e87504837?s=96&d=mm&r=g","contentUrl":"https:\/\/secure.gravatar.com\/avatar\/55cb5e37c1efa326397366e6974cb338056df65cb50e7d64d1cf314e87504837?s=96&d=mm&r=g","caption":"Arnaldo Botto"},"url":"https:\/\/www.noticiasradioreflejos.com.ar\/2021\/author\/arnaldo\/"}]}},"_links":{"self":[{"href":"https:\/\/www.noticiasradioreflejos.com.ar\/2021\/wp-json\/wp\/v2\/posts\/103406","targetHints":{"allow":["GET"]}}],"collection":[{"href":"https:\/\/www.noticiasradioreflejos.com.ar\/2021\/wp-json\/wp\/v2\/posts"}],"about":[{"href":"https:\/\/www.noticiasradioreflejos.com.ar\/2021\/wp-json\/wp\/v2\/types\/post"}],"author":[{"embeddable":true,"href":"https:\/\/www.noticiasradioreflejos.com.ar\/2021\/wp-json\/wp\/v2\/users\/3"}],"replies":[{"embeddable":true,"href":"https:\/\/www.noticiasradioreflejos.com.ar\/2021\/wp-json\/wp\/v2\/comments?post=103406"}],"version-history":[{"count":1,"href":"https:\/\/www.noticiasradioreflejos.com.ar\/2021\/wp-json\/wp\/v2\/posts\/103406\/revisions"}],"predecessor-version":[{"id":103408,"href":"https:\/\/www.noticiasradioreflejos.com.ar\/2021\/wp-json\/wp\/v2\/posts\/103406\/revisions\/103408"}],"wp:featuredmedia":[{"embeddable":true,"href":"https:\/\/www.noticiasradioreflejos.com.ar\/2021\/wp-json\/wp\/v2\/media\/103407"}],"wp:attachment":[{"href":"https:\/\/www.noticiasradioreflejos.com.ar\/2021\/wp-json\/wp\/v2\/media?parent=103406"}],"wp:term":[{"taxonomy":"category","embeddable":true,"href":"https:\/\/www.noticiasradioreflejos.com.ar\/2021\/wp-json\/wp\/v2\/categories?post=103406"},{"taxonomy":"post_tag","embeddable":true,"href":"https:\/\/www.noticiasradioreflejos.com.ar\/2021\/wp-json\/wp\/v2\/tags?post=103406"}],"curies":[{"name":"wp","href":"https:\/\/api.w.org\/{rel}","templated":true}]}}