{"id":103397,"date":"2024-06-01T08:43:27","date_gmt":"2024-06-01T11:43:27","guid":{"rendered":"https:\/\/www.noticiasradioreflejos.com.ar\/2021\/?p=103397"},"modified":"2024-06-01T08:51:27","modified_gmt":"2024-06-01T11:51:27","slug":"aumentaron-los-combustibles-por-sexta-vez-en-el-ano","status":"publish","type":"post","link":"https:\/\/www.noticiasradioreflejos.com.ar\/2021\/aumentaron-los-combustibles-por-sexta-vez-en-el-ano\/","title":{"rendered":"Aumentaron los combustibles por sexta vez en el a\u00f1o"},"content":{"rendered":"<p>La suba es del 4 por ciento en promedio.<\/p>\n<p><!--more--><\/p>\n<div class=\"columns\" data-tadevel-template=\"web\/article-columns\">\n<div class=\"column-main\">\n<div class=\"article-body\" data-tadevel-template=\"web\/article-body\">\n<div class=\"article-body-content\">\n<p>Desde la medianoche\u00a0<strong>volvi\u00f3 a subir el pecio de los combustibles<\/strong>, un 4 por ciento en promedio, y que representa el\u00a0<strong>sexto ajuste<\/strong>\u00a0del a\u00f1o.<\/p>\n<p>En consecuencia, en la noche de este viernes, y ante la proximidad del aumento, se observaban largas colas en las estaciones de servicio.<\/p>\n<p><strong>La nafta s\u00faper pas\u00f3 a costar entre $905 por litro en estaciones de servicio de YPF, mientras que el gasoil llega a $950.<\/strong><\/p>\n<p>En parte el ajuste se debe a la actualizaci\u00f3n de los\u00a0<strong>impuestos a los combustibles,<\/strong>\u00a0pero tambi\u00e9n por la decisi\u00f3n de las petroleras de\u00a0<strong>no perder rentabilidad\u00a0<\/strong>ante la depreciaci\u00f3n del peso.<\/p>\n<p><strong>Con este ajuste, los combustibles ya subieron un 62 por ciento en lo que va del a\u00f1o, pero desde noviembre del a\u00f1o pasado, los incrementos acumulados alcanzan el 262 por ciento.<\/strong><\/p>\n<p>Desde el sector petrolero advirtieron que<strong>\u00a0los precios todav\u00eda est\u00e1n<\/strong>\u00a0<strong>retrasados,<\/strong>\u00a0pero admiten que deben aflojar los ajustes por la<strong>\u00a0fuerte ca\u00edda en el consumo,\u00a0<\/strong>en medio del escenario recesivo.<\/p>\n<p>Desde diciembre,\u00a0<strong>las ventas de combustibles cayeron 17 por ciento,\u00a0<\/strong>seg\u00fan c\u00e1lculos de los estacioneros. Adem\u00e1s,\u00a0<strong>se desplom\u00f3 fuerte el consumo de nafta premium, ya que las ventas cayeron 22,6.<\/strong><\/p>\n<p>Con estos aumentos,\u00a0<strong>el precio de la nafta y el gasoil en la Argentina se equipar\u00f3 al valor de los pa\u00edses vecinos,<\/strong>\u00a0lo que hizo menos conveniente para los extranjeros cargar combustible en el mercado local.<\/p>\n<\/div>\n<\/div>\n<\/div>\n<\/div>\n<p>&nbsp;<\/p>\n<p>Desde la C\u00e1mara de Estacioneros confirmaron que con las subas de este mes el combustible queda de la siguiente manera:<\/p>\n<p><em><strong>Super $1.061<\/strong><\/em><\/p>\n<p><em><strong>Infinita: 1.269<\/strong><\/em><\/p>\n<div class=\"code-block code-block-3\"><\/div>\n<p><em><strong>Di\u00e9sel 500: 1.094<\/strong><\/em><\/p>\n<p><em><strong>Infinita Di\u00e9sel : 1.277<\/strong><\/em><\/p>\n<p>En promedio el aumento fue de 3% en comparaci\u00f3n con los precios fijados el mes pasado.<\/p>\n","protected":false},"excerpt":{"rendered":"<p>La suba es del 4 por ciento en promedio.<\/p>\n","protected":false},"author":3,"featured_media":94603,"comment_status":"closed","ping_status":"closed","sticky":false,"template":"","format":"standard","meta":{"footnotes":""},"categories":[36],"tags":[48],"class_list":["post-103397","post","type-post","status-publish","format-standard","has-post-thumbnail","hentry","category-economia","tag-destacada"],"yoast_head":"<!-- This site is optimized with the Yoast SEO plugin v25.9 - https:\/\/yoast.com\/wordpress\/plugins\/seo\/ -->\n<title>Aumentaron los combustibles por sexta vez en el a\u00f1o - Noticias Radio Reflejos<\/title>\n<meta name=\"robots\" content=\"index, follow, max-snippet:-1, max-image-preview:large, max-video-preview:-1\" \/>\n<link rel=\"canonical\" href=\"https:\/\/www.noticiasradioreflejos.com.ar\/2021\/aumentaron-los-combustibles-por-sexta-vez-en-el-ano\/\" \/>\n<meta property=\"og:locale\" content=\"es_ES\" \/>\n<meta property=\"og:type\" content=\"article\" \/>\n<meta property=\"og:title\" content=\"Aumentaron los combustibles por sexta vez en el a\u00f1o - Noticias Radio Reflejos\" \/>\n<meta property=\"og:description\" content=\"La suba es del 4 por ciento en promedio.\" \/>\n<meta property=\"og:url\" content=\"https:\/\/www.noticiasradioreflejos.com.ar\/2021\/aumentaron-los-combustibles-por-sexta-vez-en-el-ano\/\" \/>\n<meta property=\"og:site_name\" content=\"Noticias Radio Reflejos\" \/>\n<meta property=\"article:published_time\" content=\"2024-06-01T11:43:27+00:00\" \/>\n<meta property=\"article:modified_time\" content=\"2024-06-01T11:51:27+00:00\" \/>\n<meta property=\"og:image\" content=\"https:\/\/www.noticiasradioreflejos.com.ar\/2021\/wp-content\/uploads\/2023\/10\/cargando-combustibles-1.jpeg\" \/>\n\t<meta property=\"og:image:width\" content=\"1600\" \/>\n\t<meta property=\"og:image:height\" content=\"900\" \/>\n\t<meta property=\"og:image:type\" content=\"image\/jpeg\" \/>\n<meta name=\"author\" content=\"Arnaldo Botto\" \/>\n<meta name=\"twitter:card\" content=\"summary_large_image\" \/>\n<script type=\"application\/ld+json\" class=\"yoast-schema-graph\">{\"@context\":\"https:\/\/schema.org\",\"@graph\":[{\"@type\":\"WebPage\",\"@id\":\"https:\/\/www.noticiasradioreflejos.com.ar\/2021\/aumentaron-los-combustibles-por-sexta-vez-en-el-ano\/\",\"url\":\"https:\/\/www.noticiasradioreflejos.com.ar\/2021\/aumentaron-los-combustibles-por-sexta-vez-en-el-ano\/\",\"name\":\"Aumentaron los combustibles por sexta vez en el a\u00f1o - Noticias Radio Reflejos\",\"isPartOf\":{\"@id\":\"https:\/\/www.noticiasradioreflejos.com.ar\/2021\/#website\"},\"primaryImageOfPage\":{\"@id\":\"https:\/\/www.noticiasradioreflejos.com.ar\/2021\/aumentaron-los-combustibles-por-sexta-vez-en-el-ano\/#primaryimage\"},\"image\":{\"@id\":\"https:\/\/www.noticiasradioreflejos.com.ar\/2021\/aumentaron-los-combustibles-por-sexta-vez-en-el-ano\/#primaryimage\"},\"thumbnailUrl\":\"https:\/\/www.noticiasradioreflejos.com.ar\/2021\/wp-content\/uploads\/2023\/10\/cargando-combustibles-1.jpeg\",\"datePublished\":\"2024-06-01T11:43:27+00:00\",\"dateModified\":\"2024-06-01T11:51:27+00:00\",\"author\":{\"@id\":\"https:\/\/www.noticiasradioreflejos.com.ar\/2021\/#\/schema\/person\/ad82545263dcc5ec0996818884fd5fb1\"},\"breadcrumb\":{\"@id\":\"https:\/\/www.noticiasradioreflejos.com.ar\/2021\/aumentaron-los-combustibles-por-sexta-vez-en-el-ano\/#breadcrumb\"},\"inLanguage\":\"es\",\"potentialAction\":[{\"@type\":\"ReadAction\",\"target\":[\"https:\/\/www.noticiasradioreflejos.com.ar\/2021\/aumentaron-los-combustibles-por-sexta-vez-en-el-ano\/\"]}]},{\"@type\":\"ImageObject\",\"inLanguage\":\"es\",\"@id\":\"https:\/\/www.noticiasradioreflejos.com.ar\/2021\/aumentaron-los-combustibles-por-sexta-vez-en-el-ano\/#primaryimage\",\"url\":\"https:\/\/www.noticiasradioreflejos.com.ar\/2021\/wp-content\/uploads\/2023\/10\/cargando-combustibles-1.jpeg\",\"contentUrl\":\"https:\/\/www.noticiasradioreflejos.com.ar\/2021\/wp-content\/uploads\/2023\/10\/cargando-combustibles-1.jpeg\",\"width\":1600,\"height\":900},{\"@type\":\"BreadcrumbList\",\"@id\":\"https:\/\/www.noticiasradioreflejos.com.ar\/2021\/aumentaron-los-combustibles-por-sexta-vez-en-el-ano\/#breadcrumb\",\"itemListElement\":[{\"@type\":\"ListItem\",\"position\":1,\"name\":\"Portada\",\"item\":\"https:\/\/www.noticiasradioreflejos.com.ar\/2021\/\"},{\"@type\":\"ListItem\",\"position\":2,\"name\":\"Aumentaron los combustibles por sexta vez en el a\u00f1o\"}]},{\"@type\":\"WebSite\",\"@id\":\"https:\/\/www.noticiasradioreflejos.com.ar\/2021\/#website\",\"url\":\"https:\/\/www.noticiasradioreflejos.com.ar\/2021\/\",\"name\":\"Noticias Radio Reflejos\",\"description\":\"Las noticias de mi comarca\",\"potentialAction\":[{\"@type\":\"SearchAction\",\"target\":{\"@type\":\"EntryPoint\",\"urlTemplate\":\"https:\/\/www.noticiasradioreflejos.com.ar\/2021\/?s={search_term_string}\"},\"query-input\":{\"@type\":\"PropertyValueSpecification\",\"valueRequired\":true,\"valueName\":\"search_term_string\"}}],\"inLanguage\":\"es\"},{\"@type\":\"Person\",\"@id\":\"https:\/\/www.noticiasradioreflejos.com.ar\/2021\/#\/schema\/person\/ad82545263dcc5ec0996818884fd5fb1\",\"name\":\"Arnaldo Botto\",\"image\":{\"@type\":\"ImageObject\",\"inLanguage\":\"es\",\"@id\":\"https:\/\/www.noticiasradioreflejos.com.ar\/2021\/#\/schema\/person\/image\/\",\"url\":\"https:\/\/secure.gravatar.com\/avatar\/55cb5e37c1efa326397366e6974cb338056df65cb50e7d64d1cf314e87504837?s=96&d=mm&r=g\",\"contentUrl\":\"https:\/\/secure.gravatar.com\/avatar\/55cb5e37c1efa326397366e6974cb338056df65cb50e7d64d1cf314e87504837?s=96&d=mm&r=g\",\"caption\":\"Arnaldo Botto\"},\"url\":\"https:\/\/www.noticiasradioreflejos.com.ar\/2021\/author\/arnaldo\/\"}]}<\/script>\n<!-- \/ Yoast SEO plugin. -->","yoast_head_json":{"title":"Aumentaron los combustibles por sexta vez en el a\u00f1o - Noticias Radio Reflejos","robots":{"index":"index","follow":"follow","max-snippet":"max-snippet:-1","max-image-preview":"max-image-preview:large","max-video-preview":"max-video-preview:-1"},"canonical":"https:\/\/www.noticiasradioreflejos.com.ar\/2021\/aumentaron-los-combustibles-por-sexta-vez-en-el-ano\/","og_locale":"es_ES","og_type":"article","og_title":"Aumentaron los combustibles por sexta vez en el a\u00f1o - Noticias Radio Reflejos","og_description":"La suba es del 4 por ciento en promedio.","og_url":"https:\/\/www.noticiasradioreflejos.com.ar\/2021\/aumentaron-los-combustibles-por-sexta-vez-en-el-ano\/","og_site_name":"Noticias Radio Reflejos","article_published_time":"2024-06-01T11:43:27+00:00","article_modified_time":"2024-06-01T11:51:27+00:00","og_image":[{"width":1600,"height":900,"url":"https:\/\/www.noticiasradioreflejos.com.ar\/2021\/wp-content\/uploads\/2023\/10\/cargando-combustibles-1.jpeg","type":"image\/jpeg"}],"author":"Arnaldo Botto","twitter_card":"summary_large_image","schema":{"@context":"https:\/\/schema.org","@graph":[{"@type":"WebPage","@id":"https:\/\/www.noticiasradioreflejos.com.ar\/2021\/aumentaron-los-combustibles-por-sexta-vez-en-el-ano\/","url":"https:\/\/www.noticiasradioreflejos.com.ar\/2021\/aumentaron-los-combustibles-por-sexta-vez-en-el-ano\/","name":"Aumentaron los combustibles por sexta vez en el a\u00f1o - Noticias Radio Reflejos","isPartOf":{"@id":"https:\/\/www.noticiasradioreflejos.com.ar\/2021\/#website"},"primaryImageOfPage":{"@id":"https:\/\/www.noticiasradioreflejos.com.ar\/2021\/aumentaron-los-combustibles-por-sexta-vez-en-el-ano\/#primaryimage"},"image":{"@id":"https:\/\/www.noticiasradioreflejos.com.ar\/2021\/aumentaron-los-combustibles-por-sexta-vez-en-el-ano\/#primaryimage"},"thumbnailUrl":"https:\/\/www.noticiasradioreflejos.com.ar\/2021\/wp-content\/uploads\/2023\/10\/cargando-combustibles-1.jpeg","datePublished":"2024-06-01T11:43:27+00:00","dateModified":"2024-06-01T11:51:27+00:00","author":{"@id":"https:\/\/www.noticiasradioreflejos.com.ar\/2021\/#\/schema\/person\/ad82545263dcc5ec0996818884fd5fb1"},"breadcrumb":{"@id":"https:\/\/www.noticiasradioreflejos.com.ar\/2021\/aumentaron-los-combustibles-por-sexta-vez-en-el-ano\/#breadcrumb"},"inLanguage":"es","potentialAction":[{"@type":"ReadAction","target":["https:\/\/www.noticiasradioreflejos.com.ar\/2021\/aumentaron-los-combustibles-por-sexta-vez-en-el-ano\/"]}]},{"@type":"ImageObject","inLanguage":"es","@id":"https:\/\/www.noticiasradioreflejos.com.ar\/2021\/aumentaron-los-combustibles-por-sexta-vez-en-el-ano\/#primaryimage","url":"https:\/\/www.noticiasradioreflejos.com.ar\/2021\/wp-content\/uploads\/2023\/10\/cargando-combustibles-1.jpeg","contentUrl":"https:\/\/www.noticiasradioreflejos.com.ar\/2021\/wp-content\/uploads\/2023\/10\/cargando-combustibles-1.jpeg","width":1600,"height":900},{"@type":"BreadcrumbList","@id":"https:\/\/www.noticiasradioreflejos.com.ar\/2021\/aumentaron-los-combustibles-por-sexta-vez-en-el-ano\/#breadcrumb","itemListElement":[{"@type":"ListItem","position":1,"name":"Portada","item":"https:\/\/www.noticiasradioreflejos.com.ar\/2021\/"},{"@type":"ListItem","position":2,"name":"Aumentaron los combustibles por sexta vez en el a\u00f1o"}]},{"@type":"WebSite","@id":"https:\/\/www.noticiasradioreflejos.com.ar\/2021\/#website","url":"https:\/\/www.noticiasradioreflejos.com.ar\/2021\/","name":"Noticias Radio Reflejos","description":"Las noticias de mi comarca","potentialAction":[{"@type":"SearchAction","target":{"@type":"EntryPoint","urlTemplate":"https:\/\/www.noticiasradioreflejos.com.ar\/2021\/?s={search_term_string}"},"query-input":{"@type":"PropertyValueSpecification","valueRequired":true,"valueName":"search_term_string"}}],"inLanguage":"es"},{"@type":"Person","@id":"https:\/\/www.noticiasradioreflejos.com.ar\/2021\/#\/schema\/person\/ad82545263dcc5ec0996818884fd5fb1","name":"Arnaldo Botto","image":{"@type":"ImageObject","inLanguage":"es","@id":"https:\/\/www.noticiasradioreflejos.com.ar\/2021\/#\/schema\/person\/image\/","url":"https:\/\/secure.gravatar.com\/avatar\/55cb5e37c1efa326397366e6974cb338056df65cb50e7d64d1cf314e87504837?s=96&d=mm&r=g","contentUrl":"https:\/\/secure.gravatar.com\/avatar\/55cb5e37c1efa326397366e6974cb338056df65cb50e7d64d1cf314e87504837?s=96&d=mm&r=g","caption":"Arnaldo Botto"},"url":"https:\/\/www.noticiasradioreflejos.com.ar\/2021\/author\/arnaldo\/"}]}},"_links":{"self":[{"href":"https:\/\/www.noticiasradioreflejos.com.ar\/2021\/wp-json\/wp\/v2\/posts\/103397","targetHints":{"allow":["GET"]}}],"collection":[{"href":"https:\/\/www.noticiasradioreflejos.com.ar\/2021\/wp-json\/wp\/v2\/posts"}],"about":[{"href":"https:\/\/www.noticiasradioreflejos.com.ar\/2021\/wp-json\/wp\/v2\/types\/post"}],"author":[{"embeddable":true,"href":"https:\/\/www.noticiasradioreflejos.com.ar\/2021\/wp-json\/wp\/v2\/users\/3"}],"replies":[{"embeddable":true,"href":"https:\/\/www.noticiasradioreflejos.com.ar\/2021\/wp-json\/wp\/v2\/comments?post=103397"}],"version-history":[{"count":2,"href":"https:\/\/www.noticiasradioreflejos.com.ar\/2021\/wp-json\/wp\/v2\/posts\/103397\/revisions"}],"predecessor-version":[{"id":103401,"href":"https:\/\/www.noticiasradioreflejos.com.ar\/2021\/wp-json\/wp\/v2\/posts\/103397\/revisions\/103401"}],"wp:featuredmedia":[{"embeddable":true,"href":"https:\/\/www.noticiasradioreflejos.com.ar\/2021\/wp-json\/wp\/v2\/media\/94603"}],"wp:attachment":[{"href":"https:\/\/www.noticiasradioreflejos.com.ar\/2021\/wp-json\/wp\/v2\/media?parent=103397"}],"wp:term":[{"taxonomy":"category","embeddable":true,"href":"https:\/\/www.noticiasradioreflejos.com.ar\/2021\/wp-json\/wp\/v2\/categories?post=103397"},{"taxonomy":"post_tag","embeddable":true,"href":"https:\/\/www.noticiasradioreflejos.com.ar\/2021\/wp-json\/wp\/v2\/tags?post=103397"}],"curies":[{"name":"wp","href":"https:\/\/api.w.org\/{rel}","templated":true}]}}