{"id":103256,"date":"2024-05-29T09:25:20","date_gmt":"2024-05-29T12:25:20","guid":{"rendered":"https:\/\/www.noticiasradioreflejos.com.ar\/2021\/?p=103256"},"modified":"2024-05-29T10:59:38","modified_gmt":"2024-05-29T13:59:38","slug":"exitosa-segunda-charla-de-camcotisas","status":"publish","type":"post","link":"https:\/\/www.noticiasradioreflejos.com.ar\/2021\/exitosa-segunda-charla-de-camcotisas\/","title":{"rendered":"Exitosa segunda charla de Camcotisas."},"content":{"rendered":"<p>El d\u00eda 27 de mayo de 2024, se celebr\u00f3 la segunda charla del ciclo de encuentros formativos e informativos de Camcotisas. El objetivo de este ciclo es: dar a conocer qu\u00e9 prestadores y organizaciones brindan servicios tur\u00edsticos en los principales atractivos de la comarca. Destinado a todas las personas que trabajan en turismo o est\u00e1n en contacto con el visitante.<!--more--><\/p>\n<p>Hoy el sal\u00f3n del Centro Cultural, otra vez, se encontr\u00f3 muy concurrido con casi 50 personas que pudieron apreciar informaci\u00f3n de primera mano sobre: \u201cSaldungaray y las Obras del Arquitecto Salamone\u201d.<\/p>\n<p><a title=\"CharlaCamCotisas (2)\" href=\"https:\/\/www.flickr.com\/photos\/182279889@N02\/53755088859\/in\/dateposted-public\/\" data-flickr-embed=\"true\"><img loading=\"lazy\" decoding=\"async\" src=\"https:\/\/live.staticflickr.com\/65535\/53755088859_7c5b496f0e_z.jpg\" alt=\"CharlaCamCotisas (2)\" width=\"640\" height=\"640\" \/><\/a><\/p>\n<p>Este evento cont\u00f3 con la presencia del Secretario de Turismo Municipal Enrique Alesandrini, qui\u00e9n hizo hincapi\u00e9 en la importancia de la participaci\u00f3n en este tipo de eventos para contribuir con el desarrollo del Turismo de la Comarca. Los participantes recibieron informaci\u00f3n de El Centro de Interpretaci\u00f3n de Salamone, cuyos disertantes fueron: Constanza Del R\u00edo y Sof\u00eda Ugarte que con gentileza invitaron a participar tambi\u00e9n a la escritora local Nora G\u00f3mez de Sequeyra. A su vez la charla introductoria al tema fue enarbolada por la Gu\u00eda Andrea Benitez realizando un repaso hist\u00f3rico y social de la tem\u00e1tica.<\/p>\n<p>Las Empresas de servicios tur\u00edsticos que relataron sobre la oferta espec\u00edfica que realizan versando los atractivos tratados en el evento fueron: Pablo Paroti (Sierra Ventana Excursiones) y Juanjo Navarro (Juanjo Navarro Turismo de Naturaleza), completando una\u00a0 la charla que llev\u00f3 alrededor de una hora y respondieron preguntas de la audiencia.<\/p>\n<p><a title=\"CharlaCamCotisas (3)\" href=\"https:\/\/www.flickr.com\/photos\/182279889@N02\/53753853567\/in\/dateposted-public\/\" data-flickr-embed=\"true\"><img loading=\"lazy\" decoding=\"async\" src=\"https:\/\/live.staticflickr.com\/65535\/53753853567_d7d5dbf57f_z.jpg\" alt=\"CharlaCamCotisas (3)\" width=\"640\" height=\"640\" \/><\/a><script async src=\"\/\/embedr.flickr.com\/assets\/client-code.js\" charset=\"utf-8\"><\/script><br \/>\nTodos los participantes pudieron recibir informaci\u00f3n actualizada que comprende los siguientes \u00edtems:<\/p>\n<ul>\n<li>Historia breve del pueblo de Saldungaray.<\/li>\n<li>Historia de Salamone y su obra.<\/li>\n<li>Funcionamiento del Centro de Interpretaci\u00f3n de Salamone en Saldungaray.<\/li>\n<li>Actividades que desarrolla cada una de las empresas y sus distintas modalidades.<\/li>\n<li>Patrimonio: la necesidad de su puesta en valor tanto sea tangible como intangible.<\/li>\n<li>Modalidades de excursi\u00f3n, opciones aptas para ni\u00f1os, familias, personas con movilidad reducida, mascotas, etc.<\/li>\n<li>Otros atractivos comprendidos u opcionales en la excursi\u00f3n como Bodega, Tambo y\/o Dique Paso Las Piedras.<\/li>\n<\/ul>\n<p>La informaci\u00f3n completa y actualizada apunta a: poder responder de manera eficaz a la pregunta t\u00edpica: <strong>\u201cqu\u00e9 puedo hacer hoy en la zona?\u201d<\/strong>.<\/p>\n<p>Convirtiendo al informante clave en un \u201cbuen anfitri\u00f3n\u201d, lograremos que los turistas: se sientan bienvenidos, est\u00e9n a gusto, quieran volver, se queden m\u00e1s noches, tomen m\u00e1s excursiones, visiten m\u00e1s locales gastron\u00f3micos, etc. Es decir, consuman en el distrito, nos recomienden y que vuelvan otra vez. Camcotisas agradece p\u00fablicamente a todos los expositores que se acercaron a brindarnos sus disertaciones y a todos los concurrentes por su participaci\u00f3n e inter\u00e9s.<\/p>\n<p>Los esperamos en la pr\u00f3xima charla sobre RESERVA NARURAL SIERRA GRANDES, el 10 de JUNIO en el Centro Cultural de Sierra de la Ventana a las 14.30hs.<\/p>\n<p>&nbsp;<\/p>\n<p><strong>Dejamos el link para anotarse:<\/strong><\/p>\n<p><a href=\"https:\/\/forms.gle\/gy5K23mdDuZVYQP99\">https:\/\/forms.gle\/gy5K23mdDuZVYQP99<\/a><\/p>\n","protected":false},"excerpt":{"rendered":"<p>El d\u00eda 27 de mayo de 2024, se celebr\u00f3 la segunda charla del ciclo de encuentros formativos e informativos de Camcotisas. El objetivo de este ciclo es: dar a conocer qu\u00e9 prestadores y organizaciones brindan servicios tur\u00edsticos en los principales atractivos de la comarca. Destinado a todas las personas que trabajan en turismo o est\u00e1n [&hellip;]<\/p>\n","protected":false},"author":3,"featured_media":0,"comment_status":"closed","ping_status":"closed","sticky":false,"template":"","format":"standard","meta":{"footnotes":""},"categories":[26,33],"tags":[],"class_list":["post-103256","post","type-post","status-publish","format-standard","hentry","category-sociedad","category-turismo"],"yoast_head":"<!-- This site is optimized with the Yoast SEO plugin v25.9 - https:\/\/yoast.com\/wordpress\/plugins\/seo\/ -->\n<title>Exitosa segunda charla de Camcotisas. - Noticias Radio Reflejos<\/title>\n<meta name=\"robots\" content=\"index, follow, max-snippet:-1, max-image-preview:large, max-video-preview:-1\" \/>\n<link rel=\"canonical\" href=\"https:\/\/www.noticiasradioreflejos.com.ar\/2021\/exitosa-segunda-charla-de-camcotisas\/\" \/>\n<meta property=\"og:locale\" content=\"es_ES\" \/>\n<meta property=\"og:type\" content=\"article\" \/>\n<meta property=\"og:title\" content=\"Exitosa segunda charla de Camcotisas. - Noticias Radio Reflejos\" \/>\n<meta property=\"og:description\" content=\"El d\u00eda 27 de mayo de 2024, se celebr\u00f3 la segunda charla del ciclo de encuentros formativos e informativos de Camcotisas. El objetivo de este ciclo es: dar a conocer qu\u00e9 prestadores y organizaciones brindan servicios tur\u00edsticos en los principales atractivos de la comarca. Destinado a todas las personas que trabajan en turismo o est\u00e1n [&hellip;]\" \/>\n<meta property=\"og:url\" content=\"https:\/\/www.noticiasradioreflejos.com.ar\/2021\/exitosa-segunda-charla-de-camcotisas\/\" \/>\n<meta property=\"og:site_name\" content=\"Noticias Radio Reflejos\" \/>\n<meta property=\"article:published_time\" content=\"2024-05-29T12:25:20+00:00\" \/>\n<meta property=\"article:modified_time\" content=\"2024-05-29T13:59:38+00:00\" \/>\n<meta property=\"og:image\" content=\"https:\/\/www.noticiasradioreflejos.com.ar\/2021\/wp-content\/uploads\/2024\/05\/CharlaCamCotisas-1.jpeg\" \/>\n\t<meta property=\"og:image:width\" content=\"1600\" \/>\n\t<meta property=\"og:image:height\" content=\"1600\" \/>\n\t<meta property=\"og:image:type\" content=\"image\/jpeg\" \/>\n<meta name=\"author\" content=\"Arnaldo Botto\" \/>\n<meta name=\"twitter:card\" content=\"summary_large_image\" \/>\n<script type=\"application\/ld+json\" class=\"yoast-schema-graph\">{\"@context\":\"https:\/\/schema.org\",\"@graph\":[{\"@type\":\"WebPage\",\"@id\":\"https:\/\/www.noticiasradioreflejos.com.ar\/2021\/exitosa-segunda-charla-de-camcotisas\/\",\"url\":\"https:\/\/www.noticiasradioreflejos.com.ar\/2021\/exitosa-segunda-charla-de-camcotisas\/\",\"name\":\"Exitosa segunda charla de Camcotisas. - Noticias Radio Reflejos\",\"isPartOf\":{\"@id\":\"https:\/\/www.noticiasradioreflejos.com.ar\/2021\/#website\"},\"primaryImageOfPage\":{\"@id\":\"https:\/\/www.noticiasradioreflejos.com.ar\/2021\/exitosa-segunda-charla-de-camcotisas\/#primaryimage\"},\"image\":{\"@id\":\"https:\/\/www.noticiasradioreflejos.com.ar\/2021\/exitosa-segunda-charla-de-camcotisas\/#primaryimage\"},\"thumbnailUrl\":\"https:\/\/live.staticflickr.com\/65535\/53755088859_7c5b496f0e_z.jpg\",\"datePublished\":\"2024-05-29T12:25:20+00:00\",\"dateModified\":\"2024-05-29T13:59:38+00:00\",\"author\":{\"@id\":\"https:\/\/www.noticiasradioreflejos.com.ar\/2021\/#\/schema\/person\/ad82545263dcc5ec0996818884fd5fb1\"},\"breadcrumb\":{\"@id\":\"https:\/\/www.noticiasradioreflejos.com.ar\/2021\/exitosa-segunda-charla-de-camcotisas\/#breadcrumb\"},\"inLanguage\":\"es\",\"potentialAction\":[{\"@type\":\"ReadAction\",\"target\":[\"https:\/\/www.noticiasradioreflejos.com.ar\/2021\/exitosa-segunda-charla-de-camcotisas\/\"]}]},{\"@type\":\"ImageObject\",\"inLanguage\":\"es\",\"@id\":\"https:\/\/www.noticiasradioreflejos.com.ar\/2021\/exitosa-segunda-charla-de-camcotisas\/#primaryimage\",\"url\":\"https:\/\/live.staticflickr.com\/65535\/53755088859_7c5b496f0e_z.jpg\",\"contentUrl\":\"https:\/\/live.staticflickr.com\/65535\/53755088859_7c5b496f0e_z.jpg\"},{\"@type\":\"BreadcrumbList\",\"@id\":\"https:\/\/www.noticiasradioreflejos.com.ar\/2021\/exitosa-segunda-charla-de-camcotisas\/#breadcrumb\",\"itemListElement\":[{\"@type\":\"ListItem\",\"position\":1,\"name\":\"Portada\",\"item\":\"https:\/\/www.noticiasradioreflejos.com.ar\/2021\/\"},{\"@type\":\"ListItem\",\"position\":2,\"name\":\"Exitosa segunda charla de Camcotisas.\"}]},{\"@type\":\"WebSite\",\"@id\":\"https:\/\/www.noticiasradioreflejos.com.ar\/2021\/#website\",\"url\":\"https:\/\/www.noticiasradioreflejos.com.ar\/2021\/\",\"name\":\"Noticias Radio Reflejos\",\"description\":\"Las noticias de mi comarca\",\"potentialAction\":[{\"@type\":\"SearchAction\",\"target\":{\"@type\":\"EntryPoint\",\"urlTemplate\":\"https:\/\/www.noticiasradioreflejos.com.ar\/2021\/?s={search_term_string}\"},\"query-input\":{\"@type\":\"PropertyValueSpecification\",\"valueRequired\":true,\"valueName\":\"search_term_string\"}}],\"inLanguage\":\"es\"},{\"@type\":\"Person\",\"@id\":\"https:\/\/www.noticiasradioreflejos.com.ar\/2021\/#\/schema\/person\/ad82545263dcc5ec0996818884fd5fb1\",\"name\":\"Arnaldo Botto\",\"image\":{\"@type\":\"ImageObject\",\"inLanguage\":\"es\",\"@id\":\"https:\/\/www.noticiasradioreflejos.com.ar\/2021\/#\/schema\/person\/image\/\",\"url\":\"https:\/\/secure.gravatar.com\/avatar\/55cb5e37c1efa326397366e6974cb338056df65cb50e7d64d1cf314e87504837?s=96&d=mm&r=g\",\"contentUrl\":\"https:\/\/secure.gravatar.com\/avatar\/55cb5e37c1efa326397366e6974cb338056df65cb50e7d64d1cf314e87504837?s=96&d=mm&r=g\",\"caption\":\"Arnaldo Botto\"},\"url\":\"https:\/\/www.noticiasradioreflejos.com.ar\/2021\/author\/arnaldo\/\"}]}<\/script>\n<!-- \/ Yoast SEO plugin. -->","yoast_head_json":{"title":"Exitosa segunda charla de Camcotisas. - Noticias Radio Reflejos","robots":{"index":"index","follow":"follow","max-snippet":"max-snippet:-1","max-image-preview":"max-image-preview:large","max-video-preview":"max-video-preview:-1"},"canonical":"https:\/\/www.noticiasradioreflejos.com.ar\/2021\/exitosa-segunda-charla-de-camcotisas\/","og_locale":"es_ES","og_type":"article","og_title":"Exitosa segunda charla de Camcotisas. - Noticias Radio Reflejos","og_description":"El d\u00eda 27 de mayo de 2024, se celebr\u00f3 la segunda charla del ciclo de encuentros formativos e informativos de Camcotisas. El objetivo de este ciclo es: dar a conocer qu\u00e9 prestadores y organizaciones brindan servicios tur\u00edsticos en los principales atractivos de la comarca. Destinado a todas las personas que trabajan en turismo o est\u00e1n [&hellip;]","og_url":"https:\/\/www.noticiasradioreflejos.com.ar\/2021\/exitosa-segunda-charla-de-camcotisas\/","og_site_name":"Noticias Radio Reflejos","article_published_time":"2024-05-29T12:25:20+00:00","article_modified_time":"2024-05-29T13:59:38+00:00","og_image":[{"width":1600,"height":1600,"url":"https:\/\/www.noticiasradioreflejos.com.ar\/2021\/wp-content\/uploads\/2024\/05\/CharlaCamCotisas-1.jpeg","type":"image\/jpeg"}],"author":"Arnaldo Botto","twitter_card":"summary_large_image","schema":{"@context":"https:\/\/schema.org","@graph":[{"@type":"WebPage","@id":"https:\/\/www.noticiasradioreflejos.com.ar\/2021\/exitosa-segunda-charla-de-camcotisas\/","url":"https:\/\/www.noticiasradioreflejos.com.ar\/2021\/exitosa-segunda-charla-de-camcotisas\/","name":"Exitosa segunda charla de Camcotisas. - Noticias Radio Reflejos","isPartOf":{"@id":"https:\/\/www.noticiasradioreflejos.com.ar\/2021\/#website"},"primaryImageOfPage":{"@id":"https:\/\/www.noticiasradioreflejos.com.ar\/2021\/exitosa-segunda-charla-de-camcotisas\/#primaryimage"},"image":{"@id":"https:\/\/www.noticiasradioreflejos.com.ar\/2021\/exitosa-segunda-charla-de-camcotisas\/#primaryimage"},"thumbnailUrl":"https:\/\/live.staticflickr.com\/65535\/53755088859_7c5b496f0e_z.jpg","datePublished":"2024-05-29T12:25:20+00:00","dateModified":"2024-05-29T13:59:38+00:00","author":{"@id":"https:\/\/www.noticiasradioreflejos.com.ar\/2021\/#\/schema\/person\/ad82545263dcc5ec0996818884fd5fb1"},"breadcrumb":{"@id":"https:\/\/www.noticiasradioreflejos.com.ar\/2021\/exitosa-segunda-charla-de-camcotisas\/#breadcrumb"},"inLanguage":"es","potentialAction":[{"@type":"ReadAction","target":["https:\/\/www.noticiasradioreflejos.com.ar\/2021\/exitosa-segunda-charla-de-camcotisas\/"]}]},{"@type":"ImageObject","inLanguage":"es","@id":"https:\/\/www.noticiasradioreflejos.com.ar\/2021\/exitosa-segunda-charla-de-camcotisas\/#primaryimage","url":"https:\/\/live.staticflickr.com\/65535\/53755088859_7c5b496f0e_z.jpg","contentUrl":"https:\/\/live.staticflickr.com\/65535\/53755088859_7c5b496f0e_z.jpg"},{"@type":"BreadcrumbList","@id":"https:\/\/www.noticiasradioreflejos.com.ar\/2021\/exitosa-segunda-charla-de-camcotisas\/#breadcrumb","itemListElement":[{"@type":"ListItem","position":1,"name":"Portada","item":"https:\/\/www.noticiasradioreflejos.com.ar\/2021\/"},{"@type":"ListItem","position":2,"name":"Exitosa segunda charla de Camcotisas."}]},{"@type":"WebSite","@id":"https:\/\/www.noticiasradioreflejos.com.ar\/2021\/#website","url":"https:\/\/www.noticiasradioreflejos.com.ar\/2021\/","name":"Noticias Radio Reflejos","description":"Las noticias de mi comarca","potentialAction":[{"@type":"SearchAction","target":{"@type":"EntryPoint","urlTemplate":"https:\/\/www.noticiasradioreflejos.com.ar\/2021\/?s={search_term_string}"},"query-input":{"@type":"PropertyValueSpecification","valueRequired":true,"valueName":"search_term_string"}}],"inLanguage":"es"},{"@type":"Person","@id":"https:\/\/www.noticiasradioreflejos.com.ar\/2021\/#\/schema\/person\/ad82545263dcc5ec0996818884fd5fb1","name":"Arnaldo Botto","image":{"@type":"ImageObject","inLanguage":"es","@id":"https:\/\/www.noticiasradioreflejos.com.ar\/2021\/#\/schema\/person\/image\/","url":"https:\/\/secure.gravatar.com\/avatar\/55cb5e37c1efa326397366e6974cb338056df65cb50e7d64d1cf314e87504837?s=96&d=mm&r=g","contentUrl":"https:\/\/secure.gravatar.com\/avatar\/55cb5e37c1efa326397366e6974cb338056df65cb50e7d64d1cf314e87504837?s=96&d=mm&r=g","caption":"Arnaldo Botto"},"url":"https:\/\/www.noticiasradioreflejos.com.ar\/2021\/author\/arnaldo\/"}]}},"_links":{"self":[{"href":"https:\/\/www.noticiasradioreflejos.com.ar\/2021\/wp-json\/wp\/v2\/posts\/103256","targetHints":{"allow":["GET"]}}],"collection":[{"href":"https:\/\/www.noticiasradioreflejos.com.ar\/2021\/wp-json\/wp\/v2\/posts"}],"about":[{"href":"https:\/\/www.noticiasradioreflejos.com.ar\/2021\/wp-json\/wp\/v2\/types\/post"}],"author":[{"embeddable":true,"href":"https:\/\/www.noticiasradioreflejos.com.ar\/2021\/wp-json\/wp\/v2\/users\/3"}],"replies":[{"embeddable":true,"href":"https:\/\/www.noticiasradioreflejos.com.ar\/2021\/wp-json\/wp\/v2\/comments?post=103256"}],"version-history":[{"count":2,"href":"https:\/\/www.noticiasradioreflejos.com.ar\/2021\/wp-json\/wp\/v2\/posts\/103256\/revisions"}],"predecessor-version":[{"id":103262,"href":"https:\/\/www.noticiasradioreflejos.com.ar\/2021\/wp-json\/wp\/v2\/posts\/103256\/revisions\/103262"}],"wp:attachment":[{"href":"https:\/\/www.noticiasradioreflejos.com.ar\/2021\/wp-json\/wp\/v2\/media?parent=103256"}],"wp:term":[{"taxonomy":"category","embeddable":true,"href":"https:\/\/www.noticiasradioreflejos.com.ar\/2021\/wp-json\/wp\/v2\/categories?post=103256"},{"taxonomy":"post_tag","embeddable":true,"href":"https:\/\/www.noticiasradioreflejos.com.ar\/2021\/wp-json\/wp\/v2\/tags?post=103256"}],"curies":[{"name":"wp","href":"https:\/\/api.w.org\/{rel}","templated":true}]}}