{"id":103167,"date":"2024-05-27T12:30:16","date_gmt":"2024-05-27T15:30:16","guid":{"rendered":"https:\/\/www.noticiasradioreflejos.com.ar\/2021\/?p=103167"},"modified":"2024-05-27T12:30:16","modified_gmt":"2024-05-27T15:30:16","slug":"casanello-ordeno-a-capital-humano-que-informe-cuantos-alimentos-tiene-y-que-los-distribuya-de-inmediato","status":"publish","type":"post","link":"https:\/\/www.noticiasradioreflejos.com.ar\/2021\/casanello-ordeno-a-capital-humano-que-informe-cuantos-alimentos-tiene-y-que-los-distribuya-de-inmediato\/","title":{"rendered":"Casanello orden\u00f3 a Capital Humano que informe cu\u00e1ntos alimentos tiene y que los distribuya de inmediato"},"content":{"rendered":"<p>La existencia de comida sin distribuir qued\u00f3 expuesta por una investigaci\u00f3n period\u00edstica.<!--more--><br \/>\nEl juez federal Sebasti\u00e1n Casanello le orden\u00f3 al Ministerio de Capital Humano, a cargo de Sandra Pettovello, que informe qu\u00e9 cantidad de alimentos destinados a comedores sociales tiene almacenados y disponga su inmediata distribuci\u00f3n.<\/p>\n<p>Lo hizo ante un planteo formulado por el dirigente social Juan Grabois, al que se adhirieron comedores sociales que denuncian la falta de provisi\u00f3n de alimentos.<\/p>\n<p>La existencia de toneladas de alimentos sin distribuir fue denunciada por una investigaci\u00f3n period\u00edstica del sitio web El Destape y recogida por el Poder Judicial a trav\u00e9s de la denuncia de Grabois.<\/p>\n<p>El juez le encomend\u00f3 al Ministerio de Capital Humano a que \u201celabore un plan de distribuci\u00f3n de dichos alimentos en atenci\u00f3n a su tipo, cantidad, fecha de vencimiento y grupo de destino, previendo su ejecuci\u00f3n de modo inmediato; lo que deber\u00e1 informarse de manera precisa en el plazo de 72 horas\u201d.<\/p>\n<p>Casanello dispuso \u201clibrar una orden de presentaci\u00f3n\u201d (el aporte voluntario de documentaci\u00f3n e informaci\u00f3n) \u201cel detalle del stock actual de los alimentos almacenados en los dep\u00f3sitos ubicados en las localidades de Villa Martelli, Vicente L\u00f3pez, Provincia de Buenos Aires, y Taf\u00ed Viejo, Provincia de Tucum\u00e1n\u201d.<\/p>\n<p>Ese informe \u201cdeber\u00e1 incluir el tipo de alimento, y las fechas de adquisici\u00f3n y expiraci\u00f3n de la mercader\u00eda\u201d.<\/p>\n<p>Adem\u00e1s, el juez pidi\u00f3 \u201clos registros de ingreso y egreso de mercader\u00eda desde diciembre de 2023 hasta la fecha; los expedientes administrativos en los que haya tramitado la adquisici\u00f3n de los alimentos almacenados, junto con toda otra actuaci\u00f3n y\/o documentaci\u00f3n vinculada\u201d.<\/p>\n<p>La orden tendr\u00e1 efecto inmediato: \u201cdeber\u00e1 diligenciarse por el personal del Departamento Unidad Investigativa contra la Corrupci\u00f3n de la Polic\u00eda Federal Argentina el lunes 27 de mayo del a\u00f1o en curso a las 9:00 horas en la sede de la Secretar\u00eda de Ni\u00f1ez, Adolescencia y Familia del Ministerio de Capital Humano, ubicada en Av. 9 de Julio 1925 de esta ciudad\u201d.<\/p>\n<p>Casanello dispuso que \u201cuna vez cumplida, deber\u00e1 remitirse a esta dependencia la totalidad de la documentaci\u00f3n recabada en formato digital al correo electr\u00f3nico del juzgado\u201d.<\/p>\n<p>\u201cDado que las existencias fueron reconocidas por todas las partes, como medida de acci\u00f3n positiva, encomendar\u00e9 al citado Ministerio de Capital Humano que, en el marco de sus competencias (que incluyen asistir en todo lo concerniente a \u201cla seguridad alimentaria, la reducci\u00f3n de la pobreza, el desarrollo de igualdad de oportunidades para los sectores m\u00e1s vulnerables, en particular para las personas con discapacidad, las ni\u00f1as, los ni\u00f1os y adolescentes, las mujeres y los adultos mayores\u201d) elabore un plan de distribuci\u00f3n de dichos alimentos\u201d, subray\u00f3 el fallo.<\/p>\n<p>Ello \u2013aclar\u00f3- \u201cen atenci\u00f3n a su tipo, cantidad, fecha de vencimiento y grupo de destino, previendo su ejecuci\u00f3n de modo inmediato\u201d.<\/p>\n<p>\u201cTal plan deber\u00e1 ser informado de manera precisa al tribunal, en el plazo de 72 horas, urgi\u00f3 el juez.<\/p>\n<p>&nbsp;<\/p>\n<p>&nbsp;<\/p>\n<p><em><strong>Fuente NA<\/strong><\/em><\/p>\n","protected":false},"excerpt":{"rendered":"<p>La existencia de comida sin distribuir qued\u00f3 expuesta por una investigaci\u00f3n period\u00edstica.<\/p>\n","protected":false},"author":3,"featured_media":103168,"comment_status":"closed","ping_status":"closed","sticky":false,"template":"","format":"standard","meta":{"footnotes":""},"categories":[57],"tags":[],"class_list":["post-103167","post","type-post","status-publish","format-standard","has-post-thumbnail","hentry","category-judiciales"],"yoast_head":"<!-- This site is optimized with the Yoast SEO plugin v25.9 - https:\/\/yoast.com\/wordpress\/plugins\/seo\/ -->\n<title>Casanello orden\u00f3 a Capital Humano que informe cu\u00e1ntos alimentos tiene y que los distribuya de inmediato - Noticias Radio Reflejos<\/title>\n<meta name=\"robots\" content=\"index, follow, max-snippet:-1, max-image-preview:large, max-video-preview:-1\" \/>\n<link rel=\"canonical\" href=\"https:\/\/www.noticiasradioreflejos.com.ar\/2021\/casanello-ordeno-a-capital-humano-que-informe-cuantos-alimentos-tiene-y-que-los-distribuya-de-inmediato\/\" \/>\n<meta property=\"og:locale\" content=\"es_ES\" \/>\n<meta property=\"og:type\" content=\"article\" \/>\n<meta property=\"og:title\" content=\"Casanello orden\u00f3 a Capital Humano que informe cu\u00e1ntos alimentos tiene y que los distribuya de inmediato - Noticias Radio Reflejos\" \/>\n<meta property=\"og:description\" content=\"La existencia de comida sin distribuir qued\u00f3 expuesta por una investigaci\u00f3n period\u00edstica.\" \/>\n<meta property=\"og:url\" content=\"https:\/\/www.noticiasradioreflejos.com.ar\/2021\/casanello-ordeno-a-capital-humano-que-informe-cuantos-alimentos-tiene-y-que-los-distribuya-de-inmediato\/\" \/>\n<meta property=\"og:site_name\" content=\"Noticias Radio Reflejos\" \/>\n<meta property=\"article:published_time\" content=\"2024-05-27T15:30:16+00:00\" \/>\n<meta property=\"og:image\" content=\"https:\/\/www.noticiasradioreflejos.com.ar\/2021\/wp-content\/uploads\/2024\/05\/alimentos-comedores-.jpg\" \/>\n\t<meta property=\"og:image:width\" content=\"1034\" \/>\n\t<meta property=\"og:image:height\" content=\"612\" \/>\n\t<meta property=\"og:image:type\" content=\"image\/jpeg\" \/>\n<meta name=\"author\" content=\"Arnaldo Botto\" \/>\n<meta name=\"twitter:card\" content=\"summary_large_image\" \/>\n<script type=\"application\/ld+json\" class=\"yoast-schema-graph\">{\"@context\":\"https:\/\/schema.org\",\"@graph\":[{\"@type\":\"WebPage\",\"@id\":\"https:\/\/www.noticiasradioreflejos.com.ar\/2021\/casanello-ordeno-a-capital-humano-que-informe-cuantos-alimentos-tiene-y-que-los-distribuya-de-inmediato\/\",\"url\":\"https:\/\/www.noticiasradioreflejos.com.ar\/2021\/casanello-ordeno-a-capital-humano-que-informe-cuantos-alimentos-tiene-y-que-los-distribuya-de-inmediato\/\",\"name\":\"Casanello orden\u00f3 a Capital Humano que informe cu\u00e1ntos alimentos tiene y que los distribuya de inmediato - Noticias Radio Reflejos\",\"isPartOf\":{\"@id\":\"https:\/\/www.noticiasradioreflejos.com.ar\/2021\/#website\"},\"primaryImageOfPage\":{\"@id\":\"https:\/\/www.noticiasradioreflejos.com.ar\/2021\/casanello-ordeno-a-capital-humano-que-informe-cuantos-alimentos-tiene-y-que-los-distribuya-de-inmediato\/#primaryimage\"},\"image\":{\"@id\":\"https:\/\/www.noticiasradioreflejos.com.ar\/2021\/casanello-ordeno-a-capital-humano-que-informe-cuantos-alimentos-tiene-y-que-los-distribuya-de-inmediato\/#primaryimage\"},\"thumbnailUrl\":\"https:\/\/www.noticiasradioreflejos.com.ar\/2021\/wp-content\/uploads\/2024\/05\/alimentos-comedores-.jpg\",\"datePublished\":\"2024-05-27T15:30:16+00:00\",\"author\":{\"@id\":\"https:\/\/www.noticiasradioreflejos.com.ar\/2021\/#\/schema\/person\/ad82545263dcc5ec0996818884fd5fb1\"},\"breadcrumb\":{\"@id\":\"https:\/\/www.noticiasradioreflejos.com.ar\/2021\/casanello-ordeno-a-capital-humano-que-informe-cuantos-alimentos-tiene-y-que-los-distribuya-de-inmediato\/#breadcrumb\"},\"inLanguage\":\"es\",\"potentialAction\":[{\"@type\":\"ReadAction\",\"target\":[\"https:\/\/www.noticiasradioreflejos.com.ar\/2021\/casanello-ordeno-a-capital-humano-que-informe-cuantos-alimentos-tiene-y-que-los-distribuya-de-inmediato\/\"]}]},{\"@type\":\"ImageObject\",\"inLanguage\":\"es\",\"@id\":\"https:\/\/www.noticiasradioreflejos.com.ar\/2021\/casanello-ordeno-a-capital-humano-que-informe-cuantos-alimentos-tiene-y-que-los-distribuya-de-inmediato\/#primaryimage\",\"url\":\"https:\/\/www.noticiasradioreflejos.com.ar\/2021\/wp-content\/uploads\/2024\/05\/alimentos-comedores-.jpg\",\"contentUrl\":\"https:\/\/www.noticiasradioreflejos.com.ar\/2021\/wp-content\/uploads\/2024\/05\/alimentos-comedores-.jpg\",\"width\":1034,\"height\":612},{\"@type\":\"BreadcrumbList\",\"@id\":\"https:\/\/www.noticiasradioreflejos.com.ar\/2021\/casanello-ordeno-a-capital-humano-que-informe-cuantos-alimentos-tiene-y-que-los-distribuya-de-inmediato\/#breadcrumb\",\"itemListElement\":[{\"@type\":\"ListItem\",\"position\":1,\"name\":\"Portada\",\"item\":\"https:\/\/www.noticiasradioreflejos.com.ar\/2021\/\"},{\"@type\":\"ListItem\",\"position\":2,\"name\":\"Casanello orden\u00f3 a Capital Humano que informe cu\u00e1ntos alimentos tiene y que los distribuya de inmediato\"}]},{\"@type\":\"WebSite\",\"@id\":\"https:\/\/www.noticiasradioreflejos.com.ar\/2021\/#website\",\"url\":\"https:\/\/www.noticiasradioreflejos.com.ar\/2021\/\",\"name\":\"Noticias Radio Reflejos\",\"description\":\"Las noticias de mi comarca\",\"potentialAction\":[{\"@type\":\"SearchAction\",\"target\":{\"@type\":\"EntryPoint\",\"urlTemplate\":\"https:\/\/www.noticiasradioreflejos.com.ar\/2021\/?s={search_term_string}\"},\"query-input\":{\"@type\":\"PropertyValueSpecification\",\"valueRequired\":true,\"valueName\":\"search_term_string\"}}],\"inLanguage\":\"es\"},{\"@type\":\"Person\",\"@id\":\"https:\/\/www.noticiasradioreflejos.com.ar\/2021\/#\/schema\/person\/ad82545263dcc5ec0996818884fd5fb1\",\"name\":\"Arnaldo Botto\",\"image\":{\"@type\":\"ImageObject\",\"inLanguage\":\"es\",\"@id\":\"https:\/\/www.noticiasradioreflejos.com.ar\/2021\/#\/schema\/person\/image\/\",\"url\":\"https:\/\/secure.gravatar.com\/avatar\/55cb5e37c1efa326397366e6974cb338056df65cb50e7d64d1cf314e87504837?s=96&d=mm&r=g\",\"contentUrl\":\"https:\/\/secure.gravatar.com\/avatar\/55cb5e37c1efa326397366e6974cb338056df65cb50e7d64d1cf314e87504837?s=96&d=mm&r=g\",\"caption\":\"Arnaldo Botto\"},\"url\":\"https:\/\/www.noticiasradioreflejos.com.ar\/2021\/author\/arnaldo\/\"}]}<\/script>\n<!-- \/ Yoast SEO plugin. -->","yoast_head_json":{"title":"Casanello orden\u00f3 a Capital Humano que informe cu\u00e1ntos alimentos tiene y que los distribuya de inmediato - Noticias Radio Reflejos","robots":{"index":"index","follow":"follow","max-snippet":"max-snippet:-1","max-image-preview":"max-image-preview:large","max-video-preview":"max-video-preview:-1"},"canonical":"https:\/\/www.noticiasradioreflejos.com.ar\/2021\/casanello-ordeno-a-capital-humano-que-informe-cuantos-alimentos-tiene-y-que-los-distribuya-de-inmediato\/","og_locale":"es_ES","og_type":"article","og_title":"Casanello orden\u00f3 a Capital Humano que informe cu\u00e1ntos alimentos tiene y que los distribuya de inmediato - Noticias Radio Reflejos","og_description":"La existencia de comida sin distribuir qued\u00f3 expuesta por una investigaci\u00f3n period\u00edstica.","og_url":"https:\/\/www.noticiasradioreflejos.com.ar\/2021\/casanello-ordeno-a-capital-humano-que-informe-cuantos-alimentos-tiene-y-que-los-distribuya-de-inmediato\/","og_site_name":"Noticias Radio Reflejos","article_published_time":"2024-05-27T15:30:16+00:00","og_image":[{"width":1034,"height":612,"url":"https:\/\/www.noticiasradioreflejos.com.ar\/2021\/wp-content\/uploads\/2024\/05\/alimentos-comedores-.jpg","type":"image\/jpeg"}],"author":"Arnaldo Botto","twitter_card":"summary_large_image","schema":{"@context":"https:\/\/schema.org","@graph":[{"@type":"WebPage","@id":"https:\/\/www.noticiasradioreflejos.com.ar\/2021\/casanello-ordeno-a-capital-humano-que-informe-cuantos-alimentos-tiene-y-que-los-distribuya-de-inmediato\/","url":"https:\/\/www.noticiasradioreflejos.com.ar\/2021\/casanello-ordeno-a-capital-humano-que-informe-cuantos-alimentos-tiene-y-que-los-distribuya-de-inmediato\/","name":"Casanello orden\u00f3 a Capital Humano que informe cu\u00e1ntos alimentos tiene y que los distribuya de inmediato - Noticias Radio Reflejos","isPartOf":{"@id":"https:\/\/www.noticiasradioreflejos.com.ar\/2021\/#website"},"primaryImageOfPage":{"@id":"https:\/\/www.noticiasradioreflejos.com.ar\/2021\/casanello-ordeno-a-capital-humano-que-informe-cuantos-alimentos-tiene-y-que-los-distribuya-de-inmediato\/#primaryimage"},"image":{"@id":"https:\/\/www.noticiasradioreflejos.com.ar\/2021\/casanello-ordeno-a-capital-humano-que-informe-cuantos-alimentos-tiene-y-que-los-distribuya-de-inmediato\/#primaryimage"},"thumbnailUrl":"https:\/\/www.noticiasradioreflejos.com.ar\/2021\/wp-content\/uploads\/2024\/05\/alimentos-comedores-.jpg","datePublished":"2024-05-27T15:30:16+00:00","author":{"@id":"https:\/\/www.noticiasradioreflejos.com.ar\/2021\/#\/schema\/person\/ad82545263dcc5ec0996818884fd5fb1"},"breadcrumb":{"@id":"https:\/\/www.noticiasradioreflejos.com.ar\/2021\/casanello-ordeno-a-capital-humano-que-informe-cuantos-alimentos-tiene-y-que-los-distribuya-de-inmediato\/#breadcrumb"},"inLanguage":"es","potentialAction":[{"@type":"ReadAction","target":["https:\/\/www.noticiasradioreflejos.com.ar\/2021\/casanello-ordeno-a-capital-humano-que-informe-cuantos-alimentos-tiene-y-que-los-distribuya-de-inmediato\/"]}]},{"@type":"ImageObject","inLanguage":"es","@id":"https:\/\/www.noticiasradioreflejos.com.ar\/2021\/casanello-ordeno-a-capital-humano-que-informe-cuantos-alimentos-tiene-y-que-los-distribuya-de-inmediato\/#primaryimage","url":"https:\/\/www.noticiasradioreflejos.com.ar\/2021\/wp-content\/uploads\/2024\/05\/alimentos-comedores-.jpg","contentUrl":"https:\/\/www.noticiasradioreflejos.com.ar\/2021\/wp-content\/uploads\/2024\/05\/alimentos-comedores-.jpg","width":1034,"height":612},{"@type":"BreadcrumbList","@id":"https:\/\/www.noticiasradioreflejos.com.ar\/2021\/casanello-ordeno-a-capital-humano-que-informe-cuantos-alimentos-tiene-y-que-los-distribuya-de-inmediato\/#breadcrumb","itemListElement":[{"@type":"ListItem","position":1,"name":"Portada","item":"https:\/\/www.noticiasradioreflejos.com.ar\/2021\/"},{"@type":"ListItem","position":2,"name":"Casanello orden\u00f3 a Capital Humano que informe cu\u00e1ntos alimentos tiene y que los distribuya de inmediato"}]},{"@type":"WebSite","@id":"https:\/\/www.noticiasradioreflejos.com.ar\/2021\/#website","url":"https:\/\/www.noticiasradioreflejos.com.ar\/2021\/","name":"Noticias Radio Reflejos","description":"Las noticias de mi comarca","potentialAction":[{"@type":"SearchAction","target":{"@type":"EntryPoint","urlTemplate":"https:\/\/www.noticiasradioreflejos.com.ar\/2021\/?s={search_term_string}"},"query-input":{"@type":"PropertyValueSpecification","valueRequired":true,"valueName":"search_term_string"}}],"inLanguage":"es"},{"@type":"Person","@id":"https:\/\/www.noticiasradioreflejos.com.ar\/2021\/#\/schema\/person\/ad82545263dcc5ec0996818884fd5fb1","name":"Arnaldo Botto","image":{"@type":"ImageObject","inLanguage":"es","@id":"https:\/\/www.noticiasradioreflejos.com.ar\/2021\/#\/schema\/person\/image\/","url":"https:\/\/secure.gravatar.com\/avatar\/55cb5e37c1efa326397366e6974cb338056df65cb50e7d64d1cf314e87504837?s=96&d=mm&r=g","contentUrl":"https:\/\/secure.gravatar.com\/avatar\/55cb5e37c1efa326397366e6974cb338056df65cb50e7d64d1cf314e87504837?s=96&d=mm&r=g","caption":"Arnaldo Botto"},"url":"https:\/\/www.noticiasradioreflejos.com.ar\/2021\/author\/arnaldo\/"}]}},"_links":{"self":[{"href":"https:\/\/www.noticiasradioreflejos.com.ar\/2021\/wp-json\/wp\/v2\/posts\/103167","targetHints":{"allow":["GET"]}}],"collection":[{"href":"https:\/\/www.noticiasradioreflejos.com.ar\/2021\/wp-json\/wp\/v2\/posts"}],"about":[{"href":"https:\/\/www.noticiasradioreflejos.com.ar\/2021\/wp-json\/wp\/v2\/types\/post"}],"author":[{"embeddable":true,"href":"https:\/\/www.noticiasradioreflejos.com.ar\/2021\/wp-json\/wp\/v2\/users\/3"}],"replies":[{"embeddable":true,"href":"https:\/\/www.noticiasradioreflejos.com.ar\/2021\/wp-json\/wp\/v2\/comments?post=103167"}],"version-history":[{"count":1,"href":"https:\/\/www.noticiasradioreflejos.com.ar\/2021\/wp-json\/wp\/v2\/posts\/103167\/revisions"}],"predecessor-version":[{"id":103169,"href":"https:\/\/www.noticiasradioreflejos.com.ar\/2021\/wp-json\/wp\/v2\/posts\/103167\/revisions\/103169"}],"wp:featuredmedia":[{"embeddable":true,"href":"https:\/\/www.noticiasradioreflejos.com.ar\/2021\/wp-json\/wp\/v2\/media\/103168"}],"wp:attachment":[{"href":"https:\/\/www.noticiasradioreflejos.com.ar\/2021\/wp-json\/wp\/v2\/media?parent=103167"}],"wp:term":[{"taxonomy":"category","embeddable":true,"href":"https:\/\/www.noticiasradioreflejos.com.ar\/2021\/wp-json\/wp\/v2\/categories?post=103167"},{"taxonomy":"post_tag","embeddable":true,"href":"https:\/\/www.noticiasradioreflejos.com.ar\/2021\/wp-json\/wp\/v2\/tags?post=103167"}],"curies":[{"name":"wp","href":"https:\/\/api.w.org\/{rel}","templated":true}]}}