{"id":103074,"date":"2024-05-24T11:55:18","date_gmt":"2024-05-24T14:55:18","guid":{"rendered":"https:\/\/www.noticiasradioreflejos.com.ar\/2021\/?p=103074"},"modified":"2024-05-24T11:55:18","modified_gmt":"2024-05-24T14:55:18","slug":"el-consumo-promedio-por-bonaerense-cayo-35-en-abril","status":"publish","type":"post","link":"https:\/\/www.noticiasradioreflejos.com.ar\/2021\/el-consumo-promedio-por-bonaerense-cayo-35-en-abril\/","title":{"rendered":"El consumo promedio por bonaerense cay\u00f3 35% en abril"},"content":{"rendered":"<p>As\u00ed lo revel\u00f3 el \u00cdndice Banco Provincia de Consumo (IBP Consumo) que elabora esa entidad financiera.<!--more--><br \/>\nEl consumo registr\u00f3 en abril una abrupta ca\u00edda interanual del 35% en la provincia de Buenos Aires, impulsada por una retracci\u00f3n en las compras en supermercados y alimentos.<\/p>\n<p>As\u00ed surge del \u00cdndice Banco Provincia de Consumo (IBP Consumo) que elabora la entidad financiera bonaerense, que reflej\u00f3, durante el mes pasado, la baja m\u00e1s pronunciada en un a\u00f1o.<\/p>\n<p>Seg\u00fan el indicador, el impacto fue mayor en el Conurbano: mientras que en el interior de la Provincia la retracci\u00f3n lleg\u00f3 al 30%, en la Regi\u00f3n Metropolitana de Buenos Aires alcanz\u00f3 el 38,3%.<\/p>\n<p>En esta \u00faltima \u00e1rea, la ca\u00edda m\u00e1s pronunciada fue en la zona sur, con un 43,4%; le siguieron los consumos en la Ciudad Aut\u00f3noma de Buenos Aires con bajas del orden del 42,3% y la zona oeste, donde el desplome lleg\u00f3 al 40%.<\/p>\n<p>Si se analiza la evoluci\u00f3n del \u00edndice entre abril y marzo de 2024, el rubro m\u00e1s afectado fue el de\u202fcompras digitales, con una reducci\u00f3n de 55%.<\/p>\n<p>Sin embargo,\u202fel dato m\u00e1s relevante es la contracci\u00f3n evidenciada en supermercados y alimentos, que fue de 21%, mostrando una aceleraci\u00f3n de la baja con respecto al mes anterior. Por \u00faltimo,\u202ftambi\u00e9n result\u00f3 significativa la disminuci\u00f3n de 18% en combustibles, de acuerdo con el relevamiento.<\/p>\n<p>En sentido opuesto, el nivel general de precios medido por el INDEC subi\u00f3 casi 110% entre diciembre y abril; sin embargo, las distintas canastas crecieron a ritmos diferentes:\u202fAlimentos y bebidas no alcoh\u00f3licas avanz\u00f3 104,7%; Servicios p\u00fablicos 143,9% y Servicios privados lo hicieron por debajo del nivel general (contiene restaurantes y hoteles, recreaci\u00f3n y cultura, educaci\u00f3n, entre otros).<\/p>\n<p>Seg\u00fan el equipo de economistas de Banco Provincia, el proceso inflacionario actual tiene un mayor impacto sobre el consumo privado que las anteriores aceleraciones inflacionarias.<\/p>\n<p>\u00abLos motivos son m\u00faltiples: pol\u00edticas fiscal y cambiaria contractivas, ca\u00edda del poder adquisitivo, mayor aumento de precios de los bienes inel\u00e1sticos respecto de aquellos cuyo consumo puede sustituirse, como gastronom\u00eda, turismo, cultura y salidas recreativas\u00bb, de acuerdo con el trabajo.<\/p>\n<p>Como resultado, el deterioro de la demanda \u00abes mayor que en otras aceleraciones inflacionarias, no solo por razones macro, sino tambi\u00e9n micro: la dificultad de dejar de sustituir los bienes y servicios que lideran las subas\u00bb, advirtieron los economistas.<\/p>\n<p>El IBP consumo incluye informaci\u00f3n de los movimientos de 1,2 mill\u00f3n de tarjetas de cr\u00e9dito y 2,6 millones de tarjetas de d\u00e9bito; adem\u00e1s, analiza las transacciones de las m\u00e1s de 9 millones de personas usuarias de la billetera digital Cuenta DNI.<\/p>\n","protected":false},"excerpt":{"rendered":"<p>As\u00ed lo revel\u00f3 el \u00cdndice Banco Provincia de Consumo (IBP Consumo) que elabora esa entidad financiera.<\/p>\n","protected":false},"author":3,"featured_media":99200,"comment_status":"closed","ping_status":"closed","sticky":false,"template":"","format":"standard","meta":{"footnotes":""},"categories":[36],"tags":[],"class_list":["post-103074","post","type-post","status-publish","format-standard","has-post-thumbnail","hentry","category-economia"],"yoast_head":"<!-- This site is optimized with the Yoast SEO plugin v25.9 - https:\/\/yoast.com\/wordpress\/plugins\/seo\/ -->\n<title>El consumo promedio por bonaerense cay\u00f3 35% en abril - Noticias Radio Reflejos<\/title>\n<meta name=\"robots\" content=\"index, follow, max-snippet:-1, max-image-preview:large, max-video-preview:-1\" \/>\n<link rel=\"canonical\" href=\"https:\/\/www.noticiasradioreflejos.com.ar\/2021\/el-consumo-promedio-por-bonaerense-cayo-35-en-abril\/\" \/>\n<meta property=\"og:locale\" content=\"es_ES\" \/>\n<meta property=\"og:type\" content=\"article\" \/>\n<meta property=\"og:title\" content=\"El consumo promedio por bonaerense cay\u00f3 35% en abril - Noticias Radio Reflejos\" \/>\n<meta property=\"og:description\" content=\"As\u00ed lo revel\u00f3 el \u00cdndice Banco Provincia de Consumo (IBP Consumo) que elabora esa entidad financiera.\" \/>\n<meta property=\"og:url\" content=\"https:\/\/www.noticiasradioreflejos.com.ar\/2021\/el-consumo-promedio-por-bonaerense-cayo-35-en-abril\/\" \/>\n<meta property=\"og:site_name\" content=\"Noticias Radio Reflejos\" \/>\n<meta property=\"article:published_time\" content=\"2024-05-24T14:55:18+00:00\" \/>\n<meta property=\"og:image\" content=\"https:\/\/www.noticiasradioreflejos.com.ar\/2021\/wp-content\/uploads\/2024\/02\/supermer.jpg\" \/>\n\t<meta property=\"og:image:width\" content=\"1200\" \/>\n\t<meta property=\"og:image:height\" content=\"675\" \/>\n\t<meta property=\"og:image:type\" content=\"image\/jpeg\" \/>\n<meta name=\"author\" content=\"Arnaldo Botto\" \/>\n<meta name=\"twitter:card\" content=\"summary_large_image\" \/>\n<script type=\"application\/ld+json\" class=\"yoast-schema-graph\">{\"@context\":\"https:\/\/schema.org\",\"@graph\":[{\"@type\":\"WebPage\",\"@id\":\"https:\/\/www.noticiasradioreflejos.com.ar\/2021\/el-consumo-promedio-por-bonaerense-cayo-35-en-abril\/\",\"url\":\"https:\/\/www.noticiasradioreflejos.com.ar\/2021\/el-consumo-promedio-por-bonaerense-cayo-35-en-abril\/\",\"name\":\"El consumo promedio por bonaerense cay\u00f3 35% en abril - Noticias Radio Reflejos\",\"isPartOf\":{\"@id\":\"https:\/\/www.noticiasradioreflejos.com.ar\/2021\/#website\"},\"primaryImageOfPage\":{\"@id\":\"https:\/\/www.noticiasradioreflejos.com.ar\/2021\/el-consumo-promedio-por-bonaerense-cayo-35-en-abril\/#primaryimage\"},\"image\":{\"@id\":\"https:\/\/www.noticiasradioreflejos.com.ar\/2021\/el-consumo-promedio-por-bonaerense-cayo-35-en-abril\/#primaryimage\"},\"thumbnailUrl\":\"https:\/\/www.noticiasradioreflejos.com.ar\/2021\/wp-content\/uploads\/2024\/02\/supermer.jpg\",\"datePublished\":\"2024-05-24T14:55:18+00:00\",\"author\":{\"@id\":\"https:\/\/www.noticiasradioreflejos.com.ar\/2021\/#\/schema\/person\/ad82545263dcc5ec0996818884fd5fb1\"},\"breadcrumb\":{\"@id\":\"https:\/\/www.noticiasradioreflejos.com.ar\/2021\/el-consumo-promedio-por-bonaerense-cayo-35-en-abril\/#breadcrumb\"},\"inLanguage\":\"es\",\"potentialAction\":[{\"@type\":\"ReadAction\",\"target\":[\"https:\/\/www.noticiasradioreflejos.com.ar\/2021\/el-consumo-promedio-por-bonaerense-cayo-35-en-abril\/\"]}]},{\"@type\":\"ImageObject\",\"inLanguage\":\"es\",\"@id\":\"https:\/\/www.noticiasradioreflejos.com.ar\/2021\/el-consumo-promedio-por-bonaerense-cayo-35-en-abril\/#primaryimage\",\"url\":\"https:\/\/www.noticiasradioreflejos.com.ar\/2021\/wp-content\/uploads\/2024\/02\/supermer.jpg\",\"contentUrl\":\"https:\/\/www.noticiasradioreflejos.com.ar\/2021\/wp-content\/uploads\/2024\/02\/supermer.jpg\",\"width\":1200,\"height\":675},{\"@type\":\"BreadcrumbList\",\"@id\":\"https:\/\/www.noticiasradioreflejos.com.ar\/2021\/el-consumo-promedio-por-bonaerense-cayo-35-en-abril\/#breadcrumb\",\"itemListElement\":[{\"@type\":\"ListItem\",\"position\":1,\"name\":\"Portada\",\"item\":\"https:\/\/www.noticiasradioreflejos.com.ar\/2021\/\"},{\"@type\":\"ListItem\",\"position\":2,\"name\":\"El consumo promedio por bonaerense cay\u00f3 35% en abril\"}]},{\"@type\":\"WebSite\",\"@id\":\"https:\/\/www.noticiasradioreflejos.com.ar\/2021\/#website\",\"url\":\"https:\/\/www.noticiasradioreflejos.com.ar\/2021\/\",\"name\":\"Noticias Radio Reflejos\",\"description\":\"Las noticias de mi comarca\",\"potentialAction\":[{\"@type\":\"SearchAction\",\"target\":{\"@type\":\"EntryPoint\",\"urlTemplate\":\"https:\/\/www.noticiasradioreflejos.com.ar\/2021\/?s={search_term_string}\"},\"query-input\":{\"@type\":\"PropertyValueSpecification\",\"valueRequired\":true,\"valueName\":\"search_term_string\"}}],\"inLanguage\":\"es\"},{\"@type\":\"Person\",\"@id\":\"https:\/\/www.noticiasradioreflejos.com.ar\/2021\/#\/schema\/person\/ad82545263dcc5ec0996818884fd5fb1\",\"name\":\"Arnaldo Botto\",\"image\":{\"@type\":\"ImageObject\",\"inLanguage\":\"es\",\"@id\":\"https:\/\/www.noticiasradioreflejos.com.ar\/2021\/#\/schema\/person\/image\/\",\"url\":\"https:\/\/secure.gravatar.com\/avatar\/55cb5e37c1efa326397366e6974cb338056df65cb50e7d64d1cf314e87504837?s=96&d=mm&r=g\",\"contentUrl\":\"https:\/\/secure.gravatar.com\/avatar\/55cb5e37c1efa326397366e6974cb338056df65cb50e7d64d1cf314e87504837?s=96&d=mm&r=g\",\"caption\":\"Arnaldo Botto\"},\"url\":\"https:\/\/www.noticiasradioreflejos.com.ar\/2021\/author\/arnaldo\/\"}]}<\/script>\n<!-- \/ Yoast SEO plugin. -->","yoast_head_json":{"title":"El consumo promedio por bonaerense cay\u00f3 35% en abril - Noticias Radio Reflejos","robots":{"index":"index","follow":"follow","max-snippet":"max-snippet:-1","max-image-preview":"max-image-preview:large","max-video-preview":"max-video-preview:-1"},"canonical":"https:\/\/www.noticiasradioreflejos.com.ar\/2021\/el-consumo-promedio-por-bonaerense-cayo-35-en-abril\/","og_locale":"es_ES","og_type":"article","og_title":"El consumo promedio por bonaerense cay\u00f3 35% en abril - Noticias Radio Reflejos","og_description":"As\u00ed lo revel\u00f3 el \u00cdndice Banco Provincia de Consumo (IBP Consumo) que elabora esa entidad financiera.","og_url":"https:\/\/www.noticiasradioreflejos.com.ar\/2021\/el-consumo-promedio-por-bonaerense-cayo-35-en-abril\/","og_site_name":"Noticias Radio Reflejos","article_published_time":"2024-05-24T14:55:18+00:00","og_image":[{"width":1200,"height":675,"url":"https:\/\/www.noticiasradioreflejos.com.ar\/2021\/wp-content\/uploads\/2024\/02\/supermer.jpg","type":"image\/jpeg"}],"author":"Arnaldo Botto","twitter_card":"summary_large_image","schema":{"@context":"https:\/\/schema.org","@graph":[{"@type":"WebPage","@id":"https:\/\/www.noticiasradioreflejos.com.ar\/2021\/el-consumo-promedio-por-bonaerense-cayo-35-en-abril\/","url":"https:\/\/www.noticiasradioreflejos.com.ar\/2021\/el-consumo-promedio-por-bonaerense-cayo-35-en-abril\/","name":"El consumo promedio por bonaerense cay\u00f3 35% en abril - Noticias Radio Reflejos","isPartOf":{"@id":"https:\/\/www.noticiasradioreflejos.com.ar\/2021\/#website"},"primaryImageOfPage":{"@id":"https:\/\/www.noticiasradioreflejos.com.ar\/2021\/el-consumo-promedio-por-bonaerense-cayo-35-en-abril\/#primaryimage"},"image":{"@id":"https:\/\/www.noticiasradioreflejos.com.ar\/2021\/el-consumo-promedio-por-bonaerense-cayo-35-en-abril\/#primaryimage"},"thumbnailUrl":"https:\/\/www.noticiasradioreflejos.com.ar\/2021\/wp-content\/uploads\/2024\/02\/supermer.jpg","datePublished":"2024-05-24T14:55:18+00:00","author":{"@id":"https:\/\/www.noticiasradioreflejos.com.ar\/2021\/#\/schema\/person\/ad82545263dcc5ec0996818884fd5fb1"},"breadcrumb":{"@id":"https:\/\/www.noticiasradioreflejos.com.ar\/2021\/el-consumo-promedio-por-bonaerense-cayo-35-en-abril\/#breadcrumb"},"inLanguage":"es","potentialAction":[{"@type":"ReadAction","target":["https:\/\/www.noticiasradioreflejos.com.ar\/2021\/el-consumo-promedio-por-bonaerense-cayo-35-en-abril\/"]}]},{"@type":"ImageObject","inLanguage":"es","@id":"https:\/\/www.noticiasradioreflejos.com.ar\/2021\/el-consumo-promedio-por-bonaerense-cayo-35-en-abril\/#primaryimage","url":"https:\/\/www.noticiasradioreflejos.com.ar\/2021\/wp-content\/uploads\/2024\/02\/supermer.jpg","contentUrl":"https:\/\/www.noticiasradioreflejos.com.ar\/2021\/wp-content\/uploads\/2024\/02\/supermer.jpg","width":1200,"height":675},{"@type":"BreadcrumbList","@id":"https:\/\/www.noticiasradioreflejos.com.ar\/2021\/el-consumo-promedio-por-bonaerense-cayo-35-en-abril\/#breadcrumb","itemListElement":[{"@type":"ListItem","position":1,"name":"Portada","item":"https:\/\/www.noticiasradioreflejos.com.ar\/2021\/"},{"@type":"ListItem","position":2,"name":"El consumo promedio por bonaerense cay\u00f3 35% en abril"}]},{"@type":"WebSite","@id":"https:\/\/www.noticiasradioreflejos.com.ar\/2021\/#website","url":"https:\/\/www.noticiasradioreflejos.com.ar\/2021\/","name":"Noticias Radio Reflejos","description":"Las noticias de mi comarca","potentialAction":[{"@type":"SearchAction","target":{"@type":"EntryPoint","urlTemplate":"https:\/\/www.noticiasradioreflejos.com.ar\/2021\/?s={search_term_string}"},"query-input":{"@type":"PropertyValueSpecification","valueRequired":true,"valueName":"search_term_string"}}],"inLanguage":"es"},{"@type":"Person","@id":"https:\/\/www.noticiasradioreflejos.com.ar\/2021\/#\/schema\/person\/ad82545263dcc5ec0996818884fd5fb1","name":"Arnaldo Botto","image":{"@type":"ImageObject","inLanguage":"es","@id":"https:\/\/www.noticiasradioreflejos.com.ar\/2021\/#\/schema\/person\/image\/","url":"https:\/\/secure.gravatar.com\/avatar\/55cb5e37c1efa326397366e6974cb338056df65cb50e7d64d1cf314e87504837?s=96&d=mm&r=g","contentUrl":"https:\/\/secure.gravatar.com\/avatar\/55cb5e37c1efa326397366e6974cb338056df65cb50e7d64d1cf314e87504837?s=96&d=mm&r=g","caption":"Arnaldo Botto"},"url":"https:\/\/www.noticiasradioreflejos.com.ar\/2021\/author\/arnaldo\/"}]}},"_links":{"self":[{"href":"https:\/\/www.noticiasradioreflejos.com.ar\/2021\/wp-json\/wp\/v2\/posts\/103074","targetHints":{"allow":["GET"]}}],"collection":[{"href":"https:\/\/www.noticiasradioreflejos.com.ar\/2021\/wp-json\/wp\/v2\/posts"}],"about":[{"href":"https:\/\/www.noticiasradioreflejos.com.ar\/2021\/wp-json\/wp\/v2\/types\/post"}],"author":[{"embeddable":true,"href":"https:\/\/www.noticiasradioreflejos.com.ar\/2021\/wp-json\/wp\/v2\/users\/3"}],"replies":[{"embeddable":true,"href":"https:\/\/www.noticiasradioreflejos.com.ar\/2021\/wp-json\/wp\/v2\/comments?post=103074"}],"version-history":[{"count":1,"href":"https:\/\/www.noticiasradioreflejos.com.ar\/2021\/wp-json\/wp\/v2\/posts\/103074\/revisions"}],"predecessor-version":[{"id":103075,"href":"https:\/\/www.noticiasradioreflejos.com.ar\/2021\/wp-json\/wp\/v2\/posts\/103074\/revisions\/103075"}],"wp:featuredmedia":[{"embeddable":true,"href":"https:\/\/www.noticiasradioreflejos.com.ar\/2021\/wp-json\/wp\/v2\/media\/99200"}],"wp:attachment":[{"href":"https:\/\/www.noticiasradioreflejos.com.ar\/2021\/wp-json\/wp\/v2\/media?parent=103074"}],"wp:term":[{"taxonomy":"category","embeddable":true,"href":"https:\/\/www.noticiasradioreflejos.com.ar\/2021\/wp-json\/wp\/v2\/categories?post=103074"},{"taxonomy":"post_tag","embeddable":true,"href":"https:\/\/www.noticiasradioreflejos.com.ar\/2021\/wp-json\/wp\/v2\/tags?post=103074"}],"curies":[{"name":"wp","href":"https:\/\/api.w.org\/{rel}","templated":true}]}}