{"id":103067,"date":"2024-05-24T09:09:03","date_gmt":"2024-05-24T12:09:03","guid":{"rendered":"https:\/\/www.noticiasradioreflejos.com.ar\/2021\/?p=103067"},"modified":"2024-05-24T10:52:21","modified_gmt":"2024-05-24T13:52:21","slug":"no-al-peaje-en-rutas-provinciales-de-rio-negro-y-no-a-la-provincializacion-de-rutas-nacionales","status":"publish","type":"post","link":"https:\/\/www.noticiasradioreflejos.com.ar\/2021\/no-al-peaje-en-rutas-provinciales-de-rio-negro-y-no-a-la-provincializacion-de-rutas-nacionales\/","title":{"rendered":"No al peaje en Rutas provinciales de R\u00edo Negro y no a la provincializaci\u00f3n de Rutas Nacionales"},"content":{"rendered":"<p>El sector productivo de la Provincia de Rio Negro en conjunto,\u00a0<b><span lang=\"ES\">Pymes, Cooperativas, Productores<\/span><\/b><span lang=\"ES\">, con la\u00a0adhesi\u00f3n del\u00a0<b>Comit\u00e9 Nacional de Defensa del Usuario Vial (CONADUV), la\u00a0<\/b><\/span><b><span lang=\"ES\">Asociaci\u00f3n Gremial de\u00a0Profesionales y Personal Superior de Vialidad Nacional (AP)<\/span><\/b><b><span lang=\"ES\">\u00a0y la\u00a0<\/span><\/b><b><span lang=\"ES\">Federaci\u00f3n del Personal de Vialidad Nacional<\/span><\/b><span lang=\"ES\">\u00a0<b>(FEPEVINA),<\/b>\u00a0expresamos nuestro en\u00e9rgico rechazo al\u00a0Proyecto de Ley votado el d\u00eda jueves 16 de mayo pr\u00f3ximo pasado en la Legislatura rionegrina, que implica a dar v\u00eda libre al cobro\u00a0de\u00a0peaje en rutas\u00a0provinciales\u00a0de R\u00edo Negro.<!--more--><\/p>\n<p>&nbsp;<\/p>\n<p>&nbsp;<\/p>\n<p><span lang=\"ES\">A\u00a0tal\u00a0efecto\u00a0se\u00a0se\u00f1ala:<\/span><\/p>\n<p><span lang=\"ES\">\u00a0<\/span><\/p>\n<p><span lang=\"ES\">1.\u00a0\u00a0\u00a0\u00a0\u00a0<\/span><span lang=\"ES\">El mismo es INCONSTITUCIONAL, pero adem\u00e1s carece de transparencia, y dejar\u00e1 abierta la puerta\u00a0para volver sobre el proyecto presentado originalmente, toda vez que atribuye la potestad al poder\u00a0ejecutivo para la incorporaci\u00f3n de nuevas rutas, mediante la elaboraci\u00f3n de un simple informe\u00a0t\u00e9cnico que justifique dicha solicitud. Este informe cabe destacar, estar\u00eda bajo la \u00f3rbita del mismo\u00a0ejecutivo.<\/span><\/p>\n<p><span lang=\"ES\">2.\u00a0\u00a0\u00a0\u00a0\u00a0<\/span><span lang=\"ES\">Afecta de manera directa la competitividad de nuestras empresas regionales,\u00a0golpeadas por\u00a0la\u00a0cruda realidad econ\u00f3mica y que nos encontramos en desventaja \u201cnatural\u201d respecto de empresas de\u00a0otras partes del pa\u00eds, que producen o elaboran productos de similares caracter\u00edsticas. En este\u00a0sentido es importante se\u00f1alar que en R\u00edo Negro, pagamos fletes elevados debido a las grandes\u00a0distancias, tanto para recibir materias primas o insumos como as\u00ed tambi\u00e9n a la hora de vender\u00a0nuestros productos terminados dentro y fuera de la provincia. Adem\u00e1s contamos con uno de los\u00a0costos de energ\u00eda el\u00e9ctrica m\u00e1s caros del pa\u00eds, insumo fundamental para producir, y que en breve\u00a0experimentar\u00e1 un nuevo impuestazo, votado el 17 de noviembre pasado, que grava la energ\u00eda con\u00a0un 5% y cuya recaudaci\u00f3n ir\u00eda destinada a\u00a0un tercer fondo provincial. Tenemos como si fuera poco,\u00a0un\u00a0costo\u00a0laboral\u00a020%\u00a0m\u00e1s\u00a0elevado\u00a0que\u00a0el\u00a0resto\u00a0de\u00a0Argentina,\u00a0por\u00a0zona fr\u00eda,\u00a0y\u00a0ahora\u00a0peajes\u00a0provinciales y\u00a0con la idea\u00a0de\u00a0provincializar rutas nacionales tambi\u00e9n con\u00a0cobro\u00a0de\u00a0peaje.\u00a0Sin\u00a0mencionar todas las limitaciones log\u00edsticas que nos impiden llegar con nuestros productos a buena\u00a0parte del pa\u00eds e inclusive duplicando costos en Patagonia, ya que nuestros productos van a Buenos\u00a0Aires, para luego volver por ejemplo a: Comodoro Rivadavia, Trelew, Viedma, etc. Incomprensible!.\u00a0<\/span><b><span lang=\"ES\">As\u00ed desean contribuir al desarrollo econ\u00f3mico de la regi\u00f3n?\u00a0<\/span><\/b><span lang=\"ES\">Las Pymes somos el 70% del\u00a0trabajo y el 42% de toda la riqueza generada en el pa\u00eds. Sostenemos con nuestros impuestos al\u00a0Estado.\u00a0Una pyme\u00a0cerrada NO\u00a0PAGA\u00a0IMPUESTOS.<\/span><\/p>\n<p><b><span lang=\"ES\">Si hablamos de la Ruta Provincial 2<\/span><\/b><span lang=\"ES\">, que pagaremos todos los usuarios, adem\u00e1s, es la v\u00eda de\u00a0salida al puerto de San Antonio Este, a donde llega el 70% de lo generado en el Alto Valle, para\u00a0exportaci\u00f3n. Esta ruta fue terminada a fines de 2020 con los impuestos de todos los rionegrinos,\u00a0siendo por otra parte, el acceso a Las Grutas, uno de los destinos tur\u00edsticos m\u00e1s populares, que el\u00a0propio\u00a0gobernador\u00a0asegur\u00f3 no tendr\u00edan peajes.<\/span><\/p>\n<p><span lang=\"ES\">3.\u00a0\u00a0\u00a0\u00a0\u00a0<\/span><span lang=\"ES\">Implica claramente una\u00a0<\/span><b><span lang=\"ES\">transferencia de costos de las empresas\u00a0<\/span><\/b><span lang=\"ES\">que operan en\u00a0<\/span><b><span lang=\"ES\">Vaca Muerta<\/span><\/b><span lang=\"ES\">, en su gran mayor\u00eda multinacionales, extrayendo nuestros recursos naturales y por los cuales pagan miserables regal\u00edas. En este sentido fue el mismo gobernador que argument\u00f3 que el peso de los camiones que transportan \u00e1ridos, conocido como \u201c<\/span><b><span lang=\"ES\">el camino de la\u00a0arena\u201d<\/span><\/b><span lang=\"ES\">, destruyen\u00a0nuestras\u00a0rutas.<\/span><\/p>\n<p><span lang=\"ES\">4.\u00a0\u00a0\u00a0\u00a0\u00a0<\/span><span lang=\"ES\">Todo esto redunda en mayores costos para los rionegrinos, a la hora de pagar productos b\u00e1sicos\u00a0como alimentos, debido al costo log\u00edstico de las empresas. Estos, necesariamente impactan en los\u00a0precios de venta de los productos, ante la imposibilidad de seguir absorbiendo aumentos por parte\u00a0de las Pymes. Cabe recordar que en nuestra provincia la inflaci\u00f3n de abril fue un 8,5% m\u00e1s elevada\u00a0que\u00a0en el\u00a0resto del pa\u00eds.<\/span><\/p>\n<p><span lang=\"ES\">5.\u00a0\u00a0\u00a0\u00a0\u00a0<\/span><span lang=\"ES\">Rechazamos toda alternativa de \u201cprovincializaci\u00f3n\u201d de las rutas nacionales, por cualquiera de los\u00a0m\u00e9todos\u00a0que se pudieran gestionar.<\/span><\/p>\n<p><span lang=\"ES\">6.\u00a0\u00a0\u00a0\u00a0\u00a0<\/span><span lang=\"ES\">La inconstitucionalidad de la ley ante la falta de caminos alternativos, que tiene como emblema, por\u00a0ejemplo que desde ya descartamos, el hecho que si se provincializara la Ruta Nacional 22, autom\u00e1ticamente\u00a0pasar\u00eda\u00a0al\u00a0r\u00e9gimen\u00a0de\u00a0peajes,\u00a0encontr\u00e1ndose\u00a0ya\u00a0la\u00a0Ruta\u00a065,\u00a0\u00fanico\u00a0camino\u00a0alternativo\u00a0a\u00a0la\u00a0mencionada, dentro de la primer etapa de cobro. Y por supuesto como un plus en el \u201cabuso de\u00a0poder\u201d de quienes creen que nuestros recursos y caminos les pertenecen; la doble imposici\u00f3n que\u00a0implicar\u00eda\u00a0el\u00a0pago de\u00a0los\u00a0mismos.<\/span><\/p>\n<p><span lang=\"ES\">\u00a0<\/span><\/p>\n<p><b><span lang=\"ES\">Conclusi\u00f3n:\u00a0<\/span><\/b><span lang=\"ES\">Consideramos inoportuno e insensato este manot\u00f3n de ahogado que lo que intenta una vez m\u00e1s, a costa de los rionegrinos, es gravar de alg\u00fan modo la actividad econ\u00f3mica de peque\u00f1as y medianas empresas, que abrumadas por la situaci\u00f3n actual, no contamos con margen para seguir absorbiendo <\/span>costos. Pero adem\u00e1s es un atropello a todos los ciudadanos rionegrinos que hemos visto en los \u00faltimos\u00a0tiempos\u00a0desmoronar\u00a0nuestro poder adquisitivo,\u00a0fruto de\u00a0las\u00a0malas\u00a0decisiones\u00a0de la\u00a0pol\u00edtica\u00a0en general.<\/p>\n<p><span lang=\"ES\">\u00a0<\/span><\/p>\n<p><b><span lang=\"ES\">Exhortamos a nuestros legisladores\u00a0<\/span><\/b><span lang=\"ES\">a tomar conciencia de la situaci\u00f3n, como as\u00ed tambi\u00e9n a la\u00a0<\/span><b><span lang=\"ES\">Sra.\u00a0Adriana\u00a0Santagat<\/span><\/b><span lang=\"ES\">i,\u00a0Defensora\u00a0del\u00a0Pueblo\u00a0de\u00a0la\u00a0Provincia,\u00a0a\u00a0expedirse\u00a0en\u00a0esta\u00a0cuesti\u00f3n,\u00a0que\u00a0como\u00a0expresamos anteriormente es en primer lugar inconstitucional y se encuentra viciada de ambig\u00fcedad en la\u00a0letra,\u00a0pisoteando y\u00a0avasallando nuestros\u00a0derechos\u00a0m\u00e1s\u00a0elementales.<\/span><\/p>\n<p><span lang=\"ES\">Entendemos que\u00a0dicha ley es una\u00a0nueva caja\u00a0de la\u00a0pol\u00edtica\u00a0que intentan\u00a0armar a expensas de\u00a0todos\u00a0aquellos\u00a0que\u00a0trabajamos.\u00a0En\u00a0este\u00a0sentido,\u00a0y\u00a0para\u00a0graficar\u00a0lo\u00a0dicho\u00a0anteriormente,\u00a0el\u00a0<\/span><b><span lang=\"ES\">Ministro\u00a0de\u00a0Infraestructura\u00a0de\u00a0Jujuy<\/span><\/b><span lang=\"ES\">,\u00a0expres\u00f3 que\u00a0dicha\u00a0recaudaci\u00f3n:\u00a0<\/span><b><span lang=\"ES\">\u201cNo\u00a0Garantiza\u00a0fondos\u00a0para\u00a0obras\u201d<\/span><\/b><\/p>\n<p>&nbsp;<\/p>\n<p><a title=\"No al peaje en Rutas provinciales de R\u00edo Negro\" href=\"https:\/\/www.flickr.com\/photos\/182279889@N02\/53743390194\/in\/dateposted-public\/\" data-flickr-embed=\"true\"><img loading=\"lazy\" decoding=\"async\" class=\"aligncenter\" src=\"https:\/\/live.staticflickr.com\/65535\/53743390194_a427410c31_c.jpg\" alt=\"No al peaje en Rutas provinciales de R\u00edo Negro\" width=\"436\" height=\"278\" \/><\/a><\/p>\n","protected":false},"excerpt":{"rendered":"<p>El sector productivo de la Provincia de Rio Negro en conjunto,\u00a0Pymes, Cooperativas, Productores, con la\u00a0adhesi\u00f3n del\u00a0Comit\u00e9 Nacional de Defensa del Usuario Vial (CONADUV), la\u00a0Asociaci\u00f3n Gremial de\u00a0Profesionales y Personal Superior de Vialidad Nacional (AP)\u00a0y la\u00a0Federaci\u00f3n del Personal de Vialidad Nacional\u00a0(FEPEVINA),\u00a0expresamos nuestro en\u00e9rgico rechazo al\u00a0Proyecto de Ley votado el d\u00eda jueves 16 de mayo pr\u00f3ximo pasado en [&hellip;]<\/p>\n","protected":false},"author":3,"featured_media":0,"comment_status":"closed","ping_status":"closed","sticky":false,"template":"","format":"standard","meta":{"footnotes":""},"categories":[24,26],"tags":[],"class_list":["post-103067","post","type-post","status-publish","format-standard","hentry","category-politica","category-sociedad"],"yoast_head":"<!-- This site is optimized with the Yoast SEO plugin v25.9 - https:\/\/yoast.com\/wordpress\/plugins\/seo\/ -->\n<title>No al peaje en Rutas provinciales de R\u00edo Negro y no a la provincializaci\u00f3n de Rutas Nacionales - Noticias Radio Reflejos<\/title>\n<meta name=\"robots\" content=\"index, follow, max-snippet:-1, max-image-preview:large, max-video-preview:-1\" \/>\n<link rel=\"canonical\" href=\"https:\/\/www.noticiasradioreflejos.com.ar\/2021\/no-al-peaje-en-rutas-provinciales-de-rio-negro-y-no-a-la-provincializacion-de-rutas-nacionales\/\" \/>\n<meta property=\"og:locale\" content=\"es_ES\" \/>\n<meta property=\"og:type\" content=\"article\" \/>\n<meta property=\"og:title\" content=\"No al peaje en Rutas provinciales de R\u00edo Negro y no a la provincializaci\u00f3n de Rutas Nacionales - Noticias Radio Reflejos\" \/>\n<meta property=\"og:description\" content=\"El sector productivo de la Provincia de Rio Negro en conjunto,\u00a0Pymes, Cooperativas, Productores, con la\u00a0adhesi\u00f3n del\u00a0Comit\u00e9 Nacional de Defensa del Usuario Vial (CONADUV), la\u00a0Asociaci\u00f3n Gremial de\u00a0Profesionales y Personal Superior de Vialidad Nacional (AP)\u00a0y la\u00a0Federaci\u00f3n del Personal de Vialidad Nacional\u00a0(FEPEVINA),\u00a0expresamos nuestro en\u00e9rgico rechazo al\u00a0Proyecto de Ley votado el d\u00eda jueves 16 de mayo pr\u00f3ximo pasado en [&hellip;]\" \/>\n<meta property=\"og:url\" content=\"https:\/\/www.noticiasradioreflejos.com.ar\/2021\/no-al-peaje-en-rutas-provinciales-de-rio-negro-y-no-a-la-provincializacion-de-rutas-nacionales\/\" \/>\n<meta property=\"og:site_name\" content=\"Noticias Radio Reflejos\" \/>\n<meta property=\"article:published_time\" content=\"2024-05-24T12:09:03+00:00\" \/>\n<meta property=\"article:modified_time\" content=\"2024-05-24T13:52:21+00:00\" \/>\n<meta property=\"og:image\" content=\"https:\/\/live.staticflickr.com\/65535\/53743390194_a427410c31_c.jpg\" \/>\n<meta name=\"author\" content=\"Arnaldo Botto\" \/>\n<meta name=\"twitter:card\" content=\"summary_large_image\" \/>\n<script type=\"application\/ld+json\" class=\"yoast-schema-graph\">{\"@context\":\"https:\/\/schema.org\",\"@graph\":[{\"@type\":\"WebPage\",\"@id\":\"https:\/\/www.noticiasradioreflejos.com.ar\/2021\/no-al-peaje-en-rutas-provinciales-de-rio-negro-y-no-a-la-provincializacion-de-rutas-nacionales\/\",\"url\":\"https:\/\/www.noticiasradioreflejos.com.ar\/2021\/no-al-peaje-en-rutas-provinciales-de-rio-negro-y-no-a-la-provincializacion-de-rutas-nacionales\/\",\"name\":\"No al peaje en Rutas provinciales de R\u00edo Negro y no a la provincializaci\u00f3n de Rutas Nacionales - Noticias Radio Reflejos\",\"isPartOf\":{\"@id\":\"https:\/\/www.noticiasradioreflejos.com.ar\/2021\/#website\"},\"primaryImageOfPage\":{\"@id\":\"https:\/\/www.noticiasradioreflejos.com.ar\/2021\/no-al-peaje-en-rutas-provinciales-de-rio-negro-y-no-a-la-provincializacion-de-rutas-nacionales\/#primaryimage\"},\"image\":{\"@id\":\"https:\/\/www.noticiasradioreflejos.com.ar\/2021\/no-al-peaje-en-rutas-provinciales-de-rio-negro-y-no-a-la-provincializacion-de-rutas-nacionales\/#primaryimage\"},\"thumbnailUrl\":\"https:\/\/live.staticflickr.com\/65535\/53743390194_a427410c31_c.jpg\",\"datePublished\":\"2024-05-24T12:09:03+00:00\",\"dateModified\":\"2024-05-24T13:52:21+00:00\",\"author\":{\"@id\":\"https:\/\/www.noticiasradioreflejos.com.ar\/2021\/#\/schema\/person\/ad82545263dcc5ec0996818884fd5fb1\"},\"breadcrumb\":{\"@id\":\"https:\/\/www.noticiasradioreflejos.com.ar\/2021\/no-al-peaje-en-rutas-provinciales-de-rio-negro-y-no-a-la-provincializacion-de-rutas-nacionales\/#breadcrumb\"},\"inLanguage\":\"es\",\"potentialAction\":[{\"@type\":\"ReadAction\",\"target\":[\"https:\/\/www.noticiasradioreflejos.com.ar\/2021\/no-al-peaje-en-rutas-provinciales-de-rio-negro-y-no-a-la-provincializacion-de-rutas-nacionales\/\"]}]},{\"@type\":\"ImageObject\",\"inLanguage\":\"es\",\"@id\":\"https:\/\/www.noticiasradioreflejos.com.ar\/2021\/no-al-peaje-en-rutas-provinciales-de-rio-negro-y-no-a-la-provincializacion-de-rutas-nacionales\/#primaryimage\",\"url\":\"https:\/\/live.staticflickr.com\/65535\/53743390194_a427410c31_c.jpg\",\"contentUrl\":\"https:\/\/live.staticflickr.com\/65535\/53743390194_a427410c31_c.jpg\"},{\"@type\":\"BreadcrumbList\",\"@id\":\"https:\/\/www.noticiasradioreflejos.com.ar\/2021\/no-al-peaje-en-rutas-provinciales-de-rio-negro-y-no-a-la-provincializacion-de-rutas-nacionales\/#breadcrumb\",\"itemListElement\":[{\"@type\":\"ListItem\",\"position\":1,\"name\":\"Portada\",\"item\":\"https:\/\/www.noticiasradioreflejos.com.ar\/2021\/\"},{\"@type\":\"ListItem\",\"position\":2,\"name\":\"No al peaje en Rutas provinciales de R\u00edo Negro y no a la provincializaci\u00f3n de Rutas Nacionales\"}]},{\"@type\":\"WebSite\",\"@id\":\"https:\/\/www.noticiasradioreflejos.com.ar\/2021\/#website\",\"url\":\"https:\/\/www.noticiasradioreflejos.com.ar\/2021\/\",\"name\":\"Noticias Radio Reflejos\",\"description\":\"Las noticias de mi comarca\",\"potentialAction\":[{\"@type\":\"SearchAction\",\"target\":{\"@type\":\"EntryPoint\",\"urlTemplate\":\"https:\/\/www.noticiasradioreflejos.com.ar\/2021\/?s={search_term_string}\"},\"query-input\":{\"@type\":\"PropertyValueSpecification\",\"valueRequired\":true,\"valueName\":\"search_term_string\"}}],\"inLanguage\":\"es\"},{\"@type\":\"Person\",\"@id\":\"https:\/\/www.noticiasradioreflejos.com.ar\/2021\/#\/schema\/person\/ad82545263dcc5ec0996818884fd5fb1\",\"name\":\"Arnaldo Botto\",\"image\":{\"@type\":\"ImageObject\",\"inLanguage\":\"es\",\"@id\":\"https:\/\/www.noticiasradioreflejos.com.ar\/2021\/#\/schema\/person\/image\/\",\"url\":\"https:\/\/secure.gravatar.com\/avatar\/55cb5e37c1efa326397366e6974cb338056df65cb50e7d64d1cf314e87504837?s=96&d=mm&r=g\",\"contentUrl\":\"https:\/\/secure.gravatar.com\/avatar\/55cb5e37c1efa326397366e6974cb338056df65cb50e7d64d1cf314e87504837?s=96&d=mm&r=g\",\"caption\":\"Arnaldo Botto\"},\"url\":\"https:\/\/www.noticiasradioreflejos.com.ar\/2021\/author\/arnaldo\/\"}]}<\/script>\n<!-- \/ Yoast SEO plugin. -->","yoast_head_json":{"title":"No al peaje en Rutas provinciales de R\u00edo Negro y no a la provincializaci\u00f3n de Rutas Nacionales - Noticias Radio Reflejos","robots":{"index":"index","follow":"follow","max-snippet":"max-snippet:-1","max-image-preview":"max-image-preview:large","max-video-preview":"max-video-preview:-1"},"canonical":"https:\/\/www.noticiasradioreflejos.com.ar\/2021\/no-al-peaje-en-rutas-provinciales-de-rio-negro-y-no-a-la-provincializacion-de-rutas-nacionales\/","og_locale":"es_ES","og_type":"article","og_title":"No al peaje en Rutas provinciales de R\u00edo Negro y no a la provincializaci\u00f3n de Rutas Nacionales - Noticias Radio Reflejos","og_description":"El sector productivo de la Provincia de Rio Negro en conjunto,\u00a0Pymes, Cooperativas, Productores, con la\u00a0adhesi\u00f3n del\u00a0Comit\u00e9 Nacional de Defensa del Usuario Vial (CONADUV), la\u00a0Asociaci\u00f3n Gremial de\u00a0Profesionales y Personal Superior de Vialidad Nacional (AP)\u00a0y la\u00a0Federaci\u00f3n del Personal de Vialidad Nacional\u00a0(FEPEVINA),\u00a0expresamos nuestro en\u00e9rgico rechazo al\u00a0Proyecto de Ley votado el d\u00eda jueves 16 de mayo pr\u00f3ximo pasado en [&hellip;]","og_url":"https:\/\/www.noticiasradioreflejos.com.ar\/2021\/no-al-peaje-en-rutas-provinciales-de-rio-negro-y-no-a-la-provincializacion-de-rutas-nacionales\/","og_site_name":"Noticias Radio Reflejos","article_published_time":"2024-05-24T12:09:03+00:00","article_modified_time":"2024-05-24T13:52:21+00:00","og_image":[{"url":"https:\/\/live.staticflickr.com\/65535\/53743390194_a427410c31_c.jpg","type":"","width":"","height":""}],"author":"Arnaldo Botto","twitter_card":"summary_large_image","schema":{"@context":"https:\/\/schema.org","@graph":[{"@type":"WebPage","@id":"https:\/\/www.noticiasradioreflejos.com.ar\/2021\/no-al-peaje-en-rutas-provinciales-de-rio-negro-y-no-a-la-provincializacion-de-rutas-nacionales\/","url":"https:\/\/www.noticiasradioreflejos.com.ar\/2021\/no-al-peaje-en-rutas-provinciales-de-rio-negro-y-no-a-la-provincializacion-de-rutas-nacionales\/","name":"No al peaje en Rutas provinciales de R\u00edo Negro y no a la provincializaci\u00f3n de Rutas Nacionales - Noticias Radio Reflejos","isPartOf":{"@id":"https:\/\/www.noticiasradioreflejos.com.ar\/2021\/#website"},"primaryImageOfPage":{"@id":"https:\/\/www.noticiasradioreflejos.com.ar\/2021\/no-al-peaje-en-rutas-provinciales-de-rio-negro-y-no-a-la-provincializacion-de-rutas-nacionales\/#primaryimage"},"image":{"@id":"https:\/\/www.noticiasradioreflejos.com.ar\/2021\/no-al-peaje-en-rutas-provinciales-de-rio-negro-y-no-a-la-provincializacion-de-rutas-nacionales\/#primaryimage"},"thumbnailUrl":"https:\/\/live.staticflickr.com\/65535\/53743390194_a427410c31_c.jpg","datePublished":"2024-05-24T12:09:03+00:00","dateModified":"2024-05-24T13:52:21+00:00","author":{"@id":"https:\/\/www.noticiasradioreflejos.com.ar\/2021\/#\/schema\/person\/ad82545263dcc5ec0996818884fd5fb1"},"breadcrumb":{"@id":"https:\/\/www.noticiasradioreflejos.com.ar\/2021\/no-al-peaje-en-rutas-provinciales-de-rio-negro-y-no-a-la-provincializacion-de-rutas-nacionales\/#breadcrumb"},"inLanguage":"es","potentialAction":[{"@type":"ReadAction","target":["https:\/\/www.noticiasradioreflejos.com.ar\/2021\/no-al-peaje-en-rutas-provinciales-de-rio-negro-y-no-a-la-provincializacion-de-rutas-nacionales\/"]}]},{"@type":"ImageObject","inLanguage":"es","@id":"https:\/\/www.noticiasradioreflejos.com.ar\/2021\/no-al-peaje-en-rutas-provinciales-de-rio-negro-y-no-a-la-provincializacion-de-rutas-nacionales\/#primaryimage","url":"https:\/\/live.staticflickr.com\/65535\/53743390194_a427410c31_c.jpg","contentUrl":"https:\/\/live.staticflickr.com\/65535\/53743390194_a427410c31_c.jpg"},{"@type":"BreadcrumbList","@id":"https:\/\/www.noticiasradioreflejos.com.ar\/2021\/no-al-peaje-en-rutas-provinciales-de-rio-negro-y-no-a-la-provincializacion-de-rutas-nacionales\/#breadcrumb","itemListElement":[{"@type":"ListItem","position":1,"name":"Portada","item":"https:\/\/www.noticiasradioreflejos.com.ar\/2021\/"},{"@type":"ListItem","position":2,"name":"No al peaje en Rutas provinciales de R\u00edo Negro y no a la provincializaci\u00f3n de Rutas Nacionales"}]},{"@type":"WebSite","@id":"https:\/\/www.noticiasradioreflejos.com.ar\/2021\/#website","url":"https:\/\/www.noticiasradioreflejos.com.ar\/2021\/","name":"Noticias Radio Reflejos","description":"Las noticias de mi comarca","potentialAction":[{"@type":"SearchAction","target":{"@type":"EntryPoint","urlTemplate":"https:\/\/www.noticiasradioreflejos.com.ar\/2021\/?s={search_term_string}"},"query-input":{"@type":"PropertyValueSpecification","valueRequired":true,"valueName":"search_term_string"}}],"inLanguage":"es"},{"@type":"Person","@id":"https:\/\/www.noticiasradioreflejos.com.ar\/2021\/#\/schema\/person\/ad82545263dcc5ec0996818884fd5fb1","name":"Arnaldo Botto","image":{"@type":"ImageObject","inLanguage":"es","@id":"https:\/\/www.noticiasradioreflejos.com.ar\/2021\/#\/schema\/person\/image\/","url":"https:\/\/secure.gravatar.com\/avatar\/55cb5e37c1efa326397366e6974cb338056df65cb50e7d64d1cf314e87504837?s=96&d=mm&r=g","contentUrl":"https:\/\/secure.gravatar.com\/avatar\/55cb5e37c1efa326397366e6974cb338056df65cb50e7d64d1cf314e87504837?s=96&d=mm&r=g","caption":"Arnaldo Botto"},"url":"https:\/\/www.noticiasradioreflejos.com.ar\/2021\/author\/arnaldo\/"}]}},"_links":{"self":[{"href":"https:\/\/www.noticiasradioreflejos.com.ar\/2021\/wp-json\/wp\/v2\/posts\/103067","targetHints":{"allow":["GET"]}}],"collection":[{"href":"https:\/\/www.noticiasradioreflejos.com.ar\/2021\/wp-json\/wp\/v2\/posts"}],"about":[{"href":"https:\/\/www.noticiasradioreflejos.com.ar\/2021\/wp-json\/wp\/v2\/types\/post"}],"author":[{"embeddable":true,"href":"https:\/\/www.noticiasradioreflejos.com.ar\/2021\/wp-json\/wp\/v2\/users\/3"}],"replies":[{"embeddable":true,"href":"https:\/\/www.noticiasradioreflejos.com.ar\/2021\/wp-json\/wp\/v2\/comments?post=103067"}],"version-history":[{"count":3,"href":"https:\/\/www.noticiasradioreflejos.com.ar\/2021\/wp-json\/wp\/v2\/posts\/103067\/revisions"}],"predecessor-version":[{"id":103071,"href":"https:\/\/www.noticiasradioreflejos.com.ar\/2021\/wp-json\/wp\/v2\/posts\/103067\/revisions\/103071"}],"wp:attachment":[{"href":"https:\/\/www.noticiasradioreflejos.com.ar\/2021\/wp-json\/wp\/v2\/media?parent=103067"}],"wp:term":[{"taxonomy":"category","embeddable":true,"href":"https:\/\/www.noticiasradioreflejos.com.ar\/2021\/wp-json\/wp\/v2\/categories?post=103067"},{"taxonomy":"post_tag","embeddable":true,"href":"https:\/\/www.noticiasradioreflejos.com.ar\/2021\/wp-json\/wp\/v2\/tags?post=103067"}],"curies":[{"name":"wp","href":"https:\/\/api.w.org\/{rel}","templated":true}]}}