{"id":103036,"date":"2024-05-23T13:45:41","date_gmt":"2024-05-23T16:45:41","guid":{"rendered":"https:\/\/www.noticiasradioreflejos.com.ar\/2021\/?p=103036"},"modified":"2024-05-23T13:45:41","modified_gmt":"2024-05-23T16:45:41","slug":"tornquist-fue-sede-de-una-capacitacion-sobre-criterios-de-manejo-y-poda-en-bosques-urbanos","status":"publish","type":"post","link":"https:\/\/www.noticiasradioreflejos.com.ar\/2021\/tornquist-fue-sede-de-una-capacitacion-sobre-criterios-de-manejo-y-poda-en-bosques-urbanos\/","title":{"rendered":"Tornquist fue sede de una capacitaci\u00f3n sobre criterios de manejo y poda en bosques urbanos"},"content":{"rendered":"<p>Este martes en el Aula Ambiental del Parque Ambiental de Tornquist, se llev\u00f3 adelante la capacitaci\u00f3n \u2018Intervenciones sobre Bosques Urbanos: Criterios de manejo y poda\u2019, a cargo del Ministerio de Desarrollo Agrario de la Provincia de Buenos Aires.<!--more--><\/p>\n<p>La jornada regional fue dictada por el Ing. Claudio Iribarren y cont\u00f3 con la participaci\u00f3n de responsables de gesti\u00f3n de arbolado municipal, cuadrillas de poda y de viveros municipales de distritos de Puan, Coronel Su\u00e1rez, Coronel Rosales, Coronel Pr\u00edngles y Tornquist.<\/p>\n<p>Se abordaron temas tales como marco legal, gesti\u00f3n y manejo del arbolado urbano; en qu\u00e9 casos hay que podar y cu\u00e1ndo; y se intercambiaron experiencias entre los municipios presentes.<\/p>\n","protected":false},"excerpt":{"rendered":"<p>Este martes en el Aula Ambiental del Parque Ambiental de Tornquist, se llev\u00f3 adelante la capacitaci\u00f3n \u2018Intervenciones sobre Bosques Urbanos: Criterios de manejo y poda\u2019, a cargo del Ministerio de Desarrollo Agrario de la Provincia de Buenos Aires.<\/p>\n","protected":false},"author":3,"featured_media":0,"comment_status":"closed","ping_status":"closed","sticky":false,"template":"","format":"standard","meta":{"footnotes":""},"categories":[28],"tags":[],"class_list":["post-103036","post","type-post","status-publish","format-standard","hentry","category-municipales"],"yoast_head":"<!-- This site is optimized with the Yoast SEO plugin v25.9 - https:\/\/yoast.com\/wordpress\/plugins\/seo\/ -->\n<title>Tornquist fue sede de una capacitaci\u00f3n sobre criterios de manejo y poda en bosques urbanos - Noticias Radio Reflejos<\/title>\n<meta name=\"robots\" content=\"index, follow, max-snippet:-1, max-image-preview:large, max-video-preview:-1\" \/>\n<link rel=\"canonical\" href=\"https:\/\/www.noticiasradioreflejos.com.ar\/2021\/tornquist-fue-sede-de-una-capacitacion-sobre-criterios-de-manejo-y-poda-en-bosques-urbanos\/\" \/>\n<meta property=\"og:locale\" content=\"es_ES\" \/>\n<meta property=\"og:type\" content=\"article\" \/>\n<meta property=\"og:title\" content=\"Tornquist fue sede de una capacitaci\u00f3n sobre criterios de manejo y poda en bosques urbanos - Noticias Radio Reflejos\" \/>\n<meta property=\"og:description\" content=\"Este martes en el Aula Ambiental del Parque Ambiental de Tornquist, se llev\u00f3 adelante la capacitaci\u00f3n \u2018Intervenciones sobre Bosques Urbanos: Criterios de manejo y poda\u2019, a cargo del Ministerio de Desarrollo Agrario de la Provincia de Buenos Aires.\" \/>\n<meta property=\"og:url\" content=\"https:\/\/www.noticiasradioreflejos.com.ar\/2021\/tornquist-fue-sede-de-una-capacitacion-sobre-criterios-de-manejo-y-poda-en-bosques-urbanos\/\" \/>\n<meta property=\"og:site_name\" content=\"Noticias Radio Reflejos\" \/>\n<meta property=\"article:published_time\" content=\"2024-05-23T16:45:41+00:00\" \/>\n<meta property=\"og:image\" content=\"https:\/\/www.noticiasradioreflejos.com.ar\/2021\/wp-content\/uploads\/2021\/07\/logosol300x200.png\" \/>\n\t<meta property=\"og:image:width\" content=\"300\" \/>\n\t<meta property=\"og:image:height\" content=\"200\" \/>\n\t<meta property=\"og:image:type\" content=\"image\/png\" \/>\n<meta name=\"author\" content=\"Arnaldo Botto\" \/>\n<meta name=\"twitter:card\" content=\"summary_large_image\" \/>\n<script type=\"application\/ld+json\" class=\"yoast-schema-graph\">{\"@context\":\"https:\/\/schema.org\",\"@graph\":[{\"@type\":\"WebPage\",\"@id\":\"https:\/\/www.noticiasradioreflejos.com.ar\/2021\/tornquist-fue-sede-de-una-capacitacion-sobre-criterios-de-manejo-y-poda-en-bosques-urbanos\/\",\"url\":\"https:\/\/www.noticiasradioreflejos.com.ar\/2021\/tornquist-fue-sede-de-una-capacitacion-sobre-criterios-de-manejo-y-poda-en-bosques-urbanos\/\",\"name\":\"Tornquist fue sede de una capacitaci\u00f3n sobre criterios de manejo y poda en bosques urbanos - Noticias Radio Reflejos\",\"isPartOf\":{\"@id\":\"https:\/\/www.noticiasradioreflejos.com.ar\/2021\/#website\"},\"datePublished\":\"2024-05-23T16:45:41+00:00\",\"author\":{\"@id\":\"https:\/\/www.noticiasradioreflejos.com.ar\/2021\/#\/schema\/person\/ad82545263dcc5ec0996818884fd5fb1\"},\"breadcrumb\":{\"@id\":\"https:\/\/www.noticiasradioreflejos.com.ar\/2021\/tornquist-fue-sede-de-una-capacitacion-sobre-criterios-de-manejo-y-poda-en-bosques-urbanos\/#breadcrumb\"},\"inLanguage\":\"es\",\"potentialAction\":[{\"@type\":\"ReadAction\",\"target\":[\"https:\/\/www.noticiasradioreflejos.com.ar\/2021\/tornquist-fue-sede-de-una-capacitacion-sobre-criterios-de-manejo-y-poda-en-bosques-urbanos\/\"]}]},{\"@type\":\"BreadcrumbList\",\"@id\":\"https:\/\/www.noticiasradioreflejos.com.ar\/2021\/tornquist-fue-sede-de-una-capacitacion-sobre-criterios-de-manejo-y-poda-en-bosques-urbanos\/#breadcrumb\",\"itemListElement\":[{\"@type\":\"ListItem\",\"position\":1,\"name\":\"Portada\",\"item\":\"https:\/\/www.noticiasradioreflejos.com.ar\/2021\/\"},{\"@type\":\"ListItem\",\"position\":2,\"name\":\"Tornquist fue sede de una capacitaci\u00f3n sobre criterios de manejo y poda en bosques urbanos\"}]},{\"@type\":\"WebSite\",\"@id\":\"https:\/\/www.noticiasradioreflejos.com.ar\/2021\/#website\",\"url\":\"https:\/\/www.noticiasradioreflejos.com.ar\/2021\/\",\"name\":\"Noticias Radio Reflejos\",\"description\":\"Las noticias de mi comarca\",\"potentialAction\":[{\"@type\":\"SearchAction\",\"target\":{\"@type\":\"EntryPoint\",\"urlTemplate\":\"https:\/\/www.noticiasradioreflejos.com.ar\/2021\/?s={search_term_string}\"},\"query-input\":{\"@type\":\"PropertyValueSpecification\",\"valueRequired\":true,\"valueName\":\"search_term_string\"}}],\"inLanguage\":\"es\"},{\"@type\":\"Person\",\"@id\":\"https:\/\/www.noticiasradioreflejos.com.ar\/2021\/#\/schema\/person\/ad82545263dcc5ec0996818884fd5fb1\",\"name\":\"Arnaldo Botto\",\"image\":{\"@type\":\"ImageObject\",\"inLanguage\":\"es\",\"@id\":\"https:\/\/www.noticiasradioreflejos.com.ar\/2021\/#\/schema\/person\/image\/\",\"url\":\"https:\/\/secure.gravatar.com\/avatar\/55cb5e37c1efa326397366e6974cb338056df65cb50e7d64d1cf314e87504837?s=96&d=mm&r=g\",\"contentUrl\":\"https:\/\/secure.gravatar.com\/avatar\/55cb5e37c1efa326397366e6974cb338056df65cb50e7d64d1cf314e87504837?s=96&d=mm&r=g\",\"caption\":\"Arnaldo Botto\"},\"url\":\"https:\/\/www.noticiasradioreflejos.com.ar\/2021\/author\/arnaldo\/\"}]}<\/script>\n<!-- \/ Yoast SEO plugin. -->","yoast_head_json":{"title":"Tornquist fue sede de una capacitaci\u00f3n sobre criterios de manejo y poda en bosques urbanos - Noticias Radio Reflejos","robots":{"index":"index","follow":"follow","max-snippet":"max-snippet:-1","max-image-preview":"max-image-preview:large","max-video-preview":"max-video-preview:-1"},"canonical":"https:\/\/www.noticiasradioreflejos.com.ar\/2021\/tornquist-fue-sede-de-una-capacitacion-sobre-criterios-de-manejo-y-poda-en-bosques-urbanos\/","og_locale":"es_ES","og_type":"article","og_title":"Tornquist fue sede de una capacitaci\u00f3n sobre criterios de manejo y poda en bosques urbanos - Noticias Radio Reflejos","og_description":"Este martes en el Aula Ambiental del Parque Ambiental de Tornquist, se llev\u00f3 adelante la capacitaci\u00f3n \u2018Intervenciones sobre Bosques Urbanos: Criterios de manejo y poda\u2019, a cargo del Ministerio de Desarrollo Agrario de la Provincia de Buenos Aires.","og_url":"https:\/\/www.noticiasradioreflejos.com.ar\/2021\/tornquist-fue-sede-de-una-capacitacion-sobre-criterios-de-manejo-y-poda-en-bosques-urbanos\/","og_site_name":"Noticias Radio Reflejos","article_published_time":"2024-05-23T16:45:41+00:00","og_image":[{"width":300,"height":200,"url":"https:\/\/www.noticiasradioreflejos.com.ar\/2021\/wp-content\/uploads\/2021\/07\/logosol300x200.png","type":"image\/png"}],"author":"Arnaldo Botto","twitter_card":"summary_large_image","schema":{"@context":"https:\/\/schema.org","@graph":[{"@type":"WebPage","@id":"https:\/\/www.noticiasradioreflejos.com.ar\/2021\/tornquist-fue-sede-de-una-capacitacion-sobre-criterios-de-manejo-y-poda-en-bosques-urbanos\/","url":"https:\/\/www.noticiasradioreflejos.com.ar\/2021\/tornquist-fue-sede-de-una-capacitacion-sobre-criterios-de-manejo-y-poda-en-bosques-urbanos\/","name":"Tornquist fue sede de una capacitaci\u00f3n sobre criterios de manejo y poda en bosques urbanos - Noticias Radio Reflejos","isPartOf":{"@id":"https:\/\/www.noticiasradioreflejos.com.ar\/2021\/#website"},"datePublished":"2024-05-23T16:45:41+00:00","author":{"@id":"https:\/\/www.noticiasradioreflejos.com.ar\/2021\/#\/schema\/person\/ad82545263dcc5ec0996818884fd5fb1"},"breadcrumb":{"@id":"https:\/\/www.noticiasradioreflejos.com.ar\/2021\/tornquist-fue-sede-de-una-capacitacion-sobre-criterios-de-manejo-y-poda-en-bosques-urbanos\/#breadcrumb"},"inLanguage":"es","potentialAction":[{"@type":"ReadAction","target":["https:\/\/www.noticiasradioreflejos.com.ar\/2021\/tornquist-fue-sede-de-una-capacitacion-sobre-criterios-de-manejo-y-poda-en-bosques-urbanos\/"]}]},{"@type":"BreadcrumbList","@id":"https:\/\/www.noticiasradioreflejos.com.ar\/2021\/tornquist-fue-sede-de-una-capacitacion-sobre-criterios-de-manejo-y-poda-en-bosques-urbanos\/#breadcrumb","itemListElement":[{"@type":"ListItem","position":1,"name":"Portada","item":"https:\/\/www.noticiasradioreflejos.com.ar\/2021\/"},{"@type":"ListItem","position":2,"name":"Tornquist fue sede de una capacitaci\u00f3n sobre criterios de manejo y poda en bosques urbanos"}]},{"@type":"WebSite","@id":"https:\/\/www.noticiasradioreflejos.com.ar\/2021\/#website","url":"https:\/\/www.noticiasradioreflejos.com.ar\/2021\/","name":"Noticias Radio Reflejos","description":"Las noticias de mi comarca","potentialAction":[{"@type":"SearchAction","target":{"@type":"EntryPoint","urlTemplate":"https:\/\/www.noticiasradioreflejos.com.ar\/2021\/?s={search_term_string}"},"query-input":{"@type":"PropertyValueSpecification","valueRequired":true,"valueName":"search_term_string"}}],"inLanguage":"es"},{"@type":"Person","@id":"https:\/\/www.noticiasradioreflejos.com.ar\/2021\/#\/schema\/person\/ad82545263dcc5ec0996818884fd5fb1","name":"Arnaldo Botto","image":{"@type":"ImageObject","inLanguage":"es","@id":"https:\/\/www.noticiasradioreflejos.com.ar\/2021\/#\/schema\/person\/image\/","url":"https:\/\/secure.gravatar.com\/avatar\/55cb5e37c1efa326397366e6974cb338056df65cb50e7d64d1cf314e87504837?s=96&d=mm&r=g","contentUrl":"https:\/\/secure.gravatar.com\/avatar\/55cb5e37c1efa326397366e6974cb338056df65cb50e7d64d1cf314e87504837?s=96&d=mm&r=g","caption":"Arnaldo Botto"},"url":"https:\/\/www.noticiasradioreflejos.com.ar\/2021\/author\/arnaldo\/"}]}},"_links":{"self":[{"href":"https:\/\/www.noticiasradioreflejos.com.ar\/2021\/wp-json\/wp\/v2\/posts\/103036","targetHints":{"allow":["GET"]}}],"collection":[{"href":"https:\/\/www.noticiasradioreflejos.com.ar\/2021\/wp-json\/wp\/v2\/posts"}],"about":[{"href":"https:\/\/www.noticiasradioreflejos.com.ar\/2021\/wp-json\/wp\/v2\/types\/post"}],"author":[{"embeddable":true,"href":"https:\/\/www.noticiasradioreflejos.com.ar\/2021\/wp-json\/wp\/v2\/users\/3"}],"replies":[{"embeddable":true,"href":"https:\/\/www.noticiasradioreflejos.com.ar\/2021\/wp-json\/wp\/v2\/comments?post=103036"}],"version-history":[{"count":1,"href":"https:\/\/www.noticiasradioreflejos.com.ar\/2021\/wp-json\/wp\/v2\/posts\/103036\/revisions"}],"predecessor-version":[{"id":103038,"href":"https:\/\/www.noticiasradioreflejos.com.ar\/2021\/wp-json\/wp\/v2\/posts\/103036\/revisions\/103038"}],"wp:attachment":[{"href":"https:\/\/www.noticiasradioreflejos.com.ar\/2021\/wp-json\/wp\/v2\/media?parent=103036"}],"wp:term":[{"taxonomy":"category","embeddable":true,"href":"https:\/\/www.noticiasradioreflejos.com.ar\/2021\/wp-json\/wp\/v2\/categories?post=103036"},{"taxonomy":"post_tag","embeddable":true,"href":"https:\/\/www.noticiasradioreflejos.com.ar\/2021\/wp-json\/wp\/v2\/tags?post=103036"}],"curies":[{"name":"wp","href":"https:\/\/api.w.org\/{rel}","templated":true}]}}