{"id":102996,"date":"2024-05-22T20:17:45","date_gmt":"2024-05-22T23:17:45","guid":{"rendered":"https:\/\/www.noticiasradioreflejos.com.ar\/2021\/?p=102996"},"modified":"2024-05-22T20:17:45","modified_gmt":"2024-05-22T23:17:45","slug":"la-recesion-se-profundiza-en-marzo-la-actividad-economica-cayo-84","status":"publish","type":"post","link":"https:\/\/www.noticiasradioreflejos.com.ar\/2021\/la-recesion-se-profundiza-en-marzo-la-actividad-economica-cayo-84\/","title":{"rendered":"La recesi\u00f3n se profundiza: en marzo la actividad econ\u00f3mica cay\u00f3 8,4%"},"content":{"rendered":"<header class=\"article-header\" data-tadevel-template=\"web\/article-header\">\n<p class=\"article-deck\">Los datos del INDEC reflejan la magnitud de la ca\u00edda. Cu\u00e1les son los sectores m\u00e1s afectados.<\/p>\n<\/header>\n<p><!--more--><\/p>\n<div class=\"columns\" data-tadevel-template=\"web\/article-columns\">\n<div class=\"column-main\">\n<div class=\"article-body\" data-tadevel-template=\"web\/article-body\">\n<div class=\"article-body-content\">\n<p>La recesi\u00f3n se profundiz\u00f3 en la primera parte del a\u00f1o y ya se cumplen ocho meses de ca\u00edda ininterrumpida.<\/p>\n<p>En marzo, el\u00a0<strong>Estimador mensual de actividad econ\u00f3mica (EMAE)<\/strong>\u00a0registr\u00f3 una ca\u00edda de 8,4% en la comparaci\u00f3n interanual y de 1,4% respecto de febrero en la medici\u00f3n desestacionalizada.<\/p>\n<p>Con relaci\u00f3n a igual mes de 2023, seis sectores de actividad que conforman el EMAE registraron subas en marzo, entre los que se destacan Agricultura, ganader\u00eda, caza y silvicultura (+14,1% ia) y Explotaci\u00f3n de minas y canteras (5,9% ia).<\/p>\n<p>El sector Agricultura, ganader\u00eda, caza y silvicultura (+14,1% ia) fue, a su vez, el de mayor incidencia positiva en la variaci\u00f3n interanual del EMAE, seguido por Explotaci\u00f3n de minas y canteras (+5,9% ia).<\/p>\n<p>Por su parte, nueve sectores de actividad registraron ca\u00eddas en la comparaci\u00f3n interanual, entre los que se destacan Construcci\u00f3n (-29,9%) e Industria manufacturera (-19,6%.<\/p>\n<p>Junto con Comercio mayorista, minorista y reparaciones (-16,7% ia) aportan 6,6 puntos porcentuales a la ca\u00edda interanual del EMAE.<\/p>\n<p><strong>Lautaro Moschet, economista de la Fundaci\u00f3n Libertad\u00a0y\u00a0Progreso<\/strong>, dijo que la ca\u00edda del EMAE era un dato que se encontraba dentro de lo esperado.<\/p>\n<p>Diversos indicadores sectoriales ya hab\u00edan adelantado el mal desempe\u00f1o de la econom\u00eda en ese mes y culmin\u00f3 el primer trimestre del a\u00f1o con una ca\u00edda promedio del 3%.<\/p>\n<p>\u201cEntre marzo y abril esperamos que la ca\u00edda encuentre su piso, aunque los an\u00e1lisis sectoriales del cuarto mes del a\u00f1o son mixtos, a\u00fan no queda claro cu\u00e1l fue el resultado neto\u201d, se\u00f1al\u00f3.<\/p>\n<p>Moschet sostuvo que la econom\u00eda comenz\u00f3 a caer en septiembre del a\u00f1o pasado y lleva acumulada una baja de 6,1%, de los cuales 4,4 puntos porcentuales tuvieron lugar en el \u00faltimo trimestre del 2023 y la ca\u00edda restante (-1,7p.p.) fue propia del primer trimestre del 2024.<\/p>\n<p>\u201cLa velocidad de la recuperaci\u00f3n estar\u00e1 relacionada con varios factores a tener en cuenta. En primer lugar, la salida del cepo y su consecuente incentivo de inversi\u00f3n en Argentina y, en segundo lugar, la credibilidad en la estabilidad macroecon\u00f3mica\u201d, se\u00f1al\u00f3.<\/p>\n<p>Moschet destac\u00f3 que en la \u00faltima semana hubo un \u201cgran avance en el \u201csaneamiento\u201d del balance del Banco Central, el cual permiti\u00f3 que el stock de pases baje sustancialmente en pos de mayor deuda del Tesoro\u201d.<br \/>\n<a title=\"recesi\u00f3n marzo 2024\" href=\"https:\/\/www.flickr.com\/photos\/182279889@N02\/53740000776\/in\/dateposted-public\/\" data-flickr-embed=\"true\"><img loading=\"lazy\" decoding=\"async\" src=\"https:\/\/live.staticflickr.com\/65535\/53740000776_3ba159d50d_c.jpg\" alt=\"recesi\u00f3n marzo 2024\" width=\"726\" height=\"720\" \/><\/a><\/p>\n<p>Dijo que, para lograr el segundo objetivo, \u201cser\u00e1 fundamental que se destrabe la Ley Bases en el Congreso, dado su contenido que solidifique el cambio de rumbo de la econom\u00eda argentina\u201d.<\/p>\n<\/div>\n<\/div>\n<\/div>\n<\/div>\n","protected":false},"excerpt":{"rendered":"<p>Los datos del INDEC reflejan la magnitud de la ca\u00edda. Cu\u00e1les son los sectores m\u00e1s afectados.<\/p>\n","protected":false},"author":3,"featured_media":102997,"comment_status":"closed","ping_status":"closed","sticky":false,"template":"","format":"standard","meta":{"footnotes":""},"categories":[36],"tags":[],"class_list":["post-102996","post","type-post","status-publish","format-standard","has-post-thumbnail","hentry","category-economia"],"yoast_head":"<!-- This site is optimized with the Yoast SEO plugin v25.9 - https:\/\/yoast.com\/wordpress\/plugins\/seo\/ -->\n<title>La recesi\u00f3n se profundiza: en marzo la actividad econ\u00f3mica cay\u00f3 8,4% - Noticias Radio Reflejos<\/title>\n<meta name=\"robots\" content=\"index, follow, max-snippet:-1, max-image-preview:large, max-video-preview:-1\" \/>\n<link rel=\"canonical\" href=\"https:\/\/www.noticiasradioreflejos.com.ar\/2021\/la-recesion-se-profundiza-en-marzo-la-actividad-economica-cayo-84\/\" \/>\n<meta property=\"og:locale\" content=\"es_ES\" \/>\n<meta property=\"og:type\" content=\"article\" \/>\n<meta property=\"og:title\" content=\"La recesi\u00f3n se profundiza: en marzo la actividad econ\u00f3mica cay\u00f3 8,4% - Noticias Radio Reflejos\" \/>\n<meta property=\"og:description\" content=\"Los datos del INDEC reflejan la magnitud de la ca\u00edda. Cu\u00e1les son los sectores m\u00e1s afectados.\" \/>\n<meta property=\"og:url\" content=\"https:\/\/www.noticiasradioreflejos.com.ar\/2021\/la-recesion-se-profundiza-en-marzo-la-actividad-economica-cayo-84\/\" \/>\n<meta property=\"og:site_name\" content=\"Noticias Radio Reflejos\" \/>\n<meta property=\"article:published_time\" content=\"2024-05-22T23:17:45+00:00\" \/>\n<meta property=\"og:image\" content=\"https:\/\/www.noticiasradioreflejos.com.ar\/2021\/wp-content\/uploads\/2024\/05\/resecion.jpg\" \/>\n\t<meta property=\"og:image:width\" content=\"640\" \/>\n\t<meta property=\"og:image:height\" content=\"320\" \/>\n\t<meta property=\"og:image:type\" content=\"image\/jpeg\" \/>\n<meta name=\"author\" content=\"Arnaldo Botto\" \/>\n<meta name=\"twitter:card\" content=\"summary_large_image\" \/>\n<script type=\"application\/ld+json\" class=\"yoast-schema-graph\">{\"@context\":\"https:\/\/schema.org\",\"@graph\":[{\"@type\":\"WebPage\",\"@id\":\"https:\/\/www.noticiasradioreflejos.com.ar\/2021\/la-recesion-se-profundiza-en-marzo-la-actividad-economica-cayo-84\/\",\"url\":\"https:\/\/www.noticiasradioreflejos.com.ar\/2021\/la-recesion-se-profundiza-en-marzo-la-actividad-economica-cayo-84\/\",\"name\":\"La recesi\u00f3n se profundiza: en marzo la actividad econ\u00f3mica cay\u00f3 8,4% - Noticias Radio Reflejos\",\"isPartOf\":{\"@id\":\"https:\/\/www.noticiasradioreflejos.com.ar\/2021\/#website\"},\"primaryImageOfPage\":{\"@id\":\"https:\/\/www.noticiasradioreflejos.com.ar\/2021\/la-recesion-se-profundiza-en-marzo-la-actividad-economica-cayo-84\/#primaryimage\"},\"image\":{\"@id\":\"https:\/\/www.noticiasradioreflejos.com.ar\/2021\/la-recesion-se-profundiza-en-marzo-la-actividad-economica-cayo-84\/#primaryimage\"},\"thumbnailUrl\":\"https:\/\/www.noticiasradioreflejos.com.ar\/2021\/wp-content\/uploads\/2024\/05\/resecion.jpg\",\"datePublished\":\"2024-05-22T23:17:45+00:00\",\"author\":{\"@id\":\"https:\/\/www.noticiasradioreflejos.com.ar\/2021\/#\/schema\/person\/ad82545263dcc5ec0996818884fd5fb1\"},\"breadcrumb\":{\"@id\":\"https:\/\/www.noticiasradioreflejos.com.ar\/2021\/la-recesion-se-profundiza-en-marzo-la-actividad-economica-cayo-84\/#breadcrumb\"},\"inLanguage\":\"es\",\"potentialAction\":[{\"@type\":\"ReadAction\",\"target\":[\"https:\/\/www.noticiasradioreflejos.com.ar\/2021\/la-recesion-se-profundiza-en-marzo-la-actividad-economica-cayo-84\/\"]}]},{\"@type\":\"ImageObject\",\"inLanguage\":\"es\",\"@id\":\"https:\/\/www.noticiasradioreflejos.com.ar\/2021\/la-recesion-se-profundiza-en-marzo-la-actividad-economica-cayo-84\/#primaryimage\",\"url\":\"https:\/\/www.noticiasradioreflejos.com.ar\/2021\/wp-content\/uploads\/2024\/05\/resecion.jpg\",\"contentUrl\":\"https:\/\/www.noticiasradioreflejos.com.ar\/2021\/wp-content\/uploads\/2024\/05\/resecion.jpg\",\"width\":640,\"height\":320},{\"@type\":\"BreadcrumbList\",\"@id\":\"https:\/\/www.noticiasradioreflejos.com.ar\/2021\/la-recesion-se-profundiza-en-marzo-la-actividad-economica-cayo-84\/#breadcrumb\",\"itemListElement\":[{\"@type\":\"ListItem\",\"position\":1,\"name\":\"Portada\",\"item\":\"https:\/\/www.noticiasradioreflejos.com.ar\/2021\/\"},{\"@type\":\"ListItem\",\"position\":2,\"name\":\"La recesi\u00f3n se profundiza: en marzo la actividad econ\u00f3mica cay\u00f3 8,4%\"}]},{\"@type\":\"WebSite\",\"@id\":\"https:\/\/www.noticiasradioreflejos.com.ar\/2021\/#website\",\"url\":\"https:\/\/www.noticiasradioreflejos.com.ar\/2021\/\",\"name\":\"Noticias Radio Reflejos\",\"description\":\"Las noticias de mi comarca\",\"potentialAction\":[{\"@type\":\"SearchAction\",\"target\":{\"@type\":\"EntryPoint\",\"urlTemplate\":\"https:\/\/www.noticiasradioreflejos.com.ar\/2021\/?s={search_term_string}\"},\"query-input\":{\"@type\":\"PropertyValueSpecification\",\"valueRequired\":true,\"valueName\":\"search_term_string\"}}],\"inLanguage\":\"es\"},{\"@type\":\"Person\",\"@id\":\"https:\/\/www.noticiasradioreflejos.com.ar\/2021\/#\/schema\/person\/ad82545263dcc5ec0996818884fd5fb1\",\"name\":\"Arnaldo Botto\",\"image\":{\"@type\":\"ImageObject\",\"inLanguage\":\"es\",\"@id\":\"https:\/\/www.noticiasradioreflejos.com.ar\/2021\/#\/schema\/person\/image\/\",\"url\":\"https:\/\/secure.gravatar.com\/avatar\/55cb5e37c1efa326397366e6974cb338056df65cb50e7d64d1cf314e87504837?s=96&d=mm&r=g\",\"contentUrl\":\"https:\/\/secure.gravatar.com\/avatar\/55cb5e37c1efa326397366e6974cb338056df65cb50e7d64d1cf314e87504837?s=96&d=mm&r=g\",\"caption\":\"Arnaldo Botto\"},\"url\":\"https:\/\/www.noticiasradioreflejos.com.ar\/2021\/author\/arnaldo\/\"}]}<\/script>\n<!-- \/ Yoast SEO plugin. -->","yoast_head_json":{"title":"La recesi\u00f3n se profundiza: en marzo la actividad econ\u00f3mica cay\u00f3 8,4% - Noticias Radio Reflejos","robots":{"index":"index","follow":"follow","max-snippet":"max-snippet:-1","max-image-preview":"max-image-preview:large","max-video-preview":"max-video-preview:-1"},"canonical":"https:\/\/www.noticiasradioreflejos.com.ar\/2021\/la-recesion-se-profundiza-en-marzo-la-actividad-economica-cayo-84\/","og_locale":"es_ES","og_type":"article","og_title":"La recesi\u00f3n se profundiza: en marzo la actividad econ\u00f3mica cay\u00f3 8,4% - Noticias Radio Reflejos","og_description":"Los datos del INDEC reflejan la magnitud de la ca\u00edda. Cu\u00e1les son los sectores m\u00e1s afectados.","og_url":"https:\/\/www.noticiasradioreflejos.com.ar\/2021\/la-recesion-se-profundiza-en-marzo-la-actividad-economica-cayo-84\/","og_site_name":"Noticias Radio Reflejos","article_published_time":"2024-05-22T23:17:45+00:00","og_image":[{"width":640,"height":320,"url":"https:\/\/www.noticiasradioreflejos.com.ar\/2021\/wp-content\/uploads\/2024\/05\/resecion.jpg","type":"image\/jpeg"}],"author":"Arnaldo Botto","twitter_card":"summary_large_image","schema":{"@context":"https:\/\/schema.org","@graph":[{"@type":"WebPage","@id":"https:\/\/www.noticiasradioreflejos.com.ar\/2021\/la-recesion-se-profundiza-en-marzo-la-actividad-economica-cayo-84\/","url":"https:\/\/www.noticiasradioreflejos.com.ar\/2021\/la-recesion-se-profundiza-en-marzo-la-actividad-economica-cayo-84\/","name":"La recesi\u00f3n se profundiza: en marzo la actividad econ\u00f3mica cay\u00f3 8,4% - Noticias Radio Reflejos","isPartOf":{"@id":"https:\/\/www.noticiasradioreflejos.com.ar\/2021\/#website"},"primaryImageOfPage":{"@id":"https:\/\/www.noticiasradioreflejos.com.ar\/2021\/la-recesion-se-profundiza-en-marzo-la-actividad-economica-cayo-84\/#primaryimage"},"image":{"@id":"https:\/\/www.noticiasradioreflejos.com.ar\/2021\/la-recesion-se-profundiza-en-marzo-la-actividad-economica-cayo-84\/#primaryimage"},"thumbnailUrl":"https:\/\/www.noticiasradioreflejos.com.ar\/2021\/wp-content\/uploads\/2024\/05\/resecion.jpg","datePublished":"2024-05-22T23:17:45+00:00","author":{"@id":"https:\/\/www.noticiasradioreflejos.com.ar\/2021\/#\/schema\/person\/ad82545263dcc5ec0996818884fd5fb1"},"breadcrumb":{"@id":"https:\/\/www.noticiasradioreflejos.com.ar\/2021\/la-recesion-se-profundiza-en-marzo-la-actividad-economica-cayo-84\/#breadcrumb"},"inLanguage":"es","potentialAction":[{"@type":"ReadAction","target":["https:\/\/www.noticiasradioreflejos.com.ar\/2021\/la-recesion-se-profundiza-en-marzo-la-actividad-economica-cayo-84\/"]}]},{"@type":"ImageObject","inLanguage":"es","@id":"https:\/\/www.noticiasradioreflejos.com.ar\/2021\/la-recesion-se-profundiza-en-marzo-la-actividad-economica-cayo-84\/#primaryimage","url":"https:\/\/www.noticiasradioreflejos.com.ar\/2021\/wp-content\/uploads\/2024\/05\/resecion.jpg","contentUrl":"https:\/\/www.noticiasradioreflejos.com.ar\/2021\/wp-content\/uploads\/2024\/05\/resecion.jpg","width":640,"height":320},{"@type":"BreadcrumbList","@id":"https:\/\/www.noticiasradioreflejos.com.ar\/2021\/la-recesion-se-profundiza-en-marzo-la-actividad-economica-cayo-84\/#breadcrumb","itemListElement":[{"@type":"ListItem","position":1,"name":"Portada","item":"https:\/\/www.noticiasradioreflejos.com.ar\/2021\/"},{"@type":"ListItem","position":2,"name":"La recesi\u00f3n se profundiza: en marzo la actividad econ\u00f3mica cay\u00f3 8,4%"}]},{"@type":"WebSite","@id":"https:\/\/www.noticiasradioreflejos.com.ar\/2021\/#website","url":"https:\/\/www.noticiasradioreflejos.com.ar\/2021\/","name":"Noticias Radio Reflejos","description":"Las noticias de mi comarca","potentialAction":[{"@type":"SearchAction","target":{"@type":"EntryPoint","urlTemplate":"https:\/\/www.noticiasradioreflejos.com.ar\/2021\/?s={search_term_string}"},"query-input":{"@type":"PropertyValueSpecification","valueRequired":true,"valueName":"search_term_string"}}],"inLanguage":"es"},{"@type":"Person","@id":"https:\/\/www.noticiasradioreflejos.com.ar\/2021\/#\/schema\/person\/ad82545263dcc5ec0996818884fd5fb1","name":"Arnaldo Botto","image":{"@type":"ImageObject","inLanguage":"es","@id":"https:\/\/www.noticiasradioreflejos.com.ar\/2021\/#\/schema\/person\/image\/","url":"https:\/\/secure.gravatar.com\/avatar\/55cb5e37c1efa326397366e6974cb338056df65cb50e7d64d1cf314e87504837?s=96&d=mm&r=g","contentUrl":"https:\/\/secure.gravatar.com\/avatar\/55cb5e37c1efa326397366e6974cb338056df65cb50e7d64d1cf314e87504837?s=96&d=mm&r=g","caption":"Arnaldo Botto"},"url":"https:\/\/www.noticiasradioreflejos.com.ar\/2021\/author\/arnaldo\/"}]}},"_links":{"self":[{"href":"https:\/\/www.noticiasradioreflejos.com.ar\/2021\/wp-json\/wp\/v2\/posts\/102996","targetHints":{"allow":["GET"]}}],"collection":[{"href":"https:\/\/www.noticiasradioreflejos.com.ar\/2021\/wp-json\/wp\/v2\/posts"}],"about":[{"href":"https:\/\/www.noticiasradioreflejos.com.ar\/2021\/wp-json\/wp\/v2\/types\/post"}],"author":[{"embeddable":true,"href":"https:\/\/www.noticiasradioreflejos.com.ar\/2021\/wp-json\/wp\/v2\/users\/3"}],"replies":[{"embeddable":true,"href":"https:\/\/www.noticiasradioreflejos.com.ar\/2021\/wp-json\/wp\/v2\/comments?post=102996"}],"version-history":[{"count":1,"href":"https:\/\/www.noticiasradioreflejos.com.ar\/2021\/wp-json\/wp\/v2\/posts\/102996\/revisions"}],"predecessor-version":[{"id":102998,"href":"https:\/\/www.noticiasradioreflejos.com.ar\/2021\/wp-json\/wp\/v2\/posts\/102996\/revisions\/102998"}],"wp:featuredmedia":[{"embeddable":true,"href":"https:\/\/www.noticiasradioreflejos.com.ar\/2021\/wp-json\/wp\/v2\/media\/102997"}],"wp:attachment":[{"href":"https:\/\/www.noticiasradioreflejos.com.ar\/2021\/wp-json\/wp\/v2\/media?parent=102996"}],"wp:term":[{"taxonomy":"category","embeddable":true,"href":"https:\/\/www.noticiasradioreflejos.com.ar\/2021\/wp-json\/wp\/v2\/categories?post=102996"},{"taxonomy":"post_tag","embeddable":true,"href":"https:\/\/www.noticiasradioreflejos.com.ar\/2021\/wp-json\/wp\/v2\/tags?post=102996"}],"curies":[{"name":"wp","href":"https:\/\/api.w.org\/{rel}","templated":true}]}}