{"id":102993,"date":"2024-05-22T20:12:54","date_gmt":"2024-05-22T23:12:54","guid":{"rendered":"https:\/\/www.noticiasradioreflejos.com.ar\/2021\/?p=102993"},"modified":"2024-05-22T20:12:54","modified_gmt":"2024-05-22T23:12:54","slug":"ley-de-bases-en-el-senado-la-extensa-lista-de-modificaciones-opositoras-obligo-al-oficialismo-a-patear-el-dictamen-una-semana-mas","status":"publish","type":"post","link":"https:\/\/www.noticiasradioreflejos.com.ar\/2021\/ley-de-bases-en-el-senado-la-extensa-lista-de-modificaciones-opositoras-obligo-al-oficialismo-a-patear-el-dictamen-una-semana-mas\/","title":{"rendered":"Ley de Bases en el Senado: la extensa lista de modificaciones opositoras oblig\u00f3 al oficialismo a patear el dictamen una semana m\u00e1s"},"content":{"rendered":"<header class=\"article-header\" data-tadevel-template=\"web\/article-header\">\n<p class=\"article-deck\">La Libertad Avanza quer\u00eda apurarlo, pero la Uni\u00f3n C\u00edvica Radical (UCR) y bloques federales le frenaron el impulso. Cuarto intermedio hasta el martes o mi\u00e9rcoles de la pr\u00f3xima semana.<\/p>\n<\/header>\n<p><!--more--><\/p>\n<div class=\"columns\" data-tadevel-template=\"web\/article-columns\">\n<div class=\"column-main\">\n<div class=\"article-body\" data-tadevel-template=\"web\/article-body\">\n<div class=\"article-body-content\">\n<p>El plenario de comisiones que trata de la\u00a0<strong>ley de Bases<\/strong>\u00a0y la comisi\u00f3n de Presupuesto y Hacienda, que estudia el\u00a0<strong>paquete fiscal<\/strong>, entraron en cuarto intermedio hasta el<strong>\u00a0martes o mi\u00e9rcoles<\/strong>\u00a0de la pr\u00f3xima semana, seg\u00fan especific\u00f3 el senador y presidente Provisional del Senado,Bartolom\u00e9 Abdala (San Luis), quien tambi\u00e9n confirm\u00f3 que dar\u00e1n respuestas en las pr\u00f3ximas horas a los senadores que presentaron modificaciones.<\/p>\n<p>\u00abAlgunos cambios son similares y otros no tienen nada que ver con al ley.\u00a0<strong>Es necesario que se analicen todos las propuestas<\/strong>\u00ab, lanz\u00f3 Abdala. Adem\u00e1s, asegur\u00f3 que en las pr\u00f3ximas horas circular\u00e1 un dictamen que les permita que ambos mega proyectos vayan tomando forma, a<br \/>\npartir de las modificaciones realizadas.<\/p>\n<p>La intervenci\u00f3n de Abdala se dio sobre el final del plenario de comisiones que trata la<a href=\"https:\/\/noticiasargentinas.com\/politica\/para-mayans--darle-facultades-delegadas-a-milei-es-como-entregarle-un-arma-de-fuego_a664e1229855bb14d61d3ac5b\"><strong>ley de Bases<\/strong><\/a>, bajo un mar de dudas con respecto a la firma del dictamen que La Libertad Avanza intent\u00f3 apurar hoy, apalancado en un grupo de senadores aliados, entre ellos, el senador y l\u00edder del bloque Cambio Federal,<strong>\u00a0Juan\u00a0Carlos Romero\u00a0<\/strong>(Salta).<\/p>\n<p>El oficialismo lleg\u00f3 esta ma\u00f1ana a la C\u00e1mara alta con el objetivo se llevarse las firmas, al menos en disidencia, de aquellos senadores que plantearon a lo largo de estas tres semanas profundas divergencias en algunos cap\u00edtulos y art\u00edculos. Sin embargo,\u00a0<strong>LLA volvi\u00f3 a dar un paso en falso y su planificaci\u00f3n qued\u00f3 enterrada<\/strong>.<\/p>\n<p>Ayer, el paquete fiscal fue fuertemente cuestionado por el senador kirchnerista\u00a0<strong>Fernando Salino<\/strong>\u00a0(San Luis) y el radical<strong>\u00a0Mart\u00edn Lousteau<\/strong>\u00a0(CABA). En este contexto, para responder las dudas del kirchnerismo y parte del radicalismo, el Gobierno ten\u00eda en carpeta enviar a funcionarios a la comisi\u00f3n de Presupuesto y Hacienda. Sin embargo,\u00a0<mark><strong>nadie del Ejecutivo se present\u00f3<\/strong><\/mark>.<\/p>\n<p>Al reanudarse el cuarto intermedio del plenario de Bases, el senador de Unidad Federal,<strong>\u00a0Edgardo Kueider\u00a0<\/strong>(Entre R\u00edos), arremeti\u00f3 contra varios puntos. Entre ellos, Kueider apunt\u00f3 contra las\u00a0<mark><strong>facultades delegadas<\/strong><\/mark>\u00a0que el Legislativo le otorgar\u00eda al presidente Javier Milei y pidi\u00f3 eliminar la palabra \u00abdisoluci\u00f3n total o parcial\u00bb.<\/p>\n<p>De no prosperar esta propuesta, el entrerriano pidi\u00f3 la exclusi\u00f3n de una serie de empresas y organismo p\u00fablicos para que, eventualmente, no puedan ser eliminadas: Instituto Nacional de Tecnolog\u00eda Industrial (INTI); Banco nacional de Datos Gen\u00e9ticos; CONADI; Senasa. En esa l\u00ednea, Kueider solicit\u00f3 la quita de\u00a0<mark><strong>Aerol\u00edneas Argentinas<\/strong><\/mark>\u00a0de las empresas sujetas a privatizaci\u00f3n.<\/p>\n<p>Para defender su postura, asegur\u00f3 que \u00abno todos los organismos del Estado pueden dar super\u00e1vit\u00bb. Solicit\u00f3 que se aparte el texto administrativo de ley de Bases y lo mismo con el\u00a0<mark><strong>R\u00e9gimen de Incentivos para Grandes Inversiones<\/strong><\/mark>\u00a0(RIGI). No obstante, no le cerr\u00f3 la puerta a un posible apoyo a las modificaciones que podr\u00eda proponer Lousteau.<\/p>\n<p>Tras finalizar el punteo con disidencias, el guante lo recogi\u00f3 el senador radical\u00a0<strong>V\u00edctor Zimmermann<\/strong>\u00a0(Chaco) quien ley\u00f3 otra\u00a0<strong>extensa lista de cambios<\/strong>\u00a0promovida por el sector de la UCR m\u00e1s propensa a acompa\u00f1ar el dictamen, pero en disidencia. Estos cambios dejaron a\u00fan m\u00e1s al Gobierno contra las cuerdas en su ansiedad por la firma de los despachos.<\/p>\n<p>Zimmermann le pidi\u00f3 al oficialismo que garantice el financiamiento de los organismos de ciencia y t\u00e9cnica bajo el Plan 2030. Adem\u00e1s, en la misma l\u00ednea de Kueider, objet\u00f3 la privatizaci\u00f3n de Aerol\u00edneas y sum\u00f3 al\u00a0<mark><strong>Correo Argentino<\/strong><\/mark>. No obstante, el chaque\u00f1o sostuvo que, de concretarse las privatizaciones, pidi\u00f3 que los eventuales due\u00f1os mantengan las rutas deficitarias.<\/p>\n<p>Lo mismo para el Correo Argentino: \u00abEs un tema central para los pueblos del interior\u00bb. En el plano laboral, habl\u00f3 de las\u00a0<mark><strong>cuotas sindicales<\/strong><\/mark>\u00a0y pidi\u00f3 que \u00absean v\u00e1lidas siempre y cuando haya una manifestaci\u00f3n manifiesta en contrario\u00bb. Los dardos siguieron para el\u00a0<mark><strong>RIGI<\/strong><\/mark>, donde pidi\u00f3 claridad para las competencias provinciales.<\/p>\n<p>En ese sentido, profundiz\u00f3 en la necesidad de ajustar art\u00edculos que protejan la producci\u00f3n local y la\u00a0<strong>industria nacional<\/strong>\u00a0para favorecer a la cadena de bienes y servicios: \u00abSer\u00eda positivo que, a partir de los 10 a\u00f1os, los beneficios empiecen a ser decrecientes\u00bb. Tambi\u00e9n toc\u00f3 el tema\u00a0<mark><strong>previsional<\/strong><\/mark>: \u00abCreemos que la edad de la adhesi\u00f3n deber\u00eda ser 60 a\u00f1os para las mujeres y 65 los hombres\u00bb.<\/p>\n<p>Por otro lado, en el Sal\u00f3n Gris, el vicejefe de Gabiente,\u00a0<strong>Jos\u00e9 Rolandi<\/strong>, y la secretaria de Planeamiento Estrat\u00e9gico,\u00a0<strong>Mar\u00eda Ibarzabla Murphy<\/strong>, continuaron esta tarde atendiendo las modificaciones y puliendo la letra chica del texto que, como dijo Abdala, comenzar\u00eda a correr ma\u00f1ana.<\/p>\n<\/div>\n<\/div>\n<\/div>\n<\/div>\n<p>&nbsp;<\/p>\n<h5 class=\"imgwrap\"><img loading=\"lazy\" decoding=\"async\" src=\"https:\/\/alpha-assets.tadevel-cdn.com\/65a43a148091c3b3a0a177cd\/t256.jpeg\" alt=\"Gonzalo Delmonte\" width=\"64\" height=\"64\" \/><\/h5>\n<div class=\"textwrap\">\n<h5 class=\"name\"><em><strong>GONZALO DELMONTE &#8211; NA<\/strong><\/em><\/h5>\n<\/div>\n","protected":false},"excerpt":{"rendered":"<p>La Libertad Avanza quer\u00eda apurarlo, pero la Uni\u00f3n C\u00edvica Radical (UCR) y bloques federales le frenaron el impulso. Cuarto intermedio hasta el martes o mi\u00e9rcoles de la pr\u00f3xima semana.<\/p>\n","protected":false},"author":3,"featured_media":0,"comment_status":"closed","ping_status":"closed","sticky":false,"template":"","format":"standard","meta":{"footnotes":""},"categories":[1],"tags":[],"class_list":["post-102993","post","type-post","status-publish","format-standard","hentry","category-sin-categoria"],"yoast_head":"<!-- This site is optimized with the Yoast SEO plugin v25.9 - https:\/\/yoast.com\/wordpress\/plugins\/seo\/ -->\n<title>Ley de Bases en el Senado: la extensa lista de modificaciones opositoras oblig\u00f3 al oficialismo a patear el dictamen una semana m\u00e1s - Noticias Radio Reflejos<\/title>\n<meta name=\"robots\" content=\"index, follow, max-snippet:-1, max-image-preview:large, max-video-preview:-1\" \/>\n<link rel=\"canonical\" href=\"https:\/\/www.noticiasradioreflejos.com.ar\/2021\/ley-de-bases-en-el-senado-la-extensa-lista-de-modificaciones-opositoras-obligo-al-oficialismo-a-patear-el-dictamen-una-semana-mas\/\" \/>\n<meta property=\"og:locale\" content=\"es_ES\" \/>\n<meta property=\"og:type\" content=\"article\" \/>\n<meta property=\"og:title\" content=\"Ley de Bases en el Senado: la extensa lista de modificaciones opositoras oblig\u00f3 al oficialismo a patear el dictamen una semana m\u00e1s - Noticias Radio Reflejos\" \/>\n<meta property=\"og:description\" content=\"La Libertad Avanza quer\u00eda apurarlo, pero la Uni\u00f3n C\u00edvica Radical (UCR) y bloques federales le frenaron el impulso. Cuarto intermedio hasta el martes o mi\u00e9rcoles de la pr\u00f3xima semana.\" \/>\n<meta property=\"og:url\" content=\"https:\/\/www.noticiasradioreflejos.com.ar\/2021\/ley-de-bases-en-el-senado-la-extensa-lista-de-modificaciones-opositoras-obligo-al-oficialismo-a-patear-el-dictamen-una-semana-mas\/\" \/>\n<meta property=\"og:site_name\" content=\"Noticias Radio Reflejos\" \/>\n<meta property=\"article:published_time\" content=\"2024-05-22T23:12:54+00:00\" \/>\n<meta property=\"og:image\" content=\"https:\/\/alpha-assets.tadevel-cdn.com\/65a43a148091c3b3a0a177cd\/t256.jpeg\" \/>\n<meta name=\"author\" content=\"Arnaldo Botto\" \/>\n<meta name=\"twitter:card\" content=\"summary_large_image\" \/>\n<script type=\"application\/ld+json\" class=\"yoast-schema-graph\">{\"@context\":\"https:\/\/schema.org\",\"@graph\":[{\"@type\":\"WebPage\",\"@id\":\"https:\/\/www.noticiasradioreflejos.com.ar\/2021\/ley-de-bases-en-el-senado-la-extensa-lista-de-modificaciones-opositoras-obligo-al-oficialismo-a-patear-el-dictamen-una-semana-mas\/\",\"url\":\"https:\/\/www.noticiasradioreflejos.com.ar\/2021\/ley-de-bases-en-el-senado-la-extensa-lista-de-modificaciones-opositoras-obligo-al-oficialismo-a-patear-el-dictamen-una-semana-mas\/\",\"name\":\"Ley de Bases en el Senado: la extensa lista de modificaciones opositoras oblig\u00f3 al oficialismo a patear el dictamen una semana m\u00e1s - Noticias Radio Reflejos\",\"isPartOf\":{\"@id\":\"https:\/\/www.noticiasradioreflejos.com.ar\/2021\/#website\"},\"primaryImageOfPage\":{\"@id\":\"https:\/\/www.noticiasradioreflejos.com.ar\/2021\/ley-de-bases-en-el-senado-la-extensa-lista-de-modificaciones-opositoras-obligo-al-oficialismo-a-patear-el-dictamen-una-semana-mas\/#primaryimage\"},\"image\":{\"@id\":\"https:\/\/www.noticiasradioreflejos.com.ar\/2021\/ley-de-bases-en-el-senado-la-extensa-lista-de-modificaciones-opositoras-obligo-al-oficialismo-a-patear-el-dictamen-una-semana-mas\/#primaryimage\"},\"thumbnailUrl\":\"https:\/\/alpha-assets.tadevel-cdn.com\/65a43a148091c3b3a0a177cd\/t256.jpeg\",\"datePublished\":\"2024-05-22T23:12:54+00:00\",\"author\":{\"@id\":\"https:\/\/www.noticiasradioreflejos.com.ar\/2021\/#\/schema\/person\/ad82545263dcc5ec0996818884fd5fb1\"},\"breadcrumb\":{\"@id\":\"https:\/\/www.noticiasradioreflejos.com.ar\/2021\/ley-de-bases-en-el-senado-la-extensa-lista-de-modificaciones-opositoras-obligo-al-oficialismo-a-patear-el-dictamen-una-semana-mas\/#breadcrumb\"},\"inLanguage\":\"es\",\"potentialAction\":[{\"@type\":\"ReadAction\",\"target\":[\"https:\/\/www.noticiasradioreflejos.com.ar\/2021\/ley-de-bases-en-el-senado-la-extensa-lista-de-modificaciones-opositoras-obligo-al-oficialismo-a-patear-el-dictamen-una-semana-mas\/\"]}]},{\"@type\":\"ImageObject\",\"inLanguage\":\"es\",\"@id\":\"https:\/\/www.noticiasradioreflejos.com.ar\/2021\/ley-de-bases-en-el-senado-la-extensa-lista-de-modificaciones-opositoras-obligo-al-oficialismo-a-patear-el-dictamen-una-semana-mas\/#primaryimage\",\"url\":\"https:\/\/alpha-assets.tadevel-cdn.com\/65a43a148091c3b3a0a177cd\/t256.jpeg\",\"contentUrl\":\"https:\/\/alpha-assets.tadevel-cdn.com\/65a43a148091c3b3a0a177cd\/t256.jpeg\"},{\"@type\":\"BreadcrumbList\",\"@id\":\"https:\/\/www.noticiasradioreflejos.com.ar\/2021\/ley-de-bases-en-el-senado-la-extensa-lista-de-modificaciones-opositoras-obligo-al-oficialismo-a-patear-el-dictamen-una-semana-mas\/#breadcrumb\",\"itemListElement\":[{\"@type\":\"ListItem\",\"position\":1,\"name\":\"Portada\",\"item\":\"https:\/\/www.noticiasradioreflejos.com.ar\/2021\/\"},{\"@type\":\"ListItem\",\"position\":2,\"name\":\"Ley de Bases en el Senado: la extensa lista de modificaciones opositoras oblig\u00f3 al oficialismo a patear el dictamen una semana m\u00e1s\"}]},{\"@type\":\"WebSite\",\"@id\":\"https:\/\/www.noticiasradioreflejos.com.ar\/2021\/#website\",\"url\":\"https:\/\/www.noticiasradioreflejos.com.ar\/2021\/\",\"name\":\"Noticias Radio Reflejos\",\"description\":\"Las noticias de mi comarca\",\"potentialAction\":[{\"@type\":\"SearchAction\",\"target\":{\"@type\":\"EntryPoint\",\"urlTemplate\":\"https:\/\/www.noticiasradioreflejos.com.ar\/2021\/?s={search_term_string}\"},\"query-input\":{\"@type\":\"PropertyValueSpecification\",\"valueRequired\":true,\"valueName\":\"search_term_string\"}}],\"inLanguage\":\"es\"},{\"@type\":\"Person\",\"@id\":\"https:\/\/www.noticiasradioreflejos.com.ar\/2021\/#\/schema\/person\/ad82545263dcc5ec0996818884fd5fb1\",\"name\":\"Arnaldo Botto\",\"image\":{\"@type\":\"ImageObject\",\"inLanguage\":\"es\",\"@id\":\"https:\/\/www.noticiasradioreflejos.com.ar\/2021\/#\/schema\/person\/image\/\",\"url\":\"https:\/\/secure.gravatar.com\/avatar\/55cb5e37c1efa326397366e6974cb338056df65cb50e7d64d1cf314e87504837?s=96&d=mm&r=g\",\"contentUrl\":\"https:\/\/secure.gravatar.com\/avatar\/55cb5e37c1efa326397366e6974cb338056df65cb50e7d64d1cf314e87504837?s=96&d=mm&r=g\",\"caption\":\"Arnaldo Botto\"},\"url\":\"https:\/\/www.noticiasradioreflejos.com.ar\/2021\/author\/arnaldo\/\"}]}<\/script>\n<!-- \/ Yoast SEO plugin. -->","yoast_head_json":{"title":"Ley de Bases en el Senado: la extensa lista de modificaciones opositoras oblig\u00f3 al oficialismo a patear el dictamen una semana m\u00e1s - Noticias Radio Reflejos","robots":{"index":"index","follow":"follow","max-snippet":"max-snippet:-1","max-image-preview":"max-image-preview:large","max-video-preview":"max-video-preview:-1"},"canonical":"https:\/\/www.noticiasradioreflejos.com.ar\/2021\/ley-de-bases-en-el-senado-la-extensa-lista-de-modificaciones-opositoras-obligo-al-oficialismo-a-patear-el-dictamen-una-semana-mas\/","og_locale":"es_ES","og_type":"article","og_title":"Ley de Bases en el Senado: la extensa lista de modificaciones opositoras oblig\u00f3 al oficialismo a patear el dictamen una semana m\u00e1s - Noticias Radio Reflejos","og_description":"La Libertad Avanza quer\u00eda apurarlo, pero la Uni\u00f3n C\u00edvica Radical (UCR) y bloques federales le frenaron el impulso. Cuarto intermedio hasta el martes o mi\u00e9rcoles de la pr\u00f3xima semana.","og_url":"https:\/\/www.noticiasradioreflejos.com.ar\/2021\/ley-de-bases-en-el-senado-la-extensa-lista-de-modificaciones-opositoras-obligo-al-oficialismo-a-patear-el-dictamen-una-semana-mas\/","og_site_name":"Noticias Radio Reflejos","article_published_time":"2024-05-22T23:12:54+00:00","og_image":[{"url":"https:\/\/alpha-assets.tadevel-cdn.com\/65a43a148091c3b3a0a177cd\/t256.jpeg","type":"","width":"","height":""}],"author":"Arnaldo Botto","twitter_card":"summary_large_image","schema":{"@context":"https:\/\/schema.org","@graph":[{"@type":"WebPage","@id":"https:\/\/www.noticiasradioreflejos.com.ar\/2021\/ley-de-bases-en-el-senado-la-extensa-lista-de-modificaciones-opositoras-obligo-al-oficialismo-a-patear-el-dictamen-una-semana-mas\/","url":"https:\/\/www.noticiasradioreflejos.com.ar\/2021\/ley-de-bases-en-el-senado-la-extensa-lista-de-modificaciones-opositoras-obligo-al-oficialismo-a-patear-el-dictamen-una-semana-mas\/","name":"Ley de Bases en el Senado: la extensa lista de modificaciones opositoras oblig\u00f3 al oficialismo a patear el dictamen una semana m\u00e1s - Noticias Radio Reflejos","isPartOf":{"@id":"https:\/\/www.noticiasradioreflejos.com.ar\/2021\/#website"},"primaryImageOfPage":{"@id":"https:\/\/www.noticiasradioreflejos.com.ar\/2021\/ley-de-bases-en-el-senado-la-extensa-lista-de-modificaciones-opositoras-obligo-al-oficialismo-a-patear-el-dictamen-una-semana-mas\/#primaryimage"},"image":{"@id":"https:\/\/www.noticiasradioreflejos.com.ar\/2021\/ley-de-bases-en-el-senado-la-extensa-lista-de-modificaciones-opositoras-obligo-al-oficialismo-a-patear-el-dictamen-una-semana-mas\/#primaryimage"},"thumbnailUrl":"https:\/\/alpha-assets.tadevel-cdn.com\/65a43a148091c3b3a0a177cd\/t256.jpeg","datePublished":"2024-05-22T23:12:54+00:00","author":{"@id":"https:\/\/www.noticiasradioreflejos.com.ar\/2021\/#\/schema\/person\/ad82545263dcc5ec0996818884fd5fb1"},"breadcrumb":{"@id":"https:\/\/www.noticiasradioreflejos.com.ar\/2021\/ley-de-bases-en-el-senado-la-extensa-lista-de-modificaciones-opositoras-obligo-al-oficialismo-a-patear-el-dictamen-una-semana-mas\/#breadcrumb"},"inLanguage":"es","potentialAction":[{"@type":"ReadAction","target":["https:\/\/www.noticiasradioreflejos.com.ar\/2021\/ley-de-bases-en-el-senado-la-extensa-lista-de-modificaciones-opositoras-obligo-al-oficialismo-a-patear-el-dictamen-una-semana-mas\/"]}]},{"@type":"ImageObject","inLanguage":"es","@id":"https:\/\/www.noticiasradioreflejos.com.ar\/2021\/ley-de-bases-en-el-senado-la-extensa-lista-de-modificaciones-opositoras-obligo-al-oficialismo-a-patear-el-dictamen-una-semana-mas\/#primaryimage","url":"https:\/\/alpha-assets.tadevel-cdn.com\/65a43a148091c3b3a0a177cd\/t256.jpeg","contentUrl":"https:\/\/alpha-assets.tadevel-cdn.com\/65a43a148091c3b3a0a177cd\/t256.jpeg"},{"@type":"BreadcrumbList","@id":"https:\/\/www.noticiasradioreflejos.com.ar\/2021\/ley-de-bases-en-el-senado-la-extensa-lista-de-modificaciones-opositoras-obligo-al-oficialismo-a-patear-el-dictamen-una-semana-mas\/#breadcrumb","itemListElement":[{"@type":"ListItem","position":1,"name":"Portada","item":"https:\/\/www.noticiasradioreflejos.com.ar\/2021\/"},{"@type":"ListItem","position":2,"name":"Ley de Bases en el Senado: la extensa lista de modificaciones opositoras oblig\u00f3 al oficialismo a patear el dictamen una semana m\u00e1s"}]},{"@type":"WebSite","@id":"https:\/\/www.noticiasradioreflejos.com.ar\/2021\/#website","url":"https:\/\/www.noticiasradioreflejos.com.ar\/2021\/","name":"Noticias Radio Reflejos","description":"Las noticias de mi comarca","potentialAction":[{"@type":"SearchAction","target":{"@type":"EntryPoint","urlTemplate":"https:\/\/www.noticiasradioreflejos.com.ar\/2021\/?s={search_term_string}"},"query-input":{"@type":"PropertyValueSpecification","valueRequired":true,"valueName":"search_term_string"}}],"inLanguage":"es"},{"@type":"Person","@id":"https:\/\/www.noticiasradioreflejos.com.ar\/2021\/#\/schema\/person\/ad82545263dcc5ec0996818884fd5fb1","name":"Arnaldo Botto","image":{"@type":"ImageObject","inLanguage":"es","@id":"https:\/\/www.noticiasradioreflejos.com.ar\/2021\/#\/schema\/person\/image\/","url":"https:\/\/secure.gravatar.com\/avatar\/55cb5e37c1efa326397366e6974cb338056df65cb50e7d64d1cf314e87504837?s=96&d=mm&r=g","contentUrl":"https:\/\/secure.gravatar.com\/avatar\/55cb5e37c1efa326397366e6974cb338056df65cb50e7d64d1cf314e87504837?s=96&d=mm&r=g","caption":"Arnaldo Botto"},"url":"https:\/\/www.noticiasradioreflejos.com.ar\/2021\/author\/arnaldo\/"}]}},"_links":{"self":[{"href":"https:\/\/www.noticiasradioreflejos.com.ar\/2021\/wp-json\/wp\/v2\/posts\/102993","targetHints":{"allow":["GET"]}}],"collection":[{"href":"https:\/\/www.noticiasradioreflejos.com.ar\/2021\/wp-json\/wp\/v2\/posts"}],"about":[{"href":"https:\/\/www.noticiasradioreflejos.com.ar\/2021\/wp-json\/wp\/v2\/types\/post"}],"author":[{"embeddable":true,"href":"https:\/\/www.noticiasradioreflejos.com.ar\/2021\/wp-json\/wp\/v2\/users\/3"}],"replies":[{"embeddable":true,"href":"https:\/\/www.noticiasradioreflejos.com.ar\/2021\/wp-json\/wp\/v2\/comments?post=102993"}],"version-history":[{"count":1,"href":"https:\/\/www.noticiasradioreflejos.com.ar\/2021\/wp-json\/wp\/v2\/posts\/102993\/revisions"}],"predecessor-version":[{"id":102995,"href":"https:\/\/www.noticiasradioreflejos.com.ar\/2021\/wp-json\/wp\/v2\/posts\/102993\/revisions\/102995"}],"wp:attachment":[{"href":"https:\/\/www.noticiasradioreflejos.com.ar\/2021\/wp-json\/wp\/v2\/media?parent=102993"}],"wp:term":[{"taxonomy":"category","embeddable":true,"href":"https:\/\/www.noticiasradioreflejos.com.ar\/2021\/wp-json\/wp\/v2\/categories?post=102993"},{"taxonomy":"post_tag","embeddable":true,"href":"https:\/\/www.noticiasradioreflejos.com.ar\/2021\/wp-json\/wp\/v2\/tags?post=102993"}],"curies":[{"name":"wp","href":"https:\/\/api.w.org\/{rel}","templated":true}]}}