{"id":102957,"date":"2024-05-22T07:31:18","date_gmt":"2024-05-22T10:31:18","guid":{"rendered":"https:\/\/www.noticiasradioreflejos.com.ar\/2021\/?p=102957"},"modified":"2024-05-22T10:21:49","modified_gmt":"2024-05-22T13:21:49","slug":"4-convocatoria-para-proyectos-de-fortalecimiento-de-pequenas-unidades-productivas-de-alimentos","status":"publish","type":"post","link":"https:\/\/www.noticiasradioreflejos.com.ar\/2021\/4-convocatoria-para-proyectos-de-fortalecimiento-de-pequenas-unidades-productivas-de-alimentos\/","title":{"rendered":"4\u00b0 Convocatoria para proyectos de fortalecimiento de peque\u00f1as unidades productivas de alimentos"},"content":{"rendered":"<div class=\"field field-name-field-bajada-noti-agroindustria field-type-text-with-summary field-label-hidden\">\n<div class=\"field-items\">\n<div class=\"field-item even\">\n<p>La cartera agraria brindar\u00e1 financiamiento para adquirir herramientas, maquinarias, insumos, materiales o realizar mejoras edilicias.<\/p>\n<\/div>\n<\/div>\n<\/div>\n<p><!--more--><\/p>\n<div class=\"field field-name-field-img-noti-agroindustria field-type-image field-label-hidden\">\n<div class=\"field-items\">\n<div class=\"field-item even\"><img loading=\"lazy\" decoding=\"async\" title=\"El MDA lanz\u00f3 la 4\u00b0 Convocatoria para proyectos de fortalecimiento de peque\u00f1as unidades productivas de alimentos \" src=\"https:\/\/www.gba.gob.ar\/sites\/default\/files\/img_agroindustria\/imagenes\/puppas_21052024.jpeg\" alt=\"El MDA lanz\u00f3 la 4\u00b0 Convocatoria para proyectos de fortalecimiento de peque\u00f1as unidades productivas de alimentos \" width=\"700\" height=\"466\" \/><\/div>\n<\/div>\n<\/div>\n<div class=\"field field-name-field-epigrafe-img-noticia field-type-text field-label-hidden\">\n<div class=\"field-items\">\n<div class=\"field-item even\">.<\/div>\n<\/div>\n<\/div>\n<div class=\"field field-name-body field-type-text-with-summary field-label-hidden\">\n<div class=\"field-items\">\n<div class=\"field-item even\">\n<p>El ministro de Desarrollo Agrario de la provincia de Buenos Aires, Javier Rodr\u00edguez, confirm\u00f3 el lanzamiento de la 4\u00b0 Convocatoria para proyectos de fortalecimiento de peque\u00f1as unidades productivas de alimentos con el objetivo de impulsar la producci\u00f3n y promover la calidad e inocuidad de los productos elaborados.<\/p>\n<p>\u201cEn estos momentos en los que la situaci\u00f3n de los peque\u00f1os y medianos productores es cada d\u00eda m\u00e1s dif\u00edcil, desde la provincia de Buenos Aires redoblamos nuestro compromiso para acompa\u00f1ar y fortalecer la producci\u00f3n de alimentos con acciones y herramientas concretas como lo es esta convocatoria\u201d, destac\u00f3 el ministro.<\/p>\n<p>\u201cNuestro objetivo es que cada vez haya m\u00e1s productoras y productores, mayor valor agregado y, as\u00ed tambi\u00e9n, una mayor oferta para los consumidores con alimentos de excelente calidad. Eso s\u00f3lo se puede lograr con un Estado inteligente que trabaje en conjunto con el sector privado; y con una clara voluntad de hacerlo como la tiene nuestro gobernador Axel Kicillof\u201d, a\u00f1adi\u00f3.<\/p>\n<p>En esta convocatoria, las y los productores titulares de peque\u00f1as unidades productivas de alimentos artesanales podr\u00e1n obtener financiamiento para adquirir herramientas, maquinarias, insumos, materiales o realizar mejoras edilicias en sus establecimientos, y as\u00ed fortalecer la capacidad, la eficiencia y la seguridad alimentaria.<\/p>\n<p>Los proyectos presentados deben estar orientados al mejoramiento e innovaci\u00f3n de procesos de elaboraci\u00f3n destinados a satisfacer las demandas de los consumidores de alimentos artesanales en los diferentes mercados de manera inocua, segura y de calidad; la modernizaci\u00f3n tecnol\u00f3gica del emprendimiento; inversiones en infraestructura que tengan por objeto optimizar las condiciones higi\u00e9nico-sanitarias; mejora para el packaging de los actuales productos; ampliaci\u00f3n de la capacidad instalada a trav\u00e9s de la incorporaci\u00f3n de bienes de uso asociados a la elaboraci\u00f3n segura e inocua de alimentos; la incorporaci\u00f3n de equipos de producci\u00f3n que permitan reducir costos y\/o incrementar su participaci\u00f3n comercial en el mercado; y\/o la adquisici\u00f3n de materias primas para dar respuesta de elaboraci\u00f3n a la demanda.<\/p>\n<p>La evaluaci\u00f3n de los proyectos presentados estar\u00e1 a cargo de la Subsecretar\u00eda de Desarrollo Agrario y Calidad Agroalimentaria del MDA. Se dar\u00e1 prioridad a los proyectos presentados por productores que formen parte de las distintas l\u00edneas del programa Alimentos Bonaerenses y\/o pertenezcan o hayan presentado la documentaci\u00f3n completa para entrar al Registro Provincial de Peque\u00f1as Unidades Productivas de Alimentos Artesanales.<\/p>\n<p>Para m\u00e1s informaci\u00f3n, ingresar a <a href=\"https:\/\/www.gba.gob.ar\/desarrollo_agrario\/dipa\/convocatoriaPUPAAs\">https:\/\/www.gba.gob.ar\/desarrollo_agrario\/dipa\/convocatoriaPUPAAs<\/a><\/p>\n<\/div>\n<\/div>\n<\/div>\n","protected":false},"excerpt":{"rendered":"<p>La cartera agraria brindar\u00e1 financiamiento para adquirir herramientas, maquinarias, insumos, materiales o realizar mejoras edilicias.<\/p>\n","protected":false},"author":3,"featured_media":0,"comment_status":"closed","ping_status":"closed","sticky":false,"template":"","format":"standard","meta":{"footnotes":""},"categories":[36],"tags":[],"class_list":["post-102957","post","type-post","status-publish","format-standard","hentry","category-economia"],"yoast_head":"<!-- This site is optimized with the Yoast SEO plugin v25.9 - https:\/\/yoast.com\/wordpress\/plugins\/seo\/ -->\n<title>4\u00b0 Convocatoria para proyectos de fortalecimiento de peque\u00f1as unidades productivas de alimentos - Noticias Radio Reflejos<\/title>\n<meta name=\"robots\" content=\"index, follow, max-snippet:-1, max-image-preview:large, max-video-preview:-1\" \/>\n<link rel=\"canonical\" href=\"https:\/\/www.noticiasradioreflejos.com.ar\/2021\/4-convocatoria-para-proyectos-de-fortalecimiento-de-pequenas-unidades-productivas-de-alimentos\/\" \/>\n<meta property=\"og:locale\" content=\"es_ES\" \/>\n<meta property=\"og:type\" content=\"article\" \/>\n<meta property=\"og:title\" content=\"4\u00b0 Convocatoria para proyectos de fortalecimiento de peque\u00f1as unidades productivas de alimentos - Noticias Radio Reflejos\" \/>\n<meta property=\"og:description\" content=\"La cartera agraria brindar\u00e1 financiamiento para adquirir herramientas, maquinarias, insumos, materiales o realizar mejoras edilicias.\" \/>\n<meta property=\"og:url\" content=\"https:\/\/www.noticiasradioreflejos.com.ar\/2021\/4-convocatoria-para-proyectos-de-fortalecimiento-de-pequenas-unidades-productivas-de-alimentos\/\" \/>\n<meta property=\"og:site_name\" content=\"Noticias Radio Reflejos\" \/>\n<meta property=\"article:published_time\" content=\"2024-05-22T10:31:18+00:00\" \/>\n<meta property=\"article:modified_time\" content=\"2024-05-22T13:21:49+00:00\" \/>\n<meta property=\"og:image\" content=\"https:\/\/www.gba.gob.ar\/sites\/default\/files\/img_agroindustria\/imagenes\/puppas_21052024.jpeg\" \/>\n<meta name=\"author\" content=\"Arnaldo Botto\" \/>\n<meta name=\"twitter:card\" content=\"summary_large_image\" \/>\n<script type=\"application\/ld+json\" class=\"yoast-schema-graph\">{\"@context\":\"https:\/\/schema.org\",\"@graph\":[{\"@type\":\"WebPage\",\"@id\":\"https:\/\/www.noticiasradioreflejos.com.ar\/2021\/4-convocatoria-para-proyectos-de-fortalecimiento-de-pequenas-unidades-productivas-de-alimentos\/\",\"url\":\"https:\/\/www.noticiasradioreflejos.com.ar\/2021\/4-convocatoria-para-proyectos-de-fortalecimiento-de-pequenas-unidades-productivas-de-alimentos\/\",\"name\":\"4\u00b0 Convocatoria para proyectos de fortalecimiento de peque\u00f1as unidades productivas de alimentos - Noticias Radio Reflejos\",\"isPartOf\":{\"@id\":\"https:\/\/www.noticiasradioreflejos.com.ar\/2021\/#website\"},\"primaryImageOfPage\":{\"@id\":\"https:\/\/www.noticiasradioreflejos.com.ar\/2021\/4-convocatoria-para-proyectos-de-fortalecimiento-de-pequenas-unidades-productivas-de-alimentos\/#primaryimage\"},\"image\":{\"@id\":\"https:\/\/www.noticiasradioreflejos.com.ar\/2021\/4-convocatoria-para-proyectos-de-fortalecimiento-de-pequenas-unidades-productivas-de-alimentos\/#primaryimage\"},\"thumbnailUrl\":\"https:\/\/www.gba.gob.ar\/sites\/default\/files\/img_agroindustria\/imagenes\/puppas_21052024.jpeg\",\"datePublished\":\"2024-05-22T10:31:18+00:00\",\"dateModified\":\"2024-05-22T13:21:49+00:00\",\"author\":{\"@id\":\"https:\/\/www.noticiasradioreflejos.com.ar\/2021\/#\/schema\/person\/ad82545263dcc5ec0996818884fd5fb1\"},\"breadcrumb\":{\"@id\":\"https:\/\/www.noticiasradioreflejos.com.ar\/2021\/4-convocatoria-para-proyectos-de-fortalecimiento-de-pequenas-unidades-productivas-de-alimentos\/#breadcrumb\"},\"inLanguage\":\"es\",\"potentialAction\":[{\"@type\":\"ReadAction\",\"target\":[\"https:\/\/www.noticiasradioreflejos.com.ar\/2021\/4-convocatoria-para-proyectos-de-fortalecimiento-de-pequenas-unidades-productivas-de-alimentos\/\"]}]},{\"@type\":\"ImageObject\",\"inLanguage\":\"es\",\"@id\":\"https:\/\/www.noticiasradioreflejos.com.ar\/2021\/4-convocatoria-para-proyectos-de-fortalecimiento-de-pequenas-unidades-productivas-de-alimentos\/#primaryimage\",\"url\":\"https:\/\/www.gba.gob.ar\/sites\/default\/files\/img_agroindustria\/imagenes\/puppas_21052024.jpeg\",\"contentUrl\":\"https:\/\/www.gba.gob.ar\/sites\/default\/files\/img_agroindustria\/imagenes\/puppas_21052024.jpeg\"},{\"@type\":\"BreadcrumbList\",\"@id\":\"https:\/\/www.noticiasradioreflejos.com.ar\/2021\/4-convocatoria-para-proyectos-de-fortalecimiento-de-pequenas-unidades-productivas-de-alimentos\/#breadcrumb\",\"itemListElement\":[{\"@type\":\"ListItem\",\"position\":1,\"name\":\"Portada\",\"item\":\"https:\/\/www.noticiasradioreflejos.com.ar\/2021\/\"},{\"@type\":\"ListItem\",\"position\":2,\"name\":\"4\u00b0 Convocatoria para proyectos de fortalecimiento de peque\u00f1as unidades productivas de alimentos\"}]},{\"@type\":\"WebSite\",\"@id\":\"https:\/\/www.noticiasradioreflejos.com.ar\/2021\/#website\",\"url\":\"https:\/\/www.noticiasradioreflejos.com.ar\/2021\/\",\"name\":\"Noticias Radio Reflejos\",\"description\":\"Las noticias de mi comarca\",\"potentialAction\":[{\"@type\":\"SearchAction\",\"target\":{\"@type\":\"EntryPoint\",\"urlTemplate\":\"https:\/\/www.noticiasradioreflejos.com.ar\/2021\/?s={search_term_string}\"},\"query-input\":{\"@type\":\"PropertyValueSpecification\",\"valueRequired\":true,\"valueName\":\"search_term_string\"}}],\"inLanguage\":\"es\"},{\"@type\":\"Person\",\"@id\":\"https:\/\/www.noticiasradioreflejos.com.ar\/2021\/#\/schema\/person\/ad82545263dcc5ec0996818884fd5fb1\",\"name\":\"Arnaldo Botto\",\"image\":{\"@type\":\"ImageObject\",\"inLanguage\":\"es\",\"@id\":\"https:\/\/www.noticiasradioreflejos.com.ar\/2021\/#\/schema\/person\/image\/\",\"url\":\"https:\/\/secure.gravatar.com\/avatar\/55cb5e37c1efa326397366e6974cb338056df65cb50e7d64d1cf314e87504837?s=96&d=mm&r=g\",\"contentUrl\":\"https:\/\/secure.gravatar.com\/avatar\/55cb5e37c1efa326397366e6974cb338056df65cb50e7d64d1cf314e87504837?s=96&d=mm&r=g\",\"caption\":\"Arnaldo Botto\"},\"url\":\"https:\/\/www.noticiasradioreflejos.com.ar\/2021\/author\/arnaldo\/\"}]}<\/script>\n<!-- \/ Yoast SEO plugin. -->","yoast_head_json":{"title":"4\u00b0 Convocatoria para proyectos de fortalecimiento de peque\u00f1as unidades productivas de alimentos - Noticias Radio Reflejos","robots":{"index":"index","follow":"follow","max-snippet":"max-snippet:-1","max-image-preview":"max-image-preview:large","max-video-preview":"max-video-preview:-1"},"canonical":"https:\/\/www.noticiasradioreflejos.com.ar\/2021\/4-convocatoria-para-proyectos-de-fortalecimiento-de-pequenas-unidades-productivas-de-alimentos\/","og_locale":"es_ES","og_type":"article","og_title":"4\u00b0 Convocatoria para proyectos de fortalecimiento de peque\u00f1as unidades productivas de alimentos - Noticias Radio Reflejos","og_description":"La cartera agraria brindar\u00e1 financiamiento para adquirir herramientas, maquinarias, insumos, materiales o realizar mejoras edilicias.","og_url":"https:\/\/www.noticiasradioreflejos.com.ar\/2021\/4-convocatoria-para-proyectos-de-fortalecimiento-de-pequenas-unidades-productivas-de-alimentos\/","og_site_name":"Noticias Radio Reflejos","article_published_time":"2024-05-22T10:31:18+00:00","article_modified_time":"2024-05-22T13:21:49+00:00","og_image":[{"url":"https:\/\/www.gba.gob.ar\/sites\/default\/files\/img_agroindustria\/imagenes\/puppas_21052024.jpeg","type":"","width":"","height":""}],"author":"Arnaldo Botto","twitter_card":"summary_large_image","schema":{"@context":"https:\/\/schema.org","@graph":[{"@type":"WebPage","@id":"https:\/\/www.noticiasradioreflejos.com.ar\/2021\/4-convocatoria-para-proyectos-de-fortalecimiento-de-pequenas-unidades-productivas-de-alimentos\/","url":"https:\/\/www.noticiasradioreflejos.com.ar\/2021\/4-convocatoria-para-proyectos-de-fortalecimiento-de-pequenas-unidades-productivas-de-alimentos\/","name":"4\u00b0 Convocatoria para proyectos de fortalecimiento de peque\u00f1as unidades productivas de alimentos - Noticias Radio Reflejos","isPartOf":{"@id":"https:\/\/www.noticiasradioreflejos.com.ar\/2021\/#website"},"primaryImageOfPage":{"@id":"https:\/\/www.noticiasradioreflejos.com.ar\/2021\/4-convocatoria-para-proyectos-de-fortalecimiento-de-pequenas-unidades-productivas-de-alimentos\/#primaryimage"},"image":{"@id":"https:\/\/www.noticiasradioreflejos.com.ar\/2021\/4-convocatoria-para-proyectos-de-fortalecimiento-de-pequenas-unidades-productivas-de-alimentos\/#primaryimage"},"thumbnailUrl":"https:\/\/www.gba.gob.ar\/sites\/default\/files\/img_agroindustria\/imagenes\/puppas_21052024.jpeg","datePublished":"2024-05-22T10:31:18+00:00","dateModified":"2024-05-22T13:21:49+00:00","author":{"@id":"https:\/\/www.noticiasradioreflejos.com.ar\/2021\/#\/schema\/person\/ad82545263dcc5ec0996818884fd5fb1"},"breadcrumb":{"@id":"https:\/\/www.noticiasradioreflejos.com.ar\/2021\/4-convocatoria-para-proyectos-de-fortalecimiento-de-pequenas-unidades-productivas-de-alimentos\/#breadcrumb"},"inLanguage":"es","potentialAction":[{"@type":"ReadAction","target":["https:\/\/www.noticiasradioreflejos.com.ar\/2021\/4-convocatoria-para-proyectos-de-fortalecimiento-de-pequenas-unidades-productivas-de-alimentos\/"]}]},{"@type":"ImageObject","inLanguage":"es","@id":"https:\/\/www.noticiasradioreflejos.com.ar\/2021\/4-convocatoria-para-proyectos-de-fortalecimiento-de-pequenas-unidades-productivas-de-alimentos\/#primaryimage","url":"https:\/\/www.gba.gob.ar\/sites\/default\/files\/img_agroindustria\/imagenes\/puppas_21052024.jpeg","contentUrl":"https:\/\/www.gba.gob.ar\/sites\/default\/files\/img_agroindustria\/imagenes\/puppas_21052024.jpeg"},{"@type":"BreadcrumbList","@id":"https:\/\/www.noticiasradioreflejos.com.ar\/2021\/4-convocatoria-para-proyectos-de-fortalecimiento-de-pequenas-unidades-productivas-de-alimentos\/#breadcrumb","itemListElement":[{"@type":"ListItem","position":1,"name":"Portada","item":"https:\/\/www.noticiasradioreflejos.com.ar\/2021\/"},{"@type":"ListItem","position":2,"name":"4\u00b0 Convocatoria para proyectos de fortalecimiento de peque\u00f1as unidades productivas de alimentos"}]},{"@type":"WebSite","@id":"https:\/\/www.noticiasradioreflejos.com.ar\/2021\/#website","url":"https:\/\/www.noticiasradioreflejos.com.ar\/2021\/","name":"Noticias Radio Reflejos","description":"Las noticias de mi comarca","potentialAction":[{"@type":"SearchAction","target":{"@type":"EntryPoint","urlTemplate":"https:\/\/www.noticiasradioreflejos.com.ar\/2021\/?s={search_term_string}"},"query-input":{"@type":"PropertyValueSpecification","valueRequired":true,"valueName":"search_term_string"}}],"inLanguage":"es"},{"@type":"Person","@id":"https:\/\/www.noticiasradioreflejos.com.ar\/2021\/#\/schema\/person\/ad82545263dcc5ec0996818884fd5fb1","name":"Arnaldo Botto","image":{"@type":"ImageObject","inLanguage":"es","@id":"https:\/\/www.noticiasradioreflejos.com.ar\/2021\/#\/schema\/person\/image\/","url":"https:\/\/secure.gravatar.com\/avatar\/55cb5e37c1efa326397366e6974cb338056df65cb50e7d64d1cf314e87504837?s=96&d=mm&r=g","contentUrl":"https:\/\/secure.gravatar.com\/avatar\/55cb5e37c1efa326397366e6974cb338056df65cb50e7d64d1cf314e87504837?s=96&d=mm&r=g","caption":"Arnaldo Botto"},"url":"https:\/\/www.noticiasradioreflejos.com.ar\/2021\/author\/arnaldo\/"}]}},"_links":{"self":[{"href":"https:\/\/www.noticiasradioreflejos.com.ar\/2021\/wp-json\/wp\/v2\/posts\/102957","targetHints":{"allow":["GET"]}}],"collection":[{"href":"https:\/\/www.noticiasradioreflejos.com.ar\/2021\/wp-json\/wp\/v2\/posts"}],"about":[{"href":"https:\/\/www.noticiasradioreflejos.com.ar\/2021\/wp-json\/wp\/v2\/types\/post"}],"author":[{"embeddable":true,"href":"https:\/\/www.noticiasradioreflejos.com.ar\/2021\/wp-json\/wp\/v2\/users\/3"}],"replies":[{"embeddable":true,"href":"https:\/\/www.noticiasradioreflejos.com.ar\/2021\/wp-json\/wp\/v2\/comments?post=102957"}],"version-history":[{"count":2,"href":"https:\/\/www.noticiasradioreflejos.com.ar\/2021\/wp-json\/wp\/v2\/posts\/102957\/revisions"}],"predecessor-version":[{"id":102967,"href":"https:\/\/www.noticiasradioreflejos.com.ar\/2021\/wp-json\/wp\/v2\/posts\/102957\/revisions\/102967"}],"wp:attachment":[{"href":"https:\/\/www.noticiasradioreflejos.com.ar\/2021\/wp-json\/wp\/v2\/media?parent=102957"}],"wp:term":[{"taxonomy":"category","embeddable":true,"href":"https:\/\/www.noticiasradioreflejos.com.ar\/2021\/wp-json\/wp\/v2\/categories?post=102957"},{"taxonomy":"post_tag","embeddable":true,"href":"https:\/\/www.noticiasradioreflejos.com.ar\/2021\/wp-json\/wp\/v2\/tags?post=102957"}],"curies":[{"name":"wp","href":"https:\/\/api.w.org\/{rel}","templated":true}]}}