{"id":102952,"date":"2024-05-21T21:14:25","date_gmt":"2024-05-22T00:14:25","guid":{"rendered":"https:\/\/www.noticiasradioreflejos.com.ar\/2021\/?p=102952"},"modified":"2024-05-21T21:14:25","modified_gmt":"2024-05-22T00:14:25","slug":"agarro-a-las-patadas-un-vehiculo-en-la-puerta-de-la-comisaria-y-termino-detenido","status":"publish","type":"post","link":"https:\/\/www.noticiasradioreflejos.com.ar\/2021\/agarro-a-las-patadas-un-vehiculo-en-la-puerta-de-la-comisaria-y-termino-detenido\/","title":{"rendered":"Agarr\u00f3 a las patadas un veh\u00edculo en la puerta de la comisar\u00eda y termin\u00f3 detenido"},"content":{"rendered":"<p>El hecho ocurri\u00f3 a las 18:30 HS de este martes frente a la repartici\u00f3n policial de<strong> Sierra de la Ventana<\/strong>, cuando un hombre arremeti\u00f3 a trompadas y patadas contra un utilitario .<!--more--><\/p>\n<p>Personal de la Subcomisaria local procedi\u00f3 a la aprehensi\u00f3n\u00a0 de MARIO GABRIEL VARELA, de 43 A\u00d1OS, Argentino, en el instante que el mismo se encontraba ocasionando da\u00f1os fuera de la dependencia policial, mediante golpes de pu\u00f1os y patadas contra Citro\u00ebn Berlingo Dom. NNI 343 propiedad de CARLOS ALEJANDRO NEGRI de 54 A\u00d1OS, Domiciliado Secci\u00f3n 5ta\u00a0 de Saldungaray.<br \/>\nPersonal policial que se encontraba con el Sr. Negri en el interior de la dependencia, al ver la situaci\u00f3n, procede a solicitarle a Varela que deponga su actitud, y como hizo caso omiso, emplearon la fuerza m\u00ednima indispensable para su reducci\u00f3n y posterior aprehensi\u00f3n por el delito de \u00abAMENAZAS, DA\u00d1OS Y RESISTENCIA A LA AUTORIDAD\u00bb.<\/p>\n<p>Secuestraron los veh\u00edculos implicados.<\/p>\n<p>Posteriormente se traslad\u00f3 a la victima e imputado al hospital menor Emilio Aldaya .<\/p>\n<p><strong>Intervine. UFIJ 15<\/strong><\/p>\n<p>&nbsp;<br \/>\n<a data-flickr-embed=\"true\" href=\"https:\/\/www.flickr.com\/photos\/182279889@N02\/53736846757\/in\/dateposted-public\/\" title=\"Detenido en Sierra (2)\"><img loading=\"lazy\" decoding=\"async\" src=\"https:\/\/live.staticflickr.com\/65535\/53736846757_2a97023eb4_z.jpg\" width=\"360\" height=\"640\" alt=\"Detenido en Sierra (2)\"\/><\/a><script async src=\"\/\/embedr.flickr.com\/assets\/client-code.js\" charset=\"utf-8\"><\/script><br \/>\n<a data-flickr-embed=\"true\" href=\"https:\/\/www.flickr.com\/photos\/182279889@N02\/53738194765\/in\/dateposted-public\/\" title=\"Veh\u00edulo de Varela\"><img loading=\"lazy\" decoding=\"async\" src=\"https:\/\/live.staticflickr.com\/65535\/53738194765_8b4b90914d_z.jpg\" width=\"360\" height=\"640\" alt=\"Veh\u00edulo de Varela\"\/><\/a><script async src=\"\/\/embedr.flickr.com\/assets\/client-code.js\" charset=\"utf-8\"><\/script><\/p>\n<p>&nbsp;<\/p>\n","protected":false},"excerpt":{"rendered":"<p>El hecho ocurri\u00f3 a las 18:30 HS de este martes frente a la repartici\u00f3n policial de Sierra de la Ventana, cuando un hombre arremeti\u00f3 a trompadas y patadas contra un utilitario .<\/p>\n","protected":false},"author":3,"featured_media":102953,"comment_status":"closed","ping_status":"closed","sticky":false,"template":"","format":"standard","meta":{"footnotes":""},"categories":[29],"tags":[48],"class_list":["post-102952","post","type-post","status-publish","format-standard","has-post-thumbnail","hentry","category-policiales","tag-destacada"],"yoast_head":"<!-- This site is optimized with the Yoast SEO plugin v25.9 - https:\/\/yoast.com\/wordpress\/plugins\/seo\/ -->\n<title>Agarr\u00f3 a las patadas un veh\u00edculo en la puerta de la comisar\u00eda y termin\u00f3 detenido - Noticias Radio Reflejos<\/title>\n<meta name=\"robots\" content=\"index, follow, max-snippet:-1, max-image-preview:large, max-video-preview:-1\" \/>\n<link rel=\"canonical\" href=\"https:\/\/www.noticiasradioreflejos.com.ar\/2021\/agarro-a-las-patadas-un-vehiculo-en-la-puerta-de-la-comisaria-y-termino-detenido\/\" \/>\n<meta property=\"og:locale\" content=\"es_ES\" \/>\n<meta property=\"og:type\" content=\"article\" \/>\n<meta property=\"og:title\" content=\"Agarr\u00f3 a las patadas un veh\u00edculo en la puerta de la comisar\u00eda y termin\u00f3 detenido - Noticias Radio Reflejos\" \/>\n<meta property=\"og:description\" content=\"El hecho ocurri\u00f3 a las 18:30 HS de este martes frente a la repartici\u00f3n policial de Sierra de la Ventana, cuando un hombre arremeti\u00f3 a trompadas y patadas contra un utilitario .\" \/>\n<meta property=\"og:url\" content=\"https:\/\/www.noticiasradioreflejos.com.ar\/2021\/agarro-a-las-patadas-un-vehiculo-en-la-puerta-de-la-comisaria-y-termino-detenido\/\" \/>\n<meta property=\"og:site_name\" content=\"Noticias Radio Reflejos\" \/>\n<meta property=\"article:published_time\" content=\"2024-05-22T00:14:25+00:00\" \/>\n<meta property=\"og:image\" content=\"https:\/\/www.noticiasradioreflejos.com.ar\/2021\/wp-content\/uploads\/2024\/05\/Detenido-en-Sierra-1.jpeg\" \/>\n\t<meta property=\"og:image:width\" content=\"901\" \/>\n\t<meta property=\"og:image:height\" content=\"1600\" \/>\n\t<meta property=\"og:image:type\" content=\"image\/jpeg\" \/>\n<meta name=\"author\" content=\"Arnaldo Botto\" \/>\n<meta name=\"twitter:card\" content=\"summary_large_image\" \/>\n<script type=\"application\/ld+json\" class=\"yoast-schema-graph\">{\"@context\":\"https:\/\/schema.org\",\"@graph\":[{\"@type\":\"WebPage\",\"@id\":\"https:\/\/www.noticiasradioreflejos.com.ar\/2021\/agarro-a-las-patadas-un-vehiculo-en-la-puerta-de-la-comisaria-y-termino-detenido\/\",\"url\":\"https:\/\/www.noticiasradioreflejos.com.ar\/2021\/agarro-a-las-patadas-un-vehiculo-en-la-puerta-de-la-comisaria-y-termino-detenido\/\",\"name\":\"Agarr\u00f3 a las patadas un veh\u00edculo en la puerta de la comisar\u00eda y termin\u00f3 detenido - Noticias Radio Reflejos\",\"isPartOf\":{\"@id\":\"https:\/\/www.noticiasradioreflejos.com.ar\/2021\/#website\"},\"primaryImageOfPage\":{\"@id\":\"https:\/\/www.noticiasradioreflejos.com.ar\/2021\/agarro-a-las-patadas-un-vehiculo-en-la-puerta-de-la-comisaria-y-termino-detenido\/#primaryimage\"},\"image\":{\"@id\":\"https:\/\/www.noticiasradioreflejos.com.ar\/2021\/agarro-a-las-patadas-un-vehiculo-en-la-puerta-de-la-comisaria-y-termino-detenido\/#primaryimage\"},\"thumbnailUrl\":\"https:\/\/www.noticiasradioreflejos.com.ar\/2021\/wp-content\/uploads\/2024\/05\/Detenido-en-Sierra-1.jpeg\",\"datePublished\":\"2024-05-22T00:14:25+00:00\",\"author\":{\"@id\":\"https:\/\/www.noticiasradioreflejos.com.ar\/2021\/#\/schema\/person\/ad82545263dcc5ec0996818884fd5fb1\"},\"breadcrumb\":{\"@id\":\"https:\/\/www.noticiasradioreflejos.com.ar\/2021\/agarro-a-las-patadas-un-vehiculo-en-la-puerta-de-la-comisaria-y-termino-detenido\/#breadcrumb\"},\"inLanguage\":\"es\",\"potentialAction\":[{\"@type\":\"ReadAction\",\"target\":[\"https:\/\/www.noticiasradioreflejos.com.ar\/2021\/agarro-a-las-patadas-un-vehiculo-en-la-puerta-de-la-comisaria-y-termino-detenido\/\"]}]},{\"@type\":\"ImageObject\",\"inLanguage\":\"es\",\"@id\":\"https:\/\/www.noticiasradioreflejos.com.ar\/2021\/agarro-a-las-patadas-un-vehiculo-en-la-puerta-de-la-comisaria-y-termino-detenido\/#primaryimage\",\"url\":\"https:\/\/www.noticiasradioreflejos.com.ar\/2021\/wp-content\/uploads\/2024\/05\/Detenido-en-Sierra-1.jpeg\",\"contentUrl\":\"https:\/\/www.noticiasradioreflejos.com.ar\/2021\/wp-content\/uploads\/2024\/05\/Detenido-en-Sierra-1.jpeg\",\"width\":901,\"height\":1600},{\"@type\":\"BreadcrumbList\",\"@id\":\"https:\/\/www.noticiasradioreflejos.com.ar\/2021\/agarro-a-las-patadas-un-vehiculo-en-la-puerta-de-la-comisaria-y-termino-detenido\/#breadcrumb\",\"itemListElement\":[{\"@type\":\"ListItem\",\"position\":1,\"name\":\"Portada\",\"item\":\"https:\/\/www.noticiasradioreflejos.com.ar\/2021\/\"},{\"@type\":\"ListItem\",\"position\":2,\"name\":\"Agarr\u00f3 a las patadas un veh\u00edculo en la puerta de la comisar\u00eda y termin\u00f3 detenido\"}]},{\"@type\":\"WebSite\",\"@id\":\"https:\/\/www.noticiasradioreflejos.com.ar\/2021\/#website\",\"url\":\"https:\/\/www.noticiasradioreflejos.com.ar\/2021\/\",\"name\":\"Noticias Radio Reflejos\",\"description\":\"Las noticias de mi comarca\",\"potentialAction\":[{\"@type\":\"SearchAction\",\"target\":{\"@type\":\"EntryPoint\",\"urlTemplate\":\"https:\/\/www.noticiasradioreflejos.com.ar\/2021\/?s={search_term_string}\"},\"query-input\":{\"@type\":\"PropertyValueSpecification\",\"valueRequired\":true,\"valueName\":\"search_term_string\"}}],\"inLanguage\":\"es\"},{\"@type\":\"Person\",\"@id\":\"https:\/\/www.noticiasradioreflejos.com.ar\/2021\/#\/schema\/person\/ad82545263dcc5ec0996818884fd5fb1\",\"name\":\"Arnaldo Botto\",\"image\":{\"@type\":\"ImageObject\",\"inLanguage\":\"es\",\"@id\":\"https:\/\/www.noticiasradioreflejos.com.ar\/2021\/#\/schema\/person\/image\/\",\"url\":\"https:\/\/secure.gravatar.com\/avatar\/55cb5e37c1efa326397366e6974cb338056df65cb50e7d64d1cf314e87504837?s=96&d=mm&r=g\",\"contentUrl\":\"https:\/\/secure.gravatar.com\/avatar\/55cb5e37c1efa326397366e6974cb338056df65cb50e7d64d1cf314e87504837?s=96&d=mm&r=g\",\"caption\":\"Arnaldo Botto\"},\"url\":\"https:\/\/www.noticiasradioreflejos.com.ar\/2021\/author\/arnaldo\/\"}]}<\/script>\n<!-- \/ Yoast SEO plugin. -->","yoast_head_json":{"title":"Agarr\u00f3 a las patadas un veh\u00edculo en la puerta de la comisar\u00eda y termin\u00f3 detenido - Noticias Radio Reflejos","robots":{"index":"index","follow":"follow","max-snippet":"max-snippet:-1","max-image-preview":"max-image-preview:large","max-video-preview":"max-video-preview:-1"},"canonical":"https:\/\/www.noticiasradioreflejos.com.ar\/2021\/agarro-a-las-patadas-un-vehiculo-en-la-puerta-de-la-comisaria-y-termino-detenido\/","og_locale":"es_ES","og_type":"article","og_title":"Agarr\u00f3 a las patadas un veh\u00edculo en la puerta de la comisar\u00eda y termin\u00f3 detenido - Noticias Radio Reflejos","og_description":"El hecho ocurri\u00f3 a las 18:30 HS de este martes frente a la repartici\u00f3n policial de Sierra de la Ventana, cuando un hombre arremeti\u00f3 a trompadas y patadas contra un utilitario .","og_url":"https:\/\/www.noticiasradioreflejos.com.ar\/2021\/agarro-a-las-patadas-un-vehiculo-en-la-puerta-de-la-comisaria-y-termino-detenido\/","og_site_name":"Noticias Radio Reflejos","article_published_time":"2024-05-22T00:14:25+00:00","og_image":[{"width":901,"height":1600,"url":"https:\/\/www.noticiasradioreflejos.com.ar\/2021\/wp-content\/uploads\/2024\/05\/Detenido-en-Sierra-1.jpeg","type":"image\/jpeg"}],"author":"Arnaldo Botto","twitter_card":"summary_large_image","schema":{"@context":"https:\/\/schema.org","@graph":[{"@type":"WebPage","@id":"https:\/\/www.noticiasradioreflejos.com.ar\/2021\/agarro-a-las-patadas-un-vehiculo-en-la-puerta-de-la-comisaria-y-termino-detenido\/","url":"https:\/\/www.noticiasradioreflejos.com.ar\/2021\/agarro-a-las-patadas-un-vehiculo-en-la-puerta-de-la-comisaria-y-termino-detenido\/","name":"Agarr\u00f3 a las patadas un veh\u00edculo en la puerta de la comisar\u00eda y termin\u00f3 detenido - Noticias Radio Reflejos","isPartOf":{"@id":"https:\/\/www.noticiasradioreflejos.com.ar\/2021\/#website"},"primaryImageOfPage":{"@id":"https:\/\/www.noticiasradioreflejos.com.ar\/2021\/agarro-a-las-patadas-un-vehiculo-en-la-puerta-de-la-comisaria-y-termino-detenido\/#primaryimage"},"image":{"@id":"https:\/\/www.noticiasradioreflejos.com.ar\/2021\/agarro-a-las-patadas-un-vehiculo-en-la-puerta-de-la-comisaria-y-termino-detenido\/#primaryimage"},"thumbnailUrl":"https:\/\/www.noticiasradioreflejos.com.ar\/2021\/wp-content\/uploads\/2024\/05\/Detenido-en-Sierra-1.jpeg","datePublished":"2024-05-22T00:14:25+00:00","author":{"@id":"https:\/\/www.noticiasradioreflejos.com.ar\/2021\/#\/schema\/person\/ad82545263dcc5ec0996818884fd5fb1"},"breadcrumb":{"@id":"https:\/\/www.noticiasradioreflejos.com.ar\/2021\/agarro-a-las-patadas-un-vehiculo-en-la-puerta-de-la-comisaria-y-termino-detenido\/#breadcrumb"},"inLanguage":"es","potentialAction":[{"@type":"ReadAction","target":["https:\/\/www.noticiasradioreflejos.com.ar\/2021\/agarro-a-las-patadas-un-vehiculo-en-la-puerta-de-la-comisaria-y-termino-detenido\/"]}]},{"@type":"ImageObject","inLanguage":"es","@id":"https:\/\/www.noticiasradioreflejos.com.ar\/2021\/agarro-a-las-patadas-un-vehiculo-en-la-puerta-de-la-comisaria-y-termino-detenido\/#primaryimage","url":"https:\/\/www.noticiasradioreflejos.com.ar\/2021\/wp-content\/uploads\/2024\/05\/Detenido-en-Sierra-1.jpeg","contentUrl":"https:\/\/www.noticiasradioreflejos.com.ar\/2021\/wp-content\/uploads\/2024\/05\/Detenido-en-Sierra-1.jpeg","width":901,"height":1600},{"@type":"BreadcrumbList","@id":"https:\/\/www.noticiasradioreflejos.com.ar\/2021\/agarro-a-las-patadas-un-vehiculo-en-la-puerta-de-la-comisaria-y-termino-detenido\/#breadcrumb","itemListElement":[{"@type":"ListItem","position":1,"name":"Portada","item":"https:\/\/www.noticiasradioreflejos.com.ar\/2021\/"},{"@type":"ListItem","position":2,"name":"Agarr\u00f3 a las patadas un veh\u00edculo en la puerta de la comisar\u00eda y termin\u00f3 detenido"}]},{"@type":"WebSite","@id":"https:\/\/www.noticiasradioreflejos.com.ar\/2021\/#website","url":"https:\/\/www.noticiasradioreflejos.com.ar\/2021\/","name":"Noticias Radio Reflejos","description":"Las noticias de mi comarca","potentialAction":[{"@type":"SearchAction","target":{"@type":"EntryPoint","urlTemplate":"https:\/\/www.noticiasradioreflejos.com.ar\/2021\/?s={search_term_string}"},"query-input":{"@type":"PropertyValueSpecification","valueRequired":true,"valueName":"search_term_string"}}],"inLanguage":"es"},{"@type":"Person","@id":"https:\/\/www.noticiasradioreflejos.com.ar\/2021\/#\/schema\/person\/ad82545263dcc5ec0996818884fd5fb1","name":"Arnaldo Botto","image":{"@type":"ImageObject","inLanguage":"es","@id":"https:\/\/www.noticiasradioreflejos.com.ar\/2021\/#\/schema\/person\/image\/","url":"https:\/\/secure.gravatar.com\/avatar\/55cb5e37c1efa326397366e6974cb338056df65cb50e7d64d1cf314e87504837?s=96&d=mm&r=g","contentUrl":"https:\/\/secure.gravatar.com\/avatar\/55cb5e37c1efa326397366e6974cb338056df65cb50e7d64d1cf314e87504837?s=96&d=mm&r=g","caption":"Arnaldo Botto"},"url":"https:\/\/www.noticiasradioreflejos.com.ar\/2021\/author\/arnaldo\/"}]}},"_links":{"self":[{"href":"https:\/\/www.noticiasradioreflejos.com.ar\/2021\/wp-json\/wp\/v2\/posts\/102952","targetHints":{"allow":["GET"]}}],"collection":[{"href":"https:\/\/www.noticiasradioreflejos.com.ar\/2021\/wp-json\/wp\/v2\/posts"}],"about":[{"href":"https:\/\/www.noticiasradioreflejos.com.ar\/2021\/wp-json\/wp\/v2\/types\/post"}],"author":[{"embeddable":true,"href":"https:\/\/www.noticiasradioreflejos.com.ar\/2021\/wp-json\/wp\/v2\/users\/3"}],"replies":[{"embeddable":true,"href":"https:\/\/www.noticiasradioreflejos.com.ar\/2021\/wp-json\/wp\/v2\/comments?post=102952"}],"version-history":[{"count":1,"href":"https:\/\/www.noticiasradioreflejos.com.ar\/2021\/wp-json\/wp\/v2\/posts\/102952\/revisions"}],"predecessor-version":[{"id":102954,"href":"https:\/\/www.noticiasradioreflejos.com.ar\/2021\/wp-json\/wp\/v2\/posts\/102952\/revisions\/102954"}],"wp:featuredmedia":[{"embeddable":true,"href":"https:\/\/www.noticiasradioreflejos.com.ar\/2021\/wp-json\/wp\/v2\/media\/102953"}],"wp:attachment":[{"href":"https:\/\/www.noticiasradioreflejos.com.ar\/2021\/wp-json\/wp\/v2\/media?parent=102952"}],"wp:term":[{"taxonomy":"category","embeddable":true,"href":"https:\/\/www.noticiasradioreflejos.com.ar\/2021\/wp-json\/wp\/v2\/categories?post=102952"},{"taxonomy":"post_tag","embeddable":true,"href":"https:\/\/www.noticiasradioreflejos.com.ar\/2021\/wp-json\/wp\/v2\/tags?post=102952"}],"curies":[{"name":"wp","href":"https:\/\/api.w.org\/{rel}","templated":true}]}}