{"id":102936,"date":"2024-05-21T10:37:56","date_gmt":"2024-05-21T13:37:56","guid":{"rendered":"https:\/\/www.noticiasradioreflejos.com.ar\/2021\/?p=102936"},"modified":"2024-05-21T11:14:54","modified_gmt":"2024-05-21T14:14:54","slug":"el-distrito-de-tornquist-recibe-la-visita-del-gobernador-axel-kicillof","status":"publish","type":"post","link":"https:\/\/www.noticiasradioreflejos.com.ar\/2021\/el-distrito-de-tornquist-recibe-la-visita-del-gobernador-axel-kicillof\/","title":{"rendered":"El distrito de Tornquist recibe la visita del Gobernador Axel Kicillof"},"content":{"rendered":"<p>El viernes 24 de mayo, el distrito de Tornquist recibir\u00e1 la visita del Gobernador de la Provincia de Buenos Aires, Axel Kicillof.<br \/>\nEl mandatario bonaerense, que arribar\u00e1 acompa\u00f1ado por miembros de su gabinete de ministros, ser\u00e1 recibido en Saldungaray por el intendente Sergio Bordoni, con quien encabezar\u00e1 un acto de inauguraci\u00f3n de obras.<br \/>\nLa jornada est\u00e1 prevista a partir de las 10 hs en calle Chile entre La Plata y Pellegrini.<\/p>\n","protected":false},"excerpt":{"rendered":"<p>El viernes 24 de mayo, el distrito de Tornquist recibir\u00e1 la visita del Gobernador de la Provincia de Buenos Aires, Axel Kicillof. El mandatario bonaerense, que arribar\u00e1 acompa\u00f1ado por miembros de su gabinete de ministros, ser\u00e1 recibido en Saldungaray por el intendente Sergio Bordoni, con quien encabezar\u00e1 un acto de inauguraci\u00f3n de obras. La jornada [&hellip;]<\/p>\n","protected":false},"author":3,"featured_media":0,"comment_status":"closed","ping_status":"closed","sticky":false,"template":"","format":"standard","meta":{"footnotes":""},"categories":[28],"tags":[48],"class_list":["post-102936","post","type-post","status-publish","format-standard","hentry","category-municipales","tag-destacada"],"yoast_head":"<!-- This site is optimized with the Yoast SEO plugin v25.9 - https:\/\/yoast.com\/wordpress\/plugins\/seo\/ -->\n<title>El distrito de Tornquist recibe la visita del Gobernador Axel Kicillof - Noticias Radio Reflejos<\/title>\n<meta name=\"robots\" content=\"index, follow, max-snippet:-1, max-image-preview:large, max-video-preview:-1\" \/>\n<link rel=\"canonical\" href=\"https:\/\/www.noticiasradioreflejos.com.ar\/2021\/el-distrito-de-tornquist-recibe-la-visita-del-gobernador-axel-kicillof\/\" \/>\n<meta property=\"og:locale\" content=\"es_ES\" \/>\n<meta property=\"og:type\" content=\"article\" \/>\n<meta property=\"og:title\" content=\"El distrito de Tornquist recibe la visita del Gobernador Axel Kicillof - Noticias Radio Reflejos\" \/>\n<meta property=\"og:description\" content=\"El viernes 24 de mayo, el distrito de Tornquist recibir\u00e1 la visita del Gobernador de la Provincia de Buenos Aires, Axel Kicillof. El mandatario bonaerense, que arribar\u00e1 acompa\u00f1ado por miembros de su gabinete de ministros, ser\u00e1 recibido en Saldungaray por el intendente Sergio Bordoni, con quien encabezar\u00e1 un acto de inauguraci\u00f3n de obras. La jornada [&hellip;]\" \/>\n<meta property=\"og:url\" content=\"https:\/\/www.noticiasradioreflejos.com.ar\/2021\/el-distrito-de-tornquist-recibe-la-visita-del-gobernador-axel-kicillof\/\" \/>\n<meta property=\"og:site_name\" content=\"Noticias Radio Reflejos\" \/>\n<meta property=\"article:published_time\" content=\"2024-05-21T13:37:56+00:00\" \/>\n<meta property=\"article:modified_time\" content=\"2024-05-21T14:14:54+00:00\" \/>\n<meta property=\"og:image\" content=\"https:\/\/www.noticiasradioreflejos.com.ar\/2021\/wp-content\/uploads\/2021\/07\/logosol300x200.png\" \/>\n\t<meta property=\"og:image:width\" content=\"300\" \/>\n\t<meta property=\"og:image:height\" content=\"200\" \/>\n\t<meta property=\"og:image:type\" content=\"image\/png\" \/>\n<meta name=\"author\" content=\"Arnaldo Botto\" \/>\n<meta name=\"twitter:card\" content=\"summary_large_image\" \/>\n<script type=\"application\/ld+json\" class=\"yoast-schema-graph\">{\"@context\":\"https:\/\/schema.org\",\"@graph\":[{\"@type\":\"WebPage\",\"@id\":\"https:\/\/www.noticiasradioreflejos.com.ar\/2021\/el-distrito-de-tornquist-recibe-la-visita-del-gobernador-axel-kicillof\/\",\"url\":\"https:\/\/www.noticiasradioreflejos.com.ar\/2021\/el-distrito-de-tornquist-recibe-la-visita-del-gobernador-axel-kicillof\/\",\"name\":\"El distrito de Tornquist recibe la visita del Gobernador Axel Kicillof - Noticias Radio Reflejos\",\"isPartOf\":{\"@id\":\"https:\/\/www.noticiasradioreflejos.com.ar\/2021\/#website\"},\"datePublished\":\"2024-05-21T13:37:56+00:00\",\"dateModified\":\"2024-05-21T14:14:54+00:00\",\"author\":{\"@id\":\"https:\/\/www.noticiasradioreflejos.com.ar\/2021\/#\/schema\/person\/ad82545263dcc5ec0996818884fd5fb1\"},\"breadcrumb\":{\"@id\":\"https:\/\/www.noticiasradioreflejos.com.ar\/2021\/el-distrito-de-tornquist-recibe-la-visita-del-gobernador-axel-kicillof\/#breadcrumb\"},\"inLanguage\":\"es\",\"potentialAction\":[{\"@type\":\"ReadAction\",\"target\":[\"https:\/\/www.noticiasradioreflejos.com.ar\/2021\/el-distrito-de-tornquist-recibe-la-visita-del-gobernador-axel-kicillof\/\"]}]},{\"@type\":\"BreadcrumbList\",\"@id\":\"https:\/\/www.noticiasradioreflejos.com.ar\/2021\/el-distrito-de-tornquist-recibe-la-visita-del-gobernador-axel-kicillof\/#breadcrumb\",\"itemListElement\":[{\"@type\":\"ListItem\",\"position\":1,\"name\":\"Portada\",\"item\":\"https:\/\/www.noticiasradioreflejos.com.ar\/2021\/\"},{\"@type\":\"ListItem\",\"position\":2,\"name\":\"El distrito de Tornquist recibe la visita del Gobernador Axel Kicillof\"}]},{\"@type\":\"WebSite\",\"@id\":\"https:\/\/www.noticiasradioreflejos.com.ar\/2021\/#website\",\"url\":\"https:\/\/www.noticiasradioreflejos.com.ar\/2021\/\",\"name\":\"Noticias Radio Reflejos\",\"description\":\"Las noticias de mi comarca\",\"potentialAction\":[{\"@type\":\"SearchAction\",\"target\":{\"@type\":\"EntryPoint\",\"urlTemplate\":\"https:\/\/www.noticiasradioreflejos.com.ar\/2021\/?s={search_term_string}\"},\"query-input\":{\"@type\":\"PropertyValueSpecification\",\"valueRequired\":true,\"valueName\":\"search_term_string\"}}],\"inLanguage\":\"es\"},{\"@type\":\"Person\",\"@id\":\"https:\/\/www.noticiasradioreflejos.com.ar\/2021\/#\/schema\/person\/ad82545263dcc5ec0996818884fd5fb1\",\"name\":\"Arnaldo Botto\",\"image\":{\"@type\":\"ImageObject\",\"inLanguage\":\"es\",\"@id\":\"https:\/\/www.noticiasradioreflejos.com.ar\/2021\/#\/schema\/person\/image\/\",\"url\":\"https:\/\/secure.gravatar.com\/avatar\/55cb5e37c1efa326397366e6974cb338056df65cb50e7d64d1cf314e87504837?s=96&d=mm&r=g\",\"contentUrl\":\"https:\/\/secure.gravatar.com\/avatar\/55cb5e37c1efa326397366e6974cb338056df65cb50e7d64d1cf314e87504837?s=96&d=mm&r=g\",\"caption\":\"Arnaldo Botto\"},\"url\":\"https:\/\/www.noticiasradioreflejos.com.ar\/2021\/author\/arnaldo\/\"}]}<\/script>\n<!-- \/ Yoast SEO plugin. -->","yoast_head_json":{"title":"El distrito de Tornquist recibe la visita del Gobernador Axel Kicillof - Noticias Radio Reflejos","robots":{"index":"index","follow":"follow","max-snippet":"max-snippet:-1","max-image-preview":"max-image-preview:large","max-video-preview":"max-video-preview:-1"},"canonical":"https:\/\/www.noticiasradioreflejos.com.ar\/2021\/el-distrito-de-tornquist-recibe-la-visita-del-gobernador-axel-kicillof\/","og_locale":"es_ES","og_type":"article","og_title":"El distrito de Tornquist recibe la visita del Gobernador Axel Kicillof - Noticias Radio Reflejos","og_description":"El viernes 24 de mayo, el distrito de Tornquist recibir\u00e1 la visita del Gobernador de la Provincia de Buenos Aires, Axel Kicillof. El mandatario bonaerense, que arribar\u00e1 acompa\u00f1ado por miembros de su gabinete de ministros, ser\u00e1 recibido en Saldungaray por el intendente Sergio Bordoni, con quien encabezar\u00e1 un acto de inauguraci\u00f3n de obras. La jornada [&hellip;]","og_url":"https:\/\/www.noticiasradioreflejos.com.ar\/2021\/el-distrito-de-tornquist-recibe-la-visita-del-gobernador-axel-kicillof\/","og_site_name":"Noticias Radio Reflejos","article_published_time":"2024-05-21T13:37:56+00:00","article_modified_time":"2024-05-21T14:14:54+00:00","og_image":[{"width":300,"height":200,"url":"https:\/\/www.noticiasradioreflejos.com.ar\/2021\/wp-content\/uploads\/2021\/07\/logosol300x200.png","type":"image\/png"}],"author":"Arnaldo Botto","twitter_card":"summary_large_image","schema":{"@context":"https:\/\/schema.org","@graph":[{"@type":"WebPage","@id":"https:\/\/www.noticiasradioreflejos.com.ar\/2021\/el-distrito-de-tornquist-recibe-la-visita-del-gobernador-axel-kicillof\/","url":"https:\/\/www.noticiasradioreflejos.com.ar\/2021\/el-distrito-de-tornquist-recibe-la-visita-del-gobernador-axel-kicillof\/","name":"El distrito de Tornquist recibe la visita del Gobernador Axel Kicillof - Noticias Radio Reflejos","isPartOf":{"@id":"https:\/\/www.noticiasradioreflejos.com.ar\/2021\/#website"},"datePublished":"2024-05-21T13:37:56+00:00","dateModified":"2024-05-21T14:14:54+00:00","author":{"@id":"https:\/\/www.noticiasradioreflejos.com.ar\/2021\/#\/schema\/person\/ad82545263dcc5ec0996818884fd5fb1"},"breadcrumb":{"@id":"https:\/\/www.noticiasradioreflejos.com.ar\/2021\/el-distrito-de-tornquist-recibe-la-visita-del-gobernador-axel-kicillof\/#breadcrumb"},"inLanguage":"es","potentialAction":[{"@type":"ReadAction","target":["https:\/\/www.noticiasradioreflejos.com.ar\/2021\/el-distrito-de-tornquist-recibe-la-visita-del-gobernador-axel-kicillof\/"]}]},{"@type":"BreadcrumbList","@id":"https:\/\/www.noticiasradioreflejos.com.ar\/2021\/el-distrito-de-tornquist-recibe-la-visita-del-gobernador-axel-kicillof\/#breadcrumb","itemListElement":[{"@type":"ListItem","position":1,"name":"Portada","item":"https:\/\/www.noticiasradioreflejos.com.ar\/2021\/"},{"@type":"ListItem","position":2,"name":"El distrito de Tornquist recibe la visita del Gobernador Axel Kicillof"}]},{"@type":"WebSite","@id":"https:\/\/www.noticiasradioreflejos.com.ar\/2021\/#website","url":"https:\/\/www.noticiasradioreflejos.com.ar\/2021\/","name":"Noticias Radio Reflejos","description":"Las noticias de mi comarca","potentialAction":[{"@type":"SearchAction","target":{"@type":"EntryPoint","urlTemplate":"https:\/\/www.noticiasradioreflejos.com.ar\/2021\/?s={search_term_string}"},"query-input":{"@type":"PropertyValueSpecification","valueRequired":true,"valueName":"search_term_string"}}],"inLanguage":"es"},{"@type":"Person","@id":"https:\/\/www.noticiasradioreflejos.com.ar\/2021\/#\/schema\/person\/ad82545263dcc5ec0996818884fd5fb1","name":"Arnaldo Botto","image":{"@type":"ImageObject","inLanguage":"es","@id":"https:\/\/www.noticiasradioreflejos.com.ar\/2021\/#\/schema\/person\/image\/","url":"https:\/\/secure.gravatar.com\/avatar\/55cb5e37c1efa326397366e6974cb338056df65cb50e7d64d1cf314e87504837?s=96&d=mm&r=g","contentUrl":"https:\/\/secure.gravatar.com\/avatar\/55cb5e37c1efa326397366e6974cb338056df65cb50e7d64d1cf314e87504837?s=96&d=mm&r=g","caption":"Arnaldo Botto"},"url":"https:\/\/www.noticiasradioreflejos.com.ar\/2021\/author\/arnaldo\/"}]}},"_links":{"self":[{"href":"https:\/\/www.noticiasradioreflejos.com.ar\/2021\/wp-json\/wp\/v2\/posts\/102936","targetHints":{"allow":["GET"]}}],"collection":[{"href":"https:\/\/www.noticiasradioreflejos.com.ar\/2021\/wp-json\/wp\/v2\/posts"}],"about":[{"href":"https:\/\/www.noticiasradioreflejos.com.ar\/2021\/wp-json\/wp\/v2\/types\/post"}],"author":[{"embeddable":true,"href":"https:\/\/www.noticiasradioreflejos.com.ar\/2021\/wp-json\/wp\/v2\/users\/3"}],"replies":[{"embeddable":true,"href":"https:\/\/www.noticiasradioreflejos.com.ar\/2021\/wp-json\/wp\/v2\/comments?post=102936"}],"version-history":[{"count":1,"href":"https:\/\/www.noticiasradioreflejos.com.ar\/2021\/wp-json\/wp\/v2\/posts\/102936\/revisions"}],"predecessor-version":[{"id":102938,"href":"https:\/\/www.noticiasradioreflejos.com.ar\/2021\/wp-json\/wp\/v2\/posts\/102936\/revisions\/102938"}],"wp:attachment":[{"href":"https:\/\/www.noticiasradioreflejos.com.ar\/2021\/wp-json\/wp\/v2\/media?parent=102936"}],"wp:term":[{"taxonomy":"category","embeddable":true,"href":"https:\/\/www.noticiasradioreflejos.com.ar\/2021\/wp-json\/wp\/v2\/categories?post=102936"},{"taxonomy":"post_tag","embeddable":true,"href":"https:\/\/www.noticiasradioreflejos.com.ar\/2021\/wp-json\/wp\/v2\/tags?post=102936"}],"curies":[{"name":"wp","href":"https:\/\/api.w.org\/{rel}","templated":true}]}}