{"id":102933,"date":"2024-05-21T08:25:17","date_gmt":"2024-05-21T11:25:17","guid":{"rendered":"https:\/\/www.noticiasradioreflejos.com.ar\/2021\/?p=102933"},"modified":"2024-05-21T08:25:17","modified_gmt":"2024-05-21T11:25:17","slug":"gremios-docentes-convocaron-a-un-paro-nacional-para-este-jueves","status":"publish","type":"post","link":"https:\/\/www.noticiasradioreflejos.com.ar\/2021\/gremios-docentes-convocaron-a-un-paro-nacional-para-este-jueves\/","title":{"rendered":"Gremios docentes convocaron a un paro nacional para este jueves"},"content":{"rendered":"<p>Es por demandas salariales. Lo impulsan la CTERA y los cuatro sindicatos del sector de la CGT.<!--more--><\/p>\n<p>Los sindicatos docentes CTERA y los que integran la CGT convocaron a un paro de 24 horas para este jueves en las escuelas de todo el pa\u00eds, en reclamo de un aumento salarial.<\/p>\n<p>La medida de fuerza afectar\u00e1 a todo el sistema educativo (inicial, primaria, secundaria, t\u00e9cnica, institutos de educaci\u00f3n superior y nivel universitario) \u00abante la falta de respuestas a las demandas salariales, laborales y de financiamiento educativo\u00bb, inform\u00f3 CTERA en un comunicado.<\/p>\n<p>El mismo jueves del paro sesionar\u00e1n en el Congreso de la Naci\u00f3n, las Comisiones de Presupuesto y de Educaci\u00f3n de Diputados, por lo que el gremio mayoritario del sector anunci\u00f3 que realizar\u00e1 una concentraci\u00f3n frente al parlamento \u00abpara exigir el tratamiento de financiamiento universitario y restituci\u00f3n del FONID\u00bb.<\/p>\n<p>La huelga es impulsada por CTERA, columna vertebral de la CTA de los Trabajadores, pero tambi\u00e9n por los cuatro gremios docentes de la CGT: UDA, AMET, CEA y SADOP.<\/p>\n<p>\u00abLa falta de respuestas han ocasionado p\u00e9rdida del poder adquisitivo de nuestros salarios \u2013desde diciembre de 2023 hay docentes con salarios de 250 mil pesos-, desfinanciamiento educativo en todas las \u00e1reas, ocasionando y profundizando los  conflictos provinciales, ante la ausencia del Estado como garante del piso salarial docente y los recursos necesarios para el funcionamiento del sistema educativo\u00bb, sostuvo CTERA.<\/p>\n<p>Y exigi\u00f3: \u00abUrgente convocatoria a la Paritaria Nacional Docente. Restituci\u00f3n del FONID, que implica una disminuci\u00f3n del salario entre un 10 % y un 20 %. Financiamiento para las escuelas y las universidades p\u00fablicas. M\u00e1s Presupuesto Educativo. Env\u00edo de recursos para infraestructura escolar. Env\u00edo de fondos para comedores escolares. Financiamiento para Programas Educativos.<br \/>\nUrgente aumento de emergencia a  los salarios de las docentes y los docentes jubilados. No al traspaso de las Cajas Provinciales a la Naci\u00f3n. No a la modificaci\u00f3n de los Reg\u00edmenes Jubilatorios Docentes Nacionales y Provinciales\u00bb.<\/p>\n<p><strong>Fuente NA<\/strong><\/p>\n","protected":false},"excerpt":{"rendered":"<p>Es por demandas salariales. Lo impulsan la CTERA y los cuatro sindicatos del sector de la CGT.<\/p>\n","protected":false},"author":3,"featured_media":0,"comment_status":"closed","ping_status":"closed","sticky":false,"template":"","format":"standard","meta":{"footnotes":""},"categories":[24],"tags":[],"class_list":["post-102933","post","type-post","status-publish","format-standard","hentry","category-politica"],"yoast_head":"<!-- This site is optimized with the Yoast SEO plugin v25.9 - https:\/\/yoast.com\/wordpress\/plugins\/seo\/ -->\n<title>Gremios docentes convocaron a un paro nacional para este jueves - Noticias Radio Reflejos<\/title>\n<meta name=\"robots\" content=\"index, follow, max-snippet:-1, max-image-preview:large, max-video-preview:-1\" \/>\n<link rel=\"canonical\" href=\"https:\/\/www.noticiasradioreflejos.com.ar\/2021\/gremios-docentes-convocaron-a-un-paro-nacional-para-este-jueves\/\" \/>\n<meta property=\"og:locale\" content=\"es_ES\" \/>\n<meta property=\"og:type\" content=\"article\" \/>\n<meta property=\"og:title\" content=\"Gremios docentes convocaron a un paro nacional para este jueves - Noticias Radio Reflejos\" \/>\n<meta property=\"og:description\" content=\"Es por demandas salariales. Lo impulsan la CTERA y los cuatro sindicatos del sector de la CGT.\" \/>\n<meta property=\"og:url\" content=\"https:\/\/www.noticiasradioreflejos.com.ar\/2021\/gremios-docentes-convocaron-a-un-paro-nacional-para-este-jueves\/\" \/>\n<meta property=\"og:site_name\" content=\"Noticias Radio Reflejos\" \/>\n<meta property=\"article:published_time\" content=\"2024-05-21T11:25:17+00:00\" \/>\n<meta property=\"og:image\" content=\"https:\/\/www.noticiasradioreflejos.com.ar\/2021\/wp-content\/uploads\/2021\/07\/logosol300x200.png\" \/>\n\t<meta property=\"og:image:width\" content=\"300\" \/>\n\t<meta property=\"og:image:height\" content=\"200\" \/>\n\t<meta property=\"og:image:type\" content=\"image\/png\" \/>\n<meta name=\"author\" content=\"Arnaldo Botto\" \/>\n<meta name=\"twitter:card\" content=\"summary_large_image\" \/>\n<script type=\"application\/ld+json\" class=\"yoast-schema-graph\">{\"@context\":\"https:\/\/schema.org\",\"@graph\":[{\"@type\":\"WebPage\",\"@id\":\"https:\/\/www.noticiasradioreflejos.com.ar\/2021\/gremios-docentes-convocaron-a-un-paro-nacional-para-este-jueves\/\",\"url\":\"https:\/\/www.noticiasradioreflejos.com.ar\/2021\/gremios-docentes-convocaron-a-un-paro-nacional-para-este-jueves\/\",\"name\":\"Gremios docentes convocaron a un paro nacional para este jueves - Noticias Radio Reflejos\",\"isPartOf\":{\"@id\":\"https:\/\/www.noticiasradioreflejos.com.ar\/2021\/#website\"},\"datePublished\":\"2024-05-21T11:25:17+00:00\",\"author\":{\"@id\":\"https:\/\/www.noticiasradioreflejos.com.ar\/2021\/#\/schema\/person\/ad82545263dcc5ec0996818884fd5fb1\"},\"breadcrumb\":{\"@id\":\"https:\/\/www.noticiasradioreflejos.com.ar\/2021\/gremios-docentes-convocaron-a-un-paro-nacional-para-este-jueves\/#breadcrumb\"},\"inLanguage\":\"es\",\"potentialAction\":[{\"@type\":\"ReadAction\",\"target\":[\"https:\/\/www.noticiasradioreflejos.com.ar\/2021\/gremios-docentes-convocaron-a-un-paro-nacional-para-este-jueves\/\"]}]},{\"@type\":\"BreadcrumbList\",\"@id\":\"https:\/\/www.noticiasradioreflejos.com.ar\/2021\/gremios-docentes-convocaron-a-un-paro-nacional-para-este-jueves\/#breadcrumb\",\"itemListElement\":[{\"@type\":\"ListItem\",\"position\":1,\"name\":\"Portada\",\"item\":\"https:\/\/www.noticiasradioreflejos.com.ar\/2021\/\"},{\"@type\":\"ListItem\",\"position\":2,\"name\":\"Gremios docentes convocaron a un paro nacional para este jueves\"}]},{\"@type\":\"WebSite\",\"@id\":\"https:\/\/www.noticiasradioreflejos.com.ar\/2021\/#website\",\"url\":\"https:\/\/www.noticiasradioreflejos.com.ar\/2021\/\",\"name\":\"Noticias Radio Reflejos\",\"description\":\"Las noticias de mi comarca\",\"potentialAction\":[{\"@type\":\"SearchAction\",\"target\":{\"@type\":\"EntryPoint\",\"urlTemplate\":\"https:\/\/www.noticiasradioreflejos.com.ar\/2021\/?s={search_term_string}\"},\"query-input\":{\"@type\":\"PropertyValueSpecification\",\"valueRequired\":true,\"valueName\":\"search_term_string\"}}],\"inLanguage\":\"es\"},{\"@type\":\"Person\",\"@id\":\"https:\/\/www.noticiasradioreflejos.com.ar\/2021\/#\/schema\/person\/ad82545263dcc5ec0996818884fd5fb1\",\"name\":\"Arnaldo Botto\",\"image\":{\"@type\":\"ImageObject\",\"inLanguage\":\"es\",\"@id\":\"https:\/\/www.noticiasradioreflejos.com.ar\/2021\/#\/schema\/person\/image\/\",\"url\":\"https:\/\/secure.gravatar.com\/avatar\/55cb5e37c1efa326397366e6974cb338056df65cb50e7d64d1cf314e87504837?s=96&d=mm&r=g\",\"contentUrl\":\"https:\/\/secure.gravatar.com\/avatar\/55cb5e37c1efa326397366e6974cb338056df65cb50e7d64d1cf314e87504837?s=96&d=mm&r=g\",\"caption\":\"Arnaldo Botto\"},\"url\":\"https:\/\/www.noticiasradioreflejos.com.ar\/2021\/author\/arnaldo\/\"}]}<\/script>\n<!-- \/ Yoast SEO plugin. -->","yoast_head_json":{"title":"Gremios docentes convocaron a un paro nacional para este jueves - Noticias Radio Reflejos","robots":{"index":"index","follow":"follow","max-snippet":"max-snippet:-1","max-image-preview":"max-image-preview:large","max-video-preview":"max-video-preview:-1"},"canonical":"https:\/\/www.noticiasradioreflejos.com.ar\/2021\/gremios-docentes-convocaron-a-un-paro-nacional-para-este-jueves\/","og_locale":"es_ES","og_type":"article","og_title":"Gremios docentes convocaron a un paro nacional para este jueves - Noticias Radio Reflejos","og_description":"Es por demandas salariales. Lo impulsan la CTERA y los cuatro sindicatos del sector de la CGT.","og_url":"https:\/\/www.noticiasradioreflejos.com.ar\/2021\/gremios-docentes-convocaron-a-un-paro-nacional-para-este-jueves\/","og_site_name":"Noticias Radio Reflejos","article_published_time":"2024-05-21T11:25:17+00:00","og_image":[{"width":300,"height":200,"url":"https:\/\/www.noticiasradioreflejos.com.ar\/2021\/wp-content\/uploads\/2021\/07\/logosol300x200.png","type":"image\/png"}],"author":"Arnaldo Botto","twitter_card":"summary_large_image","schema":{"@context":"https:\/\/schema.org","@graph":[{"@type":"WebPage","@id":"https:\/\/www.noticiasradioreflejos.com.ar\/2021\/gremios-docentes-convocaron-a-un-paro-nacional-para-este-jueves\/","url":"https:\/\/www.noticiasradioreflejos.com.ar\/2021\/gremios-docentes-convocaron-a-un-paro-nacional-para-este-jueves\/","name":"Gremios docentes convocaron a un paro nacional para este jueves - Noticias Radio Reflejos","isPartOf":{"@id":"https:\/\/www.noticiasradioreflejos.com.ar\/2021\/#website"},"datePublished":"2024-05-21T11:25:17+00:00","author":{"@id":"https:\/\/www.noticiasradioreflejos.com.ar\/2021\/#\/schema\/person\/ad82545263dcc5ec0996818884fd5fb1"},"breadcrumb":{"@id":"https:\/\/www.noticiasradioreflejos.com.ar\/2021\/gremios-docentes-convocaron-a-un-paro-nacional-para-este-jueves\/#breadcrumb"},"inLanguage":"es","potentialAction":[{"@type":"ReadAction","target":["https:\/\/www.noticiasradioreflejos.com.ar\/2021\/gremios-docentes-convocaron-a-un-paro-nacional-para-este-jueves\/"]}]},{"@type":"BreadcrumbList","@id":"https:\/\/www.noticiasradioreflejos.com.ar\/2021\/gremios-docentes-convocaron-a-un-paro-nacional-para-este-jueves\/#breadcrumb","itemListElement":[{"@type":"ListItem","position":1,"name":"Portada","item":"https:\/\/www.noticiasradioreflejos.com.ar\/2021\/"},{"@type":"ListItem","position":2,"name":"Gremios docentes convocaron a un paro nacional para este jueves"}]},{"@type":"WebSite","@id":"https:\/\/www.noticiasradioreflejos.com.ar\/2021\/#website","url":"https:\/\/www.noticiasradioreflejos.com.ar\/2021\/","name":"Noticias Radio Reflejos","description":"Las noticias de mi comarca","potentialAction":[{"@type":"SearchAction","target":{"@type":"EntryPoint","urlTemplate":"https:\/\/www.noticiasradioreflejos.com.ar\/2021\/?s={search_term_string}"},"query-input":{"@type":"PropertyValueSpecification","valueRequired":true,"valueName":"search_term_string"}}],"inLanguage":"es"},{"@type":"Person","@id":"https:\/\/www.noticiasradioreflejos.com.ar\/2021\/#\/schema\/person\/ad82545263dcc5ec0996818884fd5fb1","name":"Arnaldo Botto","image":{"@type":"ImageObject","inLanguage":"es","@id":"https:\/\/www.noticiasradioreflejos.com.ar\/2021\/#\/schema\/person\/image\/","url":"https:\/\/secure.gravatar.com\/avatar\/55cb5e37c1efa326397366e6974cb338056df65cb50e7d64d1cf314e87504837?s=96&d=mm&r=g","contentUrl":"https:\/\/secure.gravatar.com\/avatar\/55cb5e37c1efa326397366e6974cb338056df65cb50e7d64d1cf314e87504837?s=96&d=mm&r=g","caption":"Arnaldo Botto"},"url":"https:\/\/www.noticiasradioreflejos.com.ar\/2021\/author\/arnaldo\/"}]}},"_links":{"self":[{"href":"https:\/\/www.noticiasradioreflejos.com.ar\/2021\/wp-json\/wp\/v2\/posts\/102933","targetHints":{"allow":["GET"]}}],"collection":[{"href":"https:\/\/www.noticiasradioreflejos.com.ar\/2021\/wp-json\/wp\/v2\/posts"}],"about":[{"href":"https:\/\/www.noticiasradioreflejos.com.ar\/2021\/wp-json\/wp\/v2\/types\/post"}],"author":[{"embeddable":true,"href":"https:\/\/www.noticiasradioreflejos.com.ar\/2021\/wp-json\/wp\/v2\/users\/3"}],"replies":[{"embeddable":true,"href":"https:\/\/www.noticiasradioreflejos.com.ar\/2021\/wp-json\/wp\/v2\/comments?post=102933"}],"version-history":[{"count":1,"href":"https:\/\/www.noticiasradioreflejos.com.ar\/2021\/wp-json\/wp\/v2\/posts\/102933\/revisions"}],"predecessor-version":[{"id":102935,"href":"https:\/\/www.noticiasradioreflejos.com.ar\/2021\/wp-json\/wp\/v2\/posts\/102933\/revisions\/102935"}],"wp:attachment":[{"href":"https:\/\/www.noticiasradioreflejos.com.ar\/2021\/wp-json\/wp\/v2\/media?parent=102933"}],"wp:term":[{"taxonomy":"category","embeddable":true,"href":"https:\/\/www.noticiasradioreflejos.com.ar\/2021\/wp-json\/wp\/v2\/categories?post=102933"},{"taxonomy":"post_tag","embeddable":true,"href":"https:\/\/www.noticiasradioreflejos.com.ar\/2021\/wp-json\/wp\/v2\/tags?post=102933"}],"curies":[{"name":"wp","href":"https:\/\/api.w.org\/{rel}","templated":true}]}}