{"id":102918,"date":"2024-05-21T07:51:45","date_gmt":"2024-05-21T10:51:45","guid":{"rendered":"https:\/\/www.noticiasradioreflejos.com.ar\/2021\/?p=102918"},"modified":"2024-05-21T07:51:45","modified_gmt":"2024-05-21T10:51:45","slug":"informe-de-la-uca-la-pobreza-alcanzo-a-55-de-la-poblacion-en-el-primer-trimestre","status":"publish","type":"post","link":"https:\/\/www.noticiasradioreflejos.com.ar\/2021\/informe-de-la-uca-la-pobreza-alcanzo-a-55-de-la-poblacion-en-el-primer-trimestre\/","title":{"rendered":"Informe de la UCA: la pobreza alcanz\u00f3 a 55% de la poblaci\u00f3n en el primer trimestre"},"content":{"rendered":"<p>La pobreza alcanz\u00f3 al 55% de la poblaci\u00f3n y la indigencia al 18% en el primer trimestre del a\u00f1o, seg\u00fan estimaciones del Observatorio de la Deuda Social Argentina de la Universidad Cat\u00f3lica Argentina (ODSA-UCA). Se trata de la cifra m\u00e1s alta desde 2002.<!--more--><\/p>\n<p>Agust\u00edn Salvia, director del ODSA-UCA, con el shock de precios, producto de la devaluaci\u00f3n y de la consecuente ca\u00edda de los ingresos reales en diciembre y enero, se produjo un fuerte aumento de la pobreza, la cual habr\u00eda llegado a un pico de 58% en febrero.<\/p>\n<p>\u201cA partir de dicho mes deviene una ca\u00edda de la inflaci\u00f3n y empieza a haber mejoras en las remuneraciones, incluso actualizaciones en los haberes jubilatorios y en los programas sociales. Esto hizo que la pobreza se estabilice en torno al 54% y 55% en el primer trimestre. En abril y mayo cay\u00f3 levemente, pero de manera muy heterog\u00e9nea\u201d, sostuvo.<\/p>\n<p>Agreg\u00f3 que \u201cse estabiliza el nivel de pobreza, incluso esta tiende a bajar a partir de que los sectores formales van recuperando sus ingresos, pero la situaci\u00f3n se agrava en los sectores informales m\u00e1s pobres, en donde la asistencia social ya no alcanza y la reducci\u00f3n del nivel de trabajo produce un desgaste en los ingresos corrientes que hace que esos hogares, que ya estaban bajo la l\u00ednea de pobreza, caigan en situaci\u00f3n de indigencia\u201d, agreg\u00f3.<\/p>\n<p>Aclar\u00f3 que si con la recesi\u00f3n se produce un shock de desempleo por el cierre de establecimientos de peque\u00f1as y medianas empresas, se agravar\u00edan tanto la pobreza como la indigencia.<\/p>\n<p>Fuente: Infobae<\/p>\n","protected":false},"excerpt":{"rendered":"<p>La pobreza alcanz\u00f3 al 55% de la poblaci\u00f3n y la indigencia al 18% en el primer trimestre del a\u00f1o, seg\u00fan estimaciones del Observatorio de la Deuda Social Argentina de la Universidad Cat\u00f3lica Argentina (ODSA-UCA). Se trata de la cifra m\u00e1s alta desde 2002.<\/p>\n","protected":false},"author":3,"featured_media":100049,"comment_status":"closed","ping_status":"closed","sticky":false,"template":"","format":"standard","meta":{"footnotes":""},"categories":[1],"tags":[],"class_list":["post-102918","post","type-post","status-publish","format-standard","has-post-thumbnail","hentry","category-sin-categoria"],"yoast_head":"<!-- This site is optimized with the Yoast SEO plugin v25.9 - https:\/\/yoast.com\/wordpress\/plugins\/seo\/ -->\n<title>Informe de la UCA: la pobreza alcanz\u00f3 a 55% de la poblaci\u00f3n en el primer trimestre - Noticias Radio Reflejos<\/title>\n<meta name=\"robots\" content=\"index, follow, max-snippet:-1, max-image-preview:large, max-video-preview:-1\" \/>\n<link rel=\"canonical\" href=\"https:\/\/www.noticiasradioreflejos.com.ar\/2021\/informe-de-la-uca-la-pobreza-alcanzo-a-55-de-la-poblacion-en-el-primer-trimestre\/\" \/>\n<meta property=\"og:locale\" content=\"es_ES\" \/>\n<meta property=\"og:type\" content=\"article\" \/>\n<meta property=\"og:title\" content=\"Informe de la UCA: la pobreza alcanz\u00f3 a 55% de la poblaci\u00f3n en el primer trimestre - Noticias Radio Reflejos\" \/>\n<meta property=\"og:description\" content=\"La pobreza alcanz\u00f3 al 55% de la poblaci\u00f3n y la indigencia al 18% en el primer trimestre del a\u00f1o, seg\u00fan estimaciones del Observatorio de la Deuda Social Argentina de la Universidad Cat\u00f3lica Argentina (ODSA-UCA). Se trata de la cifra m\u00e1s alta desde 2002.\" \/>\n<meta property=\"og:url\" content=\"https:\/\/www.noticiasradioreflejos.com.ar\/2021\/informe-de-la-uca-la-pobreza-alcanzo-a-55-de-la-poblacion-en-el-primer-trimestre\/\" \/>\n<meta property=\"og:site_name\" content=\"Noticias Radio Reflejos\" \/>\n<meta property=\"article:published_time\" content=\"2024-05-21T10:51:45+00:00\" \/>\n<meta property=\"og:image\" content=\"https:\/\/www.noticiasradioreflejos.com.ar\/2021\/wp-content\/uploads\/2024\/03\/pobreza-infantil.jpg\" \/>\n\t<meta property=\"og:image:width\" content=\"1124\" \/>\n\t<meta property=\"og:image:height\" content=\"720\" \/>\n\t<meta property=\"og:image:type\" content=\"image\/jpeg\" \/>\n<meta name=\"author\" content=\"Arnaldo Botto\" \/>\n<meta name=\"twitter:card\" content=\"summary_large_image\" \/>\n<script type=\"application\/ld+json\" class=\"yoast-schema-graph\">{\"@context\":\"https:\/\/schema.org\",\"@graph\":[{\"@type\":\"WebPage\",\"@id\":\"https:\/\/www.noticiasradioreflejos.com.ar\/2021\/informe-de-la-uca-la-pobreza-alcanzo-a-55-de-la-poblacion-en-el-primer-trimestre\/\",\"url\":\"https:\/\/www.noticiasradioreflejos.com.ar\/2021\/informe-de-la-uca-la-pobreza-alcanzo-a-55-de-la-poblacion-en-el-primer-trimestre\/\",\"name\":\"Informe de la UCA: la pobreza alcanz\u00f3 a 55% de la poblaci\u00f3n en el primer trimestre - Noticias Radio Reflejos\",\"isPartOf\":{\"@id\":\"https:\/\/www.noticiasradioreflejos.com.ar\/2021\/#website\"},\"primaryImageOfPage\":{\"@id\":\"https:\/\/www.noticiasradioreflejos.com.ar\/2021\/informe-de-la-uca-la-pobreza-alcanzo-a-55-de-la-poblacion-en-el-primer-trimestre\/#primaryimage\"},\"image\":{\"@id\":\"https:\/\/www.noticiasradioreflejos.com.ar\/2021\/informe-de-la-uca-la-pobreza-alcanzo-a-55-de-la-poblacion-en-el-primer-trimestre\/#primaryimage\"},\"thumbnailUrl\":\"https:\/\/www.noticiasradioreflejos.com.ar\/2021\/wp-content\/uploads\/2024\/03\/pobreza-infantil.jpg\",\"datePublished\":\"2024-05-21T10:51:45+00:00\",\"author\":{\"@id\":\"https:\/\/www.noticiasradioreflejos.com.ar\/2021\/#\/schema\/person\/ad82545263dcc5ec0996818884fd5fb1\"},\"breadcrumb\":{\"@id\":\"https:\/\/www.noticiasradioreflejos.com.ar\/2021\/informe-de-la-uca-la-pobreza-alcanzo-a-55-de-la-poblacion-en-el-primer-trimestre\/#breadcrumb\"},\"inLanguage\":\"es\",\"potentialAction\":[{\"@type\":\"ReadAction\",\"target\":[\"https:\/\/www.noticiasradioreflejos.com.ar\/2021\/informe-de-la-uca-la-pobreza-alcanzo-a-55-de-la-poblacion-en-el-primer-trimestre\/\"]}]},{\"@type\":\"ImageObject\",\"inLanguage\":\"es\",\"@id\":\"https:\/\/www.noticiasradioreflejos.com.ar\/2021\/informe-de-la-uca-la-pobreza-alcanzo-a-55-de-la-poblacion-en-el-primer-trimestre\/#primaryimage\",\"url\":\"https:\/\/www.noticiasradioreflejos.com.ar\/2021\/wp-content\/uploads\/2024\/03\/pobreza-infantil.jpg\",\"contentUrl\":\"https:\/\/www.noticiasradioreflejos.com.ar\/2021\/wp-content\/uploads\/2024\/03\/pobreza-infantil.jpg\",\"width\":1124,\"height\":720},{\"@type\":\"BreadcrumbList\",\"@id\":\"https:\/\/www.noticiasradioreflejos.com.ar\/2021\/informe-de-la-uca-la-pobreza-alcanzo-a-55-de-la-poblacion-en-el-primer-trimestre\/#breadcrumb\",\"itemListElement\":[{\"@type\":\"ListItem\",\"position\":1,\"name\":\"Portada\",\"item\":\"https:\/\/www.noticiasradioreflejos.com.ar\/2021\/\"},{\"@type\":\"ListItem\",\"position\":2,\"name\":\"Informe de la UCA: la pobreza alcanz\u00f3 a 55% de la poblaci\u00f3n en el primer trimestre\"}]},{\"@type\":\"WebSite\",\"@id\":\"https:\/\/www.noticiasradioreflejos.com.ar\/2021\/#website\",\"url\":\"https:\/\/www.noticiasradioreflejos.com.ar\/2021\/\",\"name\":\"Noticias Radio Reflejos\",\"description\":\"Las noticias de mi comarca\",\"potentialAction\":[{\"@type\":\"SearchAction\",\"target\":{\"@type\":\"EntryPoint\",\"urlTemplate\":\"https:\/\/www.noticiasradioreflejos.com.ar\/2021\/?s={search_term_string}\"},\"query-input\":{\"@type\":\"PropertyValueSpecification\",\"valueRequired\":true,\"valueName\":\"search_term_string\"}}],\"inLanguage\":\"es\"},{\"@type\":\"Person\",\"@id\":\"https:\/\/www.noticiasradioreflejos.com.ar\/2021\/#\/schema\/person\/ad82545263dcc5ec0996818884fd5fb1\",\"name\":\"Arnaldo Botto\",\"image\":{\"@type\":\"ImageObject\",\"inLanguage\":\"es\",\"@id\":\"https:\/\/www.noticiasradioreflejos.com.ar\/2021\/#\/schema\/person\/image\/\",\"url\":\"https:\/\/secure.gravatar.com\/avatar\/55cb5e37c1efa326397366e6974cb338056df65cb50e7d64d1cf314e87504837?s=96&d=mm&r=g\",\"contentUrl\":\"https:\/\/secure.gravatar.com\/avatar\/55cb5e37c1efa326397366e6974cb338056df65cb50e7d64d1cf314e87504837?s=96&d=mm&r=g\",\"caption\":\"Arnaldo Botto\"},\"url\":\"https:\/\/www.noticiasradioreflejos.com.ar\/2021\/author\/arnaldo\/\"}]}<\/script>\n<!-- \/ Yoast SEO plugin. -->","yoast_head_json":{"title":"Informe de la UCA: la pobreza alcanz\u00f3 a 55% de la poblaci\u00f3n en el primer trimestre - Noticias Radio Reflejos","robots":{"index":"index","follow":"follow","max-snippet":"max-snippet:-1","max-image-preview":"max-image-preview:large","max-video-preview":"max-video-preview:-1"},"canonical":"https:\/\/www.noticiasradioreflejos.com.ar\/2021\/informe-de-la-uca-la-pobreza-alcanzo-a-55-de-la-poblacion-en-el-primer-trimestre\/","og_locale":"es_ES","og_type":"article","og_title":"Informe de la UCA: la pobreza alcanz\u00f3 a 55% de la poblaci\u00f3n en el primer trimestre - Noticias Radio Reflejos","og_description":"La pobreza alcanz\u00f3 al 55% de la poblaci\u00f3n y la indigencia al 18% en el primer trimestre del a\u00f1o, seg\u00fan estimaciones del Observatorio de la Deuda Social Argentina de la Universidad Cat\u00f3lica Argentina (ODSA-UCA). Se trata de la cifra m\u00e1s alta desde 2002.","og_url":"https:\/\/www.noticiasradioreflejos.com.ar\/2021\/informe-de-la-uca-la-pobreza-alcanzo-a-55-de-la-poblacion-en-el-primer-trimestre\/","og_site_name":"Noticias Radio Reflejos","article_published_time":"2024-05-21T10:51:45+00:00","og_image":[{"width":1124,"height":720,"url":"https:\/\/www.noticiasradioreflejos.com.ar\/2021\/wp-content\/uploads\/2024\/03\/pobreza-infantil.jpg","type":"image\/jpeg"}],"author":"Arnaldo Botto","twitter_card":"summary_large_image","schema":{"@context":"https:\/\/schema.org","@graph":[{"@type":"WebPage","@id":"https:\/\/www.noticiasradioreflejos.com.ar\/2021\/informe-de-la-uca-la-pobreza-alcanzo-a-55-de-la-poblacion-en-el-primer-trimestre\/","url":"https:\/\/www.noticiasradioreflejos.com.ar\/2021\/informe-de-la-uca-la-pobreza-alcanzo-a-55-de-la-poblacion-en-el-primer-trimestre\/","name":"Informe de la UCA: la pobreza alcanz\u00f3 a 55% de la poblaci\u00f3n en el primer trimestre - Noticias Radio Reflejos","isPartOf":{"@id":"https:\/\/www.noticiasradioreflejos.com.ar\/2021\/#website"},"primaryImageOfPage":{"@id":"https:\/\/www.noticiasradioreflejos.com.ar\/2021\/informe-de-la-uca-la-pobreza-alcanzo-a-55-de-la-poblacion-en-el-primer-trimestre\/#primaryimage"},"image":{"@id":"https:\/\/www.noticiasradioreflejos.com.ar\/2021\/informe-de-la-uca-la-pobreza-alcanzo-a-55-de-la-poblacion-en-el-primer-trimestre\/#primaryimage"},"thumbnailUrl":"https:\/\/www.noticiasradioreflejos.com.ar\/2021\/wp-content\/uploads\/2024\/03\/pobreza-infantil.jpg","datePublished":"2024-05-21T10:51:45+00:00","author":{"@id":"https:\/\/www.noticiasradioreflejos.com.ar\/2021\/#\/schema\/person\/ad82545263dcc5ec0996818884fd5fb1"},"breadcrumb":{"@id":"https:\/\/www.noticiasradioreflejos.com.ar\/2021\/informe-de-la-uca-la-pobreza-alcanzo-a-55-de-la-poblacion-en-el-primer-trimestre\/#breadcrumb"},"inLanguage":"es","potentialAction":[{"@type":"ReadAction","target":["https:\/\/www.noticiasradioreflejos.com.ar\/2021\/informe-de-la-uca-la-pobreza-alcanzo-a-55-de-la-poblacion-en-el-primer-trimestre\/"]}]},{"@type":"ImageObject","inLanguage":"es","@id":"https:\/\/www.noticiasradioreflejos.com.ar\/2021\/informe-de-la-uca-la-pobreza-alcanzo-a-55-de-la-poblacion-en-el-primer-trimestre\/#primaryimage","url":"https:\/\/www.noticiasradioreflejos.com.ar\/2021\/wp-content\/uploads\/2024\/03\/pobreza-infantil.jpg","contentUrl":"https:\/\/www.noticiasradioreflejos.com.ar\/2021\/wp-content\/uploads\/2024\/03\/pobreza-infantil.jpg","width":1124,"height":720},{"@type":"BreadcrumbList","@id":"https:\/\/www.noticiasradioreflejos.com.ar\/2021\/informe-de-la-uca-la-pobreza-alcanzo-a-55-de-la-poblacion-en-el-primer-trimestre\/#breadcrumb","itemListElement":[{"@type":"ListItem","position":1,"name":"Portada","item":"https:\/\/www.noticiasradioreflejos.com.ar\/2021\/"},{"@type":"ListItem","position":2,"name":"Informe de la UCA: la pobreza alcanz\u00f3 a 55% de la poblaci\u00f3n en el primer trimestre"}]},{"@type":"WebSite","@id":"https:\/\/www.noticiasradioreflejos.com.ar\/2021\/#website","url":"https:\/\/www.noticiasradioreflejos.com.ar\/2021\/","name":"Noticias Radio Reflejos","description":"Las noticias de mi comarca","potentialAction":[{"@type":"SearchAction","target":{"@type":"EntryPoint","urlTemplate":"https:\/\/www.noticiasradioreflejos.com.ar\/2021\/?s={search_term_string}"},"query-input":{"@type":"PropertyValueSpecification","valueRequired":true,"valueName":"search_term_string"}}],"inLanguage":"es"},{"@type":"Person","@id":"https:\/\/www.noticiasradioreflejos.com.ar\/2021\/#\/schema\/person\/ad82545263dcc5ec0996818884fd5fb1","name":"Arnaldo Botto","image":{"@type":"ImageObject","inLanguage":"es","@id":"https:\/\/www.noticiasradioreflejos.com.ar\/2021\/#\/schema\/person\/image\/","url":"https:\/\/secure.gravatar.com\/avatar\/55cb5e37c1efa326397366e6974cb338056df65cb50e7d64d1cf314e87504837?s=96&d=mm&r=g","contentUrl":"https:\/\/secure.gravatar.com\/avatar\/55cb5e37c1efa326397366e6974cb338056df65cb50e7d64d1cf314e87504837?s=96&d=mm&r=g","caption":"Arnaldo Botto"},"url":"https:\/\/www.noticiasradioreflejos.com.ar\/2021\/author\/arnaldo\/"}]}},"_links":{"self":[{"href":"https:\/\/www.noticiasradioreflejos.com.ar\/2021\/wp-json\/wp\/v2\/posts\/102918","targetHints":{"allow":["GET"]}}],"collection":[{"href":"https:\/\/www.noticiasradioreflejos.com.ar\/2021\/wp-json\/wp\/v2\/posts"}],"about":[{"href":"https:\/\/www.noticiasradioreflejos.com.ar\/2021\/wp-json\/wp\/v2\/types\/post"}],"author":[{"embeddable":true,"href":"https:\/\/www.noticiasradioreflejos.com.ar\/2021\/wp-json\/wp\/v2\/users\/3"}],"replies":[{"embeddable":true,"href":"https:\/\/www.noticiasradioreflejos.com.ar\/2021\/wp-json\/wp\/v2\/comments?post=102918"}],"version-history":[{"count":1,"href":"https:\/\/www.noticiasradioreflejos.com.ar\/2021\/wp-json\/wp\/v2\/posts\/102918\/revisions"}],"predecessor-version":[{"id":102919,"href":"https:\/\/www.noticiasradioreflejos.com.ar\/2021\/wp-json\/wp\/v2\/posts\/102918\/revisions\/102919"}],"wp:featuredmedia":[{"embeddable":true,"href":"https:\/\/www.noticiasradioreflejos.com.ar\/2021\/wp-json\/wp\/v2\/media\/100049"}],"wp:attachment":[{"href":"https:\/\/www.noticiasradioreflejos.com.ar\/2021\/wp-json\/wp\/v2\/media?parent=102918"}],"wp:term":[{"taxonomy":"category","embeddable":true,"href":"https:\/\/www.noticiasradioreflejos.com.ar\/2021\/wp-json\/wp\/v2\/categories?post=102918"},{"taxonomy":"post_tag","embeddable":true,"href":"https:\/\/www.noticiasradioreflejos.com.ar\/2021\/wp-json\/wp\/v2\/tags?post=102918"}],"curies":[{"name":"wp","href":"https:\/\/api.w.org\/{rel}","templated":true}]}}