{"id":102787,"date":"2024-05-17T16:40:50","date_gmt":"2024-05-17T19:40:50","guid":{"rendered":"https:\/\/www.noticiasradioreflejos.com.ar\/2021\/?p=102787"},"modified":"2024-05-17T16:40:51","modified_gmt":"2024-05-17T19:40:51","slug":"gerardo-rohlmann-esto-es-palabras-mayores","status":"publish","type":"post","link":"https:\/\/www.noticiasradioreflejos.com.ar\/2021\/gerardo-rohlmann-esto-es-palabras-mayores\/","title":{"rendered":"Gerardo Rohlmann: \u201cEsto es palabras mayores\u201d"},"content":{"rendered":"<p>El Delegado de Saldungaray habl\u00f3 de la postulaci\u00f3n que recibi\u00f3 la localidad y c\u00f3mo han venido trabajando en distintos aspectos para resaltarla a\u00fan m\u00e1s.<!--more--><\/p>\n<p>Los d\u00edas pasan pero el orgullo y felicidad de los vecinos de Saldungaray no frena, todo lo contrario, en relaci\u00f3n a la postulaci\u00f3n de ser elegido como el pueblo m\u00e1s lindo del pa\u00eds y salir a competir internacionalmente.<\/p>\n<p><a href=\"https:\/\/www.noticiasradioreflejos.com.ar\/2021\/gerardo-rohlmann-esto-es-palabras-mayores\/tiyo-rolhmann-a-1\/\" rel=\"attachment wp-att-102797\"><img loading=\"lazy\" decoding=\"async\" class=\"aligncenter size-full wp-image-102797\" src=\"https:\/\/www.noticiasradioreflejos.com.ar\/2021\/wp-content\/uploads\/2024\/05\/Tiyo-Rolhmann-a-1.jpeg\" alt=\"\" width=\"1600\" height=\"720\" srcset=\"https:\/\/www.noticiasradioreflejos.com.ar\/2021\/wp-content\/uploads\/2024\/05\/Tiyo-Rolhmann-a-1.jpeg 1600w, https:\/\/www.noticiasradioreflejos.com.ar\/2021\/wp-content\/uploads\/2024\/05\/Tiyo-Rolhmann-a-1-300x135.jpeg 300w, https:\/\/www.noticiasradioreflejos.com.ar\/2021\/wp-content\/uploads\/2024\/05\/Tiyo-Rolhmann-a-1-1024x461.jpeg 1024w, https:\/\/www.noticiasradioreflejos.com.ar\/2021\/wp-content\/uploads\/2024\/05\/Tiyo-Rolhmann-a-1-768x346.jpeg 768w, https:\/\/www.noticiasradioreflejos.com.ar\/2021\/wp-content\/uploads\/2024\/05\/Tiyo-Rolhmann-a-1-1536x691.jpeg 1536w, https:\/\/www.noticiasradioreflejos.com.ar\/2021\/wp-content\/uploads\/2024\/05\/Tiyo-Rolhmann-a-1-750x338.jpeg 750w, https:\/\/www.noticiasradioreflejos.com.ar\/2021\/wp-content\/uploads\/2024\/05\/Tiyo-Rolhmann-a-1-1140x513.jpeg 1140w\" sizes=\"auto, (max-width: 1600px) 100vw, 1600px\" \/><\/a><\/p>\n<p>Esta ma\u00f1ana su delegado municipal, Gerardo Rohlmann, explic\u00f3 que en un primer momento \u201cfue una sorpresa, aunque no seamos agrandados, Saldungaray es un lugar muy particular porque tenemos un sentido de pertenencia y unidad que es poco vista y es siempre resaltada, incluso por el intendente cada vez que viene\u201d.<\/p>\n<p>Sobre los motivos que los llevaron a esta nominaci\u00f3n, no dej\u00f3 pasar la ocasi\u00f3n para reconocer que \u201ces un gran trabajo que se ha llevado a cabo a trav\u00e9s de la Secretar\u00eda de Turismo. Ludmila ha hecho un gran trabajo. Ella tom\u00f3 la posta y nos llev\u00f3 a participar. Esto ha sido tomado con much\u00edsima alegr\u00eda\u201d.<\/p>\n<p><a href=\"https:\/\/www.noticiasradioreflejos.com.ar\/2021\/se-instalo-nueva-senalizacion-turistica-en-saldungaray\/carteleria-saldungaray-4\/\" rel=\"attachment wp-att-88963\"><img loading=\"lazy\" decoding=\"async\" class=\"aligncenter size-full wp-image-88963\" src=\"https:\/\/www.noticiasradioreflejos.com.ar\/2021\/wp-content\/uploads\/2023\/06\/Carteleria-Saldungaray-4.jpeg\" alt=\"\" width=\"1280\" height=\"720\" srcset=\"https:\/\/www.noticiasradioreflejos.com.ar\/2021\/wp-content\/uploads\/2023\/06\/Carteleria-Saldungaray-4.jpeg 1280w, https:\/\/www.noticiasradioreflejos.com.ar\/2021\/wp-content\/uploads\/2023\/06\/Carteleria-Saldungaray-4-300x169.jpeg 300w, https:\/\/www.noticiasradioreflejos.com.ar\/2021\/wp-content\/uploads\/2023\/06\/Carteleria-Saldungaray-4-1024x576.jpeg 1024w, https:\/\/www.noticiasradioreflejos.com.ar\/2021\/wp-content\/uploads\/2023\/06\/Carteleria-Saldungaray-4-768x432.jpeg 768w, https:\/\/www.noticiasradioreflejos.com.ar\/2021\/wp-content\/uploads\/2023\/06\/Carteleria-Saldungaray-4-750x422.jpeg 750w, https:\/\/www.noticiasradioreflejos.com.ar\/2021\/wp-content\/uploads\/2023\/06\/Carteleria-Saldungaray-4-1140x641.jpeg 1140w\" sizes=\"auto, (max-width: 1280px) 100vw, 1280px\" \/><\/a><\/p>\n<p>&nbsp;<\/p>\n<p>En otro pasaje de la charla mencion\u00f3 que \u201cm\u00e1s all\u00e1 de que Saldungaray est\u00e1 dentro del circuito de turismo rural a nivel provincial hace tiempo, esto es palabras mayores. La semana que viene llega el gobernador y seguramente anunciar\u00e1 el cierre del basurero, que es otro hito para nosotros\u201d.<\/p>\n<p>Por \u00faltimo, explic\u00f3 que \u201clas aristas que tiene nuestro pueblo son muchas. La parte de Salamone es impresionante. Hemos sido bendecidos como localidad, porque por ejemplo Sierra no tiene ninguna obra\u201d.<\/p>\n<p><iframe loading=\"lazy\" src=\"https:\/\/w.soundcloud.com\/player\/?url=https%3A\/\/api.soundcloud.com\/tracks\/1824109641&amp;color=%23ff5500&amp;auto_play=false&amp;hide_related=false&amp;show_comments=true&amp;show_user=true&amp;show_reposts=false&amp;show_teaser=true\" width=\"100%\" height=\"166\" frameborder=\"no\" scrolling=\"no\"><\/iframe><\/p>\n<div style=\"font-size: 10px; color: #cccccc; line-break: anywhere; word-break: normal; overflow: hidden; white-space: nowrap; text-overflow: ellipsis; font-family: Interstate,Lucida Grande,Lucida Sans Unicode,Lucida Sans,Garuda,Verdana,Tahoma,sans-serif; font-weight: 100;\"><a style=\"color: #cccccc; text-decoration: none;\" title=\"fmreflejos 103.7\" href=\"https:\/\/soundcloud.com\/fmreflejos-103-7\" target=\"_blank\" rel=\"noopener\">fmreflejos 103.7<\/a> \u00b7 <a style=\"color: #cccccc; text-decoration: none;\" title=\"Gerardo Rohlmann 17 - 05\" href=\"https:\/\/soundcloud.com\/fmreflejos-103-7\/gerardo-rohlmann-17-05\" target=\"_blank\" rel=\"noopener\">Gerardo Rohlmann 17 &#8211; 05<\/a><\/div>\n","protected":false},"excerpt":{"rendered":"<p>El Delegado de Saldungaray habl\u00f3 de la postulaci\u00f3n que recibi\u00f3 la localidad y c\u00f3mo han venido trabajando en distintos aspectos para resaltarla a\u00fan m\u00e1s.<\/p>\n","protected":false},"author":3,"featured_media":102796,"comment_status":"closed","ping_status":"closed","sticky":false,"template":"","format":"standard","meta":{"footnotes":""},"categories":[28,26,33],"tags":[48],"class_list":["post-102787","post","type-post","status-publish","format-standard","has-post-thumbnail","hentry","category-municipales","category-sociedad","category-turismo","tag-destacada"],"yoast_head":"<!-- This site is optimized with the Yoast SEO plugin v25.9 - https:\/\/yoast.com\/wordpress\/plugins\/seo\/ -->\n<title>Gerardo Rohlmann: \u201cEsto es palabras mayores\u201d - Noticias Radio Reflejos<\/title>\n<meta name=\"robots\" content=\"index, follow, max-snippet:-1, max-image-preview:large, max-video-preview:-1\" \/>\n<link rel=\"canonical\" href=\"https:\/\/www.noticiasradioreflejos.com.ar\/2021\/gerardo-rohlmann-esto-es-palabras-mayores\/\" \/>\n<meta property=\"og:locale\" content=\"es_ES\" \/>\n<meta property=\"og:type\" content=\"article\" \/>\n<meta property=\"og:title\" content=\"Gerardo Rohlmann: \u201cEsto es palabras mayores\u201d - Noticias Radio Reflejos\" \/>\n<meta property=\"og:description\" content=\"El Delegado de Saldungaray habl\u00f3 de la postulaci\u00f3n que recibi\u00f3 la localidad y c\u00f3mo han venido trabajando en distintos aspectos para resaltarla a\u00fan m\u00e1s.\" \/>\n<meta property=\"og:url\" content=\"https:\/\/www.noticiasradioreflejos.com.ar\/2021\/gerardo-rohlmann-esto-es-palabras-mayores\/\" \/>\n<meta property=\"og:site_name\" content=\"Noticias Radio Reflejos\" \/>\n<meta property=\"article:published_time\" content=\"2024-05-17T19:40:50+00:00\" \/>\n<meta property=\"article:modified_time\" content=\"2024-05-17T19:40:51+00:00\" \/>\n<meta property=\"og:image\" content=\"https:\/\/www.noticiasradioreflejos.com.ar\/2021\/wp-content\/uploads\/2024\/05\/Tiyo-Rolhmann-a-2.jpeg\" \/>\n\t<meta property=\"og:image:width\" content=\"1600\" \/>\n\t<meta property=\"og:image:height\" content=\"720\" \/>\n\t<meta property=\"og:image:type\" content=\"image\/jpeg\" \/>\n<meta name=\"author\" content=\"Arnaldo Botto\" \/>\n<meta name=\"twitter:card\" content=\"summary_large_image\" \/>\n<script type=\"application\/ld+json\" class=\"yoast-schema-graph\">{\"@context\":\"https:\/\/schema.org\",\"@graph\":[{\"@type\":\"WebPage\",\"@id\":\"https:\/\/www.noticiasradioreflejos.com.ar\/2021\/gerardo-rohlmann-esto-es-palabras-mayores\/\",\"url\":\"https:\/\/www.noticiasradioreflejos.com.ar\/2021\/gerardo-rohlmann-esto-es-palabras-mayores\/\",\"name\":\"Gerardo Rohlmann: \u201cEsto es palabras mayores\u201d - Noticias Radio Reflejos\",\"isPartOf\":{\"@id\":\"https:\/\/www.noticiasradioreflejos.com.ar\/2021\/#website\"},\"primaryImageOfPage\":{\"@id\":\"https:\/\/www.noticiasradioreflejos.com.ar\/2021\/gerardo-rohlmann-esto-es-palabras-mayores\/#primaryimage\"},\"image\":{\"@id\":\"https:\/\/www.noticiasradioreflejos.com.ar\/2021\/gerardo-rohlmann-esto-es-palabras-mayores\/#primaryimage\"},\"thumbnailUrl\":\"https:\/\/www.noticiasradioreflejos.com.ar\/2021\/wp-content\/uploads\/2024\/05\/Tiyo-Rolhmann-a-2.jpeg\",\"datePublished\":\"2024-05-17T19:40:50+00:00\",\"dateModified\":\"2024-05-17T19:40:51+00:00\",\"author\":{\"@id\":\"https:\/\/www.noticiasradioreflejos.com.ar\/2021\/#\/schema\/person\/ad82545263dcc5ec0996818884fd5fb1\"},\"breadcrumb\":{\"@id\":\"https:\/\/www.noticiasradioreflejos.com.ar\/2021\/gerardo-rohlmann-esto-es-palabras-mayores\/#breadcrumb\"},\"inLanguage\":\"es\",\"potentialAction\":[{\"@type\":\"ReadAction\",\"target\":[\"https:\/\/www.noticiasradioreflejos.com.ar\/2021\/gerardo-rohlmann-esto-es-palabras-mayores\/\"]}]},{\"@type\":\"ImageObject\",\"inLanguage\":\"es\",\"@id\":\"https:\/\/www.noticiasradioreflejos.com.ar\/2021\/gerardo-rohlmann-esto-es-palabras-mayores\/#primaryimage\",\"url\":\"https:\/\/www.noticiasradioreflejos.com.ar\/2021\/wp-content\/uploads\/2024\/05\/Tiyo-Rolhmann-a-2.jpeg\",\"contentUrl\":\"https:\/\/www.noticiasradioreflejos.com.ar\/2021\/wp-content\/uploads\/2024\/05\/Tiyo-Rolhmann-a-2.jpeg\",\"width\":1600,\"height\":720},{\"@type\":\"BreadcrumbList\",\"@id\":\"https:\/\/www.noticiasradioreflejos.com.ar\/2021\/gerardo-rohlmann-esto-es-palabras-mayores\/#breadcrumb\",\"itemListElement\":[{\"@type\":\"ListItem\",\"position\":1,\"name\":\"Portada\",\"item\":\"https:\/\/www.noticiasradioreflejos.com.ar\/2021\/\"},{\"@type\":\"ListItem\",\"position\":2,\"name\":\"Gerardo Rohlmann: \u201cEsto es palabras mayores\u201d\"}]},{\"@type\":\"WebSite\",\"@id\":\"https:\/\/www.noticiasradioreflejos.com.ar\/2021\/#website\",\"url\":\"https:\/\/www.noticiasradioreflejos.com.ar\/2021\/\",\"name\":\"Noticias Radio Reflejos\",\"description\":\"Las noticias de mi comarca\",\"potentialAction\":[{\"@type\":\"SearchAction\",\"target\":{\"@type\":\"EntryPoint\",\"urlTemplate\":\"https:\/\/www.noticiasradioreflejos.com.ar\/2021\/?s={search_term_string}\"},\"query-input\":{\"@type\":\"PropertyValueSpecification\",\"valueRequired\":true,\"valueName\":\"search_term_string\"}}],\"inLanguage\":\"es\"},{\"@type\":\"Person\",\"@id\":\"https:\/\/www.noticiasradioreflejos.com.ar\/2021\/#\/schema\/person\/ad82545263dcc5ec0996818884fd5fb1\",\"name\":\"Arnaldo Botto\",\"image\":{\"@type\":\"ImageObject\",\"inLanguage\":\"es\",\"@id\":\"https:\/\/www.noticiasradioreflejos.com.ar\/2021\/#\/schema\/person\/image\/\",\"url\":\"https:\/\/secure.gravatar.com\/avatar\/55cb5e37c1efa326397366e6974cb338056df65cb50e7d64d1cf314e87504837?s=96&d=mm&r=g\",\"contentUrl\":\"https:\/\/secure.gravatar.com\/avatar\/55cb5e37c1efa326397366e6974cb338056df65cb50e7d64d1cf314e87504837?s=96&d=mm&r=g\",\"caption\":\"Arnaldo Botto\"},\"url\":\"https:\/\/www.noticiasradioreflejos.com.ar\/2021\/author\/arnaldo\/\"}]}<\/script>\n<!-- \/ Yoast SEO plugin. -->","yoast_head_json":{"title":"Gerardo Rohlmann: \u201cEsto es palabras mayores\u201d - Noticias Radio Reflejos","robots":{"index":"index","follow":"follow","max-snippet":"max-snippet:-1","max-image-preview":"max-image-preview:large","max-video-preview":"max-video-preview:-1"},"canonical":"https:\/\/www.noticiasradioreflejos.com.ar\/2021\/gerardo-rohlmann-esto-es-palabras-mayores\/","og_locale":"es_ES","og_type":"article","og_title":"Gerardo Rohlmann: \u201cEsto es palabras mayores\u201d - Noticias Radio Reflejos","og_description":"El Delegado de Saldungaray habl\u00f3 de la postulaci\u00f3n que recibi\u00f3 la localidad y c\u00f3mo han venido trabajando en distintos aspectos para resaltarla a\u00fan m\u00e1s.","og_url":"https:\/\/www.noticiasradioreflejos.com.ar\/2021\/gerardo-rohlmann-esto-es-palabras-mayores\/","og_site_name":"Noticias Radio Reflejos","article_published_time":"2024-05-17T19:40:50+00:00","article_modified_time":"2024-05-17T19:40:51+00:00","og_image":[{"width":1600,"height":720,"url":"https:\/\/www.noticiasradioreflejos.com.ar\/2021\/wp-content\/uploads\/2024\/05\/Tiyo-Rolhmann-a-2.jpeg","type":"image\/jpeg"}],"author":"Arnaldo Botto","twitter_card":"summary_large_image","schema":{"@context":"https:\/\/schema.org","@graph":[{"@type":"WebPage","@id":"https:\/\/www.noticiasradioreflejos.com.ar\/2021\/gerardo-rohlmann-esto-es-palabras-mayores\/","url":"https:\/\/www.noticiasradioreflejos.com.ar\/2021\/gerardo-rohlmann-esto-es-palabras-mayores\/","name":"Gerardo Rohlmann: \u201cEsto es palabras mayores\u201d - Noticias Radio Reflejos","isPartOf":{"@id":"https:\/\/www.noticiasradioreflejos.com.ar\/2021\/#website"},"primaryImageOfPage":{"@id":"https:\/\/www.noticiasradioreflejos.com.ar\/2021\/gerardo-rohlmann-esto-es-palabras-mayores\/#primaryimage"},"image":{"@id":"https:\/\/www.noticiasradioreflejos.com.ar\/2021\/gerardo-rohlmann-esto-es-palabras-mayores\/#primaryimage"},"thumbnailUrl":"https:\/\/www.noticiasradioreflejos.com.ar\/2021\/wp-content\/uploads\/2024\/05\/Tiyo-Rolhmann-a-2.jpeg","datePublished":"2024-05-17T19:40:50+00:00","dateModified":"2024-05-17T19:40:51+00:00","author":{"@id":"https:\/\/www.noticiasradioreflejos.com.ar\/2021\/#\/schema\/person\/ad82545263dcc5ec0996818884fd5fb1"},"breadcrumb":{"@id":"https:\/\/www.noticiasradioreflejos.com.ar\/2021\/gerardo-rohlmann-esto-es-palabras-mayores\/#breadcrumb"},"inLanguage":"es","potentialAction":[{"@type":"ReadAction","target":["https:\/\/www.noticiasradioreflejos.com.ar\/2021\/gerardo-rohlmann-esto-es-palabras-mayores\/"]}]},{"@type":"ImageObject","inLanguage":"es","@id":"https:\/\/www.noticiasradioreflejos.com.ar\/2021\/gerardo-rohlmann-esto-es-palabras-mayores\/#primaryimage","url":"https:\/\/www.noticiasradioreflejos.com.ar\/2021\/wp-content\/uploads\/2024\/05\/Tiyo-Rolhmann-a-2.jpeg","contentUrl":"https:\/\/www.noticiasradioreflejos.com.ar\/2021\/wp-content\/uploads\/2024\/05\/Tiyo-Rolhmann-a-2.jpeg","width":1600,"height":720},{"@type":"BreadcrumbList","@id":"https:\/\/www.noticiasradioreflejos.com.ar\/2021\/gerardo-rohlmann-esto-es-palabras-mayores\/#breadcrumb","itemListElement":[{"@type":"ListItem","position":1,"name":"Portada","item":"https:\/\/www.noticiasradioreflejos.com.ar\/2021\/"},{"@type":"ListItem","position":2,"name":"Gerardo Rohlmann: \u201cEsto es palabras mayores\u201d"}]},{"@type":"WebSite","@id":"https:\/\/www.noticiasradioreflejos.com.ar\/2021\/#website","url":"https:\/\/www.noticiasradioreflejos.com.ar\/2021\/","name":"Noticias Radio Reflejos","description":"Las noticias de mi comarca","potentialAction":[{"@type":"SearchAction","target":{"@type":"EntryPoint","urlTemplate":"https:\/\/www.noticiasradioreflejos.com.ar\/2021\/?s={search_term_string}"},"query-input":{"@type":"PropertyValueSpecification","valueRequired":true,"valueName":"search_term_string"}}],"inLanguage":"es"},{"@type":"Person","@id":"https:\/\/www.noticiasradioreflejos.com.ar\/2021\/#\/schema\/person\/ad82545263dcc5ec0996818884fd5fb1","name":"Arnaldo Botto","image":{"@type":"ImageObject","inLanguage":"es","@id":"https:\/\/www.noticiasradioreflejos.com.ar\/2021\/#\/schema\/person\/image\/","url":"https:\/\/secure.gravatar.com\/avatar\/55cb5e37c1efa326397366e6974cb338056df65cb50e7d64d1cf314e87504837?s=96&d=mm&r=g","contentUrl":"https:\/\/secure.gravatar.com\/avatar\/55cb5e37c1efa326397366e6974cb338056df65cb50e7d64d1cf314e87504837?s=96&d=mm&r=g","caption":"Arnaldo Botto"},"url":"https:\/\/www.noticiasradioreflejos.com.ar\/2021\/author\/arnaldo\/"}]}},"_links":{"self":[{"href":"https:\/\/www.noticiasradioreflejos.com.ar\/2021\/wp-json\/wp\/v2\/posts\/102787","targetHints":{"allow":["GET"]}}],"collection":[{"href":"https:\/\/www.noticiasradioreflejos.com.ar\/2021\/wp-json\/wp\/v2\/posts"}],"about":[{"href":"https:\/\/www.noticiasradioreflejos.com.ar\/2021\/wp-json\/wp\/v2\/types\/post"}],"author":[{"embeddable":true,"href":"https:\/\/www.noticiasradioreflejos.com.ar\/2021\/wp-json\/wp\/v2\/users\/3"}],"replies":[{"embeddable":true,"href":"https:\/\/www.noticiasradioreflejos.com.ar\/2021\/wp-json\/wp\/v2\/comments?post=102787"}],"version-history":[{"count":3,"href":"https:\/\/www.noticiasradioreflejos.com.ar\/2021\/wp-json\/wp\/v2\/posts\/102787\/revisions"}],"predecessor-version":[{"id":102799,"href":"https:\/\/www.noticiasradioreflejos.com.ar\/2021\/wp-json\/wp\/v2\/posts\/102787\/revisions\/102799"}],"wp:featuredmedia":[{"embeddable":true,"href":"https:\/\/www.noticiasradioreflejos.com.ar\/2021\/wp-json\/wp\/v2\/media\/102796"}],"wp:attachment":[{"href":"https:\/\/www.noticiasradioreflejos.com.ar\/2021\/wp-json\/wp\/v2\/media?parent=102787"}],"wp:term":[{"taxonomy":"category","embeddable":true,"href":"https:\/\/www.noticiasradioreflejos.com.ar\/2021\/wp-json\/wp\/v2\/categories?post=102787"},{"taxonomy":"post_tag","embeddable":true,"href":"https:\/\/www.noticiasradioreflejos.com.ar\/2021\/wp-json\/wp\/v2\/tags?post=102787"}],"curies":[{"name":"wp","href":"https:\/\/api.w.org\/{rel}","templated":true}]}}