{"id":102672,"date":"2024-05-15T15:16:35","date_gmt":"2024-05-15T18:16:35","guid":{"rendered":"https:\/\/www.noticiasradioreflejos.com.ar\/2021\/?p=102672"},"modified":"2024-05-15T15:16:35","modified_gmt":"2024-05-15T18:16:35","slug":"la-justicia-ha-crecido-y-ahora-los-escraches-por-redes-tienen-condena","status":"publish","type":"post","link":"https:\/\/www.noticiasradioreflejos.com.ar\/2021\/la-justicia-ha-crecido-y-ahora-los-escraches-por-redes-tienen-condena\/","title":{"rendered":"\u201cLa justicia ha crecido y ahora los escraches por redes tienen condena\u201d"},"content":{"rendered":"<p>As\u00ed lo confirm\u00f3 el abogado Leandro Picardi, el cual coment\u00f3 que \u201cantes no era tan factible y la justicia no hab\u00eda avanzado\u201d pero todo cambi\u00f3 desde el 2020.<!--more--><\/p>\n<p>El abogado Leandro Picardi confirm\u00f3 esta ma\u00f1ana que a diferencia de lo que ocurr\u00eda hace apenas un lustro, ahora es muy simple saber qui\u00e9n escracha a trav\u00e9s de internet, a\u00fan con un perfil falso, y de esa manera se pueden tomar acciones legales al respecto.<\/p>\n<p>En ese sentido asegur\u00f3 que \u201cla justicia ha crecido en los temas tecnol\u00f3gicos y ha permitido detectar a aquellas personas que escrachan a personas a trav\u00e9s de perfiles truchos. Se ha podido determinar por el IP con exactitud. Antes no era tan factible y la justicia no hab\u00eda avanzado\u201d.<\/p>\n<p>En esa l\u00ednea determin\u00f3 que \u201ca partir del 2020 con la pandemia, se volc\u00f3 todo definitivamente por internet, pero no hab\u00eda resoluciones al respecto. Ahora se puede hacer juicio penal por calumnias e injurias, o bien por da\u00f1os y perjuicios\u201d.<\/p>\n<p>Trayendo ejemplos, sostuvo que \u201cun caso habitual es el de la funci\u00f3n p\u00fablica, donde los tratan de ladrones o coimeros. Antes la gente pensaba que por un perfil trucho no se pod\u00eda detectar, pero ahora con los avances que hay, ya se detectan. Afectan a la persona, a su trabajo y si no se investiga lo sigue por el resto de su vida\u201d.<\/p>\n<p>Aunque \u201ctambi\u00e9n hay cuestiones relacionadas a familia, o sobre denuncias de abuso sexual. Tenemos casos parecidos en cuanto a esas cuestiones\u201d.<\/p>\n<p>De todas maneras recalc\u00f3 que \u201cdepende de c\u00f3mo se lo toma cada persona. En el caso de la pol\u00edtica, no es lo mismo que el escrache lo haga un particular, o que lo haga alguien de otro partido. Est\u00e1 en cada uno c\u00f3mo lo lleva. Algunos quieren denunciar y otros no\u201d.<\/p>\n<p><iframe loading=\"lazy\" width=\"100%\" height=\"166\" scrolling=\"no\" frameborder=\"no\" allow=\"autoplay\" src=\"https:\/\/w.soundcloud.com\/player\/?url=https%3A\/\/api.soundcloud.com\/tracks\/1822553727&#038;color=%23ff5500&#038;auto_play=false&#038;hide_related=false&#038;show_comments=true&#038;show_user=true&#038;show_reposts=false&#038;show_teaser=true\"><\/iframe><\/p>\n<div style=\"font-size: 10px; color: #cccccc;line-break: anywhere;word-break: normal;overflow: hidden;white-space: nowrap;text-overflow: ellipsis; font-family: Interstate,Lucida Grande,Lucida Sans Unicode,Lucida Sans,Garuda,Verdana,Tahoma,sans-serif;font-weight: 100;\"><a href=\"https:\/\/soundcloud.com\/fmreflejos-103-7\" title=\"fmreflejos 103.7\" target=\"_blank\" style=\"color: #cccccc; text-decoration: none;\" rel=\"noopener\">fmreflejos 103.7<\/a> \u00b7 <a href=\"https:\/\/soundcloud.com\/fmreflejos-103-7\/leandro-picardi-16-05\" title=\"Leandro Picardi 16 - 05\" target=\"_blank\" style=\"color: #cccccc; text-decoration: none;\" rel=\"noopener\">Leandro Picardi 16 &#8211; 05<\/a><\/div>\n","protected":false},"excerpt":{"rendered":"<p>As\u00ed lo confirm\u00f3 el abogado Leandro Picardi, el cual coment\u00f3 que \u201cantes no era tan factible y la justicia no hab\u00eda avanzado\u201d pero todo cambi\u00f3 desde el 2020.<\/p>\n","protected":false},"author":3,"featured_media":102676,"comment_status":"closed","ping_status":"closed","sticky":false,"template":"","format":"standard","meta":{"footnotes":""},"categories":[57],"tags":[48],"class_list":["post-102672","post","type-post","status-publish","format-standard","has-post-thumbnail","hentry","category-judiciales","tag-destacada"],"yoast_head":"<!-- This site is optimized with the Yoast SEO plugin v25.9 - https:\/\/yoast.com\/wordpress\/plugins\/seo\/ -->\n<title>\u201cLa justicia ha crecido y ahora los escraches por redes tienen condena\u201d - Noticias Radio Reflejos<\/title>\n<meta name=\"robots\" content=\"index, follow, max-snippet:-1, max-image-preview:large, max-video-preview:-1\" \/>\n<link rel=\"canonical\" href=\"https:\/\/www.noticiasradioreflejos.com.ar\/2021\/la-justicia-ha-crecido-y-ahora-los-escraches-por-redes-tienen-condena\/\" \/>\n<meta property=\"og:locale\" content=\"es_ES\" \/>\n<meta property=\"og:type\" content=\"article\" \/>\n<meta property=\"og:title\" content=\"\u201cLa justicia ha crecido y ahora los escraches por redes tienen condena\u201d - Noticias Radio Reflejos\" \/>\n<meta property=\"og:description\" content=\"As\u00ed lo confirm\u00f3 el abogado Leandro Picardi, el cual coment\u00f3 que \u201cantes no era tan factible y la justicia no hab\u00eda avanzado\u201d pero todo cambi\u00f3 desde el 2020.\" \/>\n<meta property=\"og:url\" content=\"https:\/\/www.noticiasradioreflejos.com.ar\/2021\/la-justicia-ha-crecido-y-ahora-los-escraches-por-redes-tienen-condena\/\" \/>\n<meta property=\"og:site_name\" content=\"Noticias Radio Reflejos\" \/>\n<meta property=\"article:published_time\" content=\"2024-05-15T18:16:35+00:00\" \/>\n<meta property=\"og:image\" content=\"https:\/\/www.noticiasradioreflejos.com.ar\/2021\/wp-content\/uploads\/2024\/05\/1500x844-justicia-manos-redes-sociales.jpg\" \/>\n\t<meta property=\"og:image:width\" content=\"1500\" \/>\n\t<meta property=\"og:image:height\" content=\"844\" \/>\n\t<meta property=\"og:image:type\" content=\"image\/jpeg\" \/>\n<meta name=\"author\" content=\"Arnaldo Botto\" \/>\n<meta name=\"twitter:card\" content=\"summary_large_image\" \/>\n<script type=\"application\/ld+json\" class=\"yoast-schema-graph\">{\"@context\":\"https:\/\/schema.org\",\"@graph\":[{\"@type\":\"WebPage\",\"@id\":\"https:\/\/www.noticiasradioreflejos.com.ar\/2021\/la-justicia-ha-crecido-y-ahora-los-escraches-por-redes-tienen-condena\/\",\"url\":\"https:\/\/www.noticiasradioreflejos.com.ar\/2021\/la-justicia-ha-crecido-y-ahora-los-escraches-por-redes-tienen-condena\/\",\"name\":\"\u201cLa justicia ha crecido y ahora los escraches por redes tienen condena\u201d - Noticias Radio Reflejos\",\"isPartOf\":{\"@id\":\"https:\/\/www.noticiasradioreflejos.com.ar\/2021\/#website\"},\"primaryImageOfPage\":{\"@id\":\"https:\/\/www.noticiasradioreflejos.com.ar\/2021\/la-justicia-ha-crecido-y-ahora-los-escraches-por-redes-tienen-condena\/#primaryimage\"},\"image\":{\"@id\":\"https:\/\/www.noticiasradioreflejos.com.ar\/2021\/la-justicia-ha-crecido-y-ahora-los-escraches-por-redes-tienen-condena\/#primaryimage\"},\"thumbnailUrl\":\"https:\/\/www.noticiasradioreflejos.com.ar\/2021\/wp-content\/uploads\/2024\/05\/1500x844-justicia-manos-redes-sociales.jpg\",\"datePublished\":\"2024-05-15T18:16:35+00:00\",\"author\":{\"@id\":\"https:\/\/www.noticiasradioreflejos.com.ar\/2021\/#\/schema\/person\/ad82545263dcc5ec0996818884fd5fb1\"},\"breadcrumb\":{\"@id\":\"https:\/\/www.noticiasradioreflejos.com.ar\/2021\/la-justicia-ha-crecido-y-ahora-los-escraches-por-redes-tienen-condena\/#breadcrumb\"},\"inLanguage\":\"es\",\"potentialAction\":[{\"@type\":\"ReadAction\",\"target\":[\"https:\/\/www.noticiasradioreflejos.com.ar\/2021\/la-justicia-ha-crecido-y-ahora-los-escraches-por-redes-tienen-condena\/\"]}]},{\"@type\":\"ImageObject\",\"inLanguage\":\"es\",\"@id\":\"https:\/\/www.noticiasradioreflejos.com.ar\/2021\/la-justicia-ha-crecido-y-ahora-los-escraches-por-redes-tienen-condena\/#primaryimage\",\"url\":\"https:\/\/www.noticiasradioreflejos.com.ar\/2021\/wp-content\/uploads\/2024\/05\/1500x844-justicia-manos-redes-sociales.jpg\",\"contentUrl\":\"https:\/\/www.noticiasradioreflejos.com.ar\/2021\/wp-content\/uploads\/2024\/05\/1500x844-justicia-manos-redes-sociales.jpg\",\"width\":1500,\"height\":844},{\"@type\":\"BreadcrumbList\",\"@id\":\"https:\/\/www.noticiasradioreflejos.com.ar\/2021\/la-justicia-ha-crecido-y-ahora-los-escraches-por-redes-tienen-condena\/#breadcrumb\",\"itemListElement\":[{\"@type\":\"ListItem\",\"position\":1,\"name\":\"Portada\",\"item\":\"https:\/\/www.noticiasradioreflejos.com.ar\/2021\/\"},{\"@type\":\"ListItem\",\"position\":2,\"name\":\"\u201cLa justicia ha crecido y ahora los escraches por redes tienen condena\u201d\"}]},{\"@type\":\"WebSite\",\"@id\":\"https:\/\/www.noticiasradioreflejos.com.ar\/2021\/#website\",\"url\":\"https:\/\/www.noticiasradioreflejos.com.ar\/2021\/\",\"name\":\"Noticias Radio Reflejos\",\"description\":\"Las noticias de mi comarca\",\"potentialAction\":[{\"@type\":\"SearchAction\",\"target\":{\"@type\":\"EntryPoint\",\"urlTemplate\":\"https:\/\/www.noticiasradioreflejos.com.ar\/2021\/?s={search_term_string}\"},\"query-input\":{\"@type\":\"PropertyValueSpecification\",\"valueRequired\":true,\"valueName\":\"search_term_string\"}}],\"inLanguage\":\"es\"},{\"@type\":\"Person\",\"@id\":\"https:\/\/www.noticiasradioreflejos.com.ar\/2021\/#\/schema\/person\/ad82545263dcc5ec0996818884fd5fb1\",\"name\":\"Arnaldo Botto\",\"image\":{\"@type\":\"ImageObject\",\"inLanguage\":\"es\",\"@id\":\"https:\/\/www.noticiasradioreflejos.com.ar\/2021\/#\/schema\/person\/image\/\",\"url\":\"https:\/\/secure.gravatar.com\/avatar\/55cb5e37c1efa326397366e6974cb338056df65cb50e7d64d1cf314e87504837?s=96&d=mm&r=g\",\"contentUrl\":\"https:\/\/secure.gravatar.com\/avatar\/55cb5e37c1efa326397366e6974cb338056df65cb50e7d64d1cf314e87504837?s=96&d=mm&r=g\",\"caption\":\"Arnaldo Botto\"},\"url\":\"https:\/\/www.noticiasradioreflejos.com.ar\/2021\/author\/arnaldo\/\"}]}<\/script>\n<!-- \/ Yoast SEO plugin. -->","yoast_head_json":{"title":"\u201cLa justicia ha crecido y ahora los escraches por redes tienen condena\u201d - Noticias Radio Reflejos","robots":{"index":"index","follow":"follow","max-snippet":"max-snippet:-1","max-image-preview":"max-image-preview:large","max-video-preview":"max-video-preview:-1"},"canonical":"https:\/\/www.noticiasradioreflejos.com.ar\/2021\/la-justicia-ha-crecido-y-ahora-los-escraches-por-redes-tienen-condena\/","og_locale":"es_ES","og_type":"article","og_title":"\u201cLa justicia ha crecido y ahora los escraches por redes tienen condena\u201d - Noticias Radio Reflejos","og_description":"As\u00ed lo confirm\u00f3 el abogado Leandro Picardi, el cual coment\u00f3 que \u201cantes no era tan factible y la justicia no hab\u00eda avanzado\u201d pero todo cambi\u00f3 desde el 2020.","og_url":"https:\/\/www.noticiasradioreflejos.com.ar\/2021\/la-justicia-ha-crecido-y-ahora-los-escraches-por-redes-tienen-condena\/","og_site_name":"Noticias Radio Reflejos","article_published_time":"2024-05-15T18:16:35+00:00","og_image":[{"width":1500,"height":844,"url":"https:\/\/www.noticiasradioreflejos.com.ar\/2021\/wp-content\/uploads\/2024\/05\/1500x844-justicia-manos-redes-sociales.jpg","type":"image\/jpeg"}],"author":"Arnaldo Botto","twitter_card":"summary_large_image","schema":{"@context":"https:\/\/schema.org","@graph":[{"@type":"WebPage","@id":"https:\/\/www.noticiasradioreflejos.com.ar\/2021\/la-justicia-ha-crecido-y-ahora-los-escraches-por-redes-tienen-condena\/","url":"https:\/\/www.noticiasradioreflejos.com.ar\/2021\/la-justicia-ha-crecido-y-ahora-los-escraches-por-redes-tienen-condena\/","name":"\u201cLa justicia ha crecido y ahora los escraches por redes tienen condena\u201d - Noticias Radio Reflejos","isPartOf":{"@id":"https:\/\/www.noticiasradioreflejos.com.ar\/2021\/#website"},"primaryImageOfPage":{"@id":"https:\/\/www.noticiasradioreflejos.com.ar\/2021\/la-justicia-ha-crecido-y-ahora-los-escraches-por-redes-tienen-condena\/#primaryimage"},"image":{"@id":"https:\/\/www.noticiasradioreflejos.com.ar\/2021\/la-justicia-ha-crecido-y-ahora-los-escraches-por-redes-tienen-condena\/#primaryimage"},"thumbnailUrl":"https:\/\/www.noticiasradioreflejos.com.ar\/2021\/wp-content\/uploads\/2024\/05\/1500x844-justicia-manos-redes-sociales.jpg","datePublished":"2024-05-15T18:16:35+00:00","author":{"@id":"https:\/\/www.noticiasradioreflejos.com.ar\/2021\/#\/schema\/person\/ad82545263dcc5ec0996818884fd5fb1"},"breadcrumb":{"@id":"https:\/\/www.noticiasradioreflejos.com.ar\/2021\/la-justicia-ha-crecido-y-ahora-los-escraches-por-redes-tienen-condena\/#breadcrumb"},"inLanguage":"es","potentialAction":[{"@type":"ReadAction","target":["https:\/\/www.noticiasradioreflejos.com.ar\/2021\/la-justicia-ha-crecido-y-ahora-los-escraches-por-redes-tienen-condena\/"]}]},{"@type":"ImageObject","inLanguage":"es","@id":"https:\/\/www.noticiasradioreflejos.com.ar\/2021\/la-justicia-ha-crecido-y-ahora-los-escraches-por-redes-tienen-condena\/#primaryimage","url":"https:\/\/www.noticiasradioreflejos.com.ar\/2021\/wp-content\/uploads\/2024\/05\/1500x844-justicia-manos-redes-sociales.jpg","contentUrl":"https:\/\/www.noticiasradioreflejos.com.ar\/2021\/wp-content\/uploads\/2024\/05\/1500x844-justicia-manos-redes-sociales.jpg","width":1500,"height":844},{"@type":"BreadcrumbList","@id":"https:\/\/www.noticiasradioreflejos.com.ar\/2021\/la-justicia-ha-crecido-y-ahora-los-escraches-por-redes-tienen-condena\/#breadcrumb","itemListElement":[{"@type":"ListItem","position":1,"name":"Portada","item":"https:\/\/www.noticiasradioreflejos.com.ar\/2021\/"},{"@type":"ListItem","position":2,"name":"\u201cLa justicia ha crecido y ahora los escraches por redes tienen condena\u201d"}]},{"@type":"WebSite","@id":"https:\/\/www.noticiasradioreflejos.com.ar\/2021\/#website","url":"https:\/\/www.noticiasradioreflejos.com.ar\/2021\/","name":"Noticias Radio Reflejos","description":"Las noticias de mi comarca","potentialAction":[{"@type":"SearchAction","target":{"@type":"EntryPoint","urlTemplate":"https:\/\/www.noticiasradioreflejos.com.ar\/2021\/?s={search_term_string}"},"query-input":{"@type":"PropertyValueSpecification","valueRequired":true,"valueName":"search_term_string"}}],"inLanguage":"es"},{"@type":"Person","@id":"https:\/\/www.noticiasradioreflejos.com.ar\/2021\/#\/schema\/person\/ad82545263dcc5ec0996818884fd5fb1","name":"Arnaldo Botto","image":{"@type":"ImageObject","inLanguage":"es","@id":"https:\/\/www.noticiasradioreflejos.com.ar\/2021\/#\/schema\/person\/image\/","url":"https:\/\/secure.gravatar.com\/avatar\/55cb5e37c1efa326397366e6974cb338056df65cb50e7d64d1cf314e87504837?s=96&d=mm&r=g","contentUrl":"https:\/\/secure.gravatar.com\/avatar\/55cb5e37c1efa326397366e6974cb338056df65cb50e7d64d1cf314e87504837?s=96&d=mm&r=g","caption":"Arnaldo Botto"},"url":"https:\/\/www.noticiasradioreflejos.com.ar\/2021\/author\/arnaldo\/"}]}},"_links":{"self":[{"href":"https:\/\/www.noticiasradioreflejos.com.ar\/2021\/wp-json\/wp\/v2\/posts\/102672","targetHints":{"allow":["GET"]}}],"collection":[{"href":"https:\/\/www.noticiasradioreflejos.com.ar\/2021\/wp-json\/wp\/v2\/posts"}],"about":[{"href":"https:\/\/www.noticiasradioreflejos.com.ar\/2021\/wp-json\/wp\/v2\/types\/post"}],"author":[{"embeddable":true,"href":"https:\/\/www.noticiasradioreflejos.com.ar\/2021\/wp-json\/wp\/v2\/users\/3"}],"replies":[{"embeddable":true,"href":"https:\/\/www.noticiasradioreflejos.com.ar\/2021\/wp-json\/wp\/v2\/comments?post=102672"}],"version-history":[{"count":3,"href":"https:\/\/www.noticiasradioreflejos.com.ar\/2021\/wp-json\/wp\/v2\/posts\/102672\/revisions"}],"predecessor-version":[{"id":102678,"href":"https:\/\/www.noticiasradioreflejos.com.ar\/2021\/wp-json\/wp\/v2\/posts\/102672\/revisions\/102678"}],"wp:featuredmedia":[{"embeddable":true,"href":"https:\/\/www.noticiasradioreflejos.com.ar\/2021\/wp-json\/wp\/v2\/media\/102676"}],"wp:attachment":[{"href":"https:\/\/www.noticiasradioreflejos.com.ar\/2021\/wp-json\/wp\/v2\/media?parent=102672"}],"wp:term":[{"taxonomy":"category","embeddable":true,"href":"https:\/\/www.noticiasradioreflejos.com.ar\/2021\/wp-json\/wp\/v2\/categories?post=102672"},{"taxonomy":"post_tag","embeddable":true,"href":"https:\/\/www.noticiasradioreflejos.com.ar\/2021\/wp-json\/wp\/v2\/tags?post=102672"}],"curies":[{"name":"wp","href":"https:\/\/api.w.org\/{rel}","templated":true}]}}