{"id":102624,"date":"2024-05-14T15:16:32","date_gmt":"2024-05-14T18:16:32","guid":{"rendered":"https:\/\/www.noticiasradioreflejos.com.ar\/2021\/?p=102624"},"modified":"2024-05-14T15:18:25","modified_gmt":"2024-05-14T18:18:25","slug":"milei-inauguro-el-busto-de-menem-en-casa-rosada-es-un-acto-de-justicia","status":"publish","type":"post","link":"https:\/\/www.noticiasradioreflejos.com.ar\/2021\/milei-inauguro-el-busto-de-menem-en-casa-rosada-es-un-acto-de-justicia\/","title":{"rendered":"Milei inaugur\u00f3 el busto de Menem en Casa Rosada: \u00abEs un acto de justicia\u00bb"},"content":{"rendered":"<header class=\"article-header\" data-tadevel-template=\"web\/article-header\">\n<p class=\"article-deck\">El Presidente devel\u00f3 c\u00f3mo qued\u00f3 la representaci\u00f3n del riojano, en presencia de la familia del fallecido exmandatario.<\/p>\n<\/header>\n<p><!--more--><\/p>\n<div class=\"columns\" data-tadevel-template=\"web\/article-columns\">\n<div class=\"column-main\">\n<div class=\"article-body\" data-tadevel-template=\"web\/article-body\">\n<div class=\"article-body-content\">\n<p>El presidente\u00a0<a href=\"https:\/\/noticiasargentinas.com\/javier-milei_t65552d79207c69788b5733a8\"><strong>Javier Milei<\/strong><\/a>\u00a0inaugur\u00f3 el busto del exmandatario\u00a0<strong>Carlos Sa\u00fal Menem<\/strong>\u00a0en Casa Rosada y, entre l\u00e1grimas, afirm\u00f3 que<strong>\u00a0se trat\u00f3 de \u00abun acto de justicia\u00bb<\/strong>\u00a0en homenaje al<strong>\u00a0\u201cmejor presidente de la historia\u201d.<\/strong><\/p>\n<p><a title=\"M&amp;M\" href=\"https:\/\/www.flickr.com\/photos\/182279889@N02\/53721724975\/in\/dateposted-public\/\" data-flickr-embed=\"true\"><img loading=\"lazy\" decoding=\"async\" class=\"aligncenter\" src=\"https:\/\/live.staticflickr.com\/65535\/53721724975_b609d20f27_z.jpg\" alt=\"M&amp;M\" width=\"640\" height=\"614\" \/><\/a><\/p>\n<p>Ante la presencia de funcionarios, familiares y amigos del exmandatario, el l\u00edder libertario destac\u00f3 la trayectoria del riojano y, visiblemente emocionado,<strong>\u00a0ensalz\u00f3 su figura.<\/strong><\/p>\n<p><strong>\u201cHoy estamos haciendo un acto de justicia. Estamos reconociendo su liderazgo, su trayectoria pol\u00edtica y sus gobiernos\u201d,<\/strong>\u00a0remarc\u00f3 el Presidente, y a\u00f1adi\u00f3: \u201cEstamos haciendo homenaje al mejor Presidente de los \u00faltimos 40 a\u00f1os, al menos\u201d.<\/p>\n<p>Seg\u00fan plante\u00f3, Menem \u201crecibi\u00f3 una cat\u00e1strofe hiperinflacionaria y entreg\u00f3 a su sucesor en 1999 un pa\u00eds ordenado, estable y con un PBI per c\u00e1pita 60% m\u00e1s alto que el del \u201889\u201d, adem\u00e1s de \u201cubicar a la Argentina entre los protagonistas emergentes de la nueva globalizaci\u00f3n\u201d, logros que \u201clider\u00f3 con audacia, intuici\u00f3n y pragmatismo\u201d.<\/p>\n<p>Asimismo, cont\u00f3 una an\u00e9cdota en la que el riojano durante una cena compartida vaticin\u00f3 su futuro presidencial: \u00abMe dijo \u2018vos vas a ser presidente de la Argentina, pero lo vas a hacer mejor, porque vos no solo ten\u00e9s la intuici\u00f3n y el coraje, sino que ten\u00e9s el conocimiento\u2019, yo le dije \u2018Carlos, yo odio la pol\u00edtica\u2019, y me dijo<strong> &#8216;yo nunca me equivoco. Vos esc\u00fachame, nunca me equivoco&#8217;\u201d<\/strong><\/p>\n<p><a title=\"Busto Men\" href=\"https:\/\/www.flickr.com\/photos\/182279889@N02\/53721264506\/in\/dateposted-public\/\" data-flickr-embed=\"true\"><img loading=\"lazy\" decoding=\"async\" src=\"https:\/\/live.staticflickr.com\/31337\/53721264506_80f16e3676_z.jpg\" alt=\"Busto Men\" width=\"640\" height=\"361\" \/><\/a><script async src=\"\/\/embedr.flickr.com\/assets\/client-code.js\" charset=\"utf-8\"><\/script><\/p>\n<p>El fundador de la Libertad Avanza estructur\u00f3 su discurso en dos: un primer bloque donde destac\u00f3 la figura pol\u00edtica de Carlos Menem, y una segunda dedicada a an\u00e9cdotas en com\u00fan.<\/p>\n<p>Tambi\u00e9n destac\u00f3 la relaci\u00f3n personal entre los hermanos<strong>\u00a0Carlos y Eduardo Menem<\/strong>, al sostener que el exsenador fue<strong>\u00a0\u201cel \u00e1ngel de la guarda\u201d<\/strong>\u00a0del presidente peronista que \u201cfue privado de su libertad desde 1976 a 1981, estuvo preso en un barco en Magdalena, Mar del Plata, Tandil y Las Lomitas, y varias veces al borde de ser desaparecido pero<strong>\u00a0tuvo la custodia de su \u00e1ngel de la guarda, su hermano Eduardo\u201d.<\/strong><\/p>\n<h3>Reasignaci\u00f3n de los bustos<\/h3>\n<p>En otro pasaje del acto, Milei hizo eco del reordenamiento de los bustos en la Galer\u00eda ubicada en la planta baja de Casa Rosada, que tiene ahora a Carlos Menem en un lugar central, sobre el atril que antes ocupaba<strong>\u00a0N\u00e9stor Kirchner<\/strong>, reubicado al fondo de la sala.<\/p>\n<p>Durante su discurso, el mandatario se compar\u00f3 con algunos expresidentes como\u00a0<strong>Domingo Faustino Sarmiento<\/strong>, al recordar que<strong>\u00a0\u201ctambi\u00e9n le dec\u00edan el loco\u201d,<\/strong>\u00a0y con\u00a0<strong>Carlos Pellegrini,<\/strong>\u00a0al que defini\u00f3<strong>\u00a0como \u201cel piloto de tormentas\u201d y \u201cla cara del ajuste\u201d<\/strong>.<\/p>\n<p>\u201cEst\u00e1 el busto de Sarmiento, alguien con un coraje fuerte, un hombre que si bien era culto no era el adalid de las formas, pero ten\u00eda el coraje que ten\u00eda que tener para hacer las cosas que hizo, y ser uno de los grandes presidentes de la historia Argentina, ser un precursor en la idea del capital humano como factor de crecimiento y\u00a0<strong>que dicho sea de paso tambi\u00e9n le dec\u00edan el loco<\/strong>\u201d, desatac\u00f3.<\/p>\n<p>En la misma l\u00ednea, el jefe de Estado continu\u00f3: \u201cDespu\u00e9s est\u00e1 el busto de Carlos Pellegrini que asumi\u00f3 en el medio de una crisis monumental e hizo lo que ten\u00eda que hacer, sin importar las consecuencias pol\u00edticas de ello\u201d.<\/p>\n<p>\u201c\u00c9l le hab\u00eda puesto la cara al ajuste y en ese momento no era tan f\u00e1cil comunicar como es ahora<strong>. Sin embargo, la historia lo recuerda como el piloto de tormentas<\/strong>\u201d, subray\u00f3.<\/p>\n<p>Por \u00faltimo, destac\u00f3 tambi\u00e9n el busto de\u00a0<strong>Julio Argentino Roca,<\/strong>\u00a0el dos veces presidente de la Argentina, al afirmar que<strong>\u00a0\u201csi no fuera por el Carlos [Menem], hubiera sido el mejor presidente de la historia\u201d.\u00a0<\/strong><\/p>\n<p>Fue la hija del ex Presidente,\u00a0<strong>Zulema Menem<\/strong>\u00a0la encargada de cursar las invitaciones al evento. Con una lista de m\u00e1s de 80 invitados, destacaron el ex vicepresidente,\u00a0<strong>Carlos Ruckauf<\/strong>; el ex ministro del Interior,\u00a0<strong>Carlos Corach<\/strong>; el exsenador\u00a0<strong>Eduardo Menem;<\/strong>\u00a0el expresidente\u00a0<strong>Ram\u00f3n Puertas,\u00a0<\/strong>entre otros.<\/p>\n<p>En representaci\u00f3n del Gobierno, ubicados en la primera l\u00ednea dieron el presente el titular de la C\u00e1mara de Diputados,\u00a0<strong>Mart\u00edn Menem<\/strong>; la secretaria General de la Presidencia,\u00a0<strong>Karina Milei;\u00a0<\/strong>los ministros\u00a0<strong>Guillermo Francos<\/strong>\u00a0(Interior) y\u00a0<strong>Sandra Pettovello<\/strong>\u00a0(Capital Humano); y el Subsecretario de Gesti\u00f3n Institucional de la Secretar\u00eda General de la Presidencia,\u00a0<strong>Eduardo \u201cLule\u201d Menem.<\/strong><\/p>\n<p>Una hilera detr\u00e1s se sentaron el Secretario de Legal y T\u00e9cnica,\u00a0<strong>Javier Herrera Bravo<\/strong>; el vocero presidencial, Manuel Adorni y su esposa, el Secretario de Prensa, Eduardo Serenellini; y el legislador bonaerense Agust\u00edn Romo.<\/p>\n<h3>El agradecimiento de la familia Menem<\/h3>\n<p><strong>\u00abQuiero agradecer desde lo m\u00e1s profundo de mi coraz\u00f3n que finalmente se concrete en este a\u00f1o, en una fecha con tan importante significado\u00bb,<\/strong>\u00a0se\u00f1al\u00f3\u00a0<strong>Zulemita Menem,<\/strong> hija del fallecido exjefe de Estado, en alusi\u00f3n al aniversario n\u00famero 35 del triunfo del dirigente peronista en las elecciones de 1989.<\/p>\n<p>En su discurso, Zulemita afirm\u00f3 estar \u00abmuy honrada\u00bb de su padre, a quien defini\u00f3 como \u00abun caballero de la pol\u00edtica\u00bb.\u00a0<strong>\u00abLe deseo, como ciudadana, todo el \u00e9xito que su dedicaci\u00f3n y tarea merecen\u00bb,<\/strong>\u00a0expres\u00f3 la hija de Carlos Menem, dirigi\u00e9ndose a Milei.<\/p>\n<p>A su turno,\u00a0<strong>Eduardo Menem<\/strong>, agradeci\u00f3 a los hermanos Milei por el homenaje, y se dedic\u00f3 a resaltar la figura de su hermano durante su exposici\u00f3n que se prolong\u00f3 por 25 minutos.<\/p>\n<p>\u201cEl presidente Milei a\u00fan antes de ser presidente tuvo la valent\u00eda de resaltar y hablar lo que hab\u00eda sido el primer gobierno del presidente que calific\u00f3 como el mejor gobierno de la historia\u201d, destac\u00f3 ante la mirada atenta del libertario, ubicado en la primera fila.<\/p>\n<p>\u201cReconozco su valent\u00eda porque cuando alguien habla bien del Menem sale el elenco de denostadores. Reconozco su deferencia al fijar estar fecha porque fue el d\u00eda que Carlos gan\u00f3 por primera vez la presidencia\u201d, concluy\u00f3.<\/p>\n<\/div>\n<\/div>\n<p><em><strong>Fuente NA<\/strong><\/em><\/p>\n<\/div>\n<\/div>\n","protected":false},"excerpt":{"rendered":"<p>El Presidente devel\u00f3 c\u00f3mo qued\u00f3 la representaci\u00f3n del riojano, en presencia de la familia del fallecido exmandatario.<\/p>\n","protected":false},"author":3,"featured_media":102625,"comment_status":"closed","ping_status":"closed","sticky":false,"template":"","format":"standard","meta":{"footnotes":""},"categories":[58],"tags":[],"class_list":["post-102624","post","type-post","status-publish","format-standard","has-post-thumbnail","hentry","category-gobierno"],"yoast_head":"<!-- This site is optimized with the Yoast SEO plugin v25.9 - https:\/\/yoast.com\/wordpress\/plugins\/seo\/ -->\n<title>Milei inaugur\u00f3 el busto de Menem en Casa Rosada: &quot;Es un acto de justicia&quot; - Noticias Radio Reflejos<\/title>\n<meta name=\"robots\" content=\"index, follow, max-snippet:-1, max-image-preview:large, max-video-preview:-1\" \/>\n<link rel=\"canonical\" href=\"https:\/\/www.noticiasradioreflejos.com.ar\/2021\/milei-inauguro-el-busto-de-menem-en-casa-rosada-es-un-acto-de-justicia\/\" \/>\n<meta property=\"og:locale\" content=\"es_ES\" \/>\n<meta property=\"og:type\" content=\"article\" \/>\n<meta property=\"og:title\" content=\"Milei inaugur\u00f3 el busto de Menem en Casa Rosada: &quot;Es un acto de justicia&quot; - Noticias Radio Reflejos\" \/>\n<meta property=\"og:description\" content=\"El Presidente devel\u00f3 c\u00f3mo qued\u00f3 la representaci\u00f3n del riojano, en presencia de la familia del fallecido exmandatario.\" \/>\n<meta property=\"og:url\" content=\"https:\/\/www.noticiasradioreflejos.com.ar\/2021\/milei-inauguro-el-busto-de-menem-en-casa-rosada-es-un-acto-de-justicia\/\" \/>\n<meta property=\"og:site_name\" content=\"Noticias Radio Reflejos\" \/>\n<meta property=\"article:published_time\" content=\"2024-05-14T18:16:32+00:00\" \/>\n<meta property=\"article:modified_time\" content=\"2024-05-14T18:18:25+00:00\" \/>\n<meta property=\"og:image\" content=\"https:\/\/www.noticiasradioreflejos.com.ar\/2021\/wp-content\/uploads\/2024\/05\/CSMyM.jpg\" \/>\n\t<meta property=\"og:image:width\" content=\"768\" \/>\n\t<meta property=\"og:image:height\" content=\"512\" \/>\n\t<meta property=\"og:image:type\" content=\"image\/jpeg\" \/>\n<meta name=\"author\" content=\"Arnaldo Botto\" \/>\n<meta name=\"twitter:card\" content=\"summary_large_image\" \/>\n<script type=\"application\/ld+json\" class=\"yoast-schema-graph\">{\"@context\":\"https:\/\/schema.org\",\"@graph\":[{\"@type\":\"WebPage\",\"@id\":\"https:\/\/www.noticiasradioreflejos.com.ar\/2021\/milei-inauguro-el-busto-de-menem-en-casa-rosada-es-un-acto-de-justicia\/\",\"url\":\"https:\/\/www.noticiasradioreflejos.com.ar\/2021\/milei-inauguro-el-busto-de-menem-en-casa-rosada-es-un-acto-de-justicia\/\",\"name\":\"Milei inaugur\u00f3 el busto de Menem en Casa Rosada: \\\"Es un acto de justicia\\\" - Noticias Radio Reflejos\",\"isPartOf\":{\"@id\":\"https:\/\/www.noticiasradioreflejos.com.ar\/2021\/#website\"},\"primaryImageOfPage\":{\"@id\":\"https:\/\/www.noticiasradioreflejos.com.ar\/2021\/milei-inauguro-el-busto-de-menem-en-casa-rosada-es-un-acto-de-justicia\/#primaryimage\"},\"image\":{\"@id\":\"https:\/\/www.noticiasradioreflejos.com.ar\/2021\/milei-inauguro-el-busto-de-menem-en-casa-rosada-es-un-acto-de-justicia\/#primaryimage\"},\"thumbnailUrl\":\"https:\/\/www.noticiasradioreflejos.com.ar\/2021\/wp-content\/uploads\/2024\/05\/CSMyM.jpg\",\"datePublished\":\"2024-05-14T18:16:32+00:00\",\"dateModified\":\"2024-05-14T18:18:25+00:00\",\"author\":{\"@id\":\"https:\/\/www.noticiasradioreflejos.com.ar\/2021\/#\/schema\/person\/ad82545263dcc5ec0996818884fd5fb1\"},\"breadcrumb\":{\"@id\":\"https:\/\/www.noticiasradioreflejos.com.ar\/2021\/milei-inauguro-el-busto-de-menem-en-casa-rosada-es-un-acto-de-justicia\/#breadcrumb\"},\"inLanguage\":\"es\",\"potentialAction\":[{\"@type\":\"ReadAction\",\"target\":[\"https:\/\/www.noticiasradioreflejos.com.ar\/2021\/milei-inauguro-el-busto-de-menem-en-casa-rosada-es-un-acto-de-justicia\/\"]}]},{\"@type\":\"ImageObject\",\"inLanguage\":\"es\",\"@id\":\"https:\/\/www.noticiasradioreflejos.com.ar\/2021\/milei-inauguro-el-busto-de-menem-en-casa-rosada-es-un-acto-de-justicia\/#primaryimage\",\"url\":\"https:\/\/www.noticiasradioreflejos.com.ar\/2021\/wp-content\/uploads\/2024\/05\/CSMyM.jpg\",\"contentUrl\":\"https:\/\/www.noticiasradioreflejos.com.ar\/2021\/wp-content\/uploads\/2024\/05\/CSMyM.jpg\",\"width\":768,\"height\":512},{\"@type\":\"BreadcrumbList\",\"@id\":\"https:\/\/www.noticiasradioreflejos.com.ar\/2021\/milei-inauguro-el-busto-de-menem-en-casa-rosada-es-un-acto-de-justicia\/#breadcrumb\",\"itemListElement\":[{\"@type\":\"ListItem\",\"position\":1,\"name\":\"Portada\",\"item\":\"https:\/\/www.noticiasradioreflejos.com.ar\/2021\/\"},{\"@type\":\"ListItem\",\"position\":2,\"name\":\"Milei inaugur\u00f3 el busto de Menem en Casa Rosada: \u00abEs un acto de justicia\u00bb\"}]},{\"@type\":\"WebSite\",\"@id\":\"https:\/\/www.noticiasradioreflejos.com.ar\/2021\/#website\",\"url\":\"https:\/\/www.noticiasradioreflejos.com.ar\/2021\/\",\"name\":\"Noticias Radio Reflejos\",\"description\":\"Las noticias de mi comarca\",\"potentialAction\":[{\"@type\":\"SearchAction\",\"target\":{\"@type\":\"EntryPoint\",\"urlTemplate\":\"https:\/\/www.noticiasradioreflejos.com.ar\/2021\/?s={search_term_string}\"},\"query-input\":{\"@type\":\"PropertyValueSpecification\",\"valueRequired\":true,\"valueName\":\"search_term_string\"}}],\"inLanguage\":\"es\"},{\"@type\":\"Person\",\"@id\":\"https:\/\/www.noticiasradioreflejos.com.ar\/2021\/#\/schema\/person\/ad82545263dcc5ec0996818884fd5fb1\",\"name\":\"Arnaldo Botto\",\"image\":{\"@type\":\"ImageObject\",\"inLanguage\":\"es\",\"@id\":\"https:\/\/www.noticiasradioreflejos.com.ar\/2021\/#\/schema\/person\/image\/\",\"url\":\"https:\/\/secure.gravatar.com\/avatar\/55cb5e37c1efa326397366e6974cb338056df65cb50e7d64d1cf314e87504837?s=96&d=mm&r=g\",\"contentUrl\":\"https:\/\/secure.gravatar.com\/avatar\/55cb5e37c1efa326397366e6974cb338056df65cb50e7d64d1cf314e87504837?s=96&d=mm&r=g\",\"caption\":\"Arnaldo Botto\"},\"url\":\"https:\/\/www.noticiasradioreflejos.com.ar\/2021\/author\/arnaldo\/\"}]}<\/script>\n<!-- \/ Yoast SEO plugin. -->","yoast_head_json":{"title":"Milei inaugur\u00f3 el busto de Menem en Casa Rosada: \"Es un acto de justicia\" - Noticias Radio Reflejos","robots":{"index":"index","follow":"follow","max-snippet":"max-snippet:-1","max-image-preview":"max-image-preview:large","max-video-preview":"max-video-preview:-1"},"canonical":"https:\/\/www.noticiasradioreflejos.com.ar\/2021\/milei-inauguro-el-busto-de-menem-en-casa-rosada-es-un-acto-de-justicia\/","og_locale":"es_ES","og_type":"article","og_title":"Milei inaugur\u00f3 el busto de Menem en Casa Rosada: \"Es un acto de justicia\" - Noticias Radio Reflejos","og_description":"El Presidente devel\u00f3 c\u00f3mo qued\u00f3 la representaci\u00f3n del riojano, en presencia de la familia del fallecido exmandatario.","og_url":"https:\/\/www.noticiasradioreflejos.com.ar\/2021\/milei-inauguro-el-busto-de-menem-en-casa-rosada-es-un-acto-de-justicia\/","og_site_name":"Noticias Radio Reflejos","article_published_time":"2024-05-14T18:16:32+00:00","article_modified_time":"2024-05-14T18:18:25+00:00","og_image":[{"width":768,"height":512,"url":"https:\/\/www.noticiasradioreflejos.com.ar\/2021\/wp-content\/uploads\/2024\/05\/CSMyM.jpg","type":"image\/jpeg"}],"author":"Arnaldo Botto","twitter_card":"summary_large_image","schema":{"@context":"https:\/\/schema.org","@graph":[{"@type":"WebPage","@id":"https:\/\/www.noticiasradioreflejos.com.ar\/2021\/milei-inauguro-el-busto-de-menem-en-casa-rosada-es-un-acto-de-justicia\/","url":"https:\/\/www.noticiasradioreflejos.com.ar\/2021\/milei-inauguro-el-busto-de-menem-en-casa-rosada-es-un-acto-de-justicia\/","name":"Milei inaugur\u00f3 el busto de Menem en Casa Rosada: \"Es un acto de justicia\" - Noticias Radio Reflejos","isPartOf":{"@id":"https:\/\/www.noticiasradioreflejos.com.ar\/2021\/#website"},"primaryImageOfPage":{"@id":"https:\/\/www.noticiasradioreflejos.com.ar\/2021\/milei-inauguro-el-busto-de-menem-en-casa-rosada-es-un-acto-de-justicia\/#primaryimage"},"image":{"@id":"https:\/\/www.noticiasradioreflejos.com.ar\/2021\/milei-inauguro-el-busto-de-menem-en-casa-rosada-es-un-acto-de-justicia\/#primaryimage"},"thumbnailUrl":"https:\/\/www.noticiasradioreflejos.com.ar\/2021\/wp-content\/uploads\/2024\/05\/CSMyM.jpg","datePublished":"2024-05-14T18:16:32+00:00","dateModified":"2024-05-14T18:18:25+00:00","author":{"@id":"https:\/\/www.noticiasradioreflejos.com.ar\/2021\/#\/schema\/person\/ad82545263dcc5ec0996818884fd5fb1"},"breadcrumb":{"@id":"https:\/\/www.noticiasradioreflejos.com.ar\/2021\/milei-inauguro-el-busto-de-menem-en-casa-rosada-es-un-acto-de-justicia\/#breadcrumb"},"inLanguage":"es","potentialAction":[{"@type":"ReadAction","target":["https:\/\/www.noticiasradioreflejos.com.ar\/2021\/milei-inauguro-el-busto-de-menem-en-casa-rosada-es-un-acto-de-justicia\/"]}]},{"@type":"ImageObject","inLanguage":"es","@id":"https:\/\/www.noticiasradioreflejos.com.ar\/2021\/milei-inauguro-el-busto-de-menem-en-casa-rosada-es-un-acto-de-justicia\/#primaryimage","url":"https:\/\/www.noticiasradioreflejos.com.ar\/2021\/wp-content\/uploads\/2024\/05\/CSMyM.jpg","contentUrl":"https:\/\/www.noticiasradioreflejos.com.ar\/2021\/wp-content\/uploads\/2024\/05\/CSMyM.jpg","width":768,"height":512},{"@type":"BreadcrumbList","@id":"https:\/\/www.noticiasradioreflejos.com.ar\/2021\/milei-inauguro-el-busto-de-menem-en-casa-rosada-es-un-acto-de-justicia\/#breadcrumb","itemListElement":[{"@type":"ListItem","position":1,"name":"Portada","item":"https:\/\/www.noticiasradioreflejos.com.ar\/2021\/"},{"@type":"ListItem","position":2,"name":"Milei inaugur\u00f3 el busto de Menem en Casa Rosada: \u00abEs un acto de justicia\u00bb"}]},{"@type":"WebSite","@id":"https:\/\/www.noticiasradioreflejos.com.ar\/2021\/#website","url":"https:\/\/www.noticiasradioreflejos.com.ar\/2021\/","name":"Noticias Radio Reflejos","description":"Las noticias de mi comarca","potentialAction":[{"@type":"SearchAction","target":{"@type":"EntryPoint","urlTemplate":"https:\/\/www.noticiasradioreflejos.com.ar\/2021\/?s={search_term_string}"},"query-input":{"@type":"PropertyValueSpecification","valueRequired":true,"valueName":"search_term_string"}}],"inLanguage":"es"},{"@type":"Person","@id":"https:\/\/www.noticiasradioreflejos.com.ar\/2021\/#\/schema\/person\/ad82545263dcc5ec0996818884fd5fb1","name":"Arnaldo Botto","image":{"@type":"ImageObject","inLanguage":"es","@id":"https:\/\/www.noticiasradioreflejos.com.ar\/2021\/#\/schema\/person\/image\/","url":"https:\/\/secure.gravatar.com\/avatar\/55cb5e37c1efa326397366e6974cb338056df65cb50e7d64d1cf314e87504837?s=96&d=mm&r=g","contentUrl":"https:\/\/secure.gravatar.com\/avatar\/55cb5e37c1efa326397366e6974cb338056df65cb50e7d64d1cf314e87504837?s=96&d=mm&r=g","caption":"Arnaldo Botto"},"url":"https:\/\/www.noticiasradioreflejos.com.ar\/2021\/author\/arnaldo\/"}]}},"_links":{"self":[{"href":"https:\/\/www.noticiasradioreflejos.com.ar\/2021\/wp-json\/wp\/v2\/posts\/102624","targetHints":{"allow":["GET"]}}],"collection":[{"href":"https:\/\/www.noticiasradioreflejos.com.ar\/2021\/wp-json\/wp\/v2\/posts"}],"about":[{"href":"https:\/\/www.noticiasradioreflejos.com.ar\/2021\/wp-json\/wp\/v2\/types\/post"}],"author":[{"embeddable":true,"href":"https:\/\/www.noticiasradioreflejos.com.ar\/2021\/wp-json\/wp\/v2\/users\/3"}],"replies":[{"embeddable":true,"href":"https:\/\/www.noticiasradioreflejos.com.ar\/2021\/wp-json\/wp\/v2\/comments?post=102624"}],"version-history":[{"count":2,"href":"https:\/\/www.noticiasradioreflejos.com.ar\/2021\/wp-json\/wp\/v2\/posts\/102624\/revisions"}],"predecessor-version":[{"id":102627,"href":"https:\/\/www.noticiasradioreflejos.com.ar\/2021\/wp-json\/wp\/v2\/posts\/102624\/revisions\/102627"}],"wp:featuredmedia":[{"embeddable":true,"href":"https:\/\/www.noticiasradioreflejos.com.ar\/2021\/wp-json\/wp\/v2\/media\/102625"}],"wp:attachment":[{"href":"https:\/\/www.noticiasradioreflejos.com.ar\/2021\/wp-json\/wp\/v2\/media?parent=102624"}],"wp:term":[{"taxonomy":"category","embeddable":true,"href":"https:\/\/www.noticiasradioreflejos.com.ar\/2021\/wp-json\/wp\/v2\/categories?post=102624"},{"taxonomy":"post_tag","embeddable":true,"href":"https:\/\/www.noticiasradioreflejos.com.ar\/2021\/wp-json\/wp\/v2\/tags?post=102624"}],"curies":[{"name":"wp","href":"https:\/\/api.w.org\/{rel}","templated":true}]}}