{"id":102616,"date":"2024-05-14T14:51:52","date_gmt":"2024-05-14T17:51:52","guid":{"rendered":"https:\/\/www.noticiasradioreflejos.com.ar\/2021\/?p=102616"},"modified":"2024-05-14T14:51:52","modified_gmt":"2024-05-14T17:51:52","slug":"remodelacion-del-parque-lainez-todo-giro-en-torno-a-ejes-ambientales","status":"publish","type":"post","link":"https:\/\/www.noticiasradioreflejos.com.ar\/2021\/remodelacion-del-parque-lainez-todo-giro-en-torno-a-ejes-ambientales\/","title":{"rendered":"Remodelaci\u00f3n del Parque Lainez: \u201cTodo gir\u00f3 en torno a ejes ambientales\u201d"},"content":{"rendered":"<p>La encargada del \u00e1rea de <strong>Medio Ambiente, Melisa Herrada<\/strong>, detall\u00f3 los trabajos que se llevaron adelante en ese espacio verde y cu\u00e1les ser\u00e1n las acciones a futuro.<!--more--><\/p>\n<p>Ya son varios los que han pasado y se sorprendieron para bien por las hermosas remodelaciones que ha vivido el Parque L\u00e1inez.<\/p>\n<p><a title=\"Parque Lainez\" href=\"https:\/\/www.flickr.com\/photos\/182279889@N02\/53721348753\/in\/dateposted-public\/\" data-flickr-embed=\"true\"><img loading=\"lazy\" decoding=\"async\" src=\"https:\/\/live.staticflickr.com\/65535\/53721348753_399ee56259_c.jpg\" alt=\"Parque Lainez\" width=\"800\" height=\"450\" \/><\/a><script async src=\"\/\/embedr.flickr.com\/assets\/client-code.js\" charset=\"utf-8\"><\/script><\/p>\n<p>Al respecto la<strong> subsecretaria del \u00e1rea de Medio Ambiente municipal, Melisa Herrada<\/strong>, explic\u00f3 que \u201cno es solo un trabajo de ambiente nada m\u00e1s. Hay muchas \u00e1reas involucradas. Inici\u00f3 como una iniciativa de los vecinos, que hace un tiempo nos vinieron a ver\u201d.<\/p>\n<p>Siguiendo en esa l\u00ednea, coment\u00f3 que \u201ccomenzamos con la forestaci\u00f3n y el a\u00f1o pasado comenz\u00f3 un programa en el ministerio de ambiente, y como los vecinos quer\u00edan seguir avanzando y necesit\u00e1bamos un apoyo econ\u00f3mico, avanzamos en eso para conseguir los fondos\u201d.<\/p>\n<p>Y detallando sobre esta acci\u00f3n concreta, enfatiz\u00f3 con que el espacio verde \u201ccuenta con cuatro ejes tem\u00e1ticos ambientales. La eficiencia energ\u00e9tica, ya que se cambiaron todas a LED. El aula en s\u00ed, que es ambiental. Se eligi\u00f3 esa estructura de domo porque da mejores condiciones, incluso a nivel temperatura\u201d.<\/p>\n<p>Al respecto recalc\u00f3 que \u201cla idea es poder darlas charlas, talleres, capacitaciones ah\u00ed. No solo de medio ambiente pero s\u00ed ser\u00e1 su fuerte\u201d.<\/p>\n<p><a title=\"Parque Lainez\" href=\"https:\/\/www.flickr.com\/photos\/182279889@N02\/53721348248\/in\/dateposted-public\/\" data-flickr-embed=\"true\"><img loading=\"lazy\" decoding=\"async\" src=\"https:\/\/live.staticflickr.com\/65535\/53721348248_3f3363ed12_c.jpg\" alt=\"Parque Lainez\" width=\"800\" height=\"450\" \/><\/a><\/p>\n<p>&nbsp;<\/p>\n<p>Continuando con la enumeraci\u00f3n de mejoras, reconoci\u00f3 que \u201ca la forestaci\u00f3n que ya estaba se le agreg\u00f3 forestaci\u00f3n nativa. Se agregaron juegos, uno de los cuales es de madera pl\u00e1stica, para que se tome conciencia sobre el reciclado. Adem\u00e1s tenemos el lago con su belleza propia. Atr\u00e1s del domo estar\u00e1 una huerta demostrativa, que se agreg\u00f3 despu\u00e9s\u201d.<\/p>\n<p><a title=\"Parque Lainez\" href=\"https:\/\/www.flickr.com\/photos\/182279889@N02\/53721136636\/in\/dateposted-public\/\" data-flickr-embed=\"true\"><img loading=\"lazy\" decoding=\"async\" src=\"https:\/\/live.staticflickr.com\/65535\/53721136636_a9319120d5_c.jpg\" alt=\"Parque Lainez\" width=\"800\" height=\"450\" \/><\/a><br \/>\nEn tanto que acot\u00f3 que \u201cdebemos haber puesto alrededor de 200 plantas. Se comenz\u00f3 hace dos a\u00f1os con 80. Algunas no aguantaron el clima, y luego se fueron sumando m\u00e1s, as\u00ed que debemos estar alrededor de ese n\u00famero\u201d.<\/p>\n<p>Por \u00faltimo reconoci\u00f3 que \u201clas glorietas las aport\u00f3 provincia, al igual que algunos bancos. Y despu\u00e9s se hicieron sendero con piedras. La verdad que todo qued\u00f3 muy lindo\u201d.<\/p>\n<p><iframe loading=\"lazy\" src=\"https:\/\/w.soundcloud.com\/player\/?url=https%3A\/\/api.soundcloud.com\/tracks\/1821694230&amp;color=%23ff5500&amp;auto_play=false&amp;hide_related=false&amp;show_comments=true&amp;show_user=true&amp;show_reposts=false&amp;show_teaser=true\" width=\"100%\" height=\"166\" frameborder=\"no\" scrolling=\"no\"><\/iframe><\/p>\n<div style=\"font-size: 10px; color: #cccccc; line-break: anywhere; word-break: normal; overflow: hidden; white-space: nowrap; text-overflow: ellipsis; font-family: Interstate,Lucida Grande,Lucida Sans Unicode,Lucida Sans,Garuda,Verdana,Tahoma,sans-serif; font-weight: 100;\"><a style=\"color: #cccccc; text-decoration: none;\" title=\"fmreflejos 103.7\" href=\"https:\/\/soundcloud.com\/fmreflejos-103-7\" target=\"_blank\" rel=\"noopener\">fmreflejos 103.7<\/a> \u00b7 <a style=\"color: #cccccc; text-decoration: none;\" title=\"Melisa Herrada 14 - 05\" href=\"https:\/\/soundcloud.com\/fmreflejos-103-7\/melisa-herrada-14-05\" target=\"_blank\" rel=\"noopener\">Melisa Herrada 14 &#8211; 05<\/a><\/div>\n<p><a title=\"Parque Lainez\" href=\"https:\/\/www.flickr.com\/photos\/182279889@N02\/53721347883\/in\/dateposted-public\/\" data-flickr-embed=\"true\"><img loading=\"lazy\" decoding=\"async\" src=\"https:\/\/live.staticflickr.com\/65535\/53721347883_a2b7690ff4_c.jpg\" alt=\"Parque Lainez\" width=\"800\" height=\"450\" \/><\/a><script async src=\"\/\/embedr.flickr.com\/assets\/client-code.js\" charset=\"utf-8\"><\/script><\/p>\n<p><a title=\"Parque Lainez\" href=\"https:\/\/www.flickr.com\/photos\/182279889@N02\/53721136551\/in\/dateposted-public\/\" data-flickr-embed=\"true\"><img loading=\"lazy\" decoding=\"async\" src=\"https:\/\/live.staticflickr.com\/65535\/53721136551_1cffd75441_c.jpg\" alt=\"Parque Lainez\" width=\"800\" height=\"450\" \/><\/a><script async src=\"\/\/embedr.flickr.com\/assets\/client-code.js\" charset=\"utf-8\"><\/script><\/p>\n<p><a title=\"Parque Lainez\" href=\"https:\/\/www.flickr.com\/photos\/182279889@N02\/53721348968\/in\/dateposted-public\/\" data-flickr-embed=\"true\"><img loading=\"lazy\" decoding=\"async\" src=\"https:\/\/live.staticflickr.com\/65535\/53721348968_ef762557c1_c.jpg\" alt=\"Parque Lainez\" width=\"800\" height=\"450\" \/><\/a><script async src=\"\/\/embedr.flickr.com\/assets\/client-code.js\" charset=\"utf-8\"><\/script><\/p>\n","protected":false},"excerpt":{"rendered":"<p>La encargada del \u00e1rea de Medio Ambiente, Melisa Herrada, detall\u00f3 los trabajos que se llevaron adelante en ese espacio verde y cu\u00e1les ser\u00e1n las acciones a futuro.<\/p>\n","protected":false},"author":3,"featured_media":102620,"comment_status":"closed","ping_status":"closed","sticky":false,"template":"","format":"standard","meta":{"footnotes":""},"categories":[28,26],"tags":[48],"class_list":["post-102616","post","type-post","status-publish","format-standard","has-post-thumbnail","hentry","category-municipales","category-sociedad","tag-destacada"],"yoast_head":"<!-- This site is optimized with the Yoast SEO plugin v25.9 - https:\/\/yoast.com\/wordpress\/plugins\/seo\/ -->\n<title>Remodelaci\u00f3n del Parque Lainez: \u201cTodo gir\u00f3 en torno a ejes ambientales\u201d - Noticias Radio Reflejos<\/title>\n<meta name=\"robots\" content=\"index, follow, max-snippet:-1, max-image-preview:large, max-video-preview:-1\" \/>\n<link rel=\"canonical\" href=\"https:\/\/www.noticiasradioreflejos.com.ar\/2021\/remodelacion-del-parque-lainez-todo-giro-en-torno-a-ejes-ambientales\/\" \/>\n<meta property=\"og:locale\" content=\"es_ES\" \/>\n<meta property=\"og:type\" content=\"article\" \/>\n<meta property=\"og:title\" content=\"Remodelaci\u00f3n del Parque Lainez: \u201cTodo gir\u00f3 en torno a ejes ambientales\u201d - Noticias Radio Reflejos\" \/>\n<meta property=\"og:description\" content=\"La encargada del \u00e1rea de Medio Ambiente, Melisa Herrada, detall\u00f3 los trabajos que se llevaron adelante en ese espacio verde y cu\u00e1les ser\u00e1n las acciones a futuro.\" \/>\n<meta property=\"og:url\" content=\"https:\/\/www.noticiasradioreflejos.com.ar\/2021\/remodelacion-del-parque-lainez-todo-giro-en-torno-a-ejes-ambientales\/\" \/>\n<meta property=\"og:site_name\" content=\"Noticias Radio Reflejos\" \/>\n<meta property=\"article:published_time\" content=\"2024-05-14T17:51:52+00:00\" \/>\n<meta property=\"og:image\" content=\"https:\/\/www.noticiasradioreflejos.com.ar\/2021\/wp-content\/uploads\/2024\/05\/parque-Lainez-3.jpeg\" \/>\n\t<meta property=\"og:image:width\" content=\"1600\" \/>\n\t<meta property=\"og:image:height\" content=\"900\" \/>\n\t<meta property=\"og:image:type\" content=\"image\/jpeg\" \/>\n<meta name=\"author\" content=\"Arnaldo Botto\" \/>\n<meta name=\"twitter:card\" content=\"summary_large_image\" \/>\n<script type=\"application\/ld+json\" class=\"yoast-schema-graph\">{\"@context\":\"https:\/\/schema.org\",\"@graph\":[{\"@type\":\"WebPage\",\"@id\":\"https:\/\/www.noticiasradioreflejos.com.ar\/2021\/remodelacion-del-parque-lainez-todo-giro-en-torno-a-ejes-ambientales\/\",\"url\":\"https:\/\/www.noticiasradioreflejos.com.ar\/2021\/remodelacion-del-parque-lainez-todo-giro-en-torno-a-ejes-ambientales\/\",\"name\":\"Remodelaci\u00f3n del Parque Lainez: \u201cTodo gir\u00f3 en torno a ejes ambientales\u201d - Noticias Radio Reflejos\",\"isPartOf\":{\"@id\":\"https:\/\/www.noticiasradioreflejos.com.ar\/2021\/#website\"},\"primaryImageOfPage\":{\"@id\":\"https:\/\/www.noticiasradioreflejos.com.ar\/2021\/remodelacion-del-parque-lainez-todo-giro-en-torno-a-ejes-ambientales\/#primaryimage\"},\"image\":{\"@id\":\"https:\/\/www.noticiasradioreflejos.com.ar\/2021\/remodelacion-del-parque-lainez-todo-giro-en-torno-a-ejes-ambientales\/#primaryimage\"},\"thumbnailUrl\":\"https:\/\/www.noticiasradioreflejos.com.ar\/2021\/wp-content\/uploads\/2024\/05\/parque-Lainez-3.jpeg\",\"datePublished\":\"2024-05-14T17:51:52+00:00\",\"author\":{\"@id\":\"https:\/\/www.noticiasradioreflejos.com.ar\/2021\/#\/schema\/person\/ad82545263dcc5ec0996818884fd5fb1\"},\"breadcrumb\":{\"@id\":\"https:\/\/www.noticiasradioreflejos.com.ar\/2021\/remodelacion-del-parque-lainez-todo-giro-en-torno-a-ejes-ambientales\/#breadcrumb\"},\"inLanguage\":\"es\",\"potentialAction\":[{\"@type\":\"ReadAction\",\"target\":[\"https:\/\/www.noticiasradioreflejos.com.ar\/2021\/remodelacion-del-parque-lainez-todo-giro-en-torno-a-ejes-ambientales\/\"]}]},{\"@type\":\"ImageObject\",\"inLanguage\":\"es\",\"@id\":\"https:\/\/www.noticiasradioreflejos.com.ar\/2021\/remodelacion-del-parque-lainez-todo-giro-en-torno-a-ejes-ambientales\/#primaryimage\",\"url\":\"https:\/\/www.noticiasradioreflejos.com.ar\/2021\/wp-content\/uploads\/2024\/05\/parque-Lainez-3.jpeg\",\"contentUrl\":\"https:\/\/www.noticiasradioreflejos.com.ar\/2021\/wp-content\/uploads\/2024\/05\/parque-Lainez-3.jpeg\",\"width\":1600,\"height\":900},{\"@type\":\"BreadcrumbList\",\"@id\":\"https:\/\/www.noticiasradioreflejos.com.ar\/2021\/remodelacion-del-parque-lainez-todo-giro-en-torno-a-ejes-ambientales\/#breadcrumb\",\"itemListElement\":[{\"@type\":\"ListItem\",\"position\":1,\"name\":\"Portada\",\"item\":\"https:\/\/www.noticiasradioreflejos.com.ar\/2021\/\"},{\"@type\":\"ListItem\",\"position\":2,\"name\":\"Remodelaci\u00f3n del Parque Lainez: \u201cTodo gir\u00f3 en torno a ejes ambientales\u201d\"}]},{\"@type\":\"WebSite\",\"@id\":\"https:\/\/www.noticiasradioreflejos.com.ar\/2021\/#website\",\"url\":\"https:\/\/www.noticiasradioreflejos.com.ar\/2021\/\",\"name\":\"Noticias Radio Reflejos\",\"description\":\"Las noticias de mi comarca\",\"potentialAction\":[{\"@type\":\"SearchAction\",\"target\":{\"@type\":\"EntryPoint\",\"urlTemplate\":\"https:\/\/www.noticiasradioreflejos.com.ar\/2021\/?s={search_term_string}\"},\"query-input\":{\"@type\":\"PropertyValueSpecification\",\"valueRequired\":true,\"valueName\":\"search_term_string\"}}],\"inLanguage\":\"es\"},{\"@type\":\"Person\",\"@id\":\"https:\/\/www.noticiasradioreflejos.com.ar\/2021\/#\/schema\/person\/ad82545263dcc5ec0996818884fd5fb1\",\"name\":\"Arnaldo Botto\",\"image\":{\"@type\":\"ImageObject\",\"inLanguage\":\"es\",\"@id\":\"https:\/\/www.noticiasradioreflejos.com.ar\/2021\/#\/schema\/person\/image\/\",\"url\":\"https:\/\/secure.gravatar.com\/avatar\/55cb5e37c1efa326397366e6974cb338056df65cb50e7d64d1cf314e87504837?s=96&d=mm&r=g\",\"contentUrl\":\"https:\/\/secure.gravatar.com\/avatar\/55cb5e37c1efa326397366e6974cb338056df65cb50e7d64d1cf314e87504837?s=96&d=mm&r=g\",\"caption\":\"Arnaldo Botto\"},\"url\":\"https:\/\/www.noticiasradioreflejos.com.ar\/2021\/author\/arnaldo\/\"}]}<\/script>\n<!-- \/ Yoast SEO plugin. -->","yoast_head_json":{"title":"Remodelaci\u00f3n del Parque Lainez: \u201cTodo gir\u00f3 en torno a ejes ambientales\u201d - Noticias Radio Reflejos","robots":{"index":"index","follow":"follow","max-snippet":"max-snippet:-1","max-image-preview":"max-image-preview:large","max-video-preview":"max-video-preview:-1"},"canonical":"https:\/\/www.noticiasradioreflejos.com.ar\/2021\/remodelacion-del-parque-lainez-todo-giro-en-torno-a-ejes-ambientales\/","og_locale":"es_ES","og_type":"article","og_title":"Remodelaci\u00f3n del Parque Lainez: \u201cTodo gir\u00f3 en torno a ejes ambientales\u201d - Noticias Radio Reflejos","og_description":"La encargada del \u00e1rea de Medio Ambiente, Melisa Herrada, detall\u00f3 los trabajos que se llevaron adelante en ese espacio verde y cu\u00e1les ser\u00e1n las acciones a futuro.","og_url":"https:\/\/www.noticiasradioreflejos.com.ar\/2021\/remodelacion-del-parque-lainez-todo-giro-en-torno-a-ejes-ambientales\/","og_site_name":"Noticias Radio Reflejos","article_published_time":"2024-05-14T17:51:52+00:00","og_image":[{"width":1600,"height":900,"url":"https:\/\/www.noticiasradioreflejos.com.ar\/2021\/wp-content\/uploads\/2024\/05\/parque-Lainez-3.jpeg","type":"image\/jpeg"}],"author":"Arnaldo Botto","twitter_card":"summary_large_image","schema":{"@context":"https:\/\/schema.org","@graph":[{"@type":"WebPage","@id":"https:\/\/www.noticiasradioreflejos.com.ar\/2021\/remodelacion-del-parque-lainez-todo-giro-en-torno-a-ejes-ambientales\/","url":"https:\/\/www.noticiasradioreflejos.com.ar\/2021\/remodelacion-del-parque-lainez-todo-giro-en-torno-a-ejes-ambientales\/","name":"Remodelaci\u00f3n del Parque Lainez: \u201cTodo gir\u00f3 en torno a ejes ambientales\u201d - Noticias Radio Reflejos","isPartOf":{"@id":"https:\/\/www.noticiasradioreflejos.com.ar\/2021\/#website"},"primaryImageOfPage":{"@id":"https:\/\/www.noticiasradioreflejos.com.ar\/2021\/remodelacion-del-parque-lainez-todo-giro-en-torno-a-ejes-ambientales\/#primaryimage"},"image":{"@id":"https:\/\/www.noticiasradioreflejos.com.ar\/2021\/remodelacion-del-parque-lainez-todo-giro-en-torno-a-ejes-ambientales\/#primaryimage"},"thumbnailUrl":"https:\/\/www.noticiasradioreflejos.com.ar\/2021\/wp-content\/uploads\/2024\/05\/parque-Lainez-3.jpeg","datePublished":"2024-05-14T17:51:52+00:00","author":{"@id":"https:\/\/www.noticiasradioreflejos.com.ar\/2021\/#\/schema\/person\/ad82545263dcc5ec0996818884fd5fb1"},"breadcrumb":{"@id":"https:\/\/www.noticiasradioreflejos.com.ar\/2021\/remodelacion-del-parque-lainez-todo-giro-en-torno-a-ejes-ambientales\/#breadcrumb"},"inLanguage":"es","potentialAction":[{"@type":"ReadAction","target":["https:\/\/www.noticiasradioreflejos.com.ar\/2021\/remodelacion-del-parque-lainez-todo-giro-en-torno-a-ejes-ambientales\/"]}]},{"@type":"ImageObject","inLanguage":"es","@id":"https:\/\/www.noticiasradioreflejos.com.ar\/2021\/remodelacion-del-parque-lainez-todo-giro-en-torno-a-ejes-ambientales\/#primaryimage","url":"https:\/\/www.noticiasradioreflejos.com.ar\/2021\/wp-content\/uploads\/2024\/05\/parque-Lainez-3.jpeg","contentUrl":"https:\/\/www.noticiasradioreflejos.com.ar\/2021\/wp-content\/uploads\/2024\/05\/parque-Lainez-3.jpeg","width":1600,"height":900},{"@type":"BreadcrumbList","@id":"https:\/\/www.noticiasradioreflejos.com.ar\/2021\/remodelacion-del-parque-lainez-todo-giro-en-torno-a-ejes-ambientales\/#breadcrumb","itemListElement":[{"@type":"ListItem","position":1,"name":"Portada","item":"https:\/\/www.noticiasradioreflejos.com.ar\/2021\/"},{"@type":"ListItem","position":2,"name":"Remodelaci\u00f3n del Parque Lainez: \u201cTodo gir\u00f3 en torno a ejes ambientales\u201d"}]},{"@type":"WebSite","@id":"https:\/\/www.noticiasradioreflejos.com.ar\/2021\/#website","url":"https:\/\/www.noticiasradioreflejos.com.ar\/2021\/","name":"Noticias Radio Reflejos","description":"Las noticias de mi comarca","potentialAction":[{"@type":"SearchAction","target":{"@type":"EntryPoint","urlTemplate":"https:\/\/www.noticiasradioreflejos.com.ar\/2021\/?s={search_term_string}"},"query-input":{"@type":"PropertyValueSpecification","valueRequired":true,"valueName":"search_term_string"}}],"inLanguage":"es"},{"@type":"Person","@id":"https:\/\/www.noticiasradioreflejos.com.ar\/2021\/#\/schema\/person\/ad82545263dcc5ec0996818884fd5fb1","name":"Arnaldo Botto","image":{"@type":"ImageObject","inLanguage":"es","@id":"https:\/\/www.noticiasradioreflejos.com.ar\/2021\/#\/schema\/person\/image\/","url":"https:\/\/secure.gravatar.com\/avatar\/55cb5e37c1efa326397366e6974cb338056df65cb50e7d64d1cf314e87504837?s=96&d=mm&r=g","contentUrl":"https:\/\/secure.gravatar.com\/avatar\/55cb5e37c1efa326397366e6974cb338056df65cb50e7d64d1cf314e87504837?s=96&d=mm&r=g","caption":"Arnaldo Botto"},"url":"https:\/\/www.noticiasradioreflejos.com.ar\/2021\/author\/arnaldo\/"}]}},"_links":{"self":[{"href":"https:\/\/www.noticiasradioreflejos.com.ar\/2021\/wp-json\/wp\/v2\/posts\/102616","targetHints":{"allow":["GET"]}}],"collection":[{"href":"https:\/\/www.noticiasradioreflejos.com.ar\/2021\/wp-json\/wp\/v2\/posts"}],"about":[{"href":"https:\/\/www.noticiasradioreflejos.com.ar\/2021\/wp-json\/wp\/v2\/types\/post"}],"author":[{"embeddable":true,"href":"https:\/\/www.noticiasradioreflejos.com.ar\/2021\/wp-json\/wp\/v2\/users\/3"}],"replies":[{"embeddable":true,"href":"https:\/\/www.noticiasradioreflejos.com.ar\/2021\/wp-json\/wp\/v2\/comments?post=102616"}],"version-history":[{"count":2,"href":"https:\/\/www.noticiasradioreflejos.com.ar\/2021\/wp-json\/wp\/v2\/posts\/102616\/revisions"}],"predecessor-version":[{"id":102621,"href":"https:\/\/www.noticiasradioreflejos.com.ar\/2021\/wp-json\/wp\/v2\/posts\/102616\/revisions\/102621"}],"wp:featuredmedia":[{"embeddable":true,"href":"https:\/\/www.noticiasradioreflejos.com.ar\/2021\/wp-json\/wp\/v2\/media\/102620"}],"wp:attachment":[{"href":"https:\/\/www.noticiasradioreflejos.com.ar\/2021\/wp-json\/wp\/v2\/media?parent=102616"}],"wp:term":[{"taxonomy":"category","embeddable":true,"href":"https:\/\/www.noticiasradioreflejos.com.ar\/2021\/wp-json\/wp\/v2\/categories?post=102616"},{"taxonomy":"post_tag","embeddable":true,"href":"https:\/\/www.noticiasradioreflejos.com.ar\/2021\/wp-json\/wp\/v2\/tags?post=102616"}],"curies":[{"name":"wp","href":"https:\/\/api.w.org\/{rel}","templated":true}]}}