{"id":102540,"date":"2024-05-13T08:05:58","date_gmt":"2024-05-13T11:05:58","guid":{"rendered":"https:\/\/www.noticiasradioreflejos.com.ar\/2021\/?p=102540"},"modified":"2024-05-13T08:48:36","modified_gmt":"2024-05-13T11:48:36","slug":"el-brote-de-dengue-es-33-veces-mayor-en-el-pais-que-el-del-ano-pasado","status":"publish","type":"post","link":"https:\/\/www.noticiasradioreflejos.com.ar\/2021\/el-brote-de-dengue-es-33-veces-mayor-en-el-pais-que-el-del-ano-pasado\/","title":{"rendered":"El brote de dengue es 3,3 veces mayor en el pa\u00eds que el del a\u00f1o pasado"},"content":{"rendered":"<p>La cifra de casos en la temporada llega a 464 mil y a 447 mil en lo que va del a\u00f1o.<!--more--><\/p>\n<p>Mientras se reduce el ritmo de contagios, Argentina acumula m\u00e1s de 447.000 casos de dengue en lo que va del 2024, y el brote ya es 3,3 veces mayor en la comparaci\u00f3n interanual, de acuerdo con el Bolet\u00edn Epidemiol\u00f3gico Nacional (BEN).<\/p>\n<p>En las primeras 18 semanas del a\u00f1o se notificaron 447.108 casos de dengue, el 96 por ciento de los 464.249 contagios registrados en la temporada, que inici\u00f3 en la Semana Epidemiol\u00f3gica 31 de 2023 (SE31\/23).<\/p>\n<p>La enfermedad presenta circulaci\u00f3n viral aut\u00f3ctona en 19 de los 24 distritos en que se divide el pa\u00eds y durante la temporada ha causado hasta ahora 314 personas fallecidas, entre ellas 304 en 2024.<\/p>\n<p>\u00abCon respecto a las 26.239 notificaciones registradas durante la semana 18 de 2024 solo 5.666 corresponden a casos de esa semana (el resto corresponde a personas que enfermaron o consultaron en semanas previas)\u00bb, indica el informe.<\/p>\n<p>Adem\u00e1s, se detall\u00f3 que \u00abel mayor n\u00famero de casos de la temporada \u00aben el an\u00e1lisis a nivel pa\u00eds se registr\u00f3 hasta el momento entre las semanas 12 y 14 de 2024, cuando se registr\u00f3 un promedio de aproximadamente 56.000 casos semanales. A partir de entonces se registra una tendencia al descenso sostenida en las 4 semanas siguientes\u00bb.<\/p>\n<p>El BEN se\u00f1al\u00f3 que el mayor n\u00famero de casos es aportado por la regi\u00f3n Centro (62,3 por ciento), seguida por Noroeste (21,7 por ciento) y Noreste (13,7 por ciento), al tiempo que las regiones Oeste y Sur son las que presentan el menor n\u00famero, al sumar en conjunto el 2,3 por ciento en el pa\u00eds sudamericano.<\/p>\n<p>\u00abEl an\u00e1lisis de la informaci\u00f3n para la caracterizaci\u00f3n epidemiol\u00f3gica de dengue y otros Arbovirus se realiza (&#8230;) por temporada, entendiendo por tal un per\u00edodo de 52 semanas desde la SE31 de un a\u00f1o a la 30 del a\u00f1o siguiente, para considerar en conjunto los meses epid\u00e9micos\u00bb, explic\u00f3 el Ministerio de Salud.<\/p>\n<p>La enfermedad presenta circulaci\u00f3n viral aut\u00f3ctona en 19 de los 24 distritos en que se divide el pa\u00eds y durante la temporada ha causado hasta ahora 314 personas fallecidas, entre ellas 304 en 2024.<\/p>\n<p>La mediana de edad de los fallecidos es de 49 a\u00f1os, con v\u00edctimas fatales en 18 de las 24 jurisdicciones del pa\u00eds.<\/p>\n<p>\u00abLos casos fallecidos se registraron en todos los grupos de edad, con la mayor tasa de mortalidad los mayores de 80 a\u00f1os\u00bb, indic\u00f3 el BEN.<\/p>\n<p><em><br \/>\nFuente NA<\/em><\/p>\n","protected":false},"excerpt":{"rendered":"<p>La cifra de casos en la temporada llega a 464 mil y a 447 mil en lo que va del a\u00f1o.<\/p>\n","protected":false},"author":3,"featured_media":96925,"comment_status":"closed","ping_status":"closed","sticky":false,"template":"","format":"standard","meta":{"footnotes":""},"categories":[30],"tags":[48],"class_list":["post-102540","post","type-post","status-publish","format-standard","has-post-thumbnail","hentry","category-salud","tag-destacada"],"yoast_head":"<!-- This site is optimized with the Yoast SEO plugin v25.9 - https:\/\/yoast.com\/wordpress\/plugins\/seo\/ -->\n<title>El brote de dengue es 3,3 veces mayor en el pa\u00eds que el del a\u00f1o pasado - Noticias Radio Reflejos<\/title>\n<meta name=\"robots\" content=\"index, follow, max-snippet:-1, max-image-preview:large, max-video-preview:-1\" \/>\n<link rel=\"canonical\" href=\"https:\/\/www.noticiasradioreflejos.com.ar\/2021\/el-brote-de-dengue-es-33-veces-mayor-en-el-pais-que-el-del-ano-pasado\/\" \/>\n<meta property=\"og:locale\" content=\"es_ES\" \/>\n<meta property=\"og:type\" content=\"article\" \/>\n<meta property=\"og:title\" content=\"El brote de dengue es 3,3 veces mayor en el pa\u00eds que el del a\u00f1o pasado - Noticias Radio Reflejos\" \/>\n<meta property=\"og:description\" content=\"La cifra de casos en la temporada llega a 464 mil y a 447 mil en lo que va del a\u00f1o.\" \/>\n<meta property=\"og:url\" content=\"https:\/\/www.noticiasradioreflejos.com.ar\/2021\/el-brote-de-dengue-es-33-veces-mayor-en-el-pais-que-el-del-ano-pasado\/\" \/>\n<meta property=\"og:site_name\" content=\"Noticias Radio Reflejos\" \/>\n<meta property=\"article:published_time\" content=\"2024-05-13T11:05:58+00:00\" \/>\n<meta property=\"article:modified_time\" content=\"2024-05-13T11:48:36+00:00\" \/>\n<meta property=\"og:image\" content=\"https:\/\/www.noticiasradioreflejos.com.ar\/2021\/wp-content\/uploads\/2023\/12\/Dengue-1-1.jpg\" \/>\n\t<meta property=\"og:image:width\" content=\"768\" \/>\n\t<meta property=\"og:image:height\" content=\"432\" \/>\n\t<meta property=\"og:image:type\" content=\"image\/jpeg\" \/>\n<meta name=\"author\" content=\"Arnaldo Botto\" \/>\n<meta name=\"twitter:card\" content=\"summary_large_image\" \/>\n<script type=\"application\/ld+json\" class=\"yoast-schema-graph\">{\"@context\":\"https:\/\/schema.org\",\"@graph\":[{\"@type\":\"WebPage\",\"@id\":\"https:\/\/www.noticiasradioreflejos.com.ar\/2021\/el-brote-de-dengue-es-33-veces-mayor-en-el-pais-que-el-del-ano-pasado\/\",\"url\":\"https:\/\/www.noticiasradioreflejos.com.ar\/2021\/el-brote-de-dengue-es-33-veces-mayor-en-el-pais-que-el-del-ano-pasado\/\",\"name\":\"El brote de dengue es 3,3 veces mayor en el pa\u00eds que el del a\u00f1o pasado - Noticias Radio Reflejos\",\"isPartOf\":{\"@id\":\"https:\/\/www.noticiasradioreflejos.com.ar\/2021\/#website\"},\"primaryImageOfPage\":{\"@id\":\"https:\/\/www.noticiasradioreflejos.com.ar\/2021\/el-brote-de-dengue-es-33-veces-mayor-en-el-pais-que-el-del-ano-pasado\/#primaryimage\"},\"image\":{\"@id\":\"https:\/\/www.noticiasradioreflejos.com.ar\/2021\/el-brote-de-dengue-es-33-veces-mayor-en-el-pais-que-el-del-ano-pasado\/#primaryimage\"},\"thumbnailUrl\":\"https:\/\/www.noticiasradioreflejos.com.ar\/2021\/wp-content\/uploads\/2023\/12\/Dengue-1-1.jpg\",\"datePublished\":\"2024-05-13T11:05:58+00:00\",\"dateModified\":\"2024-05-13T11:48:36+00:00\",\"author\":{\"@id\":\"https:\/\/www.noticiasradioreflejos.com.ar\/2021\/#\/schema\/person\/ad82545263dcc5ec0996818884fd5fb1\"},\"breadcrumb\":{\"@id\":\"https:\/\/www.noticiasradioreflejos.com.ar\/2021\/el-brote-de-dengue-es-33-veces-mayor-en-el-pais-que-el-del-ano-pasado\/#breadcrumb\"},\"inLanguage\":\"es\",\"potentialAction\":[{\"@type\":\"ReadAction\",\"target\":[\"https:\/\/www.noticiasradioreflejos.com.ar\/2021\/el-brote-de-dengue-es-33-veces-mayor-en-el-pais-que-el-del-ano-pasado\/\"]}]},{\"@type\":\"ImageObject\",\"inLanguage\":\"es\",\"@id\":\"https:\/\/www.noticiasradioreflejos.com.ar\/2021\/el-brote-de-dengue-es-33-veces-mayor-en-el-pais-que-el-del-ano-pasado\/#primaryimage\",\"url\":\"https:\/\/www.noticiasradioreflejos.com.ar\/2021\/wp-content\/uploads\/2023\/12\/Dengue-1-1.jpg\",\"contentUrl\":\"https:\/\/www.noticiasradioreflejos.com.ar\/2021\/wp-content\/uploads\/2023\/12\/Dengue-1-1.jpg\",\"width\":768,\"height\":432},{\"@type\":\"BreadcrumbList\",\"@id\":\"https:\/\/www.noticiasradioreflejos.com.ar\/2021\/el-brote-de-dengue-es-33-veces-mayor-en-el-pais-que-el-del-ano-pasado\/#breadcrumb\",\"itemListElement\":[{\"@type\":\"ListItem\",\"position\":1,\"name\":\"Portada\",\"item\":\"https:\/\/www.noticiasradioreflejos.com.ar\/2021\/\"},{\"@type\":\"ListItem\",\"position\":2,\"name\":\"El brote de dengue es 3,3 veces mayor en el pa\u00eds que el del a\u00f1o pasado\"}]},{\"@type\":\"WebSite\",\"@id\":\"https:\/\/www.noticiasradioreflejos.com.ar\/2021\/#website\",\"url\":\"https:\/\/www.noticiasradioreflejos.com.ar\/2021\/\",\"name\":\"Noticias Radio Reflejos\",\"description\":\"Las noticias de mi comarca\",\"potentialAction\":[{\"@type\":\"SearchAction\",\"target\":{\"@type\":\"EntryPoint\",\"urlTemplate\":\"https:\/\/www.noticiasradioreflejos.com.ar\/2021\/?s={search_term_string}\"},\"query-input\":{\"@type\":\"PropertyValueSpecification\",\"valueRequired\":true,\"valueName\":\"search_term_string\"}}],\"inLanguage\":\"es\"},{\"@type\":\"Person\",\"@id\":\"https:\/\/www.noticiasradioreflejos.com.ar\/2021\/#\/schema\/person\/ad82545263dcc5ec0996818884fd5fb1\",\"name\":\"Arnaldo Botto\",\"image\":{\"@type\":\"ImageObject\",\"inLanguage\":\"es\",\"@id\":\"https:\/\/www.noticiasradioreflejos.com.ar\/2021\/#\/schema\/person\/image\/\",\"url\":\"https:\/\/secure.gravatar.com\/avatar\/55cb5e37c1efa326397366e6974cb338056df65cb50e7d64d1cf314e87504837?s=96&d=mm&r=g\",\"contentUrl\":\"https:\/\/secure.gravatar.com\/avatar\/55cb5e37c1efa326397366e6974cb338056df65cb50e7d64d1cf314e87504837?s=96&d=mm&r=g\",\"caption\":\"Arnaldo Botto\"},\"url\":\"https:\/\/www.noticiasradioreflejos.com.ar\/2021\/author\/arnaldo\/\"}]}<\/script>\n<!-- \/ Yoast SEO plugin. -->","yoast_head_json":{"title":"El brote de dengue es 3,3 veces mayor en el pa\u00eds que el del a\u00f1o pasado - Noticias Radio Reflejos","robots":{"index":"index","follow":"follow","max-snippet":"max-snippet:-1","max-image-preview":"max-image-preview:large","max-video-preview":"max-video-preview:-1"},"canonical":"https:\/\/www.noticiasradioreflejos.com.ar\/2021\/el-brote-de-dengue-es-33-veces-mayor-en-el-pais-que-el-del-ano-pasado\/","og_locale":"es_ES","og_type":"article","og_title":"El brote de dengue es 3,3 veces mayor en el pa\u00eds que el del a\u00f1o pasado - Noticias Radio Reflejos","og_description":"La cifra de casos en la temporada llega a 464 mil y a 447 mil en lo que va del a\u00f1o.","og_url":"https:\/\/www.noticiasradioreflejos.com.ar\/2021\/el-brote-de-dengue-es-33-veces-mayor-en-el-pais-que-el-del-ano-pasado\/","og_site_name":"Noticias Radio Reflejos","article_published_time":"2024-05-13T11:05:58+00:00","article_modified_time":"2024-05-13T11:48:36+00:00","og_image":[{"width":768,"height":432,"url":"https:\/\/www.noticiasradioreflejos.com.ar\/2021\/wp-content\/uploads\/2023\/12\/Dengue-1-1.jpg","type":"image\/jpeg"}],"author":"Arnaldo Botto","twitter_card":"summary_large_image","schema":{"@context":"https:\/\/schema.org","@graph":[{"@type":"WebPage","@id":"https:\/\/www.noticiasradioreflejos.com.ar\/2021\/el-brote-de-dengue-es-33-veces-mayor-en-el-pais-que-el-del-ano-pasado\/","url":"https:\/\/www.noticiasradioreflejos.com.ar\/2021\/el-brote-de-dengue-es-33-veces-mayor-en-el-pais-que-el-del-ano-pasado\/","name":"El brote de dengue es 3,3 veces mayor en el pa\u00eds que el del a\u00f1o pasado - Noticias Radio Reflejos","isPartOf":{"@id":"https:\/\/www.noticiasradioreflejos.com.ar\/2021\/#website"},"primaryImageOfPage":{"@id":"https:\/\/www.noticiasradioreflejos.com.ar\/2021\/el-brote-de-dengue-es-33-veces-mayor-en-el-pais-que-el-del-ano-pasado\/#primaryimage"},"image":{"@id":"https:\/\/www.noticiasradioreflejos.com.ar\/2021\/el-brote-de-dengue-es-33-veces-mayor-en-el-pais-que-el-del-ano-pasado\/#primaryimage"},"thumbnailUrl":"https:\/\/www.noticiasradioreflejos.com.ar\/2021\/wp-content\/uploads\/2023\/12\/Dengue-1-1.jpg","datePublished":"2024-05-13T11:05:58+00:00","dateModified":"2024-05-13T11:48:36+00:00","author":{"@id":"https:\/\/www.noticiasradioreflejos.com.ar\/2021\/#\/schema\/person\/ad82545263dcc5ec0996818884fd5fb1"},"breadcrumb":{"@id":"https:\/\/www.noticiasradioreflejos.com.ar\/2021\/el-brote-de-dengue-es-33-veces-mayor-en-el-pais-que-el-del-ano-pasado\/#breadcrumb"},"inLanguage":"es","potentialAction":[{"@type":"ReadAction","target":["https:\/\/www.noticiasradioreflejos.com.ar\/2021\/el-brote-de-dengue-es-33-veces-mayor-en-el-pais-que-el-del-ano-pasado\/"]}]},{"@type":"ImageObject","inLanguage":"es","@id":"https:\/\/www.noticiasradioreflejos.com.ar\/2021\/el-brote-de-dengue-es-33-veces-mayor-en-el-pais-que-el-del-ano-pasado\/#primaryimage","url":"https:\/\/www.noticiasradioreflejos.com.ar\/2021\/wp-content\/uploads\/2023\/12\/Dengue-1-1.jpg","contentUrl":"https:\/\/www.noticiasradioreflejos.com.ar\/2021\/wp-content\/uploads\/2023\/12\/Dengue-1-1.jpg","width":768,"height":432},{"@type":"BreadcrumbList","@id":"https:\/\/www.noticiasradioreflejos.com.ar\/2021\/el-brote-de-dengue-es-33-veces-mayor-en-el-pais-que-el-del-ano-pasado\/#breadcrumb","itemListElement":[{"@type":"ListItem","position":1,"name":"Portada","item":"https:\/\/www.noticiasradioreflejos.com.ar\/2021\/"},{"@type":"ListItem","position":2,"name":"El brote de dengue es 3,3 veces mayor en el pa\u00eds que el del a\u00f1o pasado"}]},{"@type":"WebSite","@id":"https:\/\/www.noticiasradioreflejos.com.ar\/2021\/#website","url":"https:\/\/www.noticiasradioreflejos.com.ar\/2021\/","name":"Noticias Radio Reflejos","description":"Las noticias de mi comarca","potentialAction":[{"@type":"SearchAction","target":{"@type":"EntryPoint","urlTemplate":"https:\/\/www.noticiasradioreflejos.com.ar\/2021\/?s={search_term_string}"},"query-input":{"@type":"PropertyValueSpecification","valueRequired":true,"valueName":"search_term_string"}}],"inLanguage":"es"},{"@type":"Person","@id":"https:\/\/www.noticiasradioreflejos.com.ar\/2021\/#\/schema\/person\/ad82545263dcc5ec0996818884fd5fb1","name":"Arnaldo Botto","image":{"@type":"ImageObject","inLanguage":"es","@id":"https:\/\/www.noticiasradioreflejos.com.ar\/2021\/#\/schema\/person\/image\/","url":"https:\/\/secure.gravatar.com\/avatar\/55cb5e37c1efa326397366e6974cb338056df65cb50e7d64d1cf314e87504837?s=96&d=mm&r=g","contentUrl":"https:\/\/secure.gravatar.com\/avatar\/55cb5e37c1efa326397366e6974cb338056df65cb50e7d64d1cf314e87504837?s=96&d=mm&r=g","caption":"Arnaldo Botto"},"url":"https:\/\/www.noticiasradioreflejos.com.ar\/2021\/author\/arnaldo\/"}]}},"_links":{"self":[{"href":"https:\/\/www.noticiasradioreflejos.com.ar\/2021\/wp-json\/wp\/v2\/posts\/102540","targetHints":{"allow":["GET"]}}],"collection":[{"href":"https:\/\/www.noticiasradioreflejos.com.ar\/2021\/wp-json\/wp\/v2\/posts"}],"about":[{"href":"https:\/\/www.noticiasradioreflejos.com.ar\/2021\/wp-json\/wp\/v2\/types\/post"}],"author":[{"embeddable":true,"href":"https:\/\/www.noticiasradioreflejos.com.ar\/2021\/wp-json\/wp\/v2\/users\/3"}],"replies":[{"embeddable":true,"href":"https:\/\/www.noticiasradioreflejos.com.ar\/2021\/wp-json\/wp\/v2\/comments?post=102540"}],"version-history":[{"count":1,"href":"https:\/\/www.noticiasradioreflejos.com.ar\/2021\/wp-json\/wp\/v2\/posts\/102540\/revisions"}],"predecessor-version":[{"id":102541,"href":"https:\/\/www.noticiasradioreflejos.com.ar\/2021\/wp-json\/wp\/v2\/posts\/102540\/revisions\/102541"}],"wp:featuredmedia":[{"embeddable":true,"href":"https:\/\/www.noticiasradioreflejos.com.ar\/2021\/wp-json\/wp\/v2\/media\/96925"}],"wp:attachment":[{"href":"https:\/\/www.noticiasradioreflejos.com.ar\/2021\/wp-json\/wp\/v2\/media?parent=102540"}],"wp:term":[{"taxonomy":"category","embeddable":true,"href":"https:\/\/www.noticiasradioreflejos.com.ar\/2021\/wp-json\/wp\/v2\/categories?post=102540"},{"taxonomy":"post_tag","embeddable":true,"href":"https:\/\/www.noticiasradioreflejos.com.ar\/2021\/wp-json\/wp\/v2\/tags?post=102540"}],"curies":[{"name":"wp","href":"https:\/\/api.w.org\/{rel}","templated":true}]}}