{"id":102511,"date":"2024-05-12T09:42:03","date_gmt":"2024-05-12T12:42:03","guid":{"rendered":"https:\/\/www.noticiasradioreflejos.com.ar\/2021\/?p=102511"},"modified":"2024-05-12T09:46:57","modified_gmt":"2024-05-12T12:46:57","slug":"102511-2","status":"publish","type":"post","link":"https:\/\/www.noticiasradioreflejos.com.ar\/2021\/102511-2\/","title":{"rendered":"Del campo a la g\u00f3ndola, los precios de los agroalimentos se multiplicaron por 3,5 veces en abril"},"content":{"rendered":"<p>Seg\u00fan el \u00cdndice de Precios en Origen y Destino (IPOD) elaborado por el sector de Econom\u00edas Regionales de la Confederaci\u00f3n Argentina de la Mediana Empresa (CAME), en abril los precios de los agroalimentos se multiplicaron por 3,5 veces del campo (origen) a la g\u00f3ndola (destino). Es decir, el consumidor pag\u00f3 $3,5 por cada $1 que recibi\u00f3 el productor.<!--more--><\/p>\n<p><span lang=\"ES-AR\">En promedio, la participaci\u00f3n del productor explic\u00f3 el 31,4% de los precios de venta final. La mayor participaci\u00f3n la tuvieron los productores de\u00a0<strong>frutilla<\/strong>\u00a0(81%), mientras que la menor fue para los de\u00a0<strong>lim\u00f3n<\/strong>\u00a0(8,1%).<\/span><\/p>\n<p>&nbsp;<\/p>\n<p align=\"center\"><img loading=\"lazy\" decoding=\"async\" class=\"CToWUd a6T\" tabindex=\"0\" src=\"https:\/\/ci3.googleusercontent.com\/meips\/ADKq_NZsrZRxuM79mlBg4yArw7aa7R4G2hNu9gfBglc4WZse5MqYwsF6NfqYfzamTvGrsEDf6SYz0Er6C2xJzZHZbzzkmsQJ90xxwlSGzYe0pX91FjDC55MYFb26kojRLpYHJ7tK7s-HeY4Xy02p6GoC4JKmXYtGfDqcZMah_No_cOVxP29kttpEbZt4Teh1hbUeR7ocQIo4UNk=s0-d-e1-ft#https:\/\/mailprensa.came.org.ar\/data\/1899c60d3e88c767f20949a98d5003460b14bf85\/media_files\/796\/original\/image-20240512091614-1.png\" width=\"600\" height=\"337\" data-bit=\"iit\" \/><\/p>\n<p>&nbsp;<\/p>\n<p align=\"center\"><strong><span lang=\"ES-AR\">La brecha en los productos frutihort\u00edcolas y en los ganaderos<\/span><\/strong><\/p>\n<p><strong><span lang=\"ES-AR\">IPOD frutihort\u00edcola:<\/span><\/strong><span lang=\"ES-AR\">\u00a0del campo a la g\u00f3ndola, los precios de las 19 frutas y hortalizas que integran la canasta IPOD se multiplicaron por\u00a0<strong>4,3 veces en abril<\/strong>, lo que representa una disminuci\u00f3n del 6,5% con respecto a marzo.<\/span><\/p>\n<p><strong><span lang=\"ES-AR\">IPOD ganadero:<\/span><\/strong><span lang=\"ES-AR\">\u00a0por los 5 productos y subproductos ganaderos que componen la canasta IPOD, el consumidor abon\u00f3\u00a0<strong>3,2 veces<\/strong>\u00a0m\u00e1s de lo que recibi\u00f3 el productor, un 3,3% m\u00e1s que el mes pasado.<\/span><\/p>\n<p><span lang=\"ES-AR\">Cabe destacar que seg\u00fan el\u00a0<\/span><a href=\"https:\/\/mailprensa.came.org.ar\/c\/kdyo4v\/aufkzunq\/v-v36qxrmws\" target=\"_blank\" rel=\"noopener\" data-saferedirecturl=\"https:\/\/www.google.com\/url?q=https:\/\/mailprensa.came.org.ar\/c\/kdyo4v\/aufkzunq\/v-v36qxrmws&amp;source=gmail&amp;ust=1715603528057000&amp;usg=AOvVaw2CtgUZD_m_ueN9HxlPHwoD\">\u00cdndice de Ventas Minoristas de CAME<\/a><span lang=\"ES-AR\">, las ventas del rubro alimentos y bebidas acumulan una ca\u00edda del 23,8% en los primeros cuatro meses del a\u00f1o frente al mismo per\u00edodo de 2023, reflejo de la disminuci\u00f3n del poder adquisitivo y la falta de convalidaci\u00f3n de precios por parte del consumidor. Es decir, la baja se explica por una detracci\u00f3n de la demanda.\u00a0\u00a0<\/span><\/p>\n<p><span lang=\"ES-AR\">Adem\u00e1s, durante el primer cuatrimestre del a\u00f1o, todos los eslabones de las distintas cadenas de valor han visto afectada su rentabilidad por los fuertes incrementos de costos, no s\u00f3lo debido a la devaluaci\u00f3n, sino tambi\u00e9n al aumento del transporte y la log\u00edstica, luz, gas, patentes e impuesto inmobiliario, arrendamientos, combustibles, fertilizantes y repuestos de maquinarias, por citar algunos.\u00a0<\/span><\/p>\n<p align=\"center\"><strong><span lang=\"ES-AR\">Mayores y menores brechas IPOD de abril<\/span><\/strong><\/p>\n<ol>\n<li><strong><span lang=\"ES-AR\">Productos con mayores brechas IPOD mensuales<\/span><\/strong><\/li>\n<\/ol>\n<p><span lang=\"ES-AR\">El\u00a0<strong>lim\u00f3n<\/strong>\u00a0(12,3 veces), la\u00a0<strong>mandarina<\/strong>\u00a0(6,9), la\u00a0<strong>naranja<\/strong>\u00a0(6,3), la\u00a0<strong>pera\u00a0<\/strong>(5,9) y la\u00a0<strong>carne de cerdo<\/strong>\u00a0(5,6) fueron los cinco productos que presentaron mayor diferencia entre los precios de origen y destino.<\/span><\/p>\n<p><span lang=\"ES-AR\">El\u00a0<strong>lim\u00f3n<\/strong>, al igual que la\u00a0<strong>naranja<\/strong>, registr\u00f3 una suba en la oferta ocasionada por la baja demanda. Mientras que los precios del primero cayeron 16,7% al productor y 2,6% en g\u00f3ndola, el c\u00edtrico dulce present\u00f3 una disminuci\u00f3n del 20,4% en origen y 5,7% en destino.<\/span><\/p>\n<p><span lang=\"ES-AR\">La<strong>\u00a0mandarina<\/strong>, por su parte, mostr\u00f3 otro comportamiento: si bien su precio aument\u00f3 al productor (14,1%), se observ\u00f3 una ca\u00edda a nivel del consumidor (14%).<\/span><\/p>\n<p><span lang=\"ES-AR\">En el caso particular de la\u00a0<strong>pera<\/strong>, los precios al productor no registraron variaciones, mientras que en g\u00f3ndola se visualiz\u00f3 un aumento del 1%. \u00a0\u00a0<\/span><\/p>\n<p><span lang=\"ES-AR\">Por \u00faltimo, se encuentra la\u00a0<strong>carne de cerdo<\/strong>, producto que baj\u00f3 11,5% en origen y 3% en destino.<\/span><\/p>\n<p>&nbsp;<\/p>\n<p align=\"center\"><img loading=\"lazy\" decoding=\"async\" class=\"CToWUd a6T\" tabindex=\"0\" src=\"https:\/\/ci3.googleusercontent.com\/meips\/ADKq_NYg0VHownEirCWy5WOIktXn1Fn1dB9RO0sLylGDz5-tPQXVjYCXhR291I3kENtsUGkjAC3hvKtXxAiYAfTvUBknwu9NBW_TJdwjz6z0x1lVX68V5MM_tKNPNAD8vB-1Z4jx5NUULPenziY1LI3EcIFGflhEQvLaQNZncB_NAqUYfOjzC6qoQOXpfDeruFrdvPaIgf22iXs=s0-d-e1-ft#https:\/\/mailprensa.came.org.ar\/data\/1899c60d3e88c767f20949a98d5003460b14bf85\/media_files\/794\/original\/image-20240512091614-2.png\" width=\"600\" height=\"337\" data-bit=\"iit\" \/><\/p>\n<p>&nbsp;<\/p>\n<ol>\n<li><strong><span lang=\"ES-AR\">Productos con menores brechas IPOD mensuales<\/span><\/strong><\/li>\n<\/ol>\n<p><span lang=\"ES-AR\">Los cinco productos que presentaron menor diferencia entre el precio que recibi\u00f3 el productor y el que pag\u00f3 el consumidor forman parte de la canasta frutihort\u00edcola.<\/span><\/p>\n<p><span lang=\"ES-AR\">La\u00a0<strong>frutilla<\/strong>\u00a0(1,2 veces) \u2014fruta estrella que todos necesitan tener en g\u00f3ndola \u2014<\/span>\u00a0<span lang=\"ES-AR\">fue el producto que present\u00f3 menor brecha campo-g\u00f3ndola del mes, aumentando sus precios en ambos extremos de la cadena: 48% en origen y 13,2% en destino. La situaci\u00f3n es resultado de la poca producci\u00f3n debido a inclemencias clim\u00e1ticas, lo que conlleva una suba de precios.<\/span><\/p>\n<p><span lang=\"ES-AR\">La\u00a0<strong>calabaza<\/strong>\u00a0y la\u00a0<strong>cebolla<\/strong>\u00a0presentaron la misma diferencia de precios entre origen y destino (1,9), pero tuvieron diferente comportamiento: la primera aument\u00f3 58,3% al productor y cay\u00f3 0,8% al consumidor; mientras que la cebolla se increment\u00f3 7% en origen y 14,7% en destino.<\/span><\/p>\n<p><span lang=\"ES-AR\">Por \u00faltimo, el\u00a0<strong>tomate redondo<\/strong>\u00a0y el\u00a0<strong>pimiento<\/strong>\u00a0presentaron una brecha de 2,1 veces. Sus precios se incrementaron tanto al productor (177,4% y 82,3%, respectivamente) como al consumidor (37,6% y 33,9%, respectivamente). <\/span><\/p>\n<p><span lang=\"ES-AR\">\u00a0\u00a0<\/span><\/p>\n<p align=\"center\"><img loading=\"lazy\" decoding=\"async\" class=\"CToWUd a6T\" tabindex=\"0\" src=\"https:\/\/ci3.googleusercontent.com\/meips\/ADKq_NbFo9Lw31n76ysAqV8njA5AJdZ3Ndoq063kFzMZNzXeWQGx_8SpcofIRNRxANm3WQRaUdfPmP7MotiEoCDNjOnL-io609j8AJw7ixJZa1LqQqkAApVsfl0csdbjKZv4JAgeTM_Wbufh82JtjYsMu7cpUPU9OvXH4r-DgAu49cZdyXSVVSX5KdCI5JHNUMcuaO_sD5eE8JA=s0-d-e1-ft#https:\/\/mailprensa.came.org.ar\/data\/1899c60d3e88c767f20949a98d5003460b14bf85\/media_files\/795\/original\/image-20240512091614-3.png\" width=\"600\" height=\"337\" data-bit=\"iit\" \/><\/p>\n<p>&nbsp;<\/p>\n<p><span lang=\"ES-AR\">El an\u00e1lisis demuestra que el productor primario no es formador de precios. Si bien algunos productos con alta incidencia en la canasta (como, por ejemplo, la cebolla y el tomate) presentaron un reacomodamiento en los precios al productor, estos valores no llegaron a compensar la inflaci\u00f3n acumulada, por lo que el primer eslab\u00f3n (origen-productor) sigue resignando rentabilidad frente al resto de los actores de la cadena de valor. Es decir, la estructura de formaci\u00f3n de precios en Argentina nace en la g\u00f3ndola y se va disgregando hacia atr\u00e1s, hasta llegar al productor, cuando deber\u00eda ser al rev\u00e9s.<\/span><\/p>\n<p align=\"center\"><img loading=\"lazy\" decoding=\"async\" class=\"CToWUd a6T\" tabindex=\"0\" src=\"https:\/\/ci3.googleusercontent.com\/meips\/ADKq_NaXtPKwVeM844r1oGxxH_b7avgL7hcW3WiBYCFvacHvg0bESn9RBXFTLLWupIvJ0hbZdN6I9yUjFCvSdRl_FiIXLpiN1tOG-rOr1oRL4npq5u8Z4L62_ZocPQKeGf_CaS67Q5z3Fjiu5v9CYNf3YyVEYRxxl_9gxkHYsole0CPClBxr2RiodWdGJHdf8vSko_rll2WdpkSh=s0-d-e1-ft#https:\/\/mailprensa.came.org.ar\/data\/1899c60d3e88c767f20949a98d5003460b14bf85\/media_files\/797\/original\/image-20240512091614-4.jpeg\" width=\"600\" height=\"538\" data-bit=\"iit\" \/><\/p>\n<p><span lang=\"ES-AR\">Para acceder al\u00a0informe t\u00e9cnico\u00a0y la\u00a0metodolog\u00eda,\u00a0clic\u00a0<\/span><a href=\"https:\/\/mailprensa.came.org.ar\/c\/kdyo4v\/aufkzunq\/bfqsuc-nvoc\" target=\"_blank\" rel=\"noopener\" data-saferedirecturl=\"https:\/\/www.google.com\/url?q=https:\/\/mailprensa.came.org.ar\/c\/kdyo4v\/aufkzunq\/bfqsuc-nvoc&amp;source=gmail&amp;ust=1715603528057000&amp;usg=AOvVaw2lqfcdTFQxKxy1DMfeIdMj\">aqu\u00ed<\/a><span lang=\"ES-AR\">.<br \/>\nTabla con la brecha IPOD de los 24 agroalimentos,\u00a0clic\u00a0<\/span><a href=\"https:\/\/mailprensa.came.org.ar\/c\/kdyo4v\/aufkzunq\/hl-unjiwopg\" target=\"_blank\" rel=\"noopener\" data-saferedirecturl=\"https:\/\/www.google.com\/url?q=https:\/\/mailprensa.came.org.ar\/c\/kdyo4v\/aufkzunq\/hl-unjiwopg&amp;source=gmail&amp;ust=1715603528057000&amp;usg=AOvVaw2xAe-GtuarVqev6gSF3OQp\">aqu\u00ed<\/a><span lang=\"ES-AR\">.<br \/>\nCuadro mayores brechas,\u00a0clic\u00a0<\/span><a href=\"https:\/\/mailprensa.came.org.ar\/c\/kdyo4v\/aufkzunq\/wzqzaskr-co\" target=\"_blank\" rel=\"noopener\" data-saferedirecturl=\"https:\/\/www.google.com\/url?q=https:\/\/mailprensa.came.org.ar\/c\/kdyo4v\/aufkzunq\/wzqzaskr-co&amp;source=gmail&amp;ust=1715603528057000&amp;usg=AOvVaw3uwt1_jsDdnuzVJBWp2LEP\">aqu\u00ed<\/a><span lang=\"ES-AR\">.<br \/>\nCuadro menores brechas,\u00a0clic\u00a0<\/span><a href=\"https:\/\/mailprensa.came.org.ar\/c\/kdyo4v\/aufkzunq\/4qmzjmx0wuk\" target=\"_blank\" rel=\"noopener\" data-saferedirecturl=\"https:\/\/www.google.com\/url?q=https:\/\/mailprensa.came.org.ar\/c\/kdyo4v\/aufkzunq\/4qmzjmx0wuk&amp;source=gmail&amp;ust=1715603528058000&amp;usg=AOvVaw3hlX-UvBGOn_nvpZE256Vn\">aqu\u00ed<\/a><span lang=\"ES-AR\">.<br \/>\nParticipaci\u00f3n del productor,\u00a0clic\u00a0<\/span><a href=\"https:\/\/mailprensa.came.org.ar\/c\/kdyo4v\/aufkzunq\/e0ieeqf8ona\" target=\"_blank\" rel=\"noopener\" data-saferedirecturl=\"https:\/\/www.google.com\/url?q=https:\/\/mailprensa.came.org.ar\/c\/kdyo4v\/aufkzunq\/e0ieeqf8ona&amp;source=gmail&amp;ust=1715603528058000&amp;usg=AOvVaw0IIoKDhvKoMZSx_bQNht2C\">aqu\u00ed<\/a><span lang=\"ES-AR\">.<\/span><\/p>\n","protected":false},"excerpt":{"rendered":"<p>Seg\u00fan el \u00cdndice de Precios en Origen y Destino (IPOD) elaborado por el sector de Econom\u00edas Regionales de la Confederaci\u00f3n Argentina de la Mediana Empresa (CAME), en abril los precios de los agroalimentos se multiplicaron por 3,5 veces del campo (origen) a la g\u00f3ndola (destino). Es decir, el consumidor pag\u00f3 $3,5 por cada $1 que [&hellip;]<\/p>\n","protected":false},"author":3,"featured_media":100241,"comment_status":"closed","ping_status":"closed","sticky":false,"template":"","format":"standard","meta":{"footnotes":""},"categories":[36],"tags":[],"class_list":["post-102511","post","type-post","status-publish","format-standard","has-post-thumbnail","hentry","category-economia"],"yoast_head":"<!-- This site is optimized with the Yoast SEO plugin v25.9 - https:\/\/yoast.com\/wordpress\/plugins\/seo\/ -->\n<title>Del campo a la g\u00f3ndola, los precios de los agroalimentos se multiplicaron por 3,5 veces en abril - Noticias Radio Reflejos<\/title>\n<meta name=\"robots\" content=\"index, follow, max-snippet:-1, max-image-preview:large, max-video-preview:-1\" \/>\n<link rel=\"canonical\" href=\"https:\/\/www.noticiasradioreflejos.com.ar\/2021\/102511-2\/\" \/>\n<meta property=\"og:locale\" content=\"es_ES\" \/>\n<meta property=\"og:type\" content=\"article\" \/>\n<meta property=\"og:title\" content=\"Del campo a la g\u00f3ndola, los precios de los agroalimentos se multiplicaron por 3,5 veces en abril - Noticias Radio Reflejos\" \/>\n<meta property=\"og:description\" content=\"Seg\u00fan el \u00cdndice de Precios en Origen y Destino (IPOD) elaborado por el sector de Econom\u00edas Regionales de la Confederaci\u00f3n Argentina de la Mediana Empresa (CAME), en abril los precios de los agroalimentos se multiplicaron por 3,5 veces del campo (origen) a la g\u00f3ndola (destino). Es decir, el consumidor pag\u00f3 $3,5 por cada $1 que [&hellip;]\" \/>\n<meta property=\"og:url\" content=\"https:\/\/www.noticiasradioreflejos.com.ar\/2021\/102511-2\/\" \/>\n<meta property=\"og:site_name\" content=\"Noticias Radio Reflejos\" \/>\n<meta property=\"article:published_time\" content=\"2024-05-12T12:42:03+00:00\" \/>\n<meta property=\"article:modified_time\" content=\"2024-05-12T12:46:57+00:00\" \/>\n<meta property=\"og:image\" content=\"https:\/\/www.noticiasradioreflejos.com.ar\/2021\/wp-content\/uploads\/2024\/03\/chango-en-el-Super.jpg\" \/>\n\t<meta property=\"og:image:width\" content=\"1024\" \/>\n\t<meta property=\"og:image:height\" content=\"683\" \/>\n\t<meta property=\"og:image:type\" content=\"image\/jpeg\" \/>\n<meta name=\"author\" content=\"Arnaldo Botto\" \/>\n<meta name=\"twitter:card\" content=\"summary_large_image\" \/>\n<script type=\"application\/ld+json\" class=\"yoast-schema-graph\">{\"@context\":\"https:\/\/schema.org\",\"@graph\":[{\"@type\":\"WebPage\",\"@id\":\"https:\/\/www.noticiasradioreflejos.com.ar\/2021\/102511-2\/\",\"url\":\"https:\/\/www.noticiasradioreflejos.com.ar\/2021\/102511-2\/\",\"name\":\"Del campo a la g\u00f3ndola, los precios de los agroalimentos se multiplicaron por 3,5 veces en abril - Noticias Radio Reflejos\",\"isPartOf\":{\"@id\":\"https:\/\/www.noticiasradioreflejos.com.ar\/2021\/#website\"},\"primaryImageOfPage\":{\"@id\":\"https:\/\/www.noticiasradioreflejos.com.ar\/2021\/102511-2\/#primaryimage\"},\"image\":{\"@id\":\"https:\/\/www.noticiasradioreflejos.com.ar\/2021\/102511-2\/#primaryimage\"},\"thumbnailUrl\":\"https:\/\/www.noticiasradioreflejos.com.ar\/2021\/wp-content\/uploads\/2024\/03\/chango-en-el-Super.jpg\",\"datePublished\":\"2024-05-12T12:42:03+00:00\",\"dateModified\":\"2024-05-12T12:46:57+00:00\",\"author\":{\"@id\":\"https:\/\/www.noticiasradioreflejos.com.ar\/2021\/#\/schema\/person\/ad82545263dcc5ec0996818884fd5fb1\"},\"breadcrumb\":{\"@id\":\"https:\/\/www.noticiasradioreflejos.com.ar\/2021\/102511-2\/#breadcrumb\"},\"inLanguage\":\"es\",\"potentialAction\":[{\"@type\":\"ReadAction\",\"target\":[\"https:\/\/www.noticiasradioreflejos.com.ar\/2021\/102511-2\/\"]}]},{\"@type\":\"ImageObject\",\"inLanguage\":\"es\",\"@id\":\"https:\/\/www.noticiasradioreflejos.com.ar\/2021\/102511-2\/#primaryimage\",\"url\":\"https:\/\/www.noticiasradioreflejos.com.ar\/2021\/wp-content\/uploads\/2024\/03\/chango-en-el-Super.jpg\",\"contentUrl\":\"https:\/\/www.noticiasradioreflejos.com.ar\/2021\/wp-content\/uploads\/2024\/03\/chango-en-el-Super.jpg\",\"width\":1024,\"height\":683},{\"@type\":\"BreadcrumbList\",\"@id\":\"https:\/\/www.noticiasradioreflejos.com.ar\/2021\/102511-2\/#breadcrumb\",\"itemListElement\":[{\"@type\":\"ListItem\",\"position\":1,\"name\":\"Portada\",\"item\":\"https:\/\/www.noticiasradioreflejos.com.ar\/2021\/\"},{\"@type\":\"ListItem\",\"position\":2,\"name\":\"Del campo a la g\u00f3ndola, los precios de los agroalimentos se multiplicaron por 3,5 veces en abril\"}]},{\"@type\":\"WebSite\",\"@id\":\"https:\/\/www.noticiasradioreflejos.com.ar\/2021\/#website\",\"url\":\"https:\/\/www.noticiasradioreflejos.com.ar\/2021\/\",\"name\":\"Noticias Radio Reflejos\",\"description\":\"Las noticias de mi comarca\",\"potentialAction\":[{\"@type\":\"SearchAction\",\"target\":{\"@type\":\"EntryPoint\",\"urlTemplate\":\"https:\/\/www.noticiasradioreflejos.com.ar\/2021\/?s={search_term_string}\"},\"query-input\":{\"@type\":\"PropertyValueSpecification\",\"valueRequired\":true,\"valueName\":\"search_term_string\"}}],\"inLanguage\":\"es\"},{\"@type\":\"Person\",\"@id\":\"https:\/\/www.noticiasradioreflejos.com.ar\/2021\/#\/schema\/person\/ad82545263dcc5ec0996818884fd5fb1\",\"name\":\"Arnaldo Botto\",\"image\":{\"@type\":\"ImageObject\",\"inLanguage\":\"es\",\"@id\":\"https:\/\/www.noticiasradioreflejos.com.ar\/2021\/#\/schema\/person\/image\/\",\"url\":\"https:\/\/secure.gravatar.com\/avatar\/55cb5e37c1efa326397366e6974cb338056df65cb50e7d64d1cf314e87504837?s=96&d=mm&r=g\",\"contentUrl\":\"https:\/\/secure.gravatar.com\/avatar\/55cb5e37c1efa326397366e6974cb338056df65cb50e7d64d1cf314e87504837?s=96&d=mm&r=g\",\"caption\":\"Arnaldo Botto\"},\"url\":\"https:\/\/www.noticiasradioreflejos.com.ar\/2021\/author\/arnaldo\/\"}]}<\/script>\n<!-- \/ Yoast SEO plugin. -->","yoast_head_json":{"title":"Del campo a la g\u00f3ndola, los precios de los agroalimentos se multiplicaron por 3,5 veces en abril - Noticias Radio Reflejos","robots":{"index":"index","follow":"follow","max-snippet":"max-snippet:-1","max-image-preview":"max-image-preview:large","max-video-preview":"max-video-preview:-1"},"canonical":"https:\/\/www.noticiasradioreflejos.com.ar\/2021\/102511-2\/","og_locale":"es_ES","og_type":"article","og_title":"Del campo a la g\u00f3ndola, los precios de los agroalimentos se multiplicaron por 3,5 veces en abril - Noticias Radio Reflejos","og_description":"Seg\u00fan el \u00cdndice de Precios en Origen y Destino (IPOD) elaborado por el sector de Econom\u00edas Regionales de la Confederaci\u00f3n Argentina de la Mediana Empresa (CAME), en abril los precios de los agroalimentos se multiplicaron por 3,5 veces del campo (origen) a la g\u00f3ndola (destino). Es decir, el consumidor pag\u00f3 $3,5 por cada $1 que [&hellip;]","og_url":"https:\/\/www.noticiasradioreflejos.com.ar\/2021\/102511-2\/","og_site_name":"Noticias Radio Reflejos","article_published_time":"2024-05-12T12:42:03+00:00","article_modified_time":"2024-05-12T12:46:57+00:00","og_image":[{"width":1024,"height":683,"url":"https:\/\/www.noticiasradioreflejos.com.ar\/2021\/wp-content\/uploads\/2024\/03\/chango-en-el-Super.jpg","type":"image\/jpeg"}],"author":"Arnaldo Botto","twitter_card":"summary_large_image","schema":{"@context":"https:\/\/schema.org","@graph":[{"@type":"WebPage","@id":"https:\/\/www.noticiasradioreflejos.com.ar\/2021\/102511-2\/","url":"https:\/\/www.noticiasradioreflejos.com.ar\/2021\/102511-2\/","name":"Del campo a la g\u00f3ndola, los precios de los agroalimentos se multiplicaron por 3,5 veces en abril - Noticias Radio Reflejos","isPartOf":{"@id":"https:\/\/www.noticiasradioreflejos.com.ar\/2021\/#website"},"primaryImageOfPage":{"@id":"https:\/\/www.noticiasradioreflejos.com.ar\/2021\/102511-2\/#primaryimage"},"image":{"@id":"https:\/\/www.noticiasradioreflejos.com.ar\/2021\/102511-2\/#primaryimage"},"thumbnailUrl":"https:\/\/www.noticiasradioreflejos.com.ar\/2021\/wp-content\/uploads\/2024\/03\/chango-en-el-Super.jpg","datePublished":"2024-05-12T12:42:03+00:00","dateModified":"2024-05-12T12:46:57+00:00","author":{"@id":"https:\/\/www.noticiasradioreflejos.com.ar\/2021\/#\/schema\/person\/ad82545263dcc5ec0996818884fd5fb1"},"breadcrumb":{"@id":"https:\/\/www.noticiasradioreflejos.com.ar\/2021\/102511-2\/#breadcrumb"},"inLanguage":"es","potentialAction":[{"@type":"ReadAction","target":["https:\/\/www.noticiasradioreflejos.com.ar\/2021\/102511-2\/"]}]},{"@type":"ImageObject","inLanguage":"es","@id":"https:\/\/www.noticiasradioreflejos.com.ar\/2021\/102511-2\/#primaryimage","url":"https:\/\/www.noticiasradioreflejos.com.ar\/2021\/wp-content\/uploads\/2024\/03\/chango-en-el-Super.jpg","contentUrl":"https:\/\/www.noticiasradioreflejos.com.ar\/2021\/wp-content\/uploads\/2024\/03\/chango-en-el-Super.jpg","width":1024,"height":683},{"@type":"BreadcrumbList","@id":"https:\/\/www.noticiasradioreflejos.com.ar\/2021\/102511-2\/#breadcrumb","itemListElement":[{"@type":"ListItem","position":1,"name":"Portada","item":"https:\/\/www.noticiasradioreflejos.com.ar\/2021\/"},{"@type":"ListItem","position":2,"name":"Del campo a la g\u00f3ndola, los precios de los agroalimentos se multiplicaron por 3,5 veces en abril"}]},{"@type":"WebSite","@id":"https:\/\/www.noticiasradioreflejos.com.ar\/2021\/#website","url":"https:\/\/www.noticiasradioreflejos.com.ar\/2021\/","name":"Noticias Radio Reflejos","description":"Las noticias de mi comarca","potentialAction":[{"@type":"SearchAction","target":{"@type":"EntryPoint","urlTemplate":"https:\/\/www.noticiasradioreflejos.com.ar\/2021\/?s={search_term_string}"},"query-input":{"@type":"PropertyValueSpecification","valueRequired":true,"valueName":"search_term_string"}}],"inLanguage":"es"},{"@type":"Person","@id":"https:\/\/www.noticiasradioreflejos.com.ar\/2021\/#\/schema\/person\/ad82545263dcc5ec0996818884fd5fb1","name":"Arnaldo Botto","image":{"@type":"ImageObject","inLanguage":"es","@id":"https:\/\/www.noticiasradioreflejos.com.ar\/2021\/#\/schema\/person\/image\/","url":"https:\/\/secure.gravatar.com\/avatar\/55cb5e37c1efa326397366e6974cb338056df65cb50e7d64d1cf314e87504837?s=96&d=mm&r=g","contentUrl":"https:\/\/secure.gravatar.com\/avatar\/55cb5e37c1efa326397366e6974cb338056df65cb50e7d64d1cf314e87504837?s=96&d=mm&r=g","caption":"Arnaldo Botto"},"url":"https:\/\/www.noticiasradioreflejos.com.ar\/2021\/author\/arnaldo\/"}]}},"_links":{"self":[{"href":"https:\/\/www.noticiasradioreflejos.com.ar\/2021\/wp-json\/wp\/v2\/posts\/102511","targetHints":{"allow":["GET"]}}],"collection":[{"href":"https:\/\/www.noticiasradioreflejos.com.ar\/2021\/wp-json\/wp\/v2\/posts"}],"about":[{"href":"https:\/\/www.noticiasradioreflejos.com.ar\/2021\/wp-json\/wp\/v2\/types\/post"}],"author":[{"embeddable":true,"href":"https:\/\/www.noticiasradioreflejos.com.ar\/2021\/wp-json\/wp\/v2\/users\/3"}],"replies":[{"embeddable":true,"href":"https:\/\/www.noticiasradioreflejos.com.ar\/2021\/wp-json\/wp\/v2\/comments?post=102511"}],"version-history":[{"count":3,"href":"https:\/\/www.noticiasradioreflejos.com.ar\/2021\/wp-json\/wp\/v2\/posts\/102511\/revisions"}],"predecessor-version":[{"id":102514,"href":"https:\/\/www.noticiasradioreflejos.com.ar\/2021\/wp-json\/wp\/v2\/posts\/102511\/revisions\/102514"}],"wp:featuredmedia":[{"embeddable":true,"href":"https:\/\/www.noticiasradioreflejos.com.ar\/2021\/wp-json\/wp\/v2\/media\/100241"}],"wp:attachment":[{"href":"https:\/\/www.noticiasradioreflejos.com.ar\/2021\/wp-json\/wp\/v2\/media?parent=102511"}],"wp:term":[{"taxonomy":"category","embeddable":true,"href":"https:\/\/www.noticiasradioreflejos.com.ar\/2021\/wp-json\/wp\/v2\/categories?post=102511"},{"taxonomy":"post_tag","embeddable":true,"href":"https:\/\/www.noticiasradioreflejos.com.ar\/2021\/wp-json\/wp\/v2\/tags?post=102511"}],"curies":[{"name":"wp","href":"https:\/\/api.w.org\/{rel}","templated":true}]}}