{"id":102453,"date":"2024-05-10T17:10:20","date_gmt":"2024-05-10T20:10:20","guid":{"rendered":"https:\/\/www.noticiasradioreflejos.com.ar\/2021\/?p=102453"},"modified":"2024-05-10T17:10:20","modified_gmt":"2024-05-10T20:10:20","slug":"viviana-montibellier-tenemos-gente-que-necesitamos-que-sienta-como-propio-este-espacio","status":"publish","type":"post","link":"https:\/\/www.noticiasradioreflejos.com.ar\/2021\/viviana-montibellier-tenemos-gente-que-necesitamos-que-sienta-como-propio-este-espacio\/","title":{"rendered":"Viviana Montibellier: \u201cTenemos gente que necesitamos que sienta como propio este espacio\u201d"},"content":{"rendered":"<p>La flamante delegada municipal dej\u00f3 algunos conceptos sobre por d\u00f3nde pasar\u00e1 su gesti\u00f3n y recalc\u00f3 el apoyo del ejecutivo al momento de dar este paso.<!--more--><\/p>\n<p><strong>Viviana Montibellier<\/strong> se convirti\u00f3 en la flamante delegada de Sierra, dejando atr\u00e1s su paso como Concejal.<\/p>\n<p>En su asunci\u00f3n lo primero que hizo fue \u201cagradecer esta oportunidad. Estoy un poco nerviosa pero contenta. Vengo trabajando hace unos d\u00edas porque esto fue muy reciente. Tenemos un equipo formado que est\u00e1 a la altura y eso me da tranquilidad. Agradecerle al intendente y a su equipo, que me han apoyado para llevar adelante este desaf\u00edo\u201d.<\/p>\n<p>Sobre c\u00f3mo ser\u00e1 su metodolog\u00eda de trabajo, dej\u00f3 en claro que \u201cnosotros venimos a continuar con una gesti\u00f3n pero tambi\u00e9n tenemos nuestra impronta. Hay gente dentro del municipio que tiene la mejor para Sierra y vamos a continuar en esa l\u00ednea. Hay un mont\u00f3n de proyectos, hay un mont\u00f3n de cosas a seguir y nosotros vamos a seguir en ese camino\u201d.<\/p>\n<p>Agregando que \u201ctenemos un equipo humano con muchas ganas pero nosotros mismos debemos respetar nuestro lugar de trabajo y eso har\u00e1 que nos respeten. Cualquiera puede ocupar este lugar. Hoy me toca a m\u00ed, con un equipo extraordinario\u201d.<\/p>\n<p>Por \u00faltimo afirm\u00f3 que \u201cse necesita un poco m\u00e1s de personal en algunos puntos pero de a poco lo iremos acomodando. Es real que tenemos gente que necesitamos que sienta como propio ese espacio. De afuera te van a decir qu\u00e9 hacer, pero debe nacer en uno. Tengo total confianza en este equipo\u201d.<\/p>\n<p><a title=\"Deleg. Sierra de la Ventana\" href=\"https:\/\/www.flickr.com\/photos\/182279889@N02\/53712165556\/in\/dateposted-public\/\" data-flickr-embed=\"true\"><img loading=\"lazy\" decoding=\"async\" src=\"https:\/\/live.staticflickr.com\/65535\/53712165556_2ebc44c5da_c.jpg\" alt=\"Deleg. Sierra de la Ventana\" width=\"800\" height=\"599\" \/><\/a><\/p>\n<h4>Adriana Nielsen: \u201cEsperaba ansiosa a mi compa\u00f1era\u201d<\/h4>\n<p>\u201cUna vez que est\u00e1 organizado, es como m\u00e1s f\u00e1cil, porque tenes un norte y un mont\u00f3n de cosas planificadas. Esperaba ansiosa a mi nueva compa\u00f1era\u201d.<\/p>\n<h4>Bruno Zacconi: \u201cSeguiremos trabajando en esa l\u00ednea\u201d<\/h4>\n<p>\u201cPertenecen org\u00e1nicamente a la Secretar\u00eda de Gobierno as\u00ed que ya estamos en contacto en permanente. Queremos seguir con la idea de delegaci\u00f3n que ten\u00edamos desde que asumi\u00f3 Susana en diciembre. Estamos muy contentos y seguiremos trabajando en esa l\u00ednea\u201d.<\/p>\n<p>&nbsp;<\/p>\n<p><iframe loading=\"lazy\" src=\"https:\/\/w.soundcloud.com\/player\/?url=https%3A\/\/api.soundcloud.com\/tracks\/1818914178&amp;color=%23ff5500&amp;auto_play=false&amp;hide_related=false&amp;show_comments=true&amp;show_user=true&amp;show_reposts=false&amp;show_teaser=true\" width=\"100%\" height=\"166\" frameborder=\"no\" scrolling=\"no\"><\/iframe><\/p>\n<div style=\"font-size: 10px; color: #cccccc; line-break: anywhere; word-break: normal; overflow: hidden; white-space: nowrap; text-overflow: ellipsis; font-family: Interstate,Lucida Grande,Lucida Sans Unicode,Lucida Sans,Garuda,Verdana,Tahoma,sans-serif; font-weight: 100;\"><a style=\"color: #cccccc; text-decoration: none;\" title=\"fmreflejos 103.7\" href=\"https:\/\/soundcloud.com\/fmreflejos-103-7\" target=\"_blank\" rel=\"noopener\">fmreflejos 103.7<\/a> \u00b7 <a style=\"color: #cccccc; text-decoration: none;\" title=\"Asume Viviana Montibellier 10 - 05\" href=\"https:\/\/soundcloud.com\/fmreflejos-103-7\/asume-viviana-montibellier-10-05\" target=\"_blank\" rel=\"noopener\">Asume Viviana Montibellier 10 &#8211; 05<\/a><\/div>\n","protected":false},"excerpt":{"rendered":"<p>La flamante delegada municipal dej\u00f3 algunos conceptos sobre por d\u00f3nde pasar\u00e1 su gesti\u00f3n y recalc\u00f3 el apoyo del ejecutivo al momento de dar este paso.<\/p>\n","protected":false},"author":3,"featured_media":102477,"comment_status":"closed","ping_status":"closed","sticky":false,"template":"","format":"standard","meta":{"footnotes":""},"categories":[28,24],"tags":[48],"class_list":["post-102453","post","type-post","status-publish","format-standard","has-post-thumbnail","hentry","category-municipales","category-politica","tag-destacada"],"yoast_head":"<!-- This site is optimized with the Yoast SEO plugin v25.9 - https:\/\/yoast.com\/wordpress\/plugins\/seo\/ -->\n<title>Viviana Montibellier: \u201cTenemos gente que necesitamos que sienta como propio este espacio\u201d - Noticias Radio Reflejos<\/title>\n<meta name=\"robots\" content=\"index, follow, max-snippet:-1, max-image-preview:large, max-video-preview:-1\" \/>\n<link rel=\"canonical\" href=\"https:\/\/www.noticiasradioreflejos.com.ar\/2021\/viviana-montibellier-tenemos-gente-que-necesitamos-que-sienta-como-propio-este-espacio\/\" \/>\n<meta property=\"og:locale\" content=\"es_ES\" \/>\n<meta property=\"og:type\" content=\"article\" \/>\n<meta property=\"og:title\" content=\"Viviana Montibellier: \u201cTenemos gente que necesitamos que sienta como propio este espacio\u201d - Noticias Radio Reflejos\" \/>\n<meta property=\"og:description\" content=\"La flamante delegada municipal dej\u00f3 algunos conceptos sobre por d\u00f3nde pasar\u00e1 su gesti\u00f3n y recalc\u00f3 el apoyo del ejecutivo al momento de dar este paso.\" \/>\n<meta property=\"og:url\" content=\"https:\/\/www.noticiasradioreflejos.com.ar\/2021\/viviana-montibellier-tenemos-gente-que-necesitamos-que-sienta-como-propio-este-espacio\/\" \/>\n<meta property=\"og:site_name\" content=\"Noticias Radio Reflejos\" \/>\n<meta property=\"article:published_time\" content=\"2024-05-10T20:10:20+00:00\" \/>\n<meta property=\"og:image\" content=\"https:\/\/www.noticiasradioreflejos.com.ar\/2021\/wp-content\/uploads\/2024\/05\/Viviana-Montibeller.jpeg\" \/>\n\t<meta property=\"og:image:width\" content=\"1600\" \/>\n\t<meta property=\"og:image:height\" content=\"1066\" \/>\n\t<meta property=\"og:image:type\" content=\"image\/jpeg\" \/>\n<meta name=\"author\" content=\"Arnaldo Botto\" \/>\n<meta name=\"twitter:card\" content=\"summary_large_image\" \/>\n<script type=\"application\/ld+json\" class=\"yoast-schema-graph\">{\"@context\":\"https:\/\/schema.org\",\"@graph\":[{\"@type\":\"WebPage\",\"@id\":\"https:\/\/www.noticiasradioreflejos.com.ar\/2021\/viviana-montibellier-tenemos-gente-que-necesitamos-que-sienta-como-propio-este-espacio\/\",\"url\":\"https:\/\/www.noticiasradioreflejos.com.ar\/2021\/viviana-montibellier-tenemos-gente-que-necesitamos-que-sienta-como-propio-este-espacio\/\",\"name\":\"Viviana Montibellier: \u201cTenemos gente que necesitamos que sienta como propio este espacio\u201d - Noticias Radio Reflejos\",\"isPartOf\":{\"@id\":\"https:\/\/www.noticiasradioreflejos.com.ar\/2021\/#website\"},\"primaryImageOfPage\":{\"@id\":\"https:\/\/www.noticiasradioreflejos.com.ar\/2021\/viviana-montibellier-tenemos-gente-que-necesitamos-que-sienta-como-propio-este-espacio\/#primaryimage\"},\"image\":{\"@id\":\"https:\/\/www.noticiasradioreflejos.com.ar\/2021\/viviana-montibellier-tenemos-gente-que-necesitamos-que-sienta-como-propio-este-espacio\/#primaryimage\"},\"thumbnailUrl\":\"https:\/\/www.noticiasradioreflejos.com.ar\/2021\/wp-content\/uploads\/2024\/05\/Viviana-Montibeller.jpeg\",\"datePublished\":\"2024-05-10T20:10:20+00:00\",\"author\":{\"@id\":\"https:\/\/www.noticiasradioreflejos.com.ar\/2021\/#\/schema\/person\/ad82545263dcc5ec0996818884fd5fb1\"},\"breadcrumb\":{\"@id\":\"https:\/\/www.noticiasradioreflejos.com.ar\/2021\/viviana-montibellier-tenemos-gente-que-necesitamos-que-sienta-como-propio-este-espacio\/#breadcrumb\"},\"inLanguage\":\"es\",\"potentialAction\":[{\"@type\":\"ReadAction\",\"target\":[\"https:\/\/www.noticiasradioreflejos.com.ar\/2021\/viviana-montibellier-tenemos-gente-que-necesitamos-que-sienta-como-propio-este-espacio\/\"]}]},{\"@type\":\"ImageObject\",\"inLanguage\":\"es\",\"@id\":\"https:\/\/www.noticiasradioreflejos.com.ar\/2021\/viviana-montibellier-tenemos-gente-que-necesitamos-que-sienta-como-propio-este-espacio\/#primaryimage\",\"url\":\"https:\/\/www.noticiasradioreflejos.com.ar\/2021\/wp-content\/uploads\/2024\/05\/Viviana-Montibeller.jpeg\",\"contentUrl\":\"https:\/\/www.noticiasradioreflejos.com.ar\/2021\/wp-content\/uploads\/2024\/05\/Viviana-Montibeller.jpeg\",\"width\":1600,\"height\":1066},{\"@type\":\"BreadcrumbList\",\"@id\":\"https:\/\/www.noticiasradioreflejos.com.ar\/2021\/viviana-montibellier-tenemos-gente-que-necesitamos-que-sienta-como-propio-este-espacio\/#breadcrumb\",\"itemListElement\":[{\"@type\":\"ListItem\",\"position\":1,\"name\":\"Portada\",\"item\":\"https:\/\/www.noticiasradioreflejos.com.ar\/2021\/\"},{\"@type\":\"ListItem\",\"position\":2,\"name\":\"Viviana Montibellier: \u201cTenemos gente que necesitamos que sienta como propio este espacio\u201d\"}]},{\"@type\":\"WebSite\",\"@id\":\"https:\/\/www.noticiasradioreflejos.com.ar\/2021\/#website\",\"url\":\"https:\/\/www.noticiasradioreflejos.com.ar\/2021\/\",\"name\":\"Noticias Radio Reflejos\",\"description\":\"Las noticias de mi comarca\",\"potentialAction\":[{\"@type\":\"SearchAction\",\"target\":{\"@type\":\"EntryPoint\",\"urlTemplate\":\"https:\/\/www.noticiasradioreflejos.com.ar\/2021\/?s={search_term_string}\"},\"query-input\":{\"@type\":\"PropertyValueSpecification\",\"valueRequired\":true,\"valueName\":\"search_term_string\"}}],\"inLanguage\":\"es\"},{\"@type\":\"Person\",\"@id\":\"https:\/\/www.noticiasradioreflejos.com.ar\/2021\/#\/schema\/person\/ad82545263dcc5ec0996818884fd5fb1\",\"name\":\"Arnaldo Botto\",\"image\":{\"@type\":\"ImageObject\",\"inLanguage\":\"es\",\"@id\":\"https:\/\/www.noticiasradioreflejos.com.ar\/2021\/#\/schema\/person\/image\/\",\"url\":\"https:\/\/secure.gravatar.com\/avatar\/55cb5e37c1efa326397366e6974cb338056df65cb50e7d64d1cf314e87504837?s=96&d=mm&r=g\",\"contentUrl\":\"https:\/\/secure.gravatar.com\/avatar\/55cb5e37c1efa326397366e6974cb338056df65cb50e7d64d1cf314e87504837?s=96&d=mm&r=g\",\"caption\":\"Arnaldo Botto\"},\"url\":\"https:\/\/www.noticiasradioreflejos.com.ar\/2021\/author\/arnaldo\/\"}]}<\/script>\n<!-- \/ Yoast SEO plugin. -->","yoast_head_json":{"title":"Viviana Montibellier: \u201cTenemos gente que necesitamos que sienta como propio este espacio\u201d - Noticias Radio Reflejos","robots":{"index":"index","follow":"follow","max-snippet":"max-snippet:-1","max-image-preview":"max-image-preview:large","max-video-preview":"max-video-preview:-1"},"canonical":"https:\/\/www.noticiasradioreflejos.com.ar\/2021\/viviana-montibellier-tenemos-gente-que-necesitamos-que-sienta-como-propio-este-espacio\/","og_locale":"es_ES","og_type":"article","og_title":"Viviana Montibellier: \u201cTenemos gente que necesitamos que sienta como propio este espacio\u201d - Noticias Radio Reflejos","og_description":"La flamante delegada municipal dej\u00f3 algunos conceptos sobre por d\u00f3nde pasar\u00e1 su gesti\u00f3n y recalc\u00f3 el apoyo del ejecutivo al momento de dar este paso.","og_url":"https:\/\/www.noticiasradioreflejos.com.ar\/2021\/viviana-montibellier-tenemos-gente-que-necesitamos-que-sienta-como-propio-este-espacio\/","og_site_name":"Noticias Radio Reflejos","article_published_time":"2024-05-10T20:10:20+00:00","og_image":[{"width":1600,"height":1066,"url":"https:\/\/www.noticiasradioreflejos.com.ar\/2021\/wp-content\/uploads\/2024\/05\/Viviana-Montibeller.jpeg","type":"image\/jpeg"}],"author":"Arnaldo Botto","twitter_card":"summary_large_image","schema":{"@context":"https:\/\/schema.org","@graph":[{"@type":"WebPage","@id":"https:\/\/www.noticiasradioreflejos.com.ar\/2021\/viviana-montibellier-tenemos-gente-que-necesitamos-que-sienta-como-propio-este-espacio\/","url":"https:\/\/www.noticiasradioreflejos.com.ar\/2021\/viviana-montibellier-tenemos-gente-que-necesitamos-que-sienta-como-propio-este-espacio\/","name":"Viviana Montibellier: \u201cTenemos gente que necesitamos que sienta como propio este espacio\u201d - Noticias Radio Reflejos","isPartOf":{"@id":"https:\/\/www.noticiasradioreflejos.com.ar\/2021\/#website"},"primaryImageOfPage":{"@id":"https:\/\/www.noticiasradioreflejos.com.ar\/2021\/viviana-montibellier-tenemos-gente-que-necesitamos-que-sienta-como-propio-este-espacio\/#primaryimage"},"image":{"@id":"https:\/\/www.noticiasradioreflejos.com.ar\/2021\/viviana-montibellier-tenemos-gente-que-necesitamos-que-sienta-como-propio-este-espacio\/#primaryimage"},"thumbnailUrl":"https:\/\/www.noticiasradioreflejos.com.ar\/2021\/wp-content\/uploads\/2024\/05\/Viviana-Montibeller.jpeg","datePublished":"2024-05-10T20:10:20+00:00","author":{"@id":"https:\/\/www.noticiasradioreflejos.com.ar\/2021\/#\/schema\/person\/ad82545263dcc5ec0996818884fd5fb1"},"breadcrumb":{"@id":"https:\/\/www.noticiasradioreflejos.com.ar\/2021\/viviana-montibellier-tenemos-gente-que-necesitamos-que-sienta-como-propio-este-espacio\/#breadcrumb"},"inLanguage":"es","potentialAction":[{"@type":"ReadAction","target":["https:\/\/www.noticiasradioreflejos.com.ar\/2021\/viviana-montibellier-tenemos-gente-que-necesitamos-que-sienta-como-propio-este-espacio\/"]}]},{"@type":"ImageObject","inLanguage":"es","@id":"https:\/\/www.noticiasradioreflejos.com.ar\/2021\/viviana-montibellier-tenemos-gente-que-necesitamos-que-sienta-como-propio-este-espacio\/#primaryimage","url":"https:\/\/www.noticiasradioreflejos.com.ar\/2021\/wp-content\/uploads\/2024\/05\/Viviana-Montibeller.jpeg","contentUrl":"https:\/\/www.noticiasradioreflejos.com.ar\/2021\/wp-content\/uploads\/2024\/05\/Viviana-Montibeller.jpeg","width":1600,"height":1066},{"@type":"BreadcrumbList","@id":"https:\/\/www.noticiasradioreflejos.com.ar\/2021\/viviana-montibellier-tenemos-gente-que-necesitamos-que-sienta-como-propio-este-espacio\/#breadcrumb","itemListElement":[{"@type":"ListItem","position":1,"name":"Portada","item":"https:\/\/www.noticiasradioreflejos.com.ar\/2021\/"},{"@type":"ListItem","position":2,"name":"Viviana Montibellier: \u201cTenemos gente que necesitamos que sienta como propio este espacio\u201d"}]},{"@type":"WebSite","@id":"https:\/\/www.noticiasradioreflejos.com.ar\/2021\/#website","url":"https:\/\/www.noticiasradioreflejos.com.ar\/2021\/","name":"Noticias Radio Reflejos","description":"Las noticias de mi comarca","potentialAction":[{"@type":"SearchAction","target":{"@type":"EntryPoint","urlTemplate":"https:\/\/www.noticiasradioreflejos.com.ar\/2021\/?s={search_term_string}"},"query-input":{"@type":"PropertyValueSpecification","valueRequired":true,"valueName":"search_term_string"}}],"inLanguage":"es"},{"@type":"Person","@id":"https:\/\/www.noticiasradioreflejos.com.ar\/2021\/#\/schema\/person\/ad82545263dcc5ec0996818884fd5fb1","name":"Arnaldo Botto","image":{"@type":"ImageObject","inLanguage":"es","@id":"https:\/\/www.noticiasradioreflejos.com.ar\/2021\/#\/schema\/person\/image\/","url":"https:\/\/secure.gravatar.com\/avatar\/55cb5e37c1efa326397366e6974cb338056df65cb50e7d64d1cf314e87504837?s=96&d=mm&r=g","contentUrl":"https:\/\/secure.gravatar.com\/avatar\/55cb5e37c1efa326397366e6974cb338056df65cb50e7d64d1cf314e87504837?s=96&d=mm&r=g","caption":"Arnaldo Botto"},"url":"https:\/\/www.noticiasradioreflejos.com.ar\/2021\/author\/arnaldo\/"}]}},"_links":{"self":[{"href":"https:\/\/www.noticiasradioreflejos.com.ar\/2021\/wp-json\/wp\/v2\/posts\/102453","targetHints":{"allow":["GET"]}}],"collection":[{"href":"https:\/\/www.noticiasradioreflejos.com.ar\/2021\/wp-json\/wp\/v2\/posts"}],"about":[{"href":"https:\/\/www.noticiasradioreflejos.com.ar\/2021\/wp-json\/wp\/v2\/types\/post"}],"author":[{"embeddable":true,"href":"https:\/\/www.noticiasradioreflejos.com.ar\/2021\/wp-json\/wp\/v2\/users\/3"}],"replies":[{"embeddable":true,"href":"https:\/\/www.noticiasradioreflejos.com.ar\/2021\/wp-json\/wp\/v2\/comments?post=102453"}],"version-history":[{"count":2,"href":"https:\/\/www.noticiasradioreflejos.com.ar\/2021\/wp-json\/wp\/v2\/posts\/102453\/revisions"}],"predecessor-version":[{"id":102478,"href":"https:\/\/www.noticiasradioreflejos.com.ar\/2021\/wp-json\/wp\/v2\/posts\/102453\/revisions\/102478"}],"wp:featuredmedia":[{"embeddable":true,"href":"https:\/\/www.noticiasradioreflejos.com.ar\/2021\/wp-json\/wp\/v2\/media\/102477"}],"wp:attachment":[{"href":"https:\/\/www.noticiasradioreflejos.com.ar\/2021\/wp-json\/wp\/v2\/media?parent=102453"}],"wp:term":[{"taxonomy":"category","embeddable":true,"href":"https:\/\/www.noticiasradioreflejos.com.ar\/2021\/wp-json\/wp\/v2\/categories?post=102453"},{"taxonomy":"post_tag","embeddable":true,"href":"https:\/\/www.noticiasradioreflejos.com.ar\/2021\/wp-json\/wp\/v2\/tags?post=102453"}],"curies":[{"name":"wp","href":"https:\/\/api.w.org\/{rel}","templated":true}]}}