{"id":102412,"date":"2024-05-10T08:39:47","date_gmt":"2024-05-10T11:39:47","guid":{"rendered":"https:\/\/www.noticiasradioreflejos.com.ar\/2021\/?p=102412"},"modified":"2024-05-10T08:40:52","modified_gmt":"2024-05-10T11:40:52","slug":"avanza-vacuna-personalizada-contra-el-tumor-cerebral-mas-letal-resultados-prometedores","status":"publish","type":"post","link":"https:\/\/www.noticiasradioreflejos.com.ar\/2021\/avanza-vacuna-personalizada-contra-el-tumor-cerebral-mas-letal-resultados-prometedores\/","title":{"rendered":"Avanza vacuna personalizada contra el tumor cerebral m\u00e1s letal: resultados prometedores"},"content":{"rendered":"<p>Un rayo de esperanza en la lucha contra el c\u00e1ncer cerebral m\u00e1s agresivo: una vacuna personalizada despierta al sistema inmune.<!--more--><\/p>\n<p>Un equipo de investigadores de la Universidad de Florida ha dado un paso importante en el desarrollo de una vacuna contra el glioblastoma, el tumor cerebral m\u00e1s agresivo y letal de todos. La vacuna, probada en animales y en cuatro pacientes adultos, ha demostrado ser capaz de reprogramar el sistema inmunitario para que ataque este tipo de c\u00e1ncer.<\/p>\n<p>Resultados sorprendentes<br \/>\nLo m\u00e1s sorprendente de este desarrollo es la rapidez con la que se activan las c\u00e9lulas inmunitarias: en tan solo 48 horas. Esto se debe a que la vacuna \u00abdespierta\u00bb al sistema inmune, haci\u00e9ndole reconocer al tumor como una amenaza.<\/p>\n<p>\u00bfC\u00f3mo funciona la vacuna?<br \/>\nLa vacuna se elabora a partir de una biopsia del tumor de cada paciente. Se procesa el material y se reintroduce en el organismo junto con nanopart\u00edculas lip\u00eddicas. Estas nanopart\u00edculas transportan el ARN mensajero del tumor, lo que activa las c\u00e9lulas inmunitarias y las prepara para atacar el c\u00e1ncer.<\/p>\n<p>Una ventaja clave: la personalizaci\u00f3n<br \/>\nUna de las grandes ventajas de esta vacuna es que es personalizada. Esto significa que se adapta a las caracter\u00edsticas espec\u00edficas del tumor de cada paciente, lo que aumenta las posibilidades de \u00e9xito.<\/p>\n<p>Un largo camino por recorrer<br \/>\nSi bien los resultados hasta ahora son prometedores, a\u00fan queda un largo camino por recorrer. El pr\u00f3ximo paso ser\u00e1 evaluar la eficacia de la vacuna en un mayor n\u00famero de pacientes, tanto adultos como pedi\u00e1tricos.<\/p>\n<p>La esperanza de un futuro sin glioblastoma<br \/>\nEl desarrollo de esta vacuna representa una gran esperanza para los pacientes con glioblastoma. Si los ensayos cl\u00ednicos contin\u00faan dando resultados positivos, esta podr\u00eda convertirse en una herramienta fundamental para combatir este terrible c\u00e1ncer.<\/p>\n<p>Aportes desde Argentina<br \/>\nEn Argentina, el Centro de Oncolog\u00eda Molecular y Traslacional de la Universidad Nacional de Quilmes (UNQ) tambi\u00e9n est\u00e1 trabajando en el desarrollo de nuevas terapias contra el glioblastoma.<\/p>\n<p>Ensayos precl\u00ednicos del compuesto 1A-116: Este compuesto est\u00e1 dise\u00f1ado para inhibir la activaci\u00f3n de RAC1, una prote\u00edna que est\u00e1 vinculada con la progresi\u00f3n tumoral del glioblastoma. El compuesto fue patentado por la UNQ y se espera que pueda ser utilizado en combinaci\u00f3n con otras terapias.<br \/>\nDispositivo para inhibir la prote\u00edna Pin1: Este dispositivo est\u00e1 siendo desarrollado para frenar la proliferaci\u00f3n de c\u00e9lulas tumorales. La prote\u00edna Pin1 es responsable del crecimiento del glioblastoma.<br \/>\nLa lucha contra el c\u00e1ncer: un esfuerzo global<br \/>\nLa lucha contra el c\u00e1ncer es un esfuerzo global. En todo el mundo, cient\u00edficos e investigadores est\u00e1n trabajando incansablemente para encontrar nuevas y mejores formas de combatir esta enfermedad. El desarrollo de la vacuna contra el glioblastoma y los avances del Centro de Oncolog\u00eda Molecular y Traslacional de la UNQ son ejemplos de este esfuerzo.<\/p>\n<p>Un mensaje de esperanza<br \/>\nLos avances en la investigaci\u00f3n del glioblastoma son un mensaje de esperanza para los pacientes y sus familias. Cada paso que se da en esta direcci\u00f3n nos acerca a un futuro en el que esta enfermedad pueda ser curada.<\/p>\n<p><strong>Fuente NA<\/strong><\/p>\n","protected":false},"excerpt":{"rendered":"<p>Un rayo de esperanza en la lucha contra el c\u00e1ncer cerebral m\u00e1s agresivo: una vacuna personalizada despierta al sistema inmune.<\/p>\n","protected":false},"author":3,"featured_media":102413,"comment_status":"closed","ping_status":"closed","sticky":false,"template":"","format":"standard","meta":{"footnotes":""},"categories":[46,30],"tags":[],"class_list":["post-102412","post","type-post","status-publish","format-standard","has-post-thumbnail","hentry","category-ciencia-y-tecnologia","category-salud"],"yoast_head":"<!-- This site is optimized with the Yoast SEO plugin v25.9 - https:\/\/yoast.com\/wordpress\/plugins\/seo\/ -->\n<title>Avanza vacuna personalizada contra el tumor cerebral m\u00e1s letal: resultados prometedores - Noticias Radio Reflejos<\/title>\n<meta name=\"robots\" content=\"index, follow, max-snippet:-1, max-image-preview:large, max-video-preview:-1\" \/>\n<link rel=\"canonical\" href=\"https:\/\/www.noticiasradioreflejos.com.ar\/2021\/avanza-vacuna-personalizada-contra-el-tumor-cerebral-mas-letal-resultados-prometedores\/\" \/>\n<meta property=\"og:locale\" content=\"es_ES\" \/>\n<meta property=\"og:type\" content=\"article\" \/>\n<meta property=\"og:title\" content=\"Avanza vacuna personalizada contra el tumor cerebral m\u00e1s letal: resultados prometedores - Noticias Radio Reflejos\" \/>\n<meta property=\"og:description\" content=\"Un rayo de esperanza en la lucha contra el c\u00e1ncer cerebral m\u00e1s agresivo: una vacuna personalizada despierta al sistema inmune.\" \/>\n<meta property=\"og:url\" content=\"https:\/\/www.noticiasradioreflejos.com.ar\/2021\/avanza-vacuna-personalizada-contra-el-tumor-cerebral-mas-letal-resultados-prometedores\/\" \/>\n<meta property=\"og:site_name\" content=\"Noticias Radio Reflejos\" \/>\n<meta property=\"article:published_time\" content=\"2024-05-10T11:39:47+00:00\" \/>\n<meta property=\"article:modified_time\" content=\"2024-05-10T11:40:52+00:00\" \/>\n<meta property=\"og:image\" content=\"https:\/\/www.noticiasradioreflejos.com.ar\/2021\/wp-content\/uploads\/2024\/05\/Medico-cerebro.jpg\" \/>\n\t<meta property=\"og:image:width\" content=\"640\" \/>\n\t<meta property=\"og:image:height\" content=\"332\" \/>\n\t<meta property=\"og:image:type\" content=\"image\/jpeg\" \/>\n<meta name=\"author\" content=\"Arnaldo Botto\" \/>\n<meta name=\"twitter:card\" content=\"summary_large_image\" \/>\n<script type=\"application\/ld+json\" class=\"yoast-schema-graph\">{\"@context\":\"https:\/\/schema.org\",\"@graph\":[{\"@type\":\"WebPage\",\"@id\":\"https:\/\/www.noticiasradioreflejos.com.ar\/2021\/avanza-vacuna-personalizada-contra-el-tumor-cerebral-mas-letal-resultados-prometedores\/\",\"url\":\"https:\/\/www.noticiasradioreflejos.com.ar\/2021\/avanza-vacuna-personalizada-contra-el-tumor-cerebral-mas-letal-resultados-prometedores\/\",\"name\":\"Avanza vacuna personalizada contra el tumor cerebral m\u00e1s letal: resultados prometedores - Noticias Radio Reflejos\",\"isPartOf\":{\"@id\":\"https:\/\/www.noticiasradioreflejos.com.ar\/2021\/#website\"},\"primaryImageOfPage\":{\"@id\":\"https:\/\/www.noticiasradioreflejos.com.ar\/2021\/avanza-vacuna-personalizada-contra-el-tumor-cerebral-mas-letal-resultados-prometedores\/#primaryimage\"},\"image\":{\"@id\":\"https:\/\/www.noticiasradioreflejos.com.ar\/2021\/avanza-vacuna-personalizada-contra-el-tumor-cerebral-mas-letal-resultados-prometedores\/#primaryimage\"},\"thumbnailUrl\":\"https:\/\/www.noticiasradioreflejos.com.ar\/2021\/wp-content\/uploads\/2024\/05\/Medico-cerebro.jpg\",\"datePublished\":\"2024-05-10T11:39:47+00:00\",\"dateModified\":\"2024-05-10T11:40:52+00:00\",\"author\":{\"@id\":\"https:\/\/www.noticiasradioreflejos.com.ar\/2021\/#\/schema\/person\/ad82545263dcc5ec0996818884fd5fb1\"},\"breadcrumb\":{\"@id\":\"https:\/\/www.noticiasradioreflejos.com.ar\/2021\/avanza-vacuna-personalizada-contra-el-tumor-cerebral-mas-letal-resultados-prometedores\/#breadcrumb\"},\"inLanguage\":\"es\",\"potentialAction\":[{\"@type\":\"ReadAction\",\"target\":[\"https:\/\/www.noticiasradioreflejos.com.ar\/2021\/avanza-vacuna-personalizada-contra-el-tumor-cerebral-mas-letal-resultados-prometedores\/\"]}]},{\"@type\":\"ImageObject\",\"inLanguage\":\"es\",\"@id\":\"https:\/\/www.noticiasradioreflejos.com.ar\/2021\/avanza-vacuna-personalizada-contra-el-tumor-cerebral-mas-letal-resultados-prometedores\/#primaryimage\",\"url\":\"https:\/\/www.noticiasradioreflejos.com.ar\/2021\/wp-content\/uploads\/2024\/05\/Medico-cerebro.jpg\",\"contentUrl\":\"https:\/\/www.noticiasradioreflejos.com.ar\/2021\/wp-content\/uploads\/2024\/05\/Medico-cerebro.jpg\",\"width\":640,\"height\":332},{\"@type\":\"BreadcrumbList\",\"@id\":\"https:\/\/www.noticiasradioreflejos.com.ar\/2021\/avanza-vacuna-personalizada-contra-el-tumor-cerebral-mas-letal-resultados-prometedores\/#breadcrumb\",\"itemListElement\":[{\"@type\":\"ListItem\",\"position\":1,\"name\":\"Portada\",\"item\":\"https:\/\/www.noticiasradioreflejos.com.ar\/2021\/\"},{\"@type\":\"ListItem\",\"position\":2,\"name\":\"Avanza vacuna personalizada contra el tumor cerebral m\u00e1s letal: resultados prometedores\"}]},{\"@type\":\"WebSite\",\"@id\":\"https:\/\/www.noticiasradioreflejos.com.ar\/2021\/#website\",\"url\":\"https:\/\/www.noticiasradioreflejos.com.ar\/2021\/\",\"name\":\"Noticias Radio Reflejos\",\"description\":\"Las noticias de mi comarca\",\"potentialAction\":[{\"@type\":\"SearchAction\",\"target\":{\"@type\":\"EntryPoint\",\"urlTemplate\":\"https:\/\/www.noticiasradioreflejos.com.ar\/2021\/?s={search_term_string}\"},\"query-input\":{\"@type\":\"PropertyValueSpecification\",\"valueRequired\":true,\"valueName\":\"search_term_string\"}}],\"inLanguage\":\"es\"},{\"@type\":\"Person\",\"@id\":\"https:\/\/www.noticiasradioreflejos.com.ar\/2021\/#\/schema\/person\/ad82545263dcc5ec0996818884fd5fb1\",\"name\":\"Arnaldo Botto\",\"image\":{\"@type\":\"ImageObject\",\"inLanguage\":\"es\",\"@id\":\"https:\/\/www.noticiasradioreflejos.com.ar\/2021\/#\/schema\/person\/image\/\",\"url\":\"https:\/\/secure.gravatar.com\/avatar\/55cb5e37c1efa326397366e6974cb338056df65cb50e7d64d1cf314e87504837?s=96&d=mm&r=g\",\"contentUrl\":\"https:\/\/secure.gravatar.com\/avatar\/55cb5e37c1efa326397366e6974cb338056df65cb50e7d64d1cf314e87504837?s=96&d=mm&r=g\",\"caption\":\"Arnaldo Botto\"},\"url\":\"https:\/\/www.noticiasradioreflejos.com.ar\/2021\/author\/arnaldo\/\"}]}<\/script>\n<!-- \/ Yoast SEO plugin. -->","yoast_head_json":{"title":"Avanza vacuna personalizada contra el tumor cerebral m\u00e1s letal: resultados prometedores - Noticias Radio Reflejos","robots":{"index":"index","follow":"follow","max-snippet":"max-snippet:-1","max-image-preview":"max-image-preview:large","max-video-preview":"max-video-preview:-1"},"canonical":"https:\/\/www.noticiasradioreflejos.com.ar\/2021\/avanza-vacuna-personalizada-contra-el-tumor-cerebral-mas-letal-resultados-prometedores\/","og_locale":"es_ES","og_type":"article","og_title":"Avanza vacuna personalizada contra el tumor cerebral m\u00e1s letal: resultados prometedores - Noticias Radio Reflejos","og_description":"Un rayo de esperanza en la lucha contra el c\u00e1ncer cerebral m\u00e1s agresivo: una vacuna personalizada despierta al sistema inmune.","og_url":"https:\/\/www.noticiasradioreflejos.com.ar\/2021\/avanza-vacuna-personalizada-contra-el-tumor-cerebral-mas-letal-resultados-prometedores\/","og_site_name":"Noticias Radio Reflejos","article_published_time":"2024-05-10T11:39:47+00:00","article_modified_time":"2024-05-10T11:40:52+00:00","og_image":[{"width":640,"height":332,"url":"https:\/\/www.noticiasradioreflejos.com.ar\/2021\/wp-content\/uploads\/2024\/05\/Medico-cerebro.jpg","type":"image\/jpeg"}],"author":"Arnaldo Botto","twitter_card":"summary_large_image","schema":{"@context":"https:\/\/schema.org","@graph":[{"@type":"WebPage","@id":"https:\/\/www.noticiasradioreflejos.com.ar\/2021\/avanza-vacuna-personalizada-contra-el-tumor-cerebral-mas-letal-resultados-prometedores\/","url":"https:\/\/www.noticiasradioreflejos.com.ar\/2021\/avanza-vacuna-personalizada-contra-el-tumor-cerebral-mas-letal-resultados-prometedores\/","name":"Avanza vacuna personalizada contra el tumor cerebral m\u00e1s letal: resultados prometedores - Noticias Radio Reflejos","isPartOf":{"@id":"https:\/\/www.noticiasradioreflejos.com.ar\/2021\/#website"},"primaryImageOfPage":{"@id":"https:\/\/www.noticiasradioreflejos.com.ar\/2021\/avanza-vacuna-personalizada-contra-el-tumor-cerebral-mas-letal-resultados-prometedores\/#primaryimage"},"image":{"@id":"https:\/\/www.noticiasradioreflejos.com.ar\/2021\/avanza-vacuna-personalizada-contra-el-tumor-cerebral-mas-letal-resultados-prometedores\/#primaryimage"},"thumbnailUrl":"https:\/\/www.noticiasradioreflejos.com.ar\/2021\/wp-content\/uploads\/2024\/05\/Medico-cerebro.jpg","datePublished":"2024-05-10T11:39:47+00:00","dateModified":"2024-05-10T11:40:52+00:00","author":{"@id":"https:\/\/www.noticiasradioreflejos.com.ar\/2021\/#\/schema\/person\/ad82545263dcc5ec0996818884fd5fb1"},"breadcrumb":{"@id":"https:\/\/www.noticiasradioreflejos.com.ar\/2021\/avanza-vacuna-personalizada-contra-el-tumor-cerebral-mas-letal-resultados-prometedores\/#breadcrumb"},"inLanguage":"es","potentialAction":[{"@type":"ReadAction","target":["https:\/\/www.noticiasradioreflejos.com.ar\/2021\/avanza-vacuna-personalizada-contra-el-tumor-cerebral-mas-letal-resultados-prometedores\/"]}]},{"@type":"ImageObject","inLanguage":"es","@id":"https:\/\/www.noticiasradioreflejos.com.ar\/2021\/avanza-vacuna-personalizada-contra-el-tumor-cerebral-mas-letal-resultados-prometedores\/#primaryimage","url":"https:\/\/www.noticiasradioreflejos.com.ar\/2021\/wp-content\/uploads\/2024\/05\/Medico-cerebro.jpg","contentUrl":"https:\/\/www.noticiasradioreflejos.com.ar\/2021\/wp-content\/uploads\/2024\/05\/Medico-cerebro.jpg","width":640,"height":332},{"@type":"BreadcrumbList","@id":"https:\/\/www.noticiasradioreflejos.com.ar\/2021\/avanza-vacuna-personalizada-contra-el-tumor-cerebral-mas-letal-resultados-prometedores\/#breadcrumb","itemListElement":[{"@type":"ListItem","position":1,"name":"Portada","item":"https:\/\/www.noticiasradioreflejos.com.ar\/2021\/"},{"@type":"ListItem","position":2,"name":"Avanza vacuna personalizada contra el tumor cerebral m\u00e1s letal: resultados prometedores"}]},{"@type":"WebSite","@id":"https:\/\/www.noticiasradioreflejos.com.ar\/2021\/#website","url":"https:\/\/www.noticiasradioreflejos.com.ar\/2021\/","name":"Noticias Radio Reflejos","description":"Las noticias de mi comarca","potentialAction":[{"@type":"SearchAction","target":{"@type":"EntryPoint","urlTemplate":"https:\/\/www.noticiasradioreflejos.com.ar\/2021\/?s={search_term_string}"},"query-input":{"@type":"PropertyValueSpecification","valueRequired":true,"valueName":"search_term_string"}}],"inLanguage":"es"},{"@type":"Person","@id":"https:\/\/www.noticiasradioreflejos.com.ar\/2021\/#\/schema\/person\/ad82545263dcc5ec0996818884fd5fb1","name":"Arnaldo Botto","image":{"@type":"ImageObject","inLanguage":"es","@id":"https:\/\/www.noticiasradioreflejos.com.ar\/2021\/#\/schema\/person\/image\/","url":"https:\/\/secure.gravatar.com\/avatar\/55cb5e37c1efa326397366e6974cb338056df65cb50e7d64d1cf314e87504837?s=96&d=mm&r=g","contentUrl":"https:\/\/secure.gravatar.com\/avatar\/55cb5e37c1efa326397366e6974cb338056df65cb50e7d64d1cf314e87504837?s=96&d=mm&r=g","caption":"Arnaldo Botto"},"url":"https:\/\/www.noticiasradioreflejos.com.ar\/2021\/author\/arnaldo\/"}]}},"_links":{"self":[{"href":"https:\/\/www.noticiasradioreflejos.com.ar\/2021\/wp-json\/wp\/v2\/posts\/102412","targetHints":{"allow":["GET"]}}],"collection":[{"href":"https:\/\/www.noticiasradioreflejos.com.ar\/2021\/wp-json\/wp\/v2\/posts"}],"about":[{"href":"https:\/\/www.noticiasradioreflejos.com.ar\/2021\/wp-json\/wp\/v2\/types\/post"}],"author":[{"embeddable":true,"href":"https:\/\/www.noticiasradioreflejos.com.ar\/2021\/wp-json\/wp\/v2\/users\/3"}],"replies":[{"embeddable":true,"href":"https:\/\/www.noticiasradioreflejos.com.ar\/2021\/wp-json\/wp\/v2\/comments?post=102412"}],"version-history":[{"count":2,"href":"https:\/\/www.noticiasradioreflejos.com.ar\/2021\/wp-json\/wp\/v2\/posts\/102412\/revisions"}],"predecessor-version":[{"id":102415,"href":"https:\/\/www.noticiasradioreflejos.com.ar\/2021\/wp-json\/wp\/v2\/posts\/102412\/revisions\/102415"}],"wp:featuredmedia":[{"embeddable":true,"href":"https:\/\/www.noticiasradioreflejos.com.ar\/2021\/wp-json\/wp\/v2\/media\/102413"}],"wp:attachment":[{"href":"https:\/\/www.noticiasradioreflejos.com.ar\/2021\/wp-json\/wp\/v2\/media?parent=102412"}],"wp:term":[{"taxonomy":"category","embeddable":true,"href":"https:\/\/www.noticiasradioreflejos.com.ar\/2021\/wp-json\/wp\/v2\/categories?post=102412"},{"taxonomy":"post_tag","embeddable":true,"href":"https:\/\/www.noticiasradioreflejos.com.ar\/2021\/wp-json\/wp\/v2\/tags?post=102412"}],"curies":[{"name":"wp","href":"https:\/\/api.w.org\/{rel}","templated":true}]}}