{"id":102264,"date":"2024-05-08T07:19:07","date_gmt":"2024-05-08T10:19:07","guid":{"rendered":"https:\/\/www.noticiasradioreflejos.com.ar\/2021\/?p=102264"},"modified":"2024-05-08T07:19:07","modified_gmt":"2024-05-08T10:19:07","slug":"asuntos-internos-no-encuentra-al-subcomisario-nancucheo","status":"publish","type":"post","link":"https:\/\/www.noticiasradioreflejos.com.ar\/2021\/asuntos-internos-no-encuentra-al-subcomisario-nancucheo\/","title":{"rendered":"Asuntos internos no encuentra al subcomisario \u00d1ancucheo"},"content":{"rendered":"<header id=\"mvp-post-head\" class=\"left relative\">Intentan dar con \u00e9l para retirarle el arma de reglamento y la placa.<\/p>\n<\/header>\n<p><!--more--><\/p>\n<div class=\"mvp-post-main-out left relative\">\n<div class=\"mvp-post-main-in\">\n<div id=\"mvp-post-content\" class=\"left relative\">\n<div id=\"mvp-post-feat-img\" class=\"left relative mvp-post-feat-img-wide2\"><img loading=\"lazy\" decoding=\"async\" class=\"attachment- size- wp-post-image\" src=\"https:\/\/www.labrujula24.com\/wp-content\/uploads\/2021\/09\/patrullero-1.jpg\" sizes=\"auto, (max-width: 1200px) 100vw, 1200px\" srcset=\"https:\/\/www.labrujula24.com\/wp-content\/uploads\/2021\/09\/patrullero-1.jpg 1200w, https:\/\/www.labrujula24.com\/wp-content\/uploads\/2021\/09\/patrullero-1-768x461.jpg 768w, https:\/\/www.labrujula24.com\/wp-content\/uploads\/2021\/09\/patrullero-1-1000x600.jpg 1000w, https:\/\/www.labrujula24.com\/wp-content\/uploads\/2021\/09\/patrullero-1-590x354.jpg 590w, https:\/\/www.labrujula24.com\/wp-content\/uploads\/2021\/09\/patrullero-1-400x240.jpg 400w\" alt=\"\" width=\"1200\" height=\"720\" \/><\/div>\n<div id=\"mvp-content-wrap\" class=\"left relative\">\n<div class=\"mvp-post-soc-out right relative\">\n<div class=\"mvp-post-soc-in\">\n<div id=\"mvp-content-body\" class=\"left relative\">\n<div id=\"mvp-content-body-top\" class=\"left relative\">\n<div id=\"mvp-content-main\" class=\"left relative\">\n<div id=\"textbody\">\n<p>La Divisi\u00f3n de Asuntos internos de la polic\u00eda no ha logrado dar con la ubicaci\u00f3n del\u00a0<a href=\"https:\/\/www.labrujula24.com\/notas\/2024\/05\/07\/robacables-electrocutados-investigan-a-subcomisario-que-integraria-la-banda-n367089\/\" data-type=\"link\" data-id=\"https:\/\/www.labrujula24.com\/notas\/2024\/05\/07\/robacables-electrocutados-investigan-a-subcomisario-que-integraria-la-banda-n367089\/\">subcomisario Mart\u00edn \u00d1ancucheo<\/a>, para notificarle de su desafectaci\u00f3n de la fuerza, por presuntamente integrar la banda de robacables de la que murieron cuatro miembros electrocutados la noche del lunes.<\/p>\n<p>Las autoridades intentan dar con \u00e9l para retirarle el arma de reglamento y la placa, pero desapareci\u00f3 de los lugares que sol\u00eda frecuentar. En paralelo la investigaci\u00f3n para determinar su conexi\u00f3n con los fallecidos sigue su curso.<\/p>\n<p>\u00d1ancucheo intent\u00f3 anoche \u201crecuperar\u201d un handy policial que utilizaban los delincuentes de la camioneta que dej\u00f3 abandonada \u00c1ngel Gallardo frente al Hospital Municipal con los cuerpos calcinados de cuatro personas.<\/p>\n<p>Gallardo fue detenido horas despu\u00e9s y uno de los integrantes de la banda sobrevivi\u00f3 y se encuentra recuper\u00e1ndose en el centro m\u00e9dico local.<\/p>\n<p>Los handies que usa actualmente la polic\u00eda est\u00e1n encriptados y su asignaci\u00f3n es personalizada, de los esfuerzos de \u00d1ancucheo de recobrar el suyo en medio de la confusi\u00f3n y el movimiento que se gener\u00f3 la noche con la camioneta abandonada en el Municipal. Adem\u00e1s, nunca lo denunci\u00f3 como robado.<\/p>\n<\/div>\n<\/div>\n<\/div>\n<\/div>\n<\/div>\n<\/div>\n<\/div>\n<\/div>\n<\/div>\n<\/div>\n<p>&nbsp;<\/p>\n<p><strong>Fuente La Br\u00fajula 24<\/strong><\/p>\n","protected":false},"excerpt":{"rendered":"<p>Intentan dar con \u00e9l para retirarle el arma de reglamento y la placa.<\/p>\n","protected":false},"author":3,"featured_media":102265,"comment_status":"closed","ping_status":"closed","sticky":false,"template":"","format":"standard","meta":{"footnotes":""},"categories":[29],"tags":[],"class_list":["post-102264","post","type-post","status-publish","format-standard","has-post-thumbnail","hentry","category-policiales"],"yoast_head":"<!-- This site is optimized with the Yoast SEO plugin v25.9 - https:\/\/yoast.com\/wordpress\/plugins\/seo\/ -->\n<title>Asuntos internos no encuentra al subcomisario \u00d1ancucheo - Noticias Radio Reflejos<\/title>\n<meta name=\"robots\" content=\"index, follow, max-snippet:-1, max-image-preview:large, max-video-preview:-1\" \/>\n<link rel=\"canonical\" href=\"https:\/\/www.noticiasradioreflejos.com.ar\/2021\/asuntos-internos-no-encuentra-al-subcomisario-nancucheo\/\" \/>\n<meta property=\"og:locale\" content=\"es_ES\" \/>\n<meta property=\"og:type\" content=\"article\" \/>\n<meta property=\"og:title\" content=\"Asuntos internos no encuentra al subcomisario \u00d1ancucheo - Noticias Radio Reflejos\" \/>\n<meta property=\"og:description\" content=\"Intentan dar con \u00e9l para retirarle el arma de reglamento y la placa.\" \/>\n<meta property=\"og:url\" content=\"https:\/\/www.noticiasradioreflejos.com.ar\/2021\/asuntos-internos-no-encuentra-al-subcomisario-nancucheo\/\" \/>\n<meta property=\"og:site_name\" content=\"Noticias Radio Reflejos\" \/>\n<meta property=\"article:published_time\" content=\"2024-05-08T10:19:07+00:00\" \/>\n<meta property=\"og:image\" content=\"https:\/\/www.noticiasradioreflejos.com.ar\/2021\/wp-content\/uploads\/2024\/05\/Policia-Robo-de-cables.jpg\" \/>\n\t<meta property=\"og:image:width\" content=\"1000\" \/>\n\t<meta property=\"og:image:height\" content=\"600\" \/>\n\t<meta property=\"og:image:type\" content=\"image\/jpeg\" \/>\n<meta name=\"author\" content=\"Arnaldo Botto\" \/>\n<meta name=\"twitter:card\" content=\"summary_large_image\" \/>\n<script type=\"application\/ld+json\" class=\"yoast-schema-graph\">{\"@context\":\"https:\/\/schema.org\",\"@graph\":[{\"@type\":\"WebPage\",\"@id\":\"https:\/\/www.noticiasradioreflejos.com.ar\/2021\/asuntos-internos-no-encuentra-al-subcomisario-nancucheo\/\",\"url\":\"https:\/\/www.noticiasradioreflejos.com.ar\/2021\/asuntos-internos-no-encuentra-al-subcomisario-nancucheo\/\",\"name\":\"Asuntos internos no encuentra al subcomisario \u00d1ancucheo - Noticias Radio Reflejos\",\"isPartOf\":{\"@id\":\"https:\/\/www.noticiasradioreflejos.com.ar\/2021\/#website\"},\"primaryImageOfPage\":{\"@id\":\"https:\/\/www.noticiasradioreflejos.com.ar\/2021\/asuntos-internos-no-encuentra-al-subcomisario-nancucheo\/#primaryimage\"},\"image\":{\"@id\":\"https:\/\/www.noticiasradioreflejos.com.ar\/2021\/asuntos-internos-no-encuentra-al-subcomisario-nancucheo\/#primaryimage\"},\"thumbnailUrl\":\"https:\/\/www.noticiasradioreflejos.com.ar\/2021\/wp-content\/uploads\/2024\/05\/Policia-Robo-de-cables.jpg\",\"datePublished\":\"2024-05-08T10:19:07+00:00\",\"author\":{\"@id\":\"https:\/\/www.noticiasradioreflejos.com.ar\/2021\/#\/schema\/person\/ad82545263dcc5ec0996818884fd5fb1\"},\"breadcrumb\":{\"@id\":\"https:\/\/www.noticiasradioreflejos.com.ar\/2021\/asuntos-internos-no-encuentra-al-subcomisario-nancucheo\/#breadcrumb\"},\"inLanguage\":\"es\",\"potentialAction\":[{\"@type\":\"ReadAction\",\"target\":[\"https:\/\/www.noticiasradioreflejos.com.ar\/2021\/asuntos-internos-no-encuentra-al-subcomisario-nancucheo\/\"]}]},{\"@type\":\"ImageObject\",\"inLanguage\":\"es\",\"@id\":\"https:\/\/www.noticiasradioreflejos.com.ar\/2021\/asuntos-internos-no-encuentra-al-subcomisario-nancucheo\/#primaryimage\",\"url\":\"https:\/\/www.noticiasradioreflejos.com.ar\/2021\/wp-content\/uploads\/2024\/05\/Policia-Robo-de-cables.jpg\",\"contentUrl\":\"https:\/\/www.noticiasradioreflejos.com.ar\/2021\/wp-content\/uploads\/2024\/05\/Policia-Robo-de-cables.jpg\",\"width\":1000,\"height\":600},{\"@type\":\"BreadcrumbList\",\"@id\":\"https:\/\/www.noticiasradioreflejos.com.ar\/2021\/asuntos-internos-no-encuentra-al-subcomisario-nancucheo\/#breadcrumb\",\"itemListElement\":[{\"@type\":\"ListItem\",\"position\":1,\"name\":\"Portada\",\"item\":\"https:\/\/www.noticiasradioreflejos.com.ar\/2021\/\"},{\"@type\":\"ListItem\",\"position\":2,\"name\":\"Asuntos internos no encuentra al subcomisario \u00d1ancucheo\"}]},{\"@type\":\"WebSite\",\"@id\":\"https:\/\/www.noticiasradioreflejos.com.ar\/2021\/#website\",\"url\":\"https:\/\/www.noticiasradioreflejos.com.ar\/2021\/\",\"name\":\"Noticias Radio Reflejos\",\"description\":\"Las noticias de mi comarca\",\"potentialAction\":[{\"@type\":\"SearchAction\",\"target\":{\"@type\":\"EntryPoint\",\"urlTemplate\":\"https:\/\/www.noticiasradioreflejos.com.ar\/2021\/?s={search_term_string}\"},\"query-input\":{\"@type\":\"PropertyValueSpecification\",\"valueRequired\":true,\"valueName\":\"search_term_string\"}}],\"inLanguage\":\"es\"},{\"@type\":\"Person\",\"@id\":\"https:\/\/www.noticiasradioreflejos.com.ar\/2021\/#\/schema\/person\/ad82545263dcc5ec0996818884fd5fb1\",\"name\":\"Arnaldo Botto\",\"image\":{\"@type\":\"ImageObject\",\"inLanguage\":\"es\",\"@id\":\"https:\/\/www.noticiasradioreflejos.com.ar\/2021\/#\/schema\/person\/image\/\",\"url\":\"https:\/\/secure.gravatar.com\/avatar\/55cb5e37c1efa326397366e6974cb338056df65cb50e7d64d1cf314e87504837?s=96&d=mm&r=g\",\"contentUrl\":\"https:\/\/secure.gravatar.com\/avatar\/55cb5e37c1efa326397366e6974cb338056df65cb50e7d64d1cf314e87504837?s=96&d=mm&r=g\",\"caption\":\"Arnaldo Botto\"},\"url\":\"https:\/\/www.noticiasradioreflejos.com.ar\/2021\/author\/arnaldo\/\"}]}<\/script>\n<!-- \/ Yoast SEO plugin. -->","yoast_head_json":{"title":"Asuntos internos no encuentra al subcomisario \u00d1ancucheo - Noticias Radio Reflejos","robots":{"index":"index","follow":"follow","max-snippet":"max-snippet:-1","max-image-preview":"max-image-preview:large","max-video-preview":"max-video-preview:-1"},"canonical":"https:\/\/www.noticiasradioreflejos.com.ar\/2021\/asuntos-internos-no-encuentra-al-subcomisario-nancucheo\/","og_locale":"es_ES","og_type":"article","og_title":"Asuntos internos no encuentra al subcomisario \u00d1ancucheo - Noticias Radio Reflejos","og_description":"Intentan dar con \u00e9l para retirarle el arma de reglamento y la placa.","og_url":"https:\/\/www.noticiasradioreflejos.com.ar\/2021\/asuntos-internos-no-encuentra-al-subcomisario-nancucheo\/","og_site_name":"Noticias Radio Reflejos","article_published_time":"2024-05-08T10:19:07+00:00","og_image":[{"width":1000,"height":600,"url":"https:\/\/www.noticiasradioreflejos.com.ar\/2021\/wp-content\/uploads\/2024\/05\/Policia-Robo-de-cables.jpg","type":"image\/jpeg"}],"author":"Arnaldo Botto","twitter_card":"summary_large_image","schema":{"@context":"https:\/\/schema.org","@graph":[{"@type":"WebPage","@id":"https:\/\/www.noticiasradioreflejos.com.ar\/2021\/asuntos-internos-no-encuentra-al-subcomisario-nancucheo\/","url":"https:\/\/www.noticiasradioreflejos.com.ar\/2021\/asuntos-internos-no-encuentra-al-subcomisario-nancucheo\/","name":"Asuntos internos no encuentra al subcomisario \u00d1ancucheo - Noticias Radio Reflejos","isPartOf":{"@id":"https:\/\/www.noticiasradioreflejos.com.ar\/2021\/#website"},"primaryImageOfPage":{"@id":"https:\/\/www.noticiasradioreflejos.com.ar\/2021\/asuntos-internos-no-encuentra-al-subcomisario-nancucheo\/#primaryimage"},"image":{"@id":"https:\/\/www.noticiasradioreflejos.com.ar\/2021\/asuntos-internos-no-encuentra-al-subcomisario-nancucheo\/#primaryimage"},"thumbnailUrl":"https:\/\/www.noticiasradioreflejos.com.ar\/2021\/wp-content\/uploads\/2024\/05\/Policia-Robo-de-cables.jpg","datePublished":"2024-05-08T10:19:07+00:00","author":{"@id":"https:\/\/www.noticiasradioreflejos.com.ar\/2021\/#\/schema\/person\/ad82545263dcc5ec0996818884fd5fb1"},"breadcrumb":{"@id":"https:\/\/www.noticiasradioreflejos.com.ar\/2021\/asuntos-internos-no-encuentra-al-subcomisario-nancucheo\/#breadcrumb"},"inLanguage":"es","potentialAction":[{"@type":"ReadAction","target":["https:\/\/www.noticiasradioreflejos.com.ar\/2021\/asuntos-internos-no-encuentra-al-subcomisario-nancucheo\/"]}]},{"@type":"ImageObject","inLanguage":"es","@id":"https:\/\/www.noticiasradioreflejos.com.ar\/2021\/asuntos-internos-no-encuentra-al-subcomisario-nancucheo\/#primaryimage","url":"https:\/\/www.noticiasradioreflejos.com.ar\/2021\/wp-content\/uploads\/2024\/05\/Policia-Robo-de-cables.jpg","contentUrl":"https:\/\/www.noticiasradioreflejos.com.ar\/2021\/wp-content\/uploads\/2024\/05\/Policia-Robo-de-cables.jpg","width":1000,"height":600},{"@type":"BreadcrumbList","@id":"https:\/\/www.noticiasradioreflejos.com.ar\/2021\/asuntos-internos-no-encuentra-al-subcomisario-nancucheo\/#breadcrumb","itemListElement":[{"@type":"ListItem","position":1,"name":"Portada","item":"https:\/\/www.noticiasradioreflejos.com.ar\/2021\/"},{"@type":"ListItem","position":2,"name":"Asuntos internos no encuentra al subcomisario \u00d1ancucheo"}]},{"@type":"WebSite","@id":"https:\/\/www.noticiasradioreflejos.com.ar\/2021\/#website","url":"https:\/\/www.noticiasradioreflejos.com.ar\/2021\/","name":"Noticias Radio Reflejos","description":"Las noticias de mi comarca","potentialAction":[{"@type":"SearchAction","target":{"@type":"EntryPoint","urlTemplate":"https:\/\/www.noticiasradioreflejos.com.ar\/2021\/?s={search_term_string}"},"query-input":{"@type":"PropertyValueSpecification","valueRequired":true,"valueName":"search_term_string"}}],"inLanguage":"es"},{"@type":"Person","@id":"https:\/\/www.noticiasradioreflejos.com.ar\/2021\/#\/schema\/person\/ad82545263dcc5ec0996818884fd5fb1","name":"Arnaldo Botto","image":{"@type":"ImageObject","inLanguage":"es","@id":"https:\/\/www.noticiasradioreflejos.com.ar\/2021\/#\/schema\/person\/image\/","url":"https:\/\/secure.gravatar.com\/avatar\/55cb5e37c1efa326397366e6974cb338056df65cb50e7d64d1cf314e87504837?s=96&d=mm&r=g","contentUrl":"https:\/\/secure.gravatar.com\/avatar\/55cb5e37c1efa326397366e6974cb338056df65cb50e7d64d1cf314e87504837?s=96&d=mm&r=g","caption":"Arnaldo Botto"},"url":"https:\/\/www.noticiasradioreflejos.com.ar\/2021\/author\/arnaldo\/"}]}},"_links":{"self":[{"href":"https:\/\/www.noticiasradioreflejos.com.ar\/2021\/wp-json\/wp\/v2\/posts\/102264","targetHints":{"allow":["GET"]}}],"collection":[{"href":"https:\/\/www.noticiasradioreflejos.com.ar\/2021\/wp-json\/wp\/v2\/posts"}],"about":[{"href":"https:\/\/www.noticiasradioreflejos.com.ar\/2021\/wp-json\/wp\/v2\/types\/post"}],"author":[{"embeddable":true,"href":"https:\/\/www.noticiasradioreflejos.com.ar\/2021\/wp-json\/wp\/v2\/users\/3"}],"replies":[{"embeddable":true,"href":"https:\/\/www.noticiasradioreflejos.com.ar\/2021\/wp-json\/wp\/v2\/comments?post=102264"}],"version-history":[{"count":1,"href":"https:\/\/www.noticiasradioreflejos.com.ar\/2021\/wp-json\/wp\/v2\/posts\/102264\/revisions"}],"predecessor-version":[{"id":102266,"href":"https:\/\/www.noticiasradioreflejos.com.ar\/2021\/wp-json\/wp\/v2\/posts\/102264\/revisions\/102266"}],"wp:featuredmedia":[{"embeddable":true,"href":"https:\/\/www.noticiasradioreflejos.com.ar\/2021\/wp-json\/wp\/v2\/media\/102265"}],"wp:attachment":[{"href":"https:\/\/www.noticiasradioreflejos.com.ar\/2021\/wp-json\/wp\/v2\/media?parent=102264"}],"wp:term":[{"taxonomy":"category","embeddable":true,"href":"https:\/\/www.noticiasradioreflejos.com.ar\/2021\/wp-json\/wp\/v2\/categories?post=102264"},{"taxonomy":"post_tag","embeddable":true,"href":"https:\/\/www.noticiasradioreflejos.com.ar\/2021\/wp-json\/wp\/v2\/tags?post=102264"}],"curies":[{"name":"wp","href":"https:\/\/api.w.org\/{rel}","templated":true}]}}