{"id":102209,"date":"2024-05-06T16:59:59","date_gmt":"2024-05-06T19:59:59","guid":{"rendered":"https:\/\/www.noticiasradioreflejos.com.ar\/2021\/?p=102209"},"modified":"2024-05-06T16:59:59","modified_gmt":"2024-05-06T19:59:59","slug":"las-jubilaciones-y-pensiones-tendran-en-mayo-un-nuevo-aumento-del-11","status":"publish","type":"post","link":"https:\/\/www.noticiasradioreflejos.com.ar\/2021\/las-jubilaciones-y-pensiones-tendran-en-mayo-un-nuevo-aumento-del-11\/","title":{"rendered":"Las jubilaciones y pensiones tendr\u00e1n en mayo un nuevo aumento del 11 %"},"content":{"rendered":"<p>ANSES informa que las jubilaciones y pensiones recibir\u00e1n un nuevo incremento en mayo del 11,01 por ciento, en concepto de adelanto de la nueva f\u00f3rmula de movilidad de junio, que se calcula tomando como referencia el \u00cdndice de Precios al Consumidor (IPC) de marzo, publicado por el Instituto Nacional de Estad\u00edstica y Censos (INDEC).<!--more--><\/p>\n<p>Adem\u00e1s, los titulares de jubilaciones y pensiones m\u00ednimas cobrar\u00e1n un bono de 70 mil pesos, por lo que ning\u00fan jubilado o pensionado recibir\u00e1 menos de 260.141,60 pesos (190.141,60 pesos de haber con aumento + 70 mil pesos de bono, con el calendario de pagos habitual). En tanto, quienes tengan haberes inferiores a esa cifra tendr\u00e1n un bono proporcional hasta alcanzarla.<\/p>\n<p>Asimismo, la Pensi\u00f3n Universal para el Adulto Mayor (PUAM) ascender\u00e1 a 222.113,28 pesos (152.113,28 pesos m\u00e1s el bono de 70 mil pesos), y las Pensiones No Contributivas por Invalidez y Vejez ser\u00e1n de 203.099,12 pesos (133.099,12 pesos m\u00e1s el bono de 70 mil pesos).<\/p>\n<p>Se recuerda que el Gobierno nacional dispuso, a trav\u00e9s del Decreto 274\/2024, la nueva f\u00f3rmula de movilidad para las jubilaciones y pensiones, por la que, desde julio, se actualizar\u00e1n mensualmente de acuerdo con las variaciones del IPC de dos meses atr\u00e1s. Es decir, en julio los haberes tomar\u00e1n como base el \u00edndice de mayo; en agosto, el de junio; y as\u00ed sucesivamente.<\/p>\n<p>En ning\u00fan caso su aplicaci\u00f3n podr\u00e1 disminuir el haber que perciben los jubilados y pensionados: si en junio el aumento otorgado por la Ley de Movilidad anterior (Ley 27.609) fuera superior a lo acumulado desde abril por aplicaci\u00f3n de la nueva f\u00f3rmula de movilidad, ANSES abonar\u00e1 la diferencia correspondiente.<\/p>\n","protected":false},"excerpt":{"rendered":"<p>ANSES informa que las jubilaciones y pensiones recibir\u00e1n un nuevo incremento en mayo del 11,01 por ciento, en concepto de adelanto de la nueva f\u00f3rmula de movilidad de junio, que se calcula tomando como referencia el \u00cdndice de Precios al Consumidor (IPC) de marzo, publicado por el Instituto Nacional de Estad\u00edstica y Censos (INDEC).<\/p>\n","protected":false},"author":3,"featured_media":75229,"comment_status":"closed","ping_status":"closed","sticky":false,"template":"","format":"standard","meta":{"footnotes":""},"categories":[36],"tags":[],"class_list":["post-102209","post","type-post","status-publish","format-standard","has-post-thumbnail","hentry","category-economia"],"yoast_head":"<!-- This site is optimized with the Yoast SEO plugin v25.9 - https:\/\/yoast.com\/wordpress\/plugins\/seo\/ -->\n<title>Las jubilaciones y pensiones tendr\u00e1n en mayo un nuevo aumento del 11 % - Noticias Radio Reflejos<\/title>\n<meta name=\"robots\" content=\"index, follow, max-snippet:-1, max-image-preview:large, max-video-preview:-1\" \/>\n<link rel=\"canonical\" href=\"https:\/\/www.noticiasradioreflejos.com.ar\/2021\/las-jubilaciones-y-pensiones-tendran-en-mayo-un-nuevo-aumento-del-11\/\" \/>\n<meta property=\"og:locale\" content=\"es_ES\" \/>\n<meta property=\"og:type\" content=\"article\" \/>\n<meta property=\"og:title\" content=\"Las jubilaciones y pensiones tendr\u00e1n en mayo un nuevo aumento del 11 % - Noticias Radio Reflejos\" \/>\n<meta property=\"og:description\" content=\"ANSES informa que las jubilaciones y pensiones recibir\u00e1n un nuevo incremento en mayo del 11,01 por ciento, en concepto de adelanto de la nueva f\u00f3rmula de movilidad de junio, que se calcula tomando como referencia el \u00cdndice de Precios al Consumidor (IPC) de marzo, publicado por el Instituto Nacional de Estad\u00edstica y Censos (INDEC).\" \/>\n<meta property=\"og:url\" content=\"https:\/\/www.noticiasradioreflejos.com.ar\/2021\/las-jubilaciones-y-pensiones-tendran-en-mayo-un-nuevo-aumento-del-11\/\" \/>\n<meta property=\"og:site_name\" content=\"Noticias Radio Reflejos\" \/>\n<meta property=\"article:published_time\" content=\"2024-05-06T19:59:59+00:00\" \/>\n<meta property=\"og:image\" content=\"https:\/\/www.noticiasradioreflejos.com.ar\/2021\/wp-content\/uploads\/2022\/07\/Logo-ANSES.jpg\" \/>\n\t<meta property=\"og:image:width\" content=\"1000\" \/>\n\t<meta property=\"og:image:height\" content=\"562\" \/>\n\t<meta property=\"og:image:type\" content=\"image\/jpeg\" \/>\n<meta name=\"author\" content=\"Arnaldo Botto\" \/>\n<meta name=\"twitter:card\" content=\"summary_large_image\" \/>\n<script type=\"application\/ld+json\" class=\"yoast-schema-graph\">{\"@context\":\"https:\/\/schema.org\",\"@graph\":[{\"@type\":\"WebPage\",\"@id\":\"https:\/\/www.noticiasradioreflejos.com.ar\/2021\/las-jubilaciones-y-pensiones-tendran-en-mayo-un-nuevo-aumento-del-11\/\",\"url\":\"https:\/\/www.noticiasradioreflejos.com.ar\/2021\/las-jubilaciones-y-pensiones-tendran-en-mayo-un-nuevo-aumento-del-11\/\",\"name\":\"Las jubilaciones y pensiones tendr\u00e1n en mayo un nuevo aumento del 11 % - Noticias Radio Reflejos\",\"isPartOf\":{\"@id\":\"https:\/\/www.noticiasradioreflejos.com.ar\/2021\/#website\"},\"primaryImageOfPage\":{\"@id\":\"https:\/\/www.noticiasradioreflejos.com.ar\/2021\/las-jubilaciones-y-pensiones-tendran-en-mayo-un-nuevo-aumento-del-11\/#primaryimage\"},\"image\":{\"@id\":\"https:\/\/www.noticiasradioreflejos.com.ar\/2021\/las-jubilaciones-y-pensiones-tendran-en-mayo-un-nuevo-aumento-del-11\/#primaryimage\"},\"thumbnailUrl\":\"https:\/\/www.noticiasradioreflejos.com.ar\/2021\/wp-content\/uploads\/2022\/07\/Logo-ANSES.jpg\",\"datePublished\":\"2024-05-06T19:59:59+00:00\",\"author\":{\"@id\":\"https:\/\/www.noticiasradioreflejos.com.ar\/2021\/#\/schema\/person\/ad82545263dcc5ec0996818884fd5fb1\"},\"breadcrumb\":{\"@id\":\"https:\/\/www.noticiasradioreflejos.com.ar\/2021\/las-jubilaciones-y-pensiones-tendran-en-mayo-un-nuevo-aumento-del-11\/#breadcrumb\"},\"inLanguage\":\"es\",\"potentialAction\":[{\"@type\":\"ReadAction\",\"target\":[\"https:\/\/www.noticiasradioreflejos.com.ar\/2021\/las-jubilaciones-y-pensiones-tendran-en-mayo-un-nuevo-aumento-del-11\/\"]}]},{\"@type\":\"ImageObject\",\"inLanguage\":\"es\",\"@id\":\"https:\/\/www.noticiasradioreflejos.com.ar\/2021\/las-jubilaciones-y-pensiones-tendran-en-mayo-un-nuevo-aumento-del-11\/#primaryimage\",\"url\":\"https:\/\/www.noticiasradioreflejos.com.ar\/2021\/wp-content\/uploads\/2022\/07\/Logo-ANSES.jpg\",\"contentUrl\":\"https:\/\/www.noticiasradioreflejos.com.ar\/2021\/wp-content\/uploads\/2022\/07\/Logo-ANSES.jpg\",\"width\":1000,\"height\":562},{\"@type\":\"BreadcrumbList\",\"@id\":\"https:\/\/www.noticiasradioreflejos.com.ar\/2021\/las-jubilaciones-y-pensiones-tendran-en-mayo-un-nuevo-aumento-del-11\/#breadcrumb\",\"itemListElement\":[{\"@type\":\"ListItem\",\"position\":1,\"name\":\"Portada\",\"item\":\"https:\/\/www.noticiasradioreflejos.com.ar\/2021\/\"},{\"@type\":\"ListItem\",\"position\":2,\"name\":\"Las jubilaciones y pensiones tendr\u00e1n en mayo un nuevo aumento del 11 %\"}]},{\"@type\":\"WebSite\",\"@id\":\"https:\/\/www.noticiasradioreflejos.com.ar\/2021\/#website\",\"url\":\"https:\/\/www.noticiasradioreflejos.com.ar\/2021\/\",\"name\":\"Noticias Radio Reflejos\",\"description\":\"Las noticias de mi comarca\",\"potentialAction\":[{\"@type\":\"SearchAction\",\"target\":{\"@type\":\"EntryPoint\",\"urlTemplate\":\"https:\/\/www.noticiasradioreflejos.com.ar\/2021\/?s={search_term_string}\"},\"query-input\":{\"@type\":\"PropertyValueSpecification\",\"valueRequired\":true,\"valueName\":\"search_term_string\"}}],\"inLanguage\":\"es\"},{\"@type\":\"Person\",\"@id\":\"https:\/\/www.noticiasradioreflejos.com.ar\/2021\/#\/schema\/person\/ad82545263dcc5ec0996818884fd5fb1\",\"name\":\"Arnaldo Botto\",\"image\":{\"@type\":\"ImageObject\",\"inLanguage\":\"es\",\"@id\":\"https:\/\/www.noticiasradioreflejos.com.ar\/2021\/#\/schema\/person\/image\/\",\"url\":\"https:\/\/secure.gravatar.com\/avatar\/55cb5e37c1efa326397366e6974cb338056df65cb50e7d64d1cf314e87504837?s=96&d=mm&r=g\",\"contentUrl\":\"https:\/\/secure.gravatar.com\/avatar\/55cb5e37c1efa326397366e6974cb338056df65cb50e7d64d1cf314e87504837?s=96&d=mm&r=g\",\"caption\":\"Arnaldo Botto\"},\"url\":\"https:\/\/www.noticiasradioreflejos.com.ar\/2021\/author\/arnaldo\/\"}]}<\/script>\n<!-- \/ Yoast SEO plugin. -->","yoast_head_json":{"title":"Las jubilaciones y pensiones tendr\u00e1n en mayo un nuevo aumento del 11 % - Noticias Radio Reflejos","robots":{"index":"index","follow":"follow","max-snippet":"max-snippet:-1","max-image-preview":"max-image-preview:large","max-video-preview":"max-video-preview:-1"},"canonical":"https:\/\/www.noticiasradioreflejos.com.ar\/2021\/las-jubilaciones-y-pensiones-tendran-en-mayo-un-nuevo-aumento-del-11\/","og_locale":"es_ES","og_type":"article","og_title":"Las jubilaciones y pensiones tendr\u00e1n en mayo un nuevo aumento del 11 % - Noticias Radio Reflejos","og_description":"ANSES informa que las jubilaciones y pensiones recibir\u00e1n un nuevo incremento en mayo del 11,01 por ciento, en concepto de adelanto de la nueva f\u00f3rmula de movilidad de junio, que se calcula tomando como referencia el \u00cdndice de Precios al Consumidor (IPC) de marzo, publicado por el Instituto Nacional de Estad\u00edstica y Censos (INDEC).","og_url":"https:\/\/www.noticiasradioreflejos.com.ar\/2021\/las-jubilaciones-y-pensiones-tendran-en-mayo-un-nuevo-aumento-del-11\/","og_site_name":"Noticias Radio Reflejos","article_published_time":"2024-05-06T19:59:59+00:00","og_image":[{"width":1000,"height":562,"url":"https:\/\/www.noticiasradioreflejos.com.ar\/2021\/wp-content\/uploads\/2022\/07\/Logo-ANSES.jpg","type":"image\/jpeg"}],"author":"Arnaldo Botto","twitter_card":"summary_large_image","schema":{"@context":"https:\/\/schema.org","@graph":[{"@type":"WebPage","@id":"https:\/\/www.noticiasradioreflejos.com.ar\/2021\/las-jubilaciones-y-pensiones-tendran-en-mayo-un-nuevo-aumento-del-11\/","url":"https:\/\/www.noticiasradioreflejos.com.ar\/2021\/las-jubilaciones-y-pensiones-tendran-en-mayo-un-nuevo-aumento-del-11\/","name":"Las jubilaciones y pensiones tendr\u00e1n en mayo un nuevo aumento del 11 % - Noticias Radio Reflejos","isPartOf":{"@id":"https:\/\/www.noticiasradioreflejos.com.ar\/2021\/#website"},"primaryImageOfPage":{"@id":"https:\/\/www.noticiasradioreflejos.com.ar\/2021\/las-jubilaciones-y-pensiones-tendran-en-mayo-un-nuevo-aumento-del-11\/#primaryimage"},"image":{"@id":"https:\/\/www.noticiasradioreflejos.com.ar\/2021\/las-jubilaciones-y-pensiones-tendran-en-mayo-un-nuevo-aumento-del-11\/#primaryimage"},"thumbnailUrl":"https:\/\/www.noticiasradioreflejos.com.ar\/2021\/wp-content\/uploads\/2022\/07\/Logo-ANSES.jpg","datePublished":"2024-05-06T19:59:59+00:00","author":{"@id":"https:\/\/www.noticiasradioreflejos.com.ar\/2021\/#\/schema\/person\/ad82545263dcc5ec0996818884fd5fb1"},"breadcrumb":{"@id":"https:\/\/www.noticiasradioreflejos.com.ar\/2021\/las-jubilaciones-y-pensiones-tendran-en-mayo-un-nuevo-aumento-del-11\/#breadcrumb"},"inLanguage":"es","potentialAction":[{"@type":"ReadAction","target":["https:\/\/www.noticiasradioreflejos.com.ar\/2021\/las-jubilaciones-y-pensiones-tendran-en-mayo-un-nuevo-aumento-del-11\/"]}]},{"@type":"ImageObject","inLanguage":"es","@id":"https:\/\/www.noticiasradioreflejos.com.ar\/2021\/las-jubilaciones-y-pensiones-tendran-en-mayo-un-nuevo-aumento-del-11\/#primaryimage","url":"https:\/\/www.noticiasradioreflejos.com.ar\/2021\/wp-content\/uploads\/2022\/07\/Logo-ANSES.jpg","contentUrl":"https:\/\/www.noticiasradioreflejos.com.ar\/2021\/wp-content\/uploads\/2022\/07\/Logo-ANSES.jpg","width":1000,"height":562},{"@type":"BreadcrumbList","@id":"https:\/\/www.noticiasradioreflejos.com.ar\/2021\/las-jubilaciones-y-pensiones-tendran-en-mayo-un-nuevo-aumento-del-11\/#breadcrumb","itemListElement":[{"@type":"ListItem","position":1,"name":"Portada","item":"https:\/\/www.noticiasradioreflejos.com.ar\/2021\/"},{"@type":"ListItem","position":2,"name":"Las jubilaciones y pensiones tendr\u00e1n en mayo un nuevo aumento del 11 %"}]},{"@type":"WebSite","@id":"https:\/\/www.noticiasradioreflejos.com.ar\/2021\/#website","url":"https:\/\/www.noticiasradioreflejos.com.ar\/2021\/","name":"Noticias Radio Reflejos","description":"Las noticias de mi comarca","potentialAction":[{"@type":"SearchAction","target":{"@type":"EntryPoint","urlTemplate":"https:\/\/www.noticiasradioreflejos.com.ar\/2021\/?s={search_term_string}"},"query-input":{"@type":"PropertyValueSpecification","valueRequired":true,"valueName":"search_term_string"}}],"inLanguage":"es"},{"@type":"Person","@id":"https:\/\/www.noticiasradioreflejos.com.ar\/2021\/#\/schema\/person\/ad82545263dcc5ec0996818884fd5fb1","name":"Arnaldo Botto","image":{"@type":"ImageObject","inLanguage":"es","@id":"https:\/\/www.noticiasradioreflejos.com.ar\/2021\/#\/schema\/person\/image\/","url":"https:\/\/secure.gravatar.com\/avatar\/55cb5e37c1efa326397366e6974cb338056df65cb50e7d64d1cf314e87504837?s=96&d=mm&r=g","contentUrl":"https:\/\/secure.gravatar.com\/avatar\/55cb5e37c1efa326397366e6974cb338056df65cb50e7d64d1cf314e87504837?s=96&d=mm&r=g","caption":"Arnaldo Botto"},"url":"https:\/\/www.noticiasradioreflejos.com.ar\/2021\/author\/arnaldo\/"}]}},"_links":{"self":[{"href":"https:\/\/www.noticiasradioreflejos.com.ar\/2021\/wp-json\/wp\/v2\/posts\/102209","targetHints":{"allow":["GET"]}}],"collection":[{"href":"https:\/\/www.noticiasradioreflejos.com.ar\/2021\/wp-json\/wp\/v2\/posts"}],"about":[{"href":"https:\/\/www.noticiasradioreflejos.com.ar\/2021\/wp-json\/wp\/v2\/types\/post"}],"author":[{"embeddable":true,"href":"https:\/\/www.noticiasradioreflejos.com.ar\/2021\/wp-json\/wp\/v2\/users\/3"}],"replies":[{"embeddable":true,"href":"https:\/\/www.noticiasradioreflejos.com.ar\/2021\/wp-json\/wp\/v2\/comments?post=102209"}],"version-history":[{"count":1,"href":"https:\/\/www.noticiasradioreflejos.com.ar\/2021\/wp-json\/wp\/v2\/posts\/102209\/revisions"}],"predecessor-version":[{"id":102211,"href":"https:\/\/www.noticiasradioreflejos.com.ar\/2021\/wp-json\/wp\/v2\/posts\/102209\/revisions\/102211"}],"wp:featuredmedia":[{"embeddable":true,"href":"https:\/\/www.noticiasradioreflejos.com.ar\/2021\/wp-json\/wp\/v2\/media\/75229"}],"wp:attachment":[{"href":"https:\/\/www.noticiasradioreflejos.com.ar\/2021\/wp-json\/wp\/v2\/media?parent=102209"}],"wp:term":[{"taxonomy":"category","embeddable":true,"href":"https:\/\/www.noticiasradioreflejos.com.ar\/2021\/wp-json\/wp\/v2\/categories?post=102209"},{"taxonomy":"post_tag","embeddable":true,"href":"https:\/\/www.noticiasradioreflejos.com.ar\/2021\/wp-json\/wp\/v2\/tags?post=102209"}],"curies":[{"name":"wp","href":"https:\/\/api.w.org\/{rel}","templated":true}]}}