{"id":102191,"date":"2024-05-06T16:31:42","date_gmt":"2024-05-06T19:31:42","guid":{"rendered":"https:\/\/www.noticiasradioreflejos.com.ar\/2021\/?p=102191"},"modified":"2024-05-06T16:32:25","modified_gmt":"2024-05-06T19:32:25","slug":"con-la-ley-de-bases-el-sur-de-la-provincia-de-buenos-aires-pierde-la-zona-fria","status":"publish","type":"post","link":"https:\/\/www.noticiasradioreflejos.com.ar\/2021\/con-la-ley-de-bases-el-sur-de-la-provincia-de-buenos-aires-pierde-la-zona-fria\/","title":{"rendered":"\u201cCon la Ley de Bases el sur de la provincia de Buenos Aires pierde la zona fr\u00eda\u201d"},"content":{"rendered":"<p>El Licenciado en Gesti\u00f3n Empresarial,<strong> Gustavo Atencio<\/strong>, brind\u00f3 detalles de la normativa que ya se aprob\u00f3 en diputados. Al mismo tiempo, explic\u00f3 el R\u00e9gimen de Incentivos a las Grandes Inversiones.<!--more--><\/p>\n<p>La votaci\u00f3n de la Ley de Bases sigue dejando mucha tela para cortar. Al respecto, el Licenciado en Gesti\u00f3n Empresarial, Gustavo Atencio, explic\u00f3 uno de los puntos de mayor trascendencia para la comarca, como es el art\u00edculo cinco.<\/p>\n<p>Al respecto afirm\u00f3 que all\u00ed \u201cse destruyen todos los fondos fiduciarios, excepto uno, y es el de r\u00e9gimen de zona fr\u00eda\u201d pero con una enorme salvedad.<\/p>\n<p>\u201cCuando lo ponen, en el art\u00edculo quinto, respetan la ley original de zona fr\u00eda y no se ocupan de agregar la ley que lo ampli\u00f3 en el 2021. Con lo cual, ustedes, compren muchas frazadas, porque el gas va a ser impagable. Compren muchos pul\u00f3veres, mucha camiseta, y bueno, f\u00edjense cu\u00e1ntos \u00e1rboles tienen en su casa, porque van a tener que calentarse, no s\u00e9 c\u00f3mo\u201d.<\/p>\n<p>\u201cComo toman de referencia la ley vieja, cambiaron el mapa bioambiental. Dejaron solamente protecciones a zonas fr\u00edas y cambiaron lo que estaban protegiendo. Toda la provincia de Rio Negro ahora queda afuera. Toda la zona de Pen\u00ednsula Valdez tambi\u00e9n est\u00e1 quedando afuera. Mitad de Neuqu\u00e9n queda afuera. Casi todo Mendoza queda afuera\u201d agreg\u00f3.<\/p>\n<p>En otro pasaje de la charla asegur\u00f3 que \u201cLey de Bases son 200 y pico art\u00edculos; 65 art\u00edculos, m\u00e1s o menos un tercio casi, es este R\u00e9gimen de Incentivos a las Grandes Inversiones, y otro tanto por ah\u00ed es la parte energ\u00e9tica\u201d.<\/p>\n<p>Y volc\u00e1ndose de lleno en este r\u00e9gimen afirm\u00f3 que \u201cel RIGI es un r\u00e9gimen bastante raro, bastante ins\u00f3lito, por la forma que est\u00e1 escrito. No est\u00e1 mal dar incentivos, vos lo haces como pa\u00eds, como provincia, como municipio, pero generalmente cuando das un incentivo, te sent\u00e1s aqu\u00ed, lo vas a incentivar y dec\u00eds, yo te voy a dar esto, esto y esto, y vos me vas a dar a m\u00ed esto, esto y esto\u201d.<\/p>\n<p>Siguiendo con ese hilo mencion\u00f3 que \u201cte pones de acuerdo y salen juntos con un objetivo com\u00fan. Cuando vos lees el RIGI, es una cosa tan abierta y tan rara, que te preguntas, \u00bfQu\u00e9 hay atr\u00e1s de eso? Lo que hay atr\u00e1s de eso es una cosa muy muy desbalanceada, donde el Estado, o lo que sea el pa\u00eds, da, da, da, y recibe muy poco, recibe potencialmente mucho, pero es algo muy vago\u201d.<\/p>\n<p>Sumando que \u201cen la ley se dice, y ellos van a invertir, \u00bfQu\u00e9 es eso?\u00bfEn qu\u00e9 vas a invertir? \u00bfCu\u00e1nto vas a invertir?,\u00bfPero en qu\u00e9?, \u00bfC\u00f3mo?, \u00bfCon qu\u00e9 objetivo?, \u00bfPara qu\u00e9 me sirve que vos inviertas?\u201d.<\/p>\n<p>Por \u00faltimo subray\u00f3 que \u201cun gobierno liberal te\u00f3ricamente vos supon\u00e9s que las leyes van a intentar hacer una libertad del mercado, o libertad del movimiento, y son 65 art\u00edculos donde se llenan de especulaciones, de prohibiciones, de que no se puede lo que s\u00ed se puede. Esto no parece haber salido de una mente liberal, a menos que atr\u00e1s de eso haya una intenci\u00f3n de algo, y s\u00ed, la intenci\u00f3n es ganar mucha plata, pero mucha plata porque los beneficios fiscales son muy grandes, los cambiarios son enormes\u201d.<\/p>\n<p><iframe loading=\"lazy\" src=\"https:\/\/w.soundcloud.com\/player\/?url=https%3A\/\/api.soundcloud.com\/tracks\/1815706092&amp;color=%23ff5500&amp;auto_play=false&amp;hide_related=false&amp;show_comments=true&amp;show_user=true&amp;show_reposts=false&amp;show_teaser=true\" width=\"100%\" height=\"166\" frameborder=\"no\" scrolling=\"no\"><\/iframe><\/p>\n<div style=\"font-size: 10px; color: #cccccc; line-break: anywhere; word-break: normal; overflow: hidden; white-space: nowrap; text-overflow: ellipsis; font-family: Interstate,Lucida Grande,Lucida Sans Unicode,Lucida Sans,Garuda,Verdana,Tahoma,sans-serif; font-weight: 100;\"><a style=\"color: #cccccc; text-decoration: none;\" title=\"fmreflejos 103.7\" href=\"https:\/\/soundcloud.com\/fmreflejos-103-7\" target=\"_blank\" rel=\"noopener\">fmreflejos 103.7<\/a> \u00b7 <a style=\"color: #cccccc; text-decoration: none;\" title=\"Gustavo Atencio 06-05\" href=\"https:\/\/soundcloud.com\/fmreflejos-103-7\/gustavo-atencio-06-05\" target=\"_blank\" rel=\"noopener\">Gustavo Atencio 06-05<\/a><\/div>\n<p>&nbsp;<\/p>\n","protected":false},"excerpt":{"rendered":"<p>El Licenciado en Gesti\u00f3n Empresarial, Gustavo Atencio, brind\u00f3 detalles de la normativa que ya se aprob\u00f3 en diputados. Al mismo tiempo, explic\u00f3 el R\u00e9gimen de Incentivos a las Grandes Inversiones.<\/p>\n","protected":false},"author":3,"featured_media":102198,"comment_status":"closed","ping_status":"closed","sticky":false,"template":"","format":"standard","meta":{"footnotes":""},"categories":[36,24],"tags":[48],"class_list":["post-102191","post","type-post","status-publish","format-standard","has-post-thumbnail","hentry","category-economia","category-politica","tag-destacada"],"yoast_head":"<!-- This site is optimized with the Yoast SEO plugin v25.9 - https:\/\/yoast.com\/wordpress\/plugins\/seo\/ -->\n<title>\u201cCon la Ley de Bases el sur de la provincia de Buenos Aires pierde la zona fr\u00eda\u201d - Noticias Radio Reflejos<\/title>\n<meta name=\"robots\" content=\"index, follow, max-snippet:-1, max-image-preview:large, max-video-preview:-1\" \/>\n<link rel=\"canonical\" href=\"https:\/\/www.noticiasradioreflejos.com.ar\/2021\/con-la-ley-de-bases-el-sur-de-la-provincia-de-buenos-aires-pierde-la-zona-fria\/\" \/>\n<meta property=\"og:locale\" content=\"es_ES\" \/>\n<meta property=\"og:type\" content=\"article\" \/>\n<meta property=\"og:title\" content=\"\u201cCon la Ley de Bases el sur de la provincia de Buenos Aires pierde la zona fr\u00eda\u201d - Noticias Radio Reflejos\" \/>\n<meta property=\"og:description\" content=\"El Licenciado en Gesti\u00f3n Empresarial, Gustavo Atencio, brind\u00f3 detalles de la normativa que ya se aprob\u00f3 en diputados. Al mismo tiempo, explic\u00f3 el R\u00e9gimen de Incentivos a las Grandes Inversiones.\" \/>\n<meta property=\"og:url\" content=\"https:\/\/www.noticiasradioreflejos.com.ar\/2021\/con-la-ley-de-bases-el-sur-de-la-provincia-de-buenos-aires-pierde-la-zona-fria\/\" \/>\n<meta property=\"og:site_name\" content=\"Noticias Radio Reflejos\" \/>\n<meta property=\"article:published_time\" content=\"2024-05-06T19:31:42+00:00\" \/>\n<meta property=\"article:modified_time\" content=\"2024-05-06T19:32:25+00:00\" \/>\n<meta property=\"og:image\" content=\"https:\/\/www.noticiasradioreflejos.com.ar\/2021\/wp-content\/uploads\/2024\/05\/zona-fria-gas.jpg\" \/>\n\t<meta property=\"og:image:width\" content=\"880\" \/>\n\t<meta property=\"og:image:height\" content=\"512\" \/>\n\t<meta property=\"og:image:type\" content=\"image\/jpeg\" \/>\n<meta name=\"author\" content=\"Arnaldo Botto\" \/>\n<meta name=\"twitter:card\" content=\"summary_large_image\" \/>\n<script type=\"application\/ld+json\" class=\"yoast-schema-graph\">{\"@context\":\"https:\/\/schema.org\",\"@graph\":[{\"@type\":\"WebPage\",\"@id\":\"https:\/\/www.noticiasradioreflejos.com.ar\/2021\/con-la-ley-de-bases-el-sur-de-la-provincia-de-buenos-aires-pierde-la-zona-fria\/\",\"url\":\"https:\/\/www.noticiasradioreflejos.com.ar\/2021\/con-la-ley-de-bases-el-sur-de-la-provincia-de-buenos-aires-pierde-la-zona-fria\/\",\"name\":\"\u201cCon la Ley de Bases el sur de la provincia de Buenos Aires pierde la zona fr\u00eda\u201d - Noticias Radio Reflejos\",\"isPartOf\":{\"@id\":\"https:\/\/www.noticiasradioreflejos.com.ar\/2021\/#website\"},\"primaryImageOfPage\":{\"@id\":\"https:\/\/www.noticiasradioreflejos.com.ar\/2021\/con-la-ley-de-bases-el-sur-de-la-provincia-de-buenos-aires-pierde-la-zona-fria\/#primaryimage\"},\"image\":{\"@id\":\"https:\/\/www.noticiasradioreflejos.com.ar\/2021\/con-la-ley-de-bases-el-sur-de-la-provincia-de-buenos-aires-pierde-la-zona-fria\/#primaryimage\"},\"thumbnailUrl\":\"https:\/\/www.noticiasradioreflejos.com.ar\/2021\/wp-content\/uploads\/2024\/05\/zona-fria-gas.jpg\",\"datePublished\":\"2024-05-06T19:31:42+00:00\",\"dateModified\":\"2024-05-06T19:32:25+00:00\",\"author\":{\"@id\":\"https:\/\/www.noticiasradioreflejos.com.ar\/2021\/#\/schema\/person\/ad82545263dcc5ec0996818884fd5fb1\"},\"breadcrumb\":{\"@id\":\"https:\/\/www.noticiasradioreflejos.com.ar\/2021\/con-la-ley-de-bases-el-sur-de-la-provincia-de-buenos-aires-pierde-la-zona-fria\/#breadcrumb\"},\"inLanguage\":\"es\",\"potentialAction\":[{\"@type\":\"ReadAction\",\"target\":[\"https:\/\/www.noticiasradioreflejos.com.ar\/2021\/con-la-ley-de-bases-el-sur-de-la-provincia-de-buenos-aires-pierde-la-zona-fria\/\"]}]},{\"@type\":\"ImageObject\",\"inLanguage\":\"es\",\"@id\":\"https:\/\/www.noticiasradioreflejos.com.ar\/2021\/con-la-ley-de-bases-el-sur-de-la-provincia-de-buenos-aires-pierde-la-zona-fria\/#primaryimage\",\"url\":\"https:\/\/www.noticiasradioreflejos.com.ar\/2021\/wp-content\/uploads\/2024\/05\/zona-fria-gas.jpg\",\"contentUrl\":\"https:\/\/www.noticiasradioreflejos.com.ar\/2021\/wp-content\/uploads\/2024\/05\/zona-fria-gas.jpg\",\"width\":880,\"height\":512},{\"@type\":\"BreadcrumbList\",\"@id\":\"https:\/\/www.noticiasradioreflejos.com.ar\/2021\/con-la-ley-de-bases-el-sur-de-la-provincia-de-buenos-aires-pierde-la-zona-fria\/#breadcrumb\",\"itemListElement\":[{\"@type\":\"ListItem\",\"position\":1,\"name\":\"Portada\",\"item\":\"https:\/\/www.noticiasradioreflejos.com.ar\/2021\/\"},{\"@type\":\"ListItem\",\"position\":2,\"name\":\"\u201cCon la Ley de Bases el sur de la provincia de Buenos Aires pierde la zona fr\u00eda\u201d\"}]},{\"@type\":\"WebSite\",\"@id\":\"https:\/\/www.noticiasradioreflejos.com.ar\/2021\/#website\",\"url\":\"https:\/\/www.noticiasradioreflejos.com.ar\/2021\/\",\"name\":\"Noticias Radio Reflejos\",\"description\":\"Las noticias de mi comarca\",\"potentialAction\":[{\"@type\":\"SearchAction\",\"target\":{\"@type\":\"EntryPoint\",\"urlTemplate\":\"https:\/\/www.noticiasradioreflejos.com.ar\/2021\/?s={search_term_string}\"},\"query-input\":{\"@type\":\"PropertyValueSpecification\",\"valueRequired\":true,\"valueName\":\"search_term_string\"}}],\"inLanguage\":\"es\"},{\"@type\":\"Person\",\"@id\":\"https:\/\/www.noticiasradioreflejos.com.ar\/2021\/#\/schema\/person\/ad82545263dcc5ec0996818884fd5fb1\",\"name\":\"Arnaldo Botto\",\"image\":{\"@type\":\"ImageObject\",\"inLanguage\":\"es\",\"@id\":\"https:\/\/www.noticiasradioreflejos.com.ar\/2021\/#\/schema\/person\/image\/\",\"url\":\"https:\/\/secure.gravatar.com\/avatar\/55cb5e37c1efa326397366e6974cb338056df65cb50e7d64d1cf314e87504837?s=96&d=mm&r=g\",\"contentUrl\":\"https:\/\/secure.gravatar.com\/avatar\/55cb5e37c1efa326397366e6974cb338056df65cb50e7d64d1cf314e87504837?s=96&d=mm&r=g\",\"caption\":\"Arnaldo Botto\"},\"url\":\"https:\/\/www.noticiasradioreflejos.com.ar\/2021\/author\/arnaldo\/\"}]}<\/script>\n<!-- \/ Yoast SEO plugin. -->","yoast_head_json":{"title":"\u201cCon la Ley de Bases el sur de la provincia de Buenos Aires pierde la zona fr\u00eda\u201d - Noticias Radio Reflejos","robots":{"index":"index","follow":"follow","max-snippet":"max-snippet:-1","max-image-preview":"max-image-preview:large","max-video-preview":"max-video-preview:-1"},"canonical":"https:\/\/www.noticiasradioreflejos.com.ar\/2021\/con-la-ley-de-bases-el-sur-de-la-provincia-de-buenos-aires-pierde-la-zona-fria\/","og_locale":"es_ES","og_type":"article","og_title":"\u201cCon la Ley de Bases el sur de la provincia de Buenos Aires pierde la zona fr\u00eda\u201d - Noticias Radio Reflejos","og_description":"El Licenciado en Gesti\u00f3n Empresarial, Gustavo Atencio, brind\u00f3 detalles de la normativa que ya se aprob\u00f3 en diputados. Al mismo tiempo, explic\u00f3 el R\u00e9gimen de Incentivos a las Grandes Inversiones.","og_url":"https:\/\/www.noticiasradioreflejos.com.ar\/2021\/con-la-ley-de-bases-el-sur-de-la-provincia-de-buenos-aires-pierde-la-zona-fria\/","og_site_name":"Noticias Radio Reflejos","article_published_time":"2024-05-06T19:31:42+00:00","article_modified_time":"2024-05-06T19:32:25+00:00","og_image":[{"width":880,"height":512,"url":"https:\/\/www.noticiasradioreflejos.com.ar\/2021\/wp-content\/uploads\/2024\/05\/zona-fria-gas.jpg","type":"image\/jpeg"}],"author":"Arnaldo Botto","twitter_card":"summary_large_image","schema":{"@context":"https:\/\/schema.org","@graph":[{"@type":"WebPage","@id":"https:\/\/www.noticiasradioreflejos.com.ar\/2021\/con-la-ley-de-bases-el-sur-de-la-provincia-de-buenos-aires-pierde-la-zona-fria\/","url":"https:\/\/www.noticiasradioreflejos.com.ar\/2021\/con-la-ley-de-bases-el-sur-de-la-provincia-de-buenos-aires-pierde-la-zona-fria\/","name":"\u201cCon la Ley de Bases el sur de la provincia de Buenos Aires pierde la zona fr\u00eda\u201d - Noticias Radio Reflejos","isPartOf":{"@id":"https:\/\/www.noticiasradioreflejos.com.ar\/2021\/#website"},"primaryImageOfPage":{"@id":"https:\/\/www.noticiasradioreflejos.com.ar\/2021\/con-la-ley-de-bases-el-sur-de-la-provincia-de-buenos-aires-pierde-la-zona-fria\/#primaryimage"},"image":{"@id":"https:\/\/www.noticiasradioreflejos.com.ar\/2021\/con-la-ley-de-bases-el-sur-de-la-provincia-de-buenos-aires-pierde-la-zona-fria\/#primaryimage"},"thumbnailUrl":"https:\/\/www.noticiasradioreflejos.com.ar\/2021\/wp-content\/uploads\/2024\/05\/zona-fria-gas.jpg","datePublished":"2024-05-06T19:31:42+00:00","dateModified":"2024-05-06T19:32:25+00:00","author":{"@id":"https:\/\/www.noticiasradioreflejos.com.ar\/2021\/#\/schema\/person\/ad82545263dcc5ec0996818884fd5fb1"},"breadcrumb":{"@id":"https:\/\/www.noticiasradioreflejos.com.ar\/2021\/con-la-ley-de-bases-el-sur-de-la-provincia-de-buenos-aires-pierde-la-zona-fria\/#breadcrumb"},"inLanguage":"es","potentialAction":[{"@type":"ReadAction","target":["https:\/\/www.noticiasradioreflejos.com.ar\/2021\/con-la-ley-de-bases-el-sur-de-la-provincia-de-buenos-aires-pierde-la-zona-fria\/"]}]},{"@type":"ImageObject","inLanguage":"es","@id":"https:\/\/www.noticiasradioreflejos.com.ar\/2021\/con-la-ley-de-bases-el-sur-de-la-provincia-de-buenos-aires-pierde-la-zona-fria\/#primaryimage","url":"https:\/\/www.noticiasradioreflejos.com.ar\/2021\/wp-content\/uploads\/2024\/05\/zona-fria-gas.jpg","contentUrl":"https:\/\/www.noticiasradioreflejos.com.ar\/2021\/wp-content\/uploads\/2024\/05\/zona-fria-gas.jpg","width":880,"height":512},{"@type":"BreadcrumbList","@id":"https:\/\/www.noticiasradioreflejos.com.ar\/2021\/con-la-ley-de-bases-el-sur-de-la-provincia-de-buenos-aires-pierde-la-zona-fria\/#breadcrumb","itemListElement":[{"@type":"ListItem","position":1,"name":"Portada","item":"https:\/\/www.noticiasradioreflejos.com.ar\/2021\/"},{"@type":"ListItem","position":2,"name":"\u201cCon la Ley de Bases el sur de la provincia de Buenos Aires pierde la zona fr\u00eda\u201d"}]},{"@type":"WebSite","@id":"https:\/\/www.noticiasradioreflejos.com.ar\/2021\/#website","url":"https:\/\/www.noticiasradioreflejos.com.ar\/2021\/","name":"Noticias Radio Reflejos","description":"Las noticias de mi comarca","potentialAction":[{"@type":"SearchAction","target":{"@type":"EntryPoint","urlTemplate":"https:\/\/www.noticiasradioreflejos.com.ar\/2021\/?s={search_term_string}"},"query-input":{"@type":"PropertyValueSpecification","valueRequired":true,"valueName":"search_term_string"}}],"inLanguage":"es"},{"@type":"Person","@id":"https:\/\/www.noticiasradioreflejos.com.ar\/2021\/#\/schema\/person\/ad82545263dcc5ec0996818884fd5fb1","name":"Arnaldo Botto","image":{"@type":"ImageObject","inLanguage":"es","@id":"https:\/\/www.noticiasradioreflejos.com.ar\/2021\/#\/schema\/person\/image\/","url":"https:\/\/secure.gravatar.com\/avatar\/55cb5e37c1efa326397366e6974cb338056df65cb50e7d64d1cf314e87504837?s=96&d=mm&r=g","contentUrl":"https:\/\/secure.gravatar.com\/avatar\/55cb5e37c1efa326397366e6974cb338056df65cb50e7d64d1cf314e87504837?s=96&d=mm&r=g","caption":"Arnaldo Botto"},"url":"https:\/\/www.noticiasradioreflejos.com.ar\/2021\/author\/arnaldo\/"}]}},"_links":{"self":[{"href":"https:\/\/www.noticiasradioreflejos.com.ar\/2021\/wp-json\/wp\/v2\/posts\/102191","targetHints":{"allow":["GET"]}}],"collection":[{"href":"https:\/\/www.noticiasradioreflejos.com.ar\/2021\/wp-json\/wp\/v2\/posts"}],"about":[{"href":"https:\/\/www.noticiasradioreflejos.com.ar\/2021\/wp-json\/wp\/v2\/types\/post"}],"author":[{"embeddable":true,"href":"https:\/\/www.noticiasradioreflejos.com.ar\/2021\/wp-json\/wp\/v2\/users\/3"}],"replies":[{"embeddable":true,"href":"https:\/\/www.noticiasradioreflejos.com.ar\/2021\/wp-json\/wp\/v2\/comments?post=102191"}],"version-history":[{"count":2,"href":"https:\/\/www.noticiasradioreflejos.com.ar\/2021\/wp-json\/wp\/v2\/posts\/102191\/revisions"}],"predecessor-version":[{"id":102199,"href":"https:\/\/www.noticiasradioreflejos.com.ar\/2021\/wp-json\/wp\/v2\/posts\/102191\/revisions\/102199"}],"wp:featuredmedia":[{"embeddable":true,"href":"https:\/\/www.noticiasradioreflejos.com.ar\/2021\/wp-json\/wp\/v2\/media\/102198"}],"wp:attachment":[{"href":"https:\/\/www.noticiasradioreflejos.com.ar\/2021\/wp-json\/wp\/v2\/media?parent=102191"}],"wp:term":[{"taxonomy":"category","embeddable":true,"href":"https:\/\/www.noticiasradioreflejos.com.ar\/2021\/wp-json\/wp\/v2\/categories?post=102191"},{"taxonomy":"post_tag","embeddable":true,"href":"https:\/\/www.noticiasradioreflejos.com.ar\/2021\/wp-json\/wp\/v2\/tags?post=102191"}],"curies":[{"name":"wp","href":"https:\/\/api.w.org\/{rel}","templated":true}]}}