{"id":102049,"date":"2024-05-02T14:28:08","date_gmt":"2024-05-02T17:28:08","guid":{"rendered":"https:\/\/www.noticiasradioreflejos.com.ar\/2021\/?p=102049"},"modified":"2024-05-02T14:28:08","modified_gmt":"2024-05-02T17:28:08","slug":"tornquist-las-validaciones-y-consultas-sobre-la-sube-se-realizan-en-la-oficina-de-desarrollo-productivo","status":"publish","type":"post","link":"https:\/\/www.noticiasradioreflejos.com.ar\/2021\/tornquist-las-validaciones-y-consultas-sobre-la-sube-se-realizan-en-la-oficina-de-desarrollo-productivo\/","title":{"rendered":"Tornquist: Las validaciones y consultas sobre la SUBE se realizan en la oficina de Desarrollo Productivo"},"content":{"rendered":"<p>Tornquist Municipio recuerda que, en la ciudad cabecera, las validaciones de las cargas de la tarjeta SUBE como as\u00ed tambi\u00e9n las consultas al respecto, se realizan \u00fanicamente en la oficina de la Secretar\u00eda de Ambiente y Desarrollo Productivo, ubicada en Av. San Mart\u00edn N\u00ba 268.<!--more--><\/p>\n<p>La recarga de cr\u00e9dito, en tanto, por el momento solo se pueden hacer a trav\u00e9s de la app de SUBE, homebanking o billeteras electr\u00f3nicas. Mas informaci\u00f3n en <a href=\"https:\/\/www.argentina.gob.ar\/sube\/carga\" rel=\"noopener\" target=\"_blank\">https:\/\/www.argentina.gob.ar\/sube\/carga<\/a>. En ese sentido, se est\u00e1 trabajando para que, en el corto plazo, se habilitada una terminal autom\u00e1tica en la localidad.<\/p>\n","protected":false},"excerpt":{"rendered":"<p>Tornquist Municipio recuerda que, en la ciudad cabecera, las validaciones de las cargas de la tarjeta SUBE como as\u00ed tambi\u00e9n las consultas al respecto, se realizan \u00fanicamente en la oficina de la Secretar\u00eda de Ambiente y Desarrollo Productivo, ubicada en Av. San Mart\u00edn N\u00ba 268.<\/p>\n","protected":false},"author":3,"featured_media":102050,"comment_status":"closed","ping_status":"closed","sticky":false,"template":"","format":"standard","meta":{"footnotes":""},"categories":[28],"tags":[],"class_list":["post-102049","post","type-post","status-publish","format-standard","has-post-thumbnail","hentry","category-municipales"],"yoast_head":"<!-- This site is optimized with the Yoast SEO plugin v25.9 - https:\/\/yoast.com\/wordpress\/plugins\/seo\/ -->\n<title>Tornquist: Las validaciones y consultas sobre la SUBE se realizan en la oficina de Desarrollo Productivo - Noticias Radio Reflejos<\/title>\n<meta name=\"robots\" content=\"index, follow, max-snippet:-1, max-image-preview:large, max-video-preview:-1\" \/>\n<link rel=\"canonical\" href=\"https:\/\/www.noticiasradioreflejos.com.ar\/2021\/tornquist-las-validaciones-y-consultas-sobre-la-sube-se-realizan-en-la-oficina-de-desarrollo-productivo\/\" \/>\n<meta property=\"og:locale\" content=\"es_ES\" \/>\n<meta property=\"og:type\" content=\"article\" \/>\n<meta property=\"og:title\" content=\"Tornquist: Las validaciones y consultas sobre la SUBE se realizan en la oficina de Desarrollo Productivo - Noticias Radio Reflejos\" \/>\n<meta property=\"og:description\" content=\"Tornquist Municipio recuerda que, en la ciudad cabecera, las validaciones de las cargas de la tarjeta SUBE como as\u00ed tambi\u00e9n las consultas al respecto, se realizan \u00fanicamente en la oficina de la Secretar\u00eda de Ambiente y Desarrollo Productivo, ubicada en Av. San Mart\u00edn N\u00ba 268.\" \/>\n<meta property=\"og:url\" content=\"https:\/\/www.noticiasradioreflejos.com.ar\/2021\/tornquist-las-validaciones-y-consultas-sobre-la-sube-se-realizan-en-la-oficina-de-desarrollo-productivo\/\" \/>\n<meta property=\"og:site_name\" content=\"Noticias Radio Reflejos\" \/>\n<meta property=\"article:published_time\" content=\"2024-05-02T17:28:08+00:00\" \/>\n<meta property=\"og:image\" content=\"https:\/\/www.noticiasradioreflejos.com.ar\/2021\/wp-content\/uploads\/2024\/05\/Sube-Tqt.jpeg\" \/>\n\t<meta property=\"og:image:width\" content=\"768\" \/>\n\t<meta property=\"og:image:height\" content=\"538\" \/>\n\t<meta property=\"og:image:type\" content=\"image\/jpeg\" \/>\n<meta name=\"author\" content=\"Arnaldo Botto\" \/>\n<meta name=\"twitter:card\" content=\"summary_large_image\" \/>\n<script type=\"application\/ld+json\" class=\"yoast-schema-graph\">{\"@context\":\"https:\/\/schema.org\",\"@graph\":[{\"@type\":\"WebPage\",\"@id\":\"https:\/\/www.noticiasradioreflejos.com.ar\/2021\/tornquist-las-validaciones-y-consultas-sobre-la-sube-se-realizan-en-la-oficina-de-desarrollo-productivo\/\",\"url\":\"https:\/\/www.noticiasradioreflejos.com.ar\/2021\/tornquist-las-validaciones-y-consultas-sobre-la-sube-se-realizan-en-la-oficina-de-desarrollo-productivo\/\",\"name\":\"Tornquist: Las validaciones y consultas sobre la SUBE se realizan en la oficina de Desarrollo Productivo - Noticias Radio Reflejos\",\"isPartOf\":{\"@id\":\"https:\/\/www.noticiasradioreflejos.com.ar\/2021\/#website\"},\"primaryImageOfPage\":{\"@id\":\"https:\/\/www.noticiasradioreflejos.com.ar\/2021\/tornquist-las-validaciones-y-consultas-sobre-la-sube-se-realizan-en-la-oficina-de-desarrollo-productivo\/#primaryimage\"},\"image\":{\"@id\":\"https:\/\/www.noticiasradioreflejos.com.ar\/2021\/tornquist-las-validaciones-y-consultas-sobre-la-sube-se-realizan-en-la-oficina-de-desarrollo-productivo\/#primaryimage\"},\"thumbnailUrl\":\"https:\/\/www.noticiasradioreflejos.com.ar\/2021\/wp-content\/uploads\/2024\/05\/Sube-Tqt.jpeg\",\"datePublished\":\"2024-05-02T17:28:08+00:00\",\"author\":{\"@id\":\"https:\/\/www.noticiasradioreflejos.com.ar\/2021\/#\/schema\/person\/ad82545263dcc5ec0996818884fd5fb1\"},\"breadcrumb\":{\"@id\":\"https:\/\/www.noticiasradioreflejos.com.ar\/2021\/tornquist-las-validaciones-y-consultas-sobre-la-sube-se-realizan-en-la-oficina-de-desarrollo-productivo\/#breadcrumb\"},\"inLanguage\":\"es\",\"potentialAction\":[{\"@type\":\"ReadAction\",\"target\":[\"https:\/\/www.noticiasradioreflejos.com.ar\/2021\/tornquist-las-validaciones-y-consultas-sobre-la-sube-se-realizan-en-la-oficina-de-desarrollo-productivo\/\"]}]},{\"@type\":\"ImageObject\",\"inLanguage\":\"es\",\"@id\":\"https:\/\/www.noticiasradioreflejos.com.ar\/2021\/tornquist-las-validaciones-y-consultas-sobre-la-sube-se-realizan-en-la-oficina-de-desarrollo-productivo\/#primaryimage\",\"url\":\"https:\/\/www.noticiasradioreflejos.com.ar\/2021\/wp-content\/uploads\/2024\/05\/Sube-Tqt.jpeg\",\"contentUrl\":\"https:\/\/www.noticiasradioreflejos.com.ar\/2021\/wp-content\/uploads\/2024\/05\/Sube-Tqt.jpeg\",\"width\":768,\"height\":538},{\"@type\":\"BreadcrumbList\",\"@id\":\"https:\/\/www.noticiasradioreflejos.com.ar\/2021\/tornquist-las-validaciones-y-consultas-sobre-la-sube-se-realizan-en-la-oficina-de-desarrollo-productivo\/#breadcrumb\",\"itemListElement\":[{\"@type\":\"ListItem\",\"position\":1,\"name\":\"Portada\",\"item\":\"https:\/\/www.noticiasradioreflejos.com.ar\/2021\/\"},{\"@type\":\"ListItem\",\"position\":2,\"name\":\"Tornquist: Las validaciones y consultas sobre la SUBE se realizan en la oficina de Desarrollo Productivo\"}]},{\"@type\":\"WebSite\",\"@id\":\"https:\/\/www.noticiasradioreflejos.com.ar\/2021\/#website\",\"url\":\"https:\/\/www.noticiasradioreflejos.com.ar\/2021\/\",\"name\":\"Noticias Radio Reflejos\",\"description\":\"Las noticias de mi comarca\",\"potentialAction\":[{\"@type\":\"SearchAction\",\"target\":{\"@type\":\"EntryPoint\",\"urlTemplate\":\"https:\/\/www.noticiasradioreflejos.com.ar\/2021\/?s={search_term_string}\"},\"query-input\":{\"@type\":\"PropertyValueSpecification\",\"valueRequired\":true,\"valueName\":\"search_term_string\"}}],\"inLanguage\":\"es\"},{\"@type\":\"Person\",\"@id\":\"https:\/\/www.noticiasradioreflejos.com.ar\/2021\/#\/schema\/person\/ad82545263dcc5ec0996818884fd5fb1\",\"name\":\"Arnaldo Botto\",\"image\":{\"@type\":\"ImageObject\",\"inLanguage\":\"es\",\"@id\":\"https:\/\/www.noticiasradioreflejos.com.ar\/2021\/#\/schema\/person\/image\/\",\"url\":\"https:\/\/secure.gravatar.com\/avatar\/55cb5e37c1efa326397366e6974cb338056df65cb50e7d64d1cf314e87504837?s=96&d=mm&r=g\",\"contentUrl\":\"https:\/\/secure.gravatar.com\/avatar\/55cb5e37c1efa326397366e6974cb338056df65cb50e7d64d1cf314e87504837?s=96&d=mm&r=g\",\"caption\":\"Arnaldo Botto\"},\"url\":\"https:\/\/www.noticiasradioreflejos.com.ar\/2021\/author\/arnaldo\/\"}]}<\/script>\n<!-- \/ Yoast SEO plugin. -->","yoast_head_json":{"title":"Tornquist: Las validaciones y consultas sobre la SUBE se realizan en la oficina de Desarrollo Productivo - Noticias Radio Reflejos","robots":{"index":"index","follow":"follow","max-snippet":"max-snippet:-1","max-image-preview":"max-image-preview:large","max-video-preview":"max-video-preview:-1"},"canonical":"https:\/\/www.noticiasradioreflejos.com.ar\/2021\/tornquist-las-validaciones-y-consultas-sobre-la-sube-se-realizan-en-la-oficina-de-desarrollo-productivo\/","og_locale":"es_ES","og_type":"article","og_title":"Tornquist: Las validaciones y consultas sobre la SUBE se realizan en la oficina de Desarrollo Productivo - Noticias Radio Reflejos","og_description":"Tornquist Municipio recuerda que, en la ciudad cabecera, las validaciones de las cargas de la tarjeta SUBE como as\u00ed tambi\u00e9n las consultas al respecto, se realizan \u00fanicamente en la oficina de la Secretar\u00eda de Ambiente y Desarrollo Productivo, ubicada en Av. San Mart\u00edn N\u00ba 268.","og_url":"https:\/\/www.noticiasradioreflejos.com.ar\/2021\/tornquist-las-validaciones-y-consultas-sobre-la-sube-se-realizan-en-la-oficina-de-desarrollo-productivo\/","og_site_name":"Noticias Radio Reflejos","article_published_time":"2024-05-02T17:28:08+00:00","og_image":[{"width":768,"height":538,"url":"https:\/\/www.noticiasradioreflejos.com.ar\/2021\/wp-content\/uploads\/2024\/05\/Sube-Tqt.jpeg","type":"image\/jpeg"}],"author":"Arnaldo Botto","twitter_card":"summary_large_image","schema":{"@context":"https:\/\/schema.org","@graph":[{"@type":"WebPage","@id":"https:\/\/www.noticiasradioreflejos.com.ar\/2021\/tornquist-las-validaciones-y-consultas-sobre-la-sube-se-realizan-en-la-oficina-de-desarrollo-productivo\/","url":"https:\/\/www.noticiasradioreflejos.com.ar\/2021\/tornquist-las-validaciones-y-consultas-sobre-la-sube-se-realizan-en-la-oficina-de-desarrollo-productivo\/","name":"Tornquist: Las validaciones y consultas sobre la SUBE se realizan en la oficina de Desarrollo Productivo - Noticias Radio Reflejos","isPartOf":{"@id":"https:\/\/www.noticiasradioreflejos.com.ar\/2021\/#website"},"primaryImageOfPage":{"@id":"https:\/\/www.noticiasradioreflejos.com.ar\/2021\/tornquist-las-validaciones-y-consultas-sobre-la-sube-se-realizan-en-la-oficina-de-desarrollo-productivo\/#primaryimage"},"image":{"@id":"https:\/\/www.noticiasradioreflejos.com.ar\/2021\/tornquist-las-validaciones-y-consultas-sobre-la-sube-se-realizan-en-la-oficina-de-desarrollo-productivo\/#primaryimage"},"thumbnailUrl":"https:\/\/www.noticiasradioreflejos.com.ar\/2021\/wp-content\/uploads\/2024\/05\/Sube-Tqt.jpeg","datePublished":"2024-05-02T17:28:08+00:00","author":{"@id":"https:\/\/www.noticiasradioreflejos.com.ar\/2021\/#\/schema\/person\/ad82545263dcc5ec0996818884fd5fb1"},"breadcrumb":{"@id":"https:\/\/www.noticiasradioreflejos.com.ar\/2021\/tornquist-las-validaciones-y-consultas-sobre-la-sube-se-realizan-en-la-oficina-de-desarrollo-productivo\/#breadcrumb"},"inLanguage":"es","potentialAction":[{"@type":"ReadAction","target":["https:\/\/www.noticiasradioreflejos.com.ar\/2021\/tornquist-las-validaciones-y-consultas-sobre-la-sube-se-realizan-en-la-oficina-de-desarrollo-productivo\/"]}]},{"@type":"ImageObject","inLanguage":"es","@id":"https:\/\/www.noticiasradioreflejos.com.ar\/2021\/tornquist-las-validaciones-y-consultas-sobre-la-sube-se-realizan-en-la-oficina-de-desarrollo-productivo\/#primaryimage","url":"https:\/\/www.noticiasradioreflejos.com.ar\/2021\/wp-content\/uploads\/2024\/05\/Sube-Tqt.jpeg","contentUrl":"https:\/\/www.noticiasradioreflejos.com.ar\/2021\/wp-content\/uploads\/2024\/05\/Sube-Tqt.jpeg","width":768,"height":538},{"@type":"BreadcrumbList","@id":"https:\/\/www.noticiasradioreflejos.com.ar\/2021\/tornquist-las-validaciones-y-consultas-sobre-la-sube-se-realizan-en-la-oficina-de-desarrollo-productivo\/#breadcrumb","itemListElement":[{"@type":"ListItem","position":1,"name":"Portada","item":"https:\/\/www.noticiasradioreflejos.com.ar\/2021\/"},{"@type":"ListItem","position":2,"name":"Tornquist: Las validaciones y consultas sobre la SUBE se realizan en la oficina de Desarrollo Productivo"}]},{"@type":"WebSite","@id":"https:\/\/www.noticiasradioreflejos.com.ar\/2021\/#website","url":"https:\/\/www.noticiasradioreflejos.com.ar\/2021\/","name":"Noticias Radio Reflejos","description":"Las noticias de mi comarca","potentialAction":[{"@type":"SearchAction","target":{"@type":"EntryPoint","urlTemplate":"https:\/\/www.noticiasradioreflejos.com.ar\/2021\/?s={search_term_string}"},"query-input":{"@type":"PropertyValueSpecification","valueRequired":true,"valueName":"search_term_string"}}],"inLanguage":"es"},{"@type":"Person","@id":"https:\/\/www.noticiasradioreflejos.com.ar\/2021\/#\/schema\/person\/ad82545263dcc5ec0996818884fd5fb1","name":"Arnaldo Botto","image":{"@type":"ImageObject","inLanguage":"es","@id":"https:\/\/www.noticiasradioreflejos.com.ar\/2021\/#\/schema\/person\/image\/","url":"https:\/\/secure.gravatar.com\/avatar\/55cb5e37c1efa326397366e6974cb338056df65cb50e7d64d1cf314e87504837?s=96&d=mm&r=g","contentUrl":"https:\/\/secure.gravatar.com\/avatar\/55cb5e37c1efa326397366e6974cb338056df65cb50e7d64d1cf314e87504837?s=96&d=mm&r=g","caption":"Arnaldo Botto"},"url":"https:\/\/www.noticiasradioreflejos.com.ar\/2021\/author\/arnaldo\/"}]}},"_links":{"self":[{"href":"https:\/\/www.noticiasradioreflejos.com.ar\/2021\/wp-json\/wp\/v2\/posts\/102049","targetHints":{"allow":["GET"]}}],"collection":[{"href":"https:\/\/www.noticiasradioreflejos.com.ar\/2021\/wp-json\/wp\/v2\/posts"}],"about":[{"href":"https:\/\/www.noticiasradioreflejos.com.ar\/2021\/wp-json\/wp\/v2\/types\/post"}],"author":[{"embeddable":true,"href":"https:\/\/www.noticiasradioreflejos.com.ar\/2021\/wp-json\/wp\/v2\/users\/3"}],"replies":[{"embeddable":true,"href":"https:\/\/www.noticiasradioreflejos.com.ar\/2021\/wp-json\/wp\/v2\/comments?post=102049"}],"version-history":[{"count":1,"href":"https:\/\/www.noticiasradioreflejos.com.ar\/2021\/wp-json\/wp\/v2\/posts\/102049\/revisions"}],"predecessor-version":[{"id":102051,"href":"https:\/\/www.noticiasradioreflejos.com.ar\/2021\/wp-json\/wp\/v2\/posts\/102049\/revisions\/102051"}],"wp:featuredmedia":[{"embeddable":true,"href":"https:\/\/www.noticiasradioreflejos.com.ar\/2021\/wp-json\/wp\/v2\/media\/102050"}],"wp:attachment":[{"href":"https:\/\/www.noticiasradioreflejos.com.ar\/2021\/wp-json\/wp\/v2\/media?parent=102049"}],"wp:term":[{"taxonomy":"category","embeddable":true,"href":"https:\/\/www.noticiasradioreflejos.com.ar\/2021\/wp-json\/wp\/v2\/categories?post=102049"},{"taxonomy":"post_tag","embeddable":true,"href":"https:\/\/www.noticiasradioreflejos.com.ar\/2021\/wp-json\/wp\/v2\/tags?post=102049"}],"curies":[{"name":"wp","href":"https:\/\/api.w.org\/{rel}","templated":true}]}}