{"id":102016,"date":"2024-05-02T08:01:22","date_gmt":"2024-05-02T11:01:22","guid":{"rendered":"https:\/\/www.noticiasradioreflejos.com.ar\/2021\/?p=102016"},"modified":"2024-05-02T08:01:22","modified_gmt":"2024-05-02T11:01:22","slug":"el-luna-park-sera-el-escenario-para-la-presentacion-del-libro-de-javier-milei","status":"publish","type":"post","link":"https:\/\/www.noticiasradioreflejos.com.ar\/2021\/el-luna-park-sera-el-escenario-para-la-presentacion-del-libro-de-javier-milei\/","title":{"rendered":"El Luna Park ser\u00e1 el escenario para la presentaci\u00f3n del libro de Javier Milei"},"content":{"rendered":"<p>La presentaci\u00f3n iba a ser en la Feria del Libro, pero a ra\u00edz de la controversia con el titular de la Fundaci\u00f3n El Libro, se decidi\u00f3 cambiar el lugar.<!--more--><\/p>\n<div class=\"columns\" data-tadevel-template=\"web\/article-columns\">\n<div class=\"column-main\">\n<div class=\"article-body\" data-tadevel-template=\"web\/article-body\">\n<div class=\"article-body-content\">\n<p>El presidente Javier Milei presentar\u00e1 su libro \u201cCapitalismo, socialismo y la trampa neocl\u00e1sica\u201d en el Luna Park el pr\u00f3ximo 22 de mayo, luego de la situaci\u00f3n pol\u00e9mica generada por la anunciada presencia del jefe de Estado en la Feria del Libro, seg\u00fan confirmaron hoy desde Presidencia de la Naci\u00f3n.<\/p>\n<p>El mandatario ten\u00eda en principio previsto presentar su libro el pr\u00f3ximo 12 de mayo en la Feria del Libro, acompa\u00f1ado del diputado nacional Jos\u00e9 Luis Espert, pero luego de la controversia suscitada con el presidente de la Fundaci\u00f3n El Libro, Alejandro Vaccaro, Milei resolvi\u00f3 modificar el lugar, aduciendo que detectaron una fuerte hostilidad hacia su persona durante las negociaciones con las autoridades de la Feria.<\/p>\n<p>En una radial, el presidente sostuvo que en las negociaciones que lleva adelante su hermana y Secretaria General de la Presidencia, Karina Milei, sospecharon que \u201chay un tema de sabotear la presentaci\u00f3n y hacerlo al estilo kirchnerista, de modo violento\u201d.<\/p>\n<p>\u201cNos han amenazado con que nos van a hacer cosas, un tipo de comportamiento impropio de la cultura y no podemos exponernos a que nos hagan un bloqueo\u201d, agreg\u00f3 Milei.<\/p>\n<p>\u201cTenemos que tomar ciertos recaudos, no podemos exponernos a que nos hagan un bloqueo. Est\u00e1n tomando acciones propias de alguien que quiere sabotear una actividad\u201d, argument\u00f3.<\/p>\n<p>En la misma l\u00ednea, el mandatario agreg\u00f3 que\u00a0<strong>Alejandro Vaccaro<\/strong>,\u00a0pronunci\u00f3 un<strong>\u00a0<\/strong><strong>\u201cdiscurso violento e impropio, con cuestiones falsas\u201d.<\/strong><\/p>\n<p>A partir de esto, desde Presidencia confirmaron que el evento se llevar\u00e1 a cabo en el Luna Park el pr\u00f3ximo 22 de mayo.<\/p>\n<p>Por su parte Vaccaro indic\u00f3 en di\u00e1logo con Infobae que ayer hab\u00edan estado en la Feria \u201c25 personas de la productora, de la Casa Militar y hasta de Presidencia de la Naci\u00f3n. Nos pusimos de acuerdo en todo, c\u00f3mo ser\u00edan los vallados, todo\u201d.<\/p>\n<p>\u201cFuimos claros, quer\u00edamos que el presidente viniera\u201d, dijo Vaccaro. \u201cPero habr\u00e1n evaluado que no les conven\u00eda&#8230; hay que meter esa gente, que tiene que pagar la entrada&#8230; no es f\u00e1cil\u201d, sum\u00f3 y continu\u00f3: \u201cEs una trampa: resulta que ahora Milei no viene porque nosotros no queremos&#8230;\u201d<\/p>\n<\/div>\n<\/div>\n<\/div>\n<\/div>\n","protected":false},"excerpt":{"rendered":"<p>La presentaci\u00f3n iba a ser en la Feria del Libro, pero a ra\u00edz de la controversia con el titular de la Fundaci\u00f3n El Libro, se decidi\u00f3 cambiar el lugar.<\/p>\n","protected":false},"author":3,"featured_media":0,"comment_status":"closed","ping_status":"closed","sticky":false,"template":"","format":"standard","meta":{"footnotes":""},"categories":[24,26],"tags":[],"class_list":["post-102016","post","type-post","status-publish","format-standard","hentry","category-politica","category-sociedad"],"yoast_head":"<!-- This site is optimized with the Yoast SEO plugin v25.9 - https:\/\/yoast.com\/wordpress\/plugins\/seo\/ -->\n<title>El Luna Park ser\u00e1 el escenario para la presentaci\u00f3n del libro de Javier Milei - Noticias Radio Reflejos<\/title>\n<meta name=\"robots\" content=\"index, follow, max-snippet:-1, max-image-preview:large, max-video-preview:-1\" \/>\n<link rel=\"canonical\" href=\"https:\/\/www.noticiasradioreflejos.com.ar\/2021\/el-luna-park-sera-el-escenario-para-la-presentacion-del-libro-de-javier-milei\/\" \/>\n<meta property=\"og:locale\" content=\"es_ES\" \/>\n<meta property=\"og:type\" content=\"article\" \/>\n<meta property=\"og:title\" content=\"El Luna Park ser\u00e1 el escenario para la presentaci\u00f3n del libro de Javier Milei - Noticias Radio Reflejos\" \/>\n<meta property=\"og:description\" content=\"La presentaci\u00f3n iba a ser en la Feria del Libro, pero a ra\u00edz de la controversia con el titular de la Fundaci\u00f3n El Libro, se decidi\u00f3 cambiar el lugar.\" \/>\n<meta property=\"og:url\" content=\"https:\/\/www.noticiasradioreflejos.com.ar\/2021\/el-luna-park-sera-el-escenario-para-la-presentacion-del-libro-de-javier-milei\/\" \/>\n<meta property=\"og:site_name\" content=\"Noticias Radio Reflejos\" \/>\n<meta property=\"article:published_time\" content=\"2024-05-02T11:01:22+00:00\" \/>\n<meta property=\"og:image\" content=\"https:\/\/www.noticiasradioreflejos.com.ar\/2021\/wp-content\/uploads\/2021\/07\/logosol300x200.png\" \/>\n\t<meta property=\"og:image:width\" content=\"300\" \/>\n\t<meta property=\"og:image:height\" content=\"200\" \/>\n\t<meta property=\"og:image:type\" content=\"image\/png\" \/>\n<meta name=\"author\" content=\"Arnaldo Botto\" \/>\n<meta name=\"twitter:card\" content=\"summary_large_image\" \/>\n<script type=\"application\/ld+json\" class=\"yoast-schema-graph\">{\"@context\":\"https:\/\/schema.org\",\"@graph\":[{\"@type\":\"WebPage\",\"@id\":\"https:\/\/www.noticiasradioreflejos.com.ar\/2021\/el-luna-park-sera-el-escenario-para-la-presentacion-del-libro-de-javier-milei\/\",\"url\":\"https:\/\/www.noticiasradioreflejos.com.ar\/2021\/el-luna-park-sera-el-escenario-para-la-presentacion-del-libro-de-javier-milei\/\",\"name\":\"El Luna Park ser\u00e1 el escenario para la presentaci\u00f3n del libro de Javier Milei - Noticias Radio Reflejos\",\"isPartOf\":{\"@id\":\"https:\/\/www.noticiasradioreflejos.com.ar\/2021\/#website\"},\"datePublished\":\"2024-05-02T11:01:22+00:00\",\"author\":{\"@id\":\"https:\/\/www.noticiasradioreflejos.com.ar\/2021\/#\/schema\/person\/ad82545263dcc5ec0996818884fd5fb1\"},\"breadcrumb\":{\"@id\":\"https:\/\/www.noticiasradioreflejos.com.ar\/2021\/el-luna-park-sera-el-escenario-para-la-presentacion-del-libro-de-javier-milei\/#breadcrumb\"},\"inLanguage\":\"es\",\"potentialAction\":[{\"@type\":\"ReadAction\",\"target\":[\"https:\/\/www.noticiasradioreflejos.com.ar\/2021\/el-luna-park-sera-el-escenario-para-la-presentacion-del-libro-de-javier-milei\/\"]}]},{\"@type\":\"BreadcrumbList\",\"@id\":\"https:\/\/www.noticiasradioreflejos.com.ar\/2021\/el-luna-park-sera-el-escenario-para-la-presentacion-del-libro-de-javier-milei\/#breadcrumb\",\"itemListElement\":[{\"@type\":\"ListItem\",\"position\":1,\"name\":\"Portada\",\"item\":\"https:\/\/www.noticiasradioreflejos.com.ar\/2021\/\"},{\"@type\":\"ListItem\",\"position\":2,\"name\":\"El Luna Park ser\u00e1 el escenario para la presentaci\u00f3n del libro de Javier Milei\"}]},{\"@type\":\"WebSite\",\"@id\":\"https:\/\/www.noticiasradioreflejos.com.ar\/2021\/#website\",\"url\":\"https:\/\/www.noticiasradioreflejos.com.ar\/2021\/\",\"name\":\"Noticias Radio Reflejos\",\"description\":\"Las noticias de mi comarca\",\"potentialAction\":[{\"@type\":\"SearchAction\",\"target\":{\"@type\":\"EntryPoint\",\"urlTemplate\":\"https:\/\/www.noticiasradioreflejos.com.ar\/2021\/?s={search_term_string}\"},\"query-input\":{\"@type\":\"PropertyValueSpecification\",\"valueRequired\":true,\"valueName\":\"search_term_string\"}}],\"inLanguage\":\"es\"},{\"@type\":\"Person\",\"@id\":\"https:\/\/www.noticiasradioreflejos.com.ar\/2021\/#\/schema\/person\/ad82545263dcc5ec0996818884fd5fb1\",\"name\":\"Arnaldo Botto\",\"image\":{\"@type\":\"ImageObject\",\"inLanguage\":\"es\",\"@id\":\"https:\/\/www.noticiasradioreflejos.com.ar\/2021\/#\/schema\/person\/image\/\",\"url\":\"https:\/\/secure.gravatar.com\/avatar\/55cb5e37c1efa326397366e6974cb338056df65cb50e7d64d1cf314e87504837?s=96&d=mm&r=g\",\"contentUrl\":\"https:\/\/secure.gravatar.com\/avatar\/55cb5e37c1efa326397366e6974cb338056df65cb50e7d64d1cf314e87504837?s=96&d=mm&r=g\",\"caption\":\"Arnaldo Botto\"},\"url\":\"https:\/\/www.noticiasradioreflejos.com.ar\/2021\/author\/arnaldo\/\"}]}<\/script>\n<!-- \/ Yoast SEO plugin. -->","yoast_head_json":{"title":"El Luna Park ser\u00e1 el escenario para la presentaci\u00f3n del libro de Javier Milei - Noticias Radio Reflejos","robots":{"index":"index","follow":"follow","max-snippet":"max-snippet:-1","max-image-preview":"max-image-preview:large","max-video-preview":"max-video-preview:-1"},"canonical":"https:\/\/www.noticiasradioreflejos.com.ar\/2021\/el-luna-park-sera-el-escenario-para-la-presentacion-del-libro-de-javier-milei\/","og_locale":"es_ES","og_type":"article","og_title":"El Luna Park ser\u00e1 el escenario para la presentaci\u00f3n del libro de Javier Milei - Noticias Radio Reflejos","og_description":"La presentaci\u00f3n iba a ser en la Feria del Libro, pero a ra\u00edz de la controversia con el titular de la Fundaci\u00f3n El Libro, se decidi\u00f3 cambiar el lugar.","og_url":"https:\/\/www.noticiasradioreflejos.com.ar\/2021\/el-luna-park-sera-el-escenario-para-la-presentacion-del-libro-de-javier-milei\/","og_site_name":"Noticias Radio Reflejos","article_published_time":"2024-05-02T11:01:22+00:00","og_image":[{"width":300,"height":200,"url":"https:\/\/www.noticiasradioreflejos.com.ar\/2021\/wp-content\/uploads\/2021\/07\/logosol300x200.png","type":"image\/png"}],"author":"Arnaldo Botto","twitter_card":"summary_large_image","schema":{"@context":"https:\/\/schema.org","@graph":[{"@type":"WebPage","@id":"https:\/\/www.noticiasradioreflejos.com.ar\/2021\/el-luna-park-sera-el-escenario-para-la-presentacion-del-libro-de-javier-milei\/","url":"https:\/\/www.noticiasradioreflejos.com.ar\/2021\/el-luna-park-sera-el-escenario-para-la-presentacion-del-libro-de-javier-milei\/","name":"El Luna Park ser\u00e1 el escenario para la presentaci\u00f3n del libro de Javier Milei - Noticias Radio Reflejos","isPartOf":{"@id":"https:\/\/www.noticiasradioreflejos.com.ar\/2021\/#website"},"datePublished":"2024-05-02T11:01:22+00:00","author":{"@id":"https:\/\/www.noticiasradioreflejos.com.ar\/2021\/#\/schema\/person\/ad82545263dcc5ec0996818884fd5fb1"},"breadcrumb":{"@id":"https:\/\/www.noticiasradioreflejos.com.ar\/2021\/el-luna-park-sera-el-escenario-para-la-presentacion-del-libro-de-javier-milei\/#breadcrumb"},"inLanguage":"es","potentialAction":[{"@type":"ReadAction","target":["https:\/\/www.noticiasradioreflejos.com.ar\/2021\/el-luna-park-sera-el-escenario-para-la-presentacion-del-libro-de-javier-milei\/"]}]},{"@type":"BreadcrumbList","@id":"https:\/\/www.noticiasradioreflejos.com.ar\/2021\/el-luna-park-sera-el-escenario-para-la-presentacion-del-libro-de-javier-milei\/#breadcrumb","itemListElement":[{"@type":"ListItem","position":1,"name":"Portada","item":"https:\/\/www.noticiasradioreflejos.com.ar\/2021\/"},{"@type":"ListItem","position":2,"name":"El Luna Park ser\u00e1 el escenario para la presentaci\u00f3n del libro de Javier Milei"}]},{"@type":"WebSite","@id":"https:\/\/www.noticiasradioreflejos.com.ar\/2021\/#website","url":"https:\/\/www.noticiasradioreflejos.com.ar\/2021\/","name":"Noticias Radio Reflejos","description":"Las noticias de mi comarca","potentialAction":[{"@type":"SearchAction","target":{"@type":"EntryPoint","urlTemplate":"https:\/\/www.noticiasradioreflejos.com.ar\/2021\/?s={search_term_string}"},"query-input":{"@type":"PropertyValueSpecification","valueRequired":true,"valueName":"search_term_string"}}],"inLanguage":"es"},{"@type":"Person","@id":"https:\/\/www.noticiasradioreflejos.com.ar\/2021\/#\/schema\/person\/ad82545263dcc5ec0996818884fd5fb1","name":"Arnaldo Botto","image":{"@type":"ImageObject","inLanguage":"es","@id":"https:\/\/www.noticiasradioreflejos.com.ar\/2021\/#\/schema\/person\/image\/","url":"https:\/\/secure.gravatar.com\/avatar\/55cb5e37c1efa326397366e6974cb338056df65cb50e7d64d1cf314e87504837?s=96&d=mm&r=g","contentUrl":"https:\/\/secure.gravatar.com\/avatar\/55cb5e37c1efa326397366e6974cb338056df65cb50e7d64d1cf314e87504837?s=96&d=mm&r=g","caption":"Arnaldo Botto"},"url":"https:\/\/www.noticiasradioreflejos.com.ar\/2021\/author\/arnaldo\/"}]}},"_links":{"self":[{"href":"https:\/\/www.noticiasradioreflejos.com.ar\/2021\/wp-json\/wp\/v2\/posts\/102016","targetHints":{"allow":["GET"]}}],"collection":[{"href":"https:\/\/www.noticiasradioreflejos.com.ar\/2021\/wp-json\/wp\/v2\/posts"}],"about":[{"href":"https:\/\/www.noticiasradioreflejos.com.ar\/2021\/wp-json\/wp\/v2\/types\/post"}],"author":[{"embeddable":true,"href":"https:\/\/www.noticiasradioreflejos.com.ar\/2021\/wp-json\/wp\/v2\/users\/3"}],"replies":[{"embeddable":true,"href":"https:\/\/www.noticiasradioreflejos.com.ar\/2021\/wp-json\/wp\/v2\/comments?post=102016"}],"version-history":[{"count":1,"href":"https:\/\/www.noticiasradioreflejos.com.ar\/2021\/wp-json\/wp\/v2\/posts\/102016\/revisions"}],"predecessor-version":[{"id":102018,"href":"https:\/\/www.noticiasradioreflejos.com.ar\/2021\/wp-json\/wp\/v2\/posts\/102016\/revisions\/102018"}],"wp:attachment":[{"href":"https:\/\/www.noticiasradioreflejos.com.ar\/2021\/wp-json\/wp\/v2\/media?parent=102016"}],"wp:term":[{"taxonomy":"category","embeddable":true,"href":"https:\/\/www.noticiasradioreflejos.com.ar\/2021\/wp-json\/wp\/v2\/categories?post=102016"},{"taxonomy":"post_tag","embeddable":true,"href":"https:\/\/www.noticiasradioreflejos.com.ar\/2021\/wp-json\/wp\/v2\/tags?post=102016"}],"curies":[{"name":"wp","href":"https:\/\/api.w.org\/{rel}","templated":true}]}}