{"id":102012,"date":"2024-05-02T07:56:57","date_gmt":"2024-05-02T10:56:57","guid":{"rendered":"https:\/\/www.noticiasradioreflejos.com.ar\/2021\/?p=102012"},"modified":"2024-05-02T07:58:17","modified_gmt":"2024-05-02T10:58:17","slug":"prepagas-una-decision-judicial-complica-la-devolucion-de-dinero-a-los-afiliados","status":"publish","type":"post","link":"https:\/\/www.noticiasradioreflejos.com.ar\/2021\/prepagas-una-decision-judicial-complica-la-devolucion-de-dinero-a-los-afiliados\/","title":{"rendered":"Prepagas: una decisi\u00f3n judicial complica la devoluci\u00f3n de dinero a los afiliados"},"content":{"rendered":"<p>Se trata de un tr\u00e1mite decidido por una jueza que puede alargar los plazos para decidir este tema clave.<br \/>\n<!--more--><\/p>\n<p>La devoluci\u00f3n de fondos por parte de las prepagas a los afiliados se puede alargar. Es que la demanda que impuls\u00f3 el Gobierno contra el aumento desmedido de las cuotas de las prepagas sufri\u00f3 un rev\u00e9s en las \u00faltimas horas cuando la jueza en lo civil y comercial federal Mercedes Maquieira decidi\u00f3 cambiar de manos el expediente.<\/p>\n<p>Sostuvo que la Superintendencia de Seguros de Salud actu\u00f3 en nombre de los afiliados y remiti\u00f3 el caso a un proceso colectivo que impulsaron muchos ciudadanos comunes contra el DNU de Javier Milei.<\/p>\n<p>Fue el DNU el que permiti\u00f3 los aumentos en las cuotas. Lo ins\u00f3lito de la situaci\u00f3n es que, ahora, el propio Ejecutivo que habilit\u00f3 la desregulaci\u00f3n litigar\u00e1, en un mismo proceso, junto a los afectados y contra las empresas que defienden esas subas.<\/p>\n<p>El Gobierno pretend\u00eda que, en el marco de un amparo contra 16 empresas de medicina prepaga -las m\u00e1s importantes del mercado como OSDE, OMINT, Galeno, Swiss Medical, Medicus, Sancor-, \u201ccon car\u00e1cter urgente\u201d se les ordenara a esas empresas dejar sin efecto \u201cen forma definitiva los aumentos desmedidos en las cuotas\u201d y que \u201csolo se permita un eventual incremento\u201d seg\u00fan un \u00edndice que establezca el tribunal.<\/p>\n<p>Tambi\u00e9n se buscaba \u201cla devoluci\u00f3n y\/o reintegro de las sumas que han sido indebidamente percibidas por \u00e9stas a la fecha\u201d.<\/p>\n<p>La sugerencia oficial, que receptaron tribunales en amparos individuales, alud\u00eda a permitir subas de acuerdo al \u00cdndice de Precios al Consumidor (IPC).<\/p>\n<p>Varias empresas salieron a defender en la causa los aumentos: no solo cuestionaron la legitimidad de la SSS para actuar, sino que afirmaron que lo que el Gobierno pretend\u00eda, en oposici\u00f3n a \u201cla libertad\u201d que fij\u00f3 el decreto, era la derogaci\u00f3n judicial de lo dispuesto por el propio DNU.<\/p>\n<p>La jueza entonces le pidi\u00f3 a la fiscal\u00eda que opinara sobre la competencia en el caso \u201cen raz\u00f3n de la materia, el territorio y el grado, como asimismo en funci\u00f3n de los procesos colectivos que se encuentran en tr\u00e1mite vinculados a la cuesti\u00f3n aqu\u00ed debatida\u201d.<\/p>\n<p>Con un gui\u00f1o a la jueza, el fiscal Rafael Esp\u00ednola advirti\u00f3 que el \u201can\u00e1lisis de tales aspectos involucra, sin margen de duda, una evaluaci\u00f3n por parte de V.S. de los alcances de la acci\u00f3n en trato, definiendo si la misma encuadra o no como proceso colectivo\u201d, pero no opin\u00f3 al respecto porque es \u201cmateria excluyente del Magistrado que interviene\u201d.<\/p>\n<p>Al analizar la cuesti\u00f3n, la jueza Maquiera sostuvo que \u201cqueda a la vista que, aun cuando la demanda no ha sido formalmente presentada como una acci\u00f3n colectiva, la pretensi\u00f3n formulada re\u00fane todos los requisitos necesarios para ser considerada como tal\u201d.<\/p>\n<p>Y subray\u00f3: \u201cla Superintendencia de Servicios de Salud no reclama en funci\u00f3n de un derecho que le es propio, sino para tutelar los de los millones de afiliados a las empresas demandadas, que \u2018\u2026componen aproximadamente el 94,66% del padr\u00f3n de usuarios del sistema de salud\u2019. De esta manera, la acci\u00f3n es promovida por la actora como \u00f3rgano de fiscalizaci\u00f3n de las entidades de medicina prepaga, en virtud de cuyo rol se encontrar\u00eda obligada a accionar \u2018\u2026para la preservaci\u00f3n irrestricta de los derechos de los usuarios\u2019\u201d que resultaron perjudicados.<\/p>\n<p>Seg\u00fan la magistrada, \u201cdebe tenerse en cuenta tambi\u00e9n que los bienes que se encuentran involucrados en el litigio -y en virtud de los cuales se acciona- revisten un claro car\u00e1cter colectivo\u201d. Y a\u00f1adi\u00f3 que en la demanda del Ejecutivo se hace referencia a que el accionar de las demandadas \u201c\u2026agravia constitucionalmente EL DERECHO A LA SALUD\u2026\u201d. En funci\u00f3n de ello, y en base a jurisprudencia de la Corte Suprema, la jueza sostuvo que la demanda impulsada por el Gobierno es un actor m\u00e1s del proceso colectivo.<\/p>\n<p>Y record\u00f3 que ya existe una demanda colectiva que impulsaron afiliados a prepagas contra el DNU de Javier Milei: la causa \u201cWilson, Eduardo Santiago c\/ Estado Nacional Poder Ejecutivo Nacional s\/ amparo\u201d que busca que se declare \u201cla inconstitucionalidad de los arts. 267 y 269 del Decreto de Necesidad y Urgencia DNU 70\/2023\u2033.<\/p>\n<p>Aquella acci\u00f3n de amparo fue promovida por el ciudadano Eduardo Santiago Wilson, en su car\u00e1cter de asociado directo de Swiss Medical S.A., que entendi\u00f3 que el Poder Ejecutivo Nacional ha excedido, en forma arbitraria y manifiestamente ileg\u00edtima, sus facultades previstas en el art\u00edculo 99, inciso 3), de la Constituci\u00f3n Nacional, sin existir la necesidad y urgencia que en este se requieren al efecto.<\/p>\n<p>El juez Juan Rafael Stinco abri\u00f3 el 29 de diciembre pasado \u201cel proceso colectivo no susceptible de divisi\u00f3n, puesto que lo que se persigue es el restablecimiento de funciones de contralor a un organismo especializado (la Superintendencia de Servicios de Salud), lo cual -seg\u00fan indica el Sr. Juez- \u2018no puede ser declarado para algunos afectados y rechazado para otros, es decir actuales usuarios y los futuros o potenciales interesados en tales servicios\u2019\u201d.<\/p>\n<p>\u201cSe puede concluir que entre la causa colectiva \u2018Wilson\u2019 y estas actuaciones existe una sustancial semejanza en la afectaci\u00f3n de los derechos de incidencia colectiva, lo que determina que ambos expedientes deban tramitar de manera conjunta ante un mismo magistrado para evitar el esc\u00e1ndalo jur\u00eddico que implicar\u00eda el dictado de sentencias que sean contradictorias entre s\u00ed. Llego a esa conclusi\u00f3n no s\u00f3lo porque en ambos procesos se busca tutelar a \u2018la salud\u2019 como bien colectivo e indivisible, sino tambi\u00e9n porque, si bien el objeto de uno y otro expediente difieren en cuanto a su formulaci\u00f3n, coinciden en cuanto a su finalidad\u201d, dijo la jueza.<\/p>\n<p>&nbsp;<\/p>\n<p>&nbsp;<\/p>\n<p><em><strong>Fuente NA<\/strong><\/em><\/p>\n","protected":false},"excerpt":{"rendered":"<p>Se trata de un tr\u00e1mite decidido por una jueza que puede alargar los plazos para decidir este tema clave.<\/p>\n","protected":false},"author":3,"featured_media":0,"comment_status":"closed","ping_status":"closed","sticky":false,"template":"","format":"standard","meta":{"footnotes":""},"categories":[36,57],"tags":[],"class_list":["post-102012","post","type-post","status-publish","format-standard","hentry","category-economia","category-judiciales"],"yoast_head":"<!-- This site is optimized with the Yoast SEO plugin v25.9 - https:\/\/yoast.com\/wordpress\/plugins\/seo\/ -->\n<title>Prepagas: una decisi\u00f3n judicial complica la devoluci\u00f3n de dinero a los afiliados - Noticias Radio Reflejos<\/title>\n<meta name=\"robots\" content=\"index, follow, max-snippet:-1, max-image-preview:large, max-video-preview:-1\" \/>\n<link rel=\"canonical\" href=\"https:\/\/www.noticiasradioreflejos.com.ar\/2021\/prepagas-una-decision-judicial-complica-la-devolucion-de-dinero-a-los-afiliados\/\" \/>\n<meta property=\"og:locale\" content=\"es_ES\" \/>\n<meta property=\"og:type\" content=\"article\" \/>\n<meta property=\"og:title\" content=\"Prepagas: una decisi\u00f3n judicial complica la devoluci\u00f3n de dinero a los afiliados - Noticias Radio Reflejos\" \/>\n<meta property=\"og:description\" content=\"Se trata de un tr\u00e1mite decidido por una jueza que puede alargar los plazos para decidir este tema clave.\" \/>\n<meta property=\"og:url\" content=\"https:\/\/www.noticiasradioreflejos.com.ar\/2021\/prepagas-una-decision-judicial-complica-la-devolucion-de-dinero-a-los-afiliados\/\" \/>\n<meta property=\"og:site_name\" content=\"Noticias Radio Reflejos\" \/>\n<meta property=\"article:published_time\" content=\"2024-05-02T10:56:57+00:00\" \/>\n<meta property=\"article:modified_time\" content=\"2024-05-02T10:58:17+00:00\" \/>\n<meta property=\"og:image\" content=\"https:\/\/www.noticiasradioreflejos.com.ar\/2021\/wp-content\/uploads\/2024\/05\/prepagas.jpg\" \/>\n\t<meta property=\"og:image:width\" content=\"626\" \/>\n\t<meta property=\"og:image:height\" content=\"360\" \/>\n\t<meta property=\"og:image:type\" content=\"image\/jpeg\" \/>\n<meta name=\"author\" content=\"Arnaldo Botto\" \/>\n<meta name=\"twitter:card\" content=\"summary_large_image\" \/>\n<script type=\"application\/ld+json\" class=\"yoast-schema-graph\">{\"@context\":\"https:\/\/schema.org\",\"@graph\":[{\"@type\":\"WebPage\",\"@id\":\"https:\/\/www.noticiasradioreflejos.com.ar\/2021\/prepagas-una-decision-judicial-complica-la-devolucion-de-dinero-a-los-afiliados\/\",\"url\":\"https:\/\/www.noticiasradioreflejos.com.ar\/2021\/prepagas-una-decision-judicial-complica-la-devolucion-de-dinero-a-los-afiliados\/\",\"name\":\"Prepagas: una decisi\u00f3n judicial complica la devoluci\u00f3n de dinero a los afiliados - Noticias Radio Reflejos\",\"isPartOf\":{\"@id\":\"https:\/\/www.noticiasradioreflejos.com.ar\/2021\/#website\"},\"datePublished\":\"2024-05-02T10:56:57+00:00\",\"dateModified\":\"2024-05-02T10:58:17+00:00\",\"author\":{\"@id\":\"https:\/\/www.noticiasradioreflejos.com.ar\/2021\/#\/schema\/person\/ad82545263dcc5ec0996818884fd5fb1\"},\"breadcrumb\":{\"@id\":\"https:\/\/www.noticiasradioreflejos.com.ar\/2021\/prepagas-una-decision-judicial-complica-la-devolucion-de-dinero-a-los-afiliados\/#breadcrumb\"},\"inLanguage\":\"es\",\"potentialAction\":[{\"@type\":\"ReadAction\",\"target\":[\"https:\/\/www.noticiasradioreflejos.com.ar\/2021\/prepagas-una-decision-judicial-complica-la-devolucion-de-dinero-a-los-afiliados\/\"]}]},{\"@type\":\"BreadcrumbList\",\"@id\":\"https:\/\/www.noticiasradioreflejos.com.ar\/2021\/prepagas-una-decision-judicial-complica-la-devolucion-de-dinero-a-los-afiliados\/#breadcrumb\",\"itemListElement\":[{\"@type\":\"ListItem\",\"position\":1,\"name\":\"Portada\",\"item\":\"https:\/\/www.noticiasradioreflejos.com.ar\/2021\/\"},{\"@type\":\"ListItem\",\"position\":2,\"name\":\"Prepagas: una decisi\u00f3n judicial complica la devoluci\u00f3n de dinero a los afiliados\"}]},{\"@type\":\"WebSite\",\"@id\":\"https:\/\/www.noticiasradioreflejos.com.ar\/2021\/#website\",\"url\":\"https:\/\/www.noticiasradioreflejos.com.ar\/2021\/\",\"name\":\"Noticias Radio Reflejos\",\"description\":\"Las noticias de mi comarca\",\"potentialAction\":[{\"@type\":\"SearchAction\",\"target\":{\"@type\":\"EntryPoint\",\"urlTemplate\":\"https:\/\/www.noticiasradioreflejos.com.ar\/2021\/?s={search_term_string}\"},\"query-input\":{\"@type\":\"PropertyValueSpecification\",\"valueRequired\":true,\"valueName\":\"search_term_string\"}}],\"inLanguage\":\"es\"},{\"@type\":\"Person\",\"@id\":\"https:\/\/www.noticiasradioreflejos.com.ar\/2021\/#\/schema\/person\/ad82545263dcc5ec0996818884fd5fb1\",\"name\":\"Arnaldo Botto\",\"image\":{\"@type\":\"ImageObject\",\"inLanguage\":\"es\",\"@id\":\"https:\/\/www.noticiasradioreflejos.com.ar\/2021\/#\/schema\/person\/image\/\",\"url\":\"https:\/\/secure.gravatar.com\/avatar\/55cb5e37c1efa326397366e6974cb338056df65cb50e7d64d1cf314e87504837?s=96&d=mm&r=g\",\"contentUrl\":\"https:\/\/secure.gravatar.com\/avatar\/55cb5e37c1efa326397366e6974cb338056df65cb50e7d64d1cf314e87504837?s=96&d=mm&r=g\",\"caption\":\"Arnaldo Botto\"},\"url\":\"https:\/\/www.noticiasradioreflejos.com.ar\/2021\/author\/arnaldo\/\"}]}<\/script>\n<!-- \/ Yoast SEO plugin. -->","yoast_head_json":{"title":"Prepagas: una decisi\u00f3n judicial complica la devoluci\u00f3n de dinero a los afiliados - Noticias Radio Reflejos","robots":{"index":"index","follow":"follow","max-snippet":"max-snippet:-1","max-image-preview":"max-image-preview:large","max-video-preview":"max-video-preview:-1"},"canonical":"https:\/\/www.noticiasradioreflejos.com.ar\/2021\/prepagas-una-decision-judicial-complica-la-devolucion-de-dinero-a-los-afiliados\/","og_locale":"es_ES","og_type":"article","og_title":"Prepagas: una decisi\u00f3n judicial complica la devoluci\u00f3n de dinero a los afiliados - Noticias Radio Reflejos","og_description":"Se trata de un tr\u00e1mite decidido por una jueza que puede alargar los plazos para decidir este tema clave.","og_url":"https:\/\/www.noticiasradioreflejos.com.ar\/2021\/prepagas-una-decision-judicial-complica-la-devolucion-de-dinero-a-los-afiliados\/","og_site_name":"Noticias Radio Reflejos","article_published_time":"2024-05-02T10:56:57+00:00","article_modified_time":"2024-05-02T10:58:17+00:00","og_image":[{"width":626,"height":360,"url":"https:\/\/www.noticiasradioreflejos.com.ar\/2021\/wp-content\/uploads\/2024\/05\/prepagas.jpg","type":"image\/jpeg"}],"author":"Arnaldo Botto","twitter_card":"summary_large_image","schema":{"@context":"https:\/\/schema.org","@graph":[{"@type":"WebPage","@id":"https:\/\/www.noticiasradioreflejos.com.ar\/2021\/prepagas-una-decision-judicial-complica-la-devolucion-de-dinero-a-los-afiliados\/","url":"https:\/\/www.noticiasradioreflejos.com.ar\/2021\/prepagas-una-decision-judicial-complica-la-devolucion-de-dinero-a-los-afiliados\/","name":"Prepagas: una decisi\u00f3n judicial complica la devoluci\u00f3n de dinero a los afiliados - Noticias Radio Reflejos","isPartOf":{"@id":"https:\/\/www.noticiasradioreflejos.com.ar\/2021\/#website"},"datePublished":"2024-05-02T10:56:57+00:00","dateModified":"2024-05-02T10:58:17+00:00","author":{"@id":"https:\/\/www.noticiasradioreflejos.com.ar\/2021\/#\/schema\/person\/ad82545263dcc5ec0996818884fd5fb1"},"breadcrumb":{"@id":"https:\/\/www.noticiasradioreflejos.com.ar\/2021\/prepagas-una-decision-judicial-complica-la-devolucion-de-dinero-a-los-afiliados\/#breadcrumb"},"inLanguage":"es","potentialAction":[{"@type":"ReadAction","target":["https:\/\/www.noticiasradioreflejos.com.ar\/2021\/prepagas-una-decision-judicial-complica-la-devolucion-de-dinero-a-los-afiliados\/"]}]},{"@type":"BreadcrumbList","@id":"https:\/\/www.noticiasradioreflejos.com.ar\/2021\/prepagas-una-decision-judicial-complica-la-devolucion-de-dinero-a-los-afiliados\/#breadcrumb","itemListElement":[{"@type":"ListItem","position":1,"name":"Portada","item":"https:\/\/www.noticiasradioreflejos.com.ar\/2021\/"},{"@type":"ListItem","position":2,"name":"Prepagas: una decisi\u00f3n judicial complica la devoluci\u00f3n de dinero a los afiliados"}]},{"@type":"WebSite","@id":"https:\/\/www.noticiasradioreflejos.com.ar\/2021\/#website","url":"https:\/\/www.noticiasradioreflejos.com.ar\/2021\/","name":"Noticias Radio Reflejos","description":"Las noticias de mi comarca","potentialAction":[{"@type":"SearchAction","target":{"@type":"EntryPoint","urlTemplate":"https:\/\/www.noticiasradioreflejos.com.ar\/2021\/?s={search_term_string}"},"query-input":{"@type":"PropertyValueSpecification","valueRequired":true,"valueName":"search_term_string"}}],"inLanguage":"es"},{"@type":"Person","@id":"https:\/\/www.noticiasradioreflejos.com.ar\/2021\/#\/schema\/person\/ad82545263dcc5ec0996818884fd5fb1","name":"Arnaldo Botto","image":{"@type":"ImageObject","inLanguage":"es","@id":"https:\/\/www.noticiasradioreflejos.com.ar\/2021\/#\/schema\/person\/image\/","url":"https:\/\/secure.gravatar.com\/avatar\/55cb5e37c1efa326397366e6974cb338056df65cb50e7d64d1cf314e87504837?s=96&d=mm&r=g","contentUrl":"https:\/\/secure.gravatar.com\/avatar\/55cb5e37c1efa326397366e6974cb338056df65cb50e7d64d1cf314e87504837?s=96&d=mm&r=g","caption":"Arnaldo Botto"},"url":"https:\/\/www.noticiasradioreflejos.com.ar\/2021\/author\/arnaldo\/"}]}},"_links":{"self":[{"href":"https:\/\/www.noticiasradioreflejos.com.ar\/2021\/wp-json\/wp\/v2\/posts\/102012","targetHints":{"allow":["GET"]}}],"collection":[{"href":"https:\/\/www.noticiasradioreflejos.com.ar\/2021\/wp-json\/wp\/v2\/posts"}],"about":[{"href":"https:\/\/www.noticiasradioreflejos.com.ar\/2021\/wp-json\/wp\/v2\/types\/post"}],"author":[{"embeddable":true,"href":"https:\/\/www.noticiasradioreflejos.com.ar\/2021\/wp-json\/wp\/v2\/users\/3"}],"replies":[{"embeddable":true,"href":"https:\/\/www.noticiasradioreflejos.com.ar\/2021\/wp-json\/wp\/v2\/comments?post=102012"}],"version-history":[{"count":2,"href":"https:\/\/www.noticiasradioreflejos.com.ar\/2021\/wp-json\/wp\/v2\/posts\/102012\/revisions"}],"predecessor-version":[{"id":102015,"href":"https:\/\/www.noticiasradioreflejos.com.ar\/2021\/wp-json\/wp\/v2\/posts\/102012\/revisions\/102015"}],"wp:attachment":[{"href":"https:\/\/www.noticiasradioreflejos.com.ar\/2021\/wp-json\/wp\/v2\/media?parent=102012"}],"wp:term":[{"taxonomy":"category","embeddable":true,"href":"https:\/\/www.noticiasradioreflejos.com.ar\/2021\/wp-json\/wp\/v2\/categories?post=102012"},{"taxonomy":"post_tag","embeddable":true,"href":"https:\/\/www.noticiasradioreflejos.com.ar\/2021\/wp-json\/wp\/v2\/tags?post=102012"}],"curies":[{"name":"wp","href":"https:\/\/api.w.org\/{rel}","templated":true}]}}