{"id":102004,"date":"2024-05-01T10:48:54","date_gmt":"2024-05-01T13:48:54","guid":{"rendered":"https:\/\/www.noticiasradioreflejos.com.ar\/2021\/?p=102004"},"modified":"2024-05-01T10:48:54","modified_gmt":"2024-05-01T13:48:54","slug":"dia-de-la-constitucion-nacional","status":"publish","type":"post","link":"https:\/\/www.noticiasradioreflejos.com.ar\/2021\/dia-de-la-constitucion-nacional\/","title":{"rendered":"D\u00eda de la Constituci\u00f3n Nacional"},"content":{"rendered":"<p>El 1 de Mayo de 1853 en Santa Fe, se promulgaba la Constituci\u00f3n de la Confederaci\u00f3n Argentina. \u00a0Desde la Revoluci\u00f3n de Mayo de 1810, las \u00abProvincias Unidas del R\u00edo de la Plata\u00bb pujaron por darse un r\u00e9gimen legal que consagre definitivamente su identidad en todo el territorio. Ello no fue tarea sencilla, pues los marcados conflictos de intereses entre Buenos Aires y el resto de las Provincias posterg\u00f3 su tratamiento a partir de la crisis del a\u00f1o XX derivada de la batalla de Cepeda que determin\u00f3 la ca\u00edda del Congreso y del Directorio.<!--more--><\/p>\n<p>Luego de los fallidos intentos de la Asamblea del a\u00f1o 1813, del Congreso de Tucum\u00e1n de 1816 y las constituciones de 1819 y 1826, se sentaron los cimientos de la organizaci\u00f3n institucional Argentina: El Pacto Federal de 1831 y la batalla de Caseros que acarre\u00f3 la derrota de Rosas, permiti\u00f3 a Urquiza generar los consensos entre Buenos Aires y el resto de las provincias en el llamado \u00abAcuerdo de San Nicol\u00e1s\u00bb. Sin duda la gran fuente doctrinaria\u00a0\u00a0\u00a0 inspiradora \u00a0fue el texto de Juan bautista Alberdi \u00abBases y puntos de partida para la organizaci\u00f3n pol\u00edtica de la Rep\u00fablica Argentina\u00bb incorpor\u00e1ndose a ello los modernos principios consagrados en la constituci\u00f3n de los EEUU de 1787, que adopt\u00f3 un sistema de gobierno republicano y presidencialista y organiz\u00f3 el estado federal. Existieron intensas discusiones sobre la similitud con la constituci\u00f3n norteamericana, la libertad de culto y la apertura a nuevas olas de inmigrantes, aunque prevalecieron los puntos de vista m\u00e1s progresistas generando una Constituci\u00f3n ejemplar y vanguardista para la \u00e9poca. Finalmente \u00a0el pre\u00e1mbulo (verdadera manifestaci\u00f3n de principios) y sus 107 art\u00edculos, fueron promulgados el 1 de Mayo de 1853 marcando el inicio de una nueva era para la Rep\u00fablica. La constituci\u00f3n fue modificada en 7 oportunidades, 1860, (Pacto San Jos\u00e9 de Flores mediante, por el cual la Provincia de Buenos Aires se une a la federaci\u00f3n) 1866, 1898, 1949, 1957, 1972 y 1994, aunque no todas ellas por convenciones constituyentes.<br \/>\nLa \u00faltima reforma constitucional consider\u00f3 como antecedentes validos las reformas 1860, 1866, 1898, y 1957.<\/p>\n<p>Concurrente con el d\u00eda Internacional del trabajo, la reforma de 1957 incorpor\u00f3 con rango constitucional, en el art\u00edculo 14 bis, los derechos del trabajador incluido el derecho a huelga.<br \/>\nPara decirlo en palabras de Alberdi, <strong>la aspiraci\u00f3n es que la Constituci\u00f3n constituya una carta de navegaci\u00f3n para guiar los destinos del pa\u00eds. En su defensa y observancia estaremos construyendo un estado de derecho cada vez m\u00e1s vigoroso.<\/strong><\/p>\n<p><strong>Por \u00faltimo, la ley 25.863 declar\u00f3 este d\u00eda de cada a\u00f1o, como D\u00eda de la Constituci\u00f3n Nacional en conmemoraci\u00f3n de su sanci\u00f3n, acaecida el 1\u00b0 de mayo de 1853 en la ciudad de Santa Fe y dispuso la inclusi\u00f3n de jornadas alusivas en los calendarios escolares y acad\u00e9micos con el objetivo que estas jornadas ser\u00e1n de reflexi\u00f3n acerca del significado, importancia y efectividad de los postulados normativos de nuestra Constituci\u00f3n, particularmente los derechos y garant\u00edas de los habitantes y la observancia de los valores democr\u00e1tico<\/strong><\/p>\n<p>&nbsp;<\/p>\n","protected":false},"excerpt":{"rendered":"<p>El 1 de Mayo de 1853 en Santa Fe, se promulgaba la Constituci\u00f3n de la Confederaci\u00f3n Argentina. \u00a0Desde la Revoluci\u00f3n de Mayo de 1810, las \u00abProvincias Unidas del R\u00edo de la Plata\u00bb pujaron por darse un r\u00e9gimen legal que consagre definitivamente su identidad en todo el territorio. Ello no fue tarea sencilla, pues los marcados [&hellip;]<\/p>\n","protected":false},"author":3,"featured_media":0,"comment_status":"closed","ping_status":"closed","sticky":false,"template":"","format":"standard","meta":{"footnotes":""},"categories":[24,26],"tags":[],"class_list":["post-102004","post","type-post","status-publish","format-standard","hentry","category-politica","category-sociedad"],"yoast_head":"<!-- This site is optimized with the Yoast SEO plugin v25.9 - https:\/\/yoast.com\/wordpress\/plugins\/seo\/ -->\n<title>D\u00eda de la Constituci\u00f3n Nacional - Noticias Radio Reflejos<\/title>\n<meta name=\"robots\" content=\"index, follow, max-snippet:-1, max-image-preview:large, max-video-preview:-1\" \/>\n<link rel=\"canonical\" href=\"https:\/\/www.noticiasradioreflejos.com.ar\/2021\/dia-de-la-constitucion-nacional\/\" \/>\n<meta property=\"og:locale\" content=\"es_ES\" \/>\n<meta property=\"og:type\" content=\"article\" \/>\n<meta property=\"og:title\" content=\"D\u00eda de la Constituci\u00f3n Nacional - Noticias Radio Reflejos\" \/>\n<meta property=\"og:description\" content=\"El 1 de Mayo de 1853 en Santa Fe, se promulgaba la Constituci\u00f3n de la Confederaci\u00f3n Argentina. \u00a0Desde la Revoluci\u00f3n de Mayo de 1810, las \u00abProvincias Unidas del R\u00edo de la Plata\u00bb pujaron por darse un r\u00e9gimen legal que consagre definitivamente su identidad en todo el territorio. Ello no fue tarea sencilla, pues los marcados [&hellip;]\" \/>\n<meta property=\"og:url\" content=\"https:\/\/www.noticiasradioreflejos.com.ar\/2021\/dia-de-la-constitucion-nacional\/\" \/>\n<meta property=\"og:site_name\" content=\"Noticias Radio Reflejos\" \/>\n<meta property=\"article:published_time\" content=\"2024-05-01T13:48:54+00:00\" \/>\n<meta property=\"og:image\" content=\"https:\/\/www.noticiasradioreflejos.com.ar\/2021\/wp-content\/uploads\/2021\/07\/logosol300x200.png\" \/>\n\t<meta property=\"og:image:width\" content=\"300\" \/>\n\t<meta property=\"og:image:height\" content=\"200\" \/>\n\t<meta property=\"og:image:type\" content=\"image\/png\" \/>\n<meta name=\"author\" content=\"Arnaldo Botto\" \/>\n<meta name=\"twitter:card\" content=\"summary_large_image\" \/>\n<script type=\"application\/ld+json\" class=\"yoast-schema-graph\">{\"@context\":\"https:\/\/schema.org\",\"@graph\":[{\"@type\":\"WebPage\",\"@id\":\"https:\/\/www.noticiasradioreflejos.com.ar\/2021\/dia-de-la-constitucion-nacional\/\",\"url\":\"https:\/\/www.noticiasradioreflejos.com.ar\/2021\/dia-de-la-constitucion-nacional\/\",\"name\":\"D\u00eda de la Constituci\u00f3n Nacional - Noticias Radio Reflejos\",\"isPartOf\":{\"@id\":\"https:\/\/www.noticiasradioreflejos.com.ar\/2021\/#website\"},\"datePublished\":\"2024-05-01T13:48:54+00:00\",\"author\":{\"@id\":\"https:\/\/www.noticiasradioreflejos.com.ar\/2021\/#\/schema\/person\/ad82545263dcc5ec0996818884fd5fb1\"},\"breadcrumb\":{\"@id\":\"https:\/\/www.noticiasradioreflejos.com.ar\/2021\/dia-de-la-constitucion-nacional\/#breadcrumb\"},\"inLanguage\":\"es\",\"potentialAction\":[{\"@type\":\"ReadAction\",\"target\":[\"https:\/\/www.noticiasradioreflejos.com.ar\/2021\/dia-de-la-constitucion-nacional\/\"]}]},{\"@type\":\"BreadcrumbList\",\"@id\":\"https:\/\/www.noticiasradioreflejos.com.ar\/2021\/dia-de-la-constitucion-nacional\/#breadcrumb\",\"itemListElement\":[{\"@type\":\"ListItem\",\"position\":1,\"name\":\"Portada\",\"item\":\"https:\/\/www.noticiasradioreflejos.com.ar\/2021\/\"},{\"@type\":\"ListItem\",\"position\":2,\"name\":\"D\u00eda de la Constituci\u00f3n Nacional\"}]},{\"@type\":\"WebSite\",\"@id\":\"https:\/\/www.noticiasradioreflejos.com.ar\/2021\/#website\",\"url\":\"https:\/\/www.noticiasradioreflejos.com.ar\/2021\/\",\"name\":\"Noticias Radio Reflejos\",\"description\":\"Las noticias de mi comarca\",\"potentialAction\":[{\"@type\":\"SearchAction\",\"target\":{\"@type\":\"EntryPoint\",\"urlTemplate\":\"https:\/\/www.noticiasradioreflejos.com.ar\/2021\/?s={search_term_string}\"},\"query-input\":{\"@type\":\"PropertyValueSpecification\",\"valueRequired\":true,\"valueName\":\"search_term_string\"}}],\"inLanguage\":\"es\"},{\"@type\":\"Person\",\"@id\":\"https:\/\/www.noticiasradioreflejos.com.ar\/2021\/#\/schema\/person\/ad82545263dcc5ec0996818884fd5fb1\",\"name\":\"Arnaldo Botto\",\"image\":{\"@type\":\"ImageObject\",\"inLanguage\":\"es\",\"@id\":\"https:\/\/www.noticiasradioreflejos.com.ar\/2021\/#\/schema\/person\/image\/\",\"url\":\"https:\/\/secure.gravatar.com\/avatar\/55cb5e37c1efa326397366e6974cb338056df65cb50e7d64d1cf314e87504837?s=96&d=mm&r=g\",\"contentUrl\":\"https:\/\/secure.gravatar.com\/avatar\/55cb5e37c1efa326397366e6974cb338056df65cb50e7d64d1cf314e87504837?s=96&d=mm&r=g\",\"caption\":\"Arnaldo Botto\"},\"url\":\"https:\/\/www.noticiasradioreflejos.com.ar\/2021\/author\/arnaldo\/\"}]}<\/script>\n<!-- \/ Yoast SEO plugin. -->","yoast_head_json":{"title":"D\u00eda de la Constituci\u00f3n Nacional - Noticias Radio Reflejos","robots":{"index":"index","follow":"follow","max-snippet":"max-snippet:-1","max-image-preview":"max-image-preview:large","max-video-preview":"max-video-preview:-1"},"canonical":"https:\/\/www.noticiasradioreflejos.com.ar\/2021\/dia-de-la-constitucion-nacional\/","og_locale":"es_ES","og_type":"article","og_title":"D\u00eda de la Constituci\u00f3n Nacional - Noticias Radio Reflejos","og_description":"El 1 de Mayo de 1853 en Santa Fe, se promulgaba la Constituci\u00f3n de la Confederaci\u00f3n Argentina. \u00a0Desde la Revoluci\u00f3n de Mayo de 1810, las \u00abProvincias Unidas del R\u00edo de la Plata\u00bb pujaron por darse un r\u00e9gimen legal que consagre definitivamente su identidad en todo el territorio. Ello no fue tarea sencilla, pues los marcados [&hellip;]","og_url":"https:\/\/www.noticiasradioreflejos.com.ar\/2021\/dia-de-la-constitucion-nacional\/","og_site_name":"Noticias Radio Reflejos","article_published_time":"2024-05-01T13:48:54+00:00","og_image":[{"width":300,"height":200,"url":"https:\/\/www.noticiasradioreflejos.com.ar\/2021\/wp-content\/uploads\/2021\/07\/logosol300x200.png","type":"image\/png"}],"author":"Arnaldo Botto","twitter_card":"summary_large_image","schema":{"@context":"https:\/\/schema.org","@graph":[{"@type":"WebPage","@id":"https:\/\/www.noticiasradioreflejos.com.ar\/2021\/dia-de-la-constitucion-nacional\/","url":"https:\/\/www.noticiasradioreflejos.com.ar\/2021\/dia-de-la-constitucion-nacional\/","name":"D\u00eda de la Constituci\u00f3n Nacional - Noticias Radio Reflejos","isPartOf":{"@id":"https:\/\/www.noticiasradioreflejos.com.ar\/2021\/#website"},"datePublished":"2024-05-01T13:48:54+00:00","author":{"@id":"https:\/\/www.noticiasradioreflejos.com.ar\/2021\/#\/schema\/person\/ad82545263dcc5ec0996818884fd5fb1"},"breadcrumb":{"@id":"https:\/\/www.noticiasradioreflejos.com.ar\/2021\/dia-de-la-constitucion-nacional\/#breadcrumb"},"inLanguage":"es","potentialAction":[{"@type":"ReadAction","target":["https:\/\/www.noticiasradioreflejos.com.ar\/2021\/dia-de-la-constitucion-nacional\/"]}]},{"@type":"BreadcrumbList","@id":"https:\/\/www.noticiasradioreflejos.com.ar\/2021\/dia-de-la-constitucion-nacional\/#breadcrumb","itemListElement":[{"@type":"ListItem","position":1,"name":"Portada","item":"https:\/\/www.noticiasradioreflejos.com.ar\/2021\/"},{"@type":"ListItem","position":2,"name":"D\u00eda de la Constituci\u00f3n Nacional"}]},{"@type":"WebSite","@id":"https:\/\/www.noticiasradioreflejos.com.ar\/2021\/#website","url":"https:\/\/www.noticiasradioreflejos.com.ar\/2021\/","name":"Noticias Radio Reflejos","description":"Las noticias de mi comarca","potentialAction":[{"@type":"SearchAction","target":{"@type":"EntryPoint","urlTemplate":"https:\/\/www.noticiasradioreflejos.com.ar\/2021\/?s={search_term_string}"},"query-input":{"@type":"PropertyValueSpecification","valueRequired":true,"valueName":"search_term_string"}}],"inLanguage":"es"},{"@type":"Person","@id":"https:\/\/www.noticiasradioreflejos.com.ar\/2021\/#\/schema\/person\/ad82545263dcc5ec0996818884fd5fb1","name":"Arnaldo Botto","image":{"@type":"ImageObject","inLanguage":"es","@id":"https:\/\/www.noticiasradioreflejos.com.ar\/2021\/#\/schema\/person\/image\/","url":"https:\/\/secure.gravatar.com\/avatar\/55cb5e37c1efa326397366e6974cb338056df65cb50e7d64d1cf314e87504837?s=96&d=mm&r=g","contentUrl":"https:\/\/secure.gravatar.com\/avatar\/55cb5e37c1efa326397366e6974cb338056df65cb50e7d64d1cf314e87504837?s=96&d=mm&r=g","caption":"Arnaldo Botto"},"url":"https:\/\/www.noticiasradioreflejos.com.ar\/2021\/author\/arnaldo\/"}]}},"_links":{"self":[{"href":"https:\/\/www.noticiasradioreflejos.com.ar\/2021\/wp-json\/wp\/v2\/posts\/102004","targetHints":{"allow":["GET"]}}],"collection":[{"href":"https:\/\/www.noticiasradioreflejos.com.ar\/2021\/wp-json\/wp\/v2\/posts"}],"about":[{"href":"https:\/\/www.noticiasradioreflejos.com.ar\/2021\/wp-json\/wp\/v2\/types\/post"}],"author":[{"embeddable":true,"href":"https:\/\/www.noticiasradioreflejos.com.ar\/2021\/wp-json\/wp\/v2\/users\/3"}],"replies":[{"embeddable":true,"href":"https:\/\/www.noticiasradioreflejos.com.ar\/2021\/wp-json\/wp\/v2\/comments?post=102004"}],"version-history":[{"count":1,"href":"https:\/\/www.noticiasradioreflejos.com.ar\/2021\/wp-json\/wp\/v2\/posts\/102004\/revisions"}],"predecessor-version":[{"id":102006,"href":"https:\/\/www.noticiasradioreflejos.com.ar\/2021\/wp-json\/wp\/v2\/posts\/102004\/revisions\/102006"}],"wp:attachment":[{"href":"https:\/\/www.noticiasradioreflejos.com.ar\/2021\/wp-json\/wp\/v2\/media?parent=102004"}],"wp:term":[{"taxonomy":"category","embeddable":true,"href":"https:\/\/www.noticiasradioreflejos.com.ar\/2021\/wp-json\/wp\/v2\/categories?post=102004"},{"taxonomy":"post_tag","embeddable":true,"href":"https:\/\/www.noticiasradioreflejos.com.ar\/2021\/wp-json\/wp\/v2\/tags?post=102004"}],"curies":[{"name":"wp","href":"https:\/\/api.w.org\/{rel}","templated":true}]}}