{"id":101999,"date":"2024-05-01T10:09:44","date_gmt":"2024-05-01T13:09:44","guid":{"rendered":"https:\/\/www.noticiasradioreflejos.com.ar\/2021\/?p=101999"},"modified":"2024-05-01T10:09:44","modified_gmt":"2024-05-01T13:09:44","slug":"justicia-suspende-en-una-provincia-las-fotomultas-podria-pasar-lo-mismo-en-el-resto-del-pais","status":"publish","type":"post","link":"https:\/\/www.noticiasradioreflejos.com.ar\/2021\/justicia-suspende-en-una-provincia-las-fotomultas-podria-pasar-lo-mismo-en-el-resto-del-pais\/","title":{"rendered":"Justicia suspende en una provincia las fotomultas: \u00bfpodr\u00eda pasar lo mismo en el resto del pa\u00eds?"},"content":{"rendered":"<p>Si bien la medida no es definitiva, de quedar firme podr\u00eda sentar un precedente a nivel nacional.<!--more-->La Justicia de la provincia de Chaco suspendi\u00f3, de manera provisoria por ahora, las multas generadas por los radares ante la presentaci\u00f3n de un ciudadano local.<\/p>\n<p>La medida cautelar innovativa fue emitida por el Juzgado Civil y Comercial N\u00b0 2, que esta a cargo del juez Juli\u00e1n Benito Flores, seg\u00fan inform\u00f3 Diario Chaco.<\/p>\n<h4>Chau fotomultas<\/h4>\n<p>La misma ordena que se suspenda el cobro de las fotomultas \u00abde manera inmediata cualquier instrumento legal emitido en relaci\u00f3n a las infracciones generadas por medio de radares ubicados en las rutas nacionales y provinciales del Chaco, colocados y\/o habilitados a partir del a\u00f1o2022, hasta tanto se tramite la acci\u00f3n de amparo\u00bb.<\/p>\n<p>Si bien esta medida no es definitiva, sino que se aplica hasta que se pueda resolver la cuesti\u00f3n de fondo, es decir el amparo presentado por el Defensor del Pueblo, Berrnardo Voloj, apunt\u00f3 el sitio diariochaco.com<\/p>\n<p>El caso de las fotomultas gener\u00f3 confusi\u00f3n en la provincia ya que la mayor\u00eda de los conductores se enter\u00f3 a trav\u00e9s de una p\u00e1gina que se hizo viral hace algunas semanas en la red social X.<\/p>\n<p>All\u00ed se mostraban infracciones por supuestos excesos de velocidad registrados por los radares en las rutas. Tras esta situaci\u00f3n, la Defensor\u00eda del Pueblo recibi\u00f3 consultas, reclamos y solicitudes de asesoramiento para saber que medidas tomar antes los hechos.<\/p>\n<p>Adem\u00e1s, desde un primer momento, les recomendaron a los supuestos infractores que no abonen el total de las multas, ya que era necesario aclarar el funcionamiento del sistema de fotomultas que rige en la provincia desde el 2022. Entre las irregularidades se encuentra la falta de se\u00f1alizaci\u00f3n clara y la no comunicaci\u00f3n de las infracciones lo cual atenta contra el derecho de defensa.<\/p>\n<p>Por otra parte, en la Legislatura chaque\u00f1a se presentaron dos proyectos de ley referidos al tema. El primero de ellos, el del diputado del Frente Integrador, Dar\u00edo Bacileff Ivanoff, que solicita que dejen sin efecto toda infracci\u00f3n por fotomultas por 180 d\u00edas.<\/p>\n<p>El segundo es de dos diputados del oficialismo, Carim Peche y Ernesto Blasco. Ellos proponen que suspenda el sistema de fotomultas, que se deje sin efecto el cobro de las infracciones de tr\u00e1nsito originadas en la provincia y tambi\u00e9n piden que no se tomen acciones judiciales debido a esta situaci\u00f3n.<\/p>\n<p>&nbsp;<\/p>\n<p>&nbsp;<\/p>\n<p><em><strong>Fuente NA<\/strong><\/em><\/p>\n","protected":false},"excerpt":{"rendered":"<p>Si bien la medida no es definitiva, de quedar firme podr\u00eda sentar un precedente a nivel nacional.<\/p>\n","protected":false},"author":3,"featured_media":102000,"comment_status":"closed","ping_status":"closed","sticky":false,"template":"","format":"standard","meta":{"footnotes":""},"categories":[57],"tags":[],"class_list":["post-101999","post","type-post","status-publish","format-standard","has-post-thumbnail","hentry","category-judiciales"],"yoast_head":"<!-- This site is optimized with the Yoast SEO plugin v25.9 - https:\/\/yoast.com\/wordpress\/plugins\/seo\/ -->\n<title>Justicia suspende en una provincia las fotomultas: \u00bfpodr\u00eda pasar lo mismo en el resto del pa\u00eds? - Noticias Radio Reflejos<\/title>\n<meta name=\"robots\" content=\"index, follow, max-snippet:-1, max-image-preview:large, max-video-preview:-1\" \/>\n<link rel=\"canonical\" href=\"https:\/\/www.noticiasradioreflejos.com.ar\/2021\/justicia-suspende-en-una-provincia-las-fotomultas-podria-pasar-lo-mismo-en-el-resto-del-pais\/\" \/>\n<meta property=\"og:locale\" content=\"es_ES\" \/>\n<meta property=\"og:type\" content=\"article\" \/>\n<meta property=\"og:title\" content=\"Justicia suspende en una provincia las fotomultas: \u00bfpodr\u00eda pasar lo mismo en el resto del pa\u00eds? - Noticias Radio Reflejos\" \/>\n<meta property=\"og:description\" content=\"Si bien la medida no es definitiva, de quedar firme podr\u00eda sentar un precedente a nivel nacional.\" \/>\n<meta property=\"og:url\" content=\"https:\/\/www.noticiasradioreflejos.com.ar\/2021\/justicia-suspende-en-una-provincia-las-fotomultas-podria-pasar-lo-mismo-en-el-resto-del-pais\/\" \/>\n<meta property=\"og:site_name\" content=\"Noticias Radio Reflejos\" \/>\n<meta property=\"article:published_time\" content=\"2024-05-01T13:09:44+00:00\" \/>\n<meta property=\"og:image\" content=\"https:\/\/www.noticiasradioreflejos.com.ar\/2021\/wp-content\/uploads\/2024\/05\/fotomultas.jpg\" \/>\n\t<meta property=\"og:image:width\" content=\"1024\" \/>\n\t<meta property=\"og:image:height\" content=\"768\" \/>\n\t<meta property=\"og:image:type\" content=\"image\/jpeg\" \/>\n<meta name=\"author\" content=\"Arnaldo Botto\" \/>\n<meta name=\"twitter:card\" content=\"summary_large_image\" \/>\n<script type=\"application\/ld+json\" class=\"yoast-schema-graph\">{\"@context\":\"https:\/\/schema.org\",\"@graph\":[{\"@type\":\"WebPage\",\"@id\":\"https:\/\/www.noticiasradioreflejos.com.ar\/2021\/justicia-suspende-en-una-provincia-las-fotomultas-podria-pasar-lo-mismo-en-el-resto-del-pais\/\",\"url\":\"https:\/\/www.noticiasradioreflejos.com.ar\/2021\/justicia-suspende-en-una-provincia-las-fotomultas-podria-pasar-lo-mismo-en-el-resto-del-pais\/\",\"name\":\"Justicia suspende en una provincia las fotomultas: \u00bfpodr\u00eda pasar lo mismo en el resto del pa\u00eds? - Noticias Radio Reflejos\",\"isPartOf\":{\"@id\":\"https:\/\/www.noticiasradioreflejos.com.ar\/2021\/#website\"},\"primaryImageOfPage\":{\"@id\":\"https:\/\/www.noticiasradioreflejos.com.ar\/2021\/justicia-suspende-en-una-provincia-las-fotomultas-podria-pasar-lo-mismo-en-el-resto-del-pais\/#primaryimage\"},\"image\":{\"@id\":\"https:\/\/www.noticiasradioreflejos.com.ar\/2021\/justicia-suspende-en-una-provincia-las-fotomultas-podria-pasar-lo-mismo-en-el-resto-del-pais\/#primaryimage\"},\"thumbnailUrl\":\"https:\/\/www.noticiasradioreflejos.com.ar\/2021\/wp-content\/uploads\/2024\/05\/fotomultas.jpg\",\"datePublished\":\"2024-05-01T13:09:44+00:00\",\"author\":{\"@id\":\"https:\/\/www.noticiasradioreflejos.com.ar\/2021\/#\/schema\/person\/ad82545263dcc5ec0996818884fd5fb1\"},\"breadcrumb\":{\"@id\":\"https:\/\/www.noticiasradioreflejos.com.ar\/2021\/justicia-suspende-en-una-provincia-las-fotomultas-podria-pasar-lo-mismo-en-el-resto-del-pais\/#breadcrumb\"},\"inLanguage\":\"es\",\"potentialAction\":[{\"@type\":\"ReadAction\",\"target\":[\"https:\/\/www.noticiasradioreflejos.com.ar\/2021\/justicia-suspende-en-una-provincia-las-fotomultas-podria-pasar-lo-mismo-en-el-resto-del-pais\/\"]}]},{\"@type\":\"ImageObject\",\"inLanguage\":\"es\",\"@id\":\"https:\/\/www.noticiasradioreflejos.com.ar\/2021\/justicia-suspende-en-una-provincia-las-fotomultas-podria-pasar-lo-mismo-en-el-resto-del-pais\/#primaryimage\",\"url\":\"https:\/\/www.noticiasradioreflejos.com.ar\/2021\/wp-content\/uploads\/2024\/05\/fotomultas.jpg\",\"contentUrl\":\"https:\/\/www.noticiasradioreflejos.com.ar\/2021\/wp-content\/uploads\/2024\/05\/fotomultas.jpg\",\"width\":1024,\"height\":768},{\"@type\":\"BreadcrumbList\",\"@id\":\"https:\/\/www.noticiasradioreflejos.com.ar\/2021\/justicia-suspende-en-una-provincia-las-fotomultas-podria-pasar-lo-mismo-en-el-resto-del-pais\/#breadcrumb\",\"itemListElement\":[{\"@type\":\"ListItem\",\"position\":1,\"name\":\"Portada\",\"item\":\"https:\/\/www.noticiasradioreflejos.com.ar\/2021\/\"},{\"@type\":\"ListItem\",\"position\":2,\"name\":\"Justicia suspende en una provincia las fotomultas: \u00bfpodr\u00eda pasar lo mismo en el resto del pa\u00eds?\"}]},{\"@type\":\"WebSite\",\"@id\":\"https:\/\/www.noticiasradioreflejos.com.ar\/2021\/#website\",\"url\":\"https:\/\/www.noticiasradioreflejos.com.ar\/2021\/\",\"name\":\"Noticias Radio Reflejos\",\"description\":\"Las noticias de mi comarca\",\"potentialAction\":[{\"@type\":\"SearchAction\",\"target\":{\"@type\":\"EntryPoint\",\"urlTemplate\":\"https:\/\/www.noticiasradioreflejos.com.ar\/2021\/?s={search_term_string}\"},\"query-input\":{\"@type\":\"PropertyValueSpecification\",\"valueRequired\":true,\"valueName\":\"search_term_string\"}}],\"inLanguage\":\"es\"},{\"@type\":\"Person\",\"@id\":\"https:\/\/www.noticiasradioreflejos.com.ar\/2021\/#\/schema\/person\/ad82545263dcc5ec0996818884fd5fb1\",\"name\":\"Arnaldo Botto\",\"image\":{\"@type\":\"ImageObject\",\"inLanguage\":\"es\",\"@id\":\"https:\/\/www.noticiasradioreflejos.com.ar\/2021\/#\/schema\/person\/image\/\",\"url\":\"https:\/\/secure.gravatar.com\/avatar\/55cb5e37c1efa326397366e6974cb338056df65cb50e7d64d1cf314e87504837?s=96&d=mm&r=g\",\"contentUrl\":\"https:\/\/secure.gravatar.com\/avatar\/55cb5e37c1efa326397366e6974cb338056df65cb50e7d64d1cf314e87504837?s=96&d=mm&r=g\",\"caption\":\"Arnaldo Botto\"},\"url\":\"https:\/\/www.noticiasradioreflejos.com.ar\/2021\/author\/arnaldo\/\"}]}<\/script>\n<!-- \/ Yoast SEO plugin. -->","yoast_head_json":{"title":"Justicia suspende en una provincia las fotomultas: \u00bfpodr\u00eda pasar lo mismo en el resto del pa\u00eds? - Noticias Radio Reflejos","robots":{"index":"index","follow":"follow","max-snippet":"max-snippet:-1","max-image-preview":"max-image-preview:large","max-video-preview":"max-video-preview:-1"},"canonical":"https:\/\/www.noticiasradioreflejos.com.ar\/2021\/justicia-suspende-en-una-provincia-las-fotomultas-podria-pasar-lo-mismo-en-el-resto-del-pais\/","og_locale":"es_ES","og_type":"article","og_title":"Justicia suspende en una provincia las fotomultas: \u00bfpodr\u00eda pasar lo mismo en el resto del pa\u00eds? - Noticias Radio Reflejos","og_description":"Si bien la medida no es definitiva, de quedar firme podr\u00eda sentar un precedente a nivel nacional.","og_url":"https:\/\/www.noticiasradioreflejos.com.ar\/2021\/justicia-suspende-en-una-provincia-las-fotomultas-podria-pasar-lo-mismo-en-el-resto-del-pais\/","og_site_name":"Noticias Radio Reflejos","article_published_time":"2024-05-01T13:09:44+00:00","og_image":[{"width":1024,"height":768,"url":"https:\/\/www.noticiasradioreflejos.com.ar\/2021\/wp-content\/uploads\/2024\/05\/fotomultas.jpg","type":"image\/jpeg"}],"author":"Arnaldo Botto","twitter_card":"summary_large_image","schema":{"@context":"https:\/\/schema.org","@graph":[{"@type":"WebPage","@id":"https:\/\/www.noticiasradioreflejos.com.ar\/2021\/justicia-suspende-en-una-provincia-las-fotomultas-podria-pasar-lo-mismo-en-el-resto-del-pais\/","url":"https:\/\/www.noticiasradioreflejos.com.ar\/2021\/justicia-suspende-en-una-provincia-las-fotomultas-podria-pasar-lo-mismo-en-el-resto-del-pais\/","name":"Justicia suspende en una provincia las fotomultas: \u00bfpodr\u00eda pasar lo mismo en el resto del pa\u00eds? - Noticias Radio Reflejos","isPartOf":{"@id":"https:\/\/www.noticiasradioreflejos.com.ar\/2021\/#website"},"primaryImageOfPage":{"@id":"https:\/\/www.noticiasradioreflejos.com.ar\/2021\/justicia-suspende-en-una-provincia-las-fotomultas-podria-pasar-lo-mismo-en-el-resto-del-pais\/#primaryimage"},"image":{"@id":"https:\/\/www.noticiasradioreflejos.com.ar\/2021\/justicia-suspende-en-una-provincia-las-fotomultas-podria-pasar-lo-mismo-en-el-resto-del-pais\/#primaryimage"},"thumbnailUrl":"https:\/\/www.noticiasradioreflejos.com.ar\/2021\/wp-content\/uploads\/2024\/05\/fotomultas.jpg","datePublished":"2024-05-01T13:09:44+00:00","author":{"@id":"https:\/\/www.noticiasradioreflejos.com.ar\/2021\/#\/schema\/person\/ad82545263dcc5ec0996818884fd5fb1"},"breadcrumb":{"@id":"https:\/\/www.noticiasradioreflejos.com.ar\/2021\/justicia-suspende-en-una-provincia-las-fotomultas-podria-pasar-lo-mismo-en-el-resto-del-pais\/#breadcrumb"},"inLanguage":"es","potentialAction":[{"@type":"ReadAction","target":["https:\/\/www.noticiasradioreflejos.com.ar\/2021\/justicia-suspende-en-una-provincia-las-fotomultas-podria-pasar-lo-mismo-en-el-resto-del-pais\/"]}]},{"@type":"ImageObject","inLanguage":"es","@id":"https:\/\/www.noticiasradioreflejos.com.ar\/2021\/justicia-suspende-en-una-provincia-las-fotomultas-podria-pasar-lo-mismo-en-el-resto-del-pais\/#primaryimage","url":"https:\/\/www.noticiasradioreflejos.com.ar\/2021\/wp-content\/uploads\/2024\/05\/fotomultas.jpg","contentUrl":"https:\/\/www.noticiasradioreflejos.com.ar\/2021\/wp-content\/uploads\/2024\/05\/fotomultas.jpg","width":1024,"height":768},{"@type":"BreadcrumbList","@id":"https:\/\/www.noticiasradioreflejos.com.ar\/2021\/justicia-suspende-en-una-provincia-las-fotomultas-podria-pasar-lo-mismo-en-el-resto-del-pais\/#breadcrumb","itemListElement":[{"@type":"ListItem","position":1,"name":"Portada","item":"https:\/\/www.noticiasradioreflejos.com.ar\/2021\/"},{"@type":"ListItem","position":2,"name":"Justicia suspende en una provincia las fotomultas: \u00bfpodr\u00eda pasar lo mismo en el resto del pa\u00eds?"}]},{"@type":"WebSite","@id":"https:\/\/www.noticiasradioreflejos.com.ar\/2021\/#website","url":"https:\/\/www.noticiasradioreflejos.com.ar\/2021\/","name":"Noticias Radio Reflejos","description":"Las noticias de mi comarca","potentialAction":[{"@type":"SearchAction","target":{"@type":"EntryPoint","urlTemplate":"https:\/\/www.noticiasradioreflejos.com.ar\/2021\/?s={search_term_string}"},"query-input":{"@type":"PropertyValueSpecification","valueRequired":true,"valueName":"search_term_string"}}],"inLanguage":"es"},{"@type":"Person","@id":"https:\/\/www.noticiasradioreflejos.com.ar\/2021\/#\/schema\/person\/ad82545263dcc5ec0996818884fd5fb1","name":"Arnaldo Botto","image":{"@type":"ImageObject","inLanguage":"es","@id":"https:\/\/www.noticiasradioreflejos.com.ar\/2021\/#\/schema\/person\/image\/","url":"https:\/\/secure.gravatar.com\/avatar\/55cb5e37c1efa326397366e6974cb338056df65cb50e7d64d1cf314e87504837?s=96&d=mm&r=g","contentUrl":"https:\/\/secure.gravatar.com\/avatar\/55cb5e37c1efa326397366e6974cb338056df65cb50e7d64d1cf314e87504837?s=96&d=mm&r=g","caption":"Arnaldo Botto"},"url":"https:\/\/www.noticiasradioreflejos.com.ar\/2021\/author\/arnaldo\/"}]}},"_links":{"self":[{"href":"https:\/\/www.noticiasradioreflejos.com.ar\/2021\/wp-json\/wp\/v2\/posts\/101999","targetHints":{"allow":["GET"]}}],"collection":[{"href":"https:\/\/www.noticiasradioreflejos.com.ar\/2021\/wp-json\/wp\/v2\/posts"}],"about":[{"href":"https:\/\/www.noticiasradioreflejos.com.ar\/2021\/wp-json\/wp\/v2\/types\/post"}],"author":[{"embeddable":true,"href":"https:\/\/www.noticiasradioreflejos.com.ar\/2021\/wp-json\/wp\/v2\/users\/3"}],"replies":[{"embeddable":true,"href":"https:\/\/www.noticiasradioreflejos.com.ar\/2021\/wp-json\/wp\/v2\/comments?post=101999"}],"version-history":[{"count":1,"href":"https:\/\/www.noticiasradioreflejos.com.ar\/2021\/wp-json\/wp\/v2\/posts\/101999\/revisions"}],"predecessor-version":[{"id":102001,"href":"https:\/\/www.noticiasradioreflejos.com.ar\/2021\/wp-json\/wp\/v2\/posts\/101999\/revisions\/102001"}],"wp:featuredmedia":[{"embeddable":true,"href":"https:\/\/www.noticiasradioreflejos.com.ar\/2021\/wp-json\/wp\/v2\/media\/102000"}],"wp:attachment":[{"href":"https:\/\/www.noticiasradioreflejos.com.ar\/2021\/wp-json\/wp\/v2\/media?parent=101999"}],"wp:term":[{"taxonomy":"category","embeddable":true,"href":"https:\/\/www.noticiasradioreflejos.com.ar\/2021\/wp-json\/wp\/v2\/categories?post=101999"},{"taxonomy":"post_tag","embeddable":true,"href":"https:\/\/www.noticiasradioreflejos.com.ar\/2021\/wp-json\/wp\/v2\/tags?post=101999"}],"curies":[{"name":"wp","href":"https:\/\/api.w.org\/{rel}","templated":true}]}}