{"id":101988,"date":"2024-04-30T16:32:15","date_gmt":"2024-04-30T19:32:15","guid":{"rendered":"https:\/\/www.noticiasradioreflejos.com.ar\/2021\/?p=101988"},"modified":"2024-04-30T16:32:15","modified_gmt":"2024-04-30T19:32:15","slug":"el-liberalismo-en-la-historia-de-argentina-un-analisis-critico-desde-mitre-al-presente","status":"publish","type":"post","link":"https:\/\/www.noticiasradioreflejos.com.ar\/2021\/el-liberalismo-en-la-historia-de-argentina-un-analisis-critico-desde-mitre-al-presente\/","title":{"rendered":"EL LIBERALISMO EN LA HISTORIA DE ARGENTINA, un an\u00e1lisis cr\u00edtico desde Mitre al presente"},"content":{"rendered":"<p>El liberalismo ha dejado una huella nociva en la historia de Argentina, marcada por per\u00edodos de atraso t\u00e9cnico-cient\u00edfico y empobrecimiento. Desde los tiempos de Mitre, quien estableci\u00f3 un estado centralista alineado con el Imperio Brit\u00e1nico, hasta la actualidad, el liberalismo ha ejercido una influencia negativa en la pol\u00edtica argentina, impactando tanto en el r\u00e9gimen educativo nacional como en la narrativa hist\u00f3rica del pa\u00eds.<!--more--><\/p>\n<p>Durante los gobiernos de Ju\u00e1rez Celman y Manuel Quintana, las pol\u00edticas liberales contribuyeron a la pauperizaci\u00f3n del pueblo argentino, con solo el 6% de la poblaci\u00f3n benefici\u00e1ndose de las riquezas generadas por el sector agr\u00edcola, principalmente trigo y ganado vacuno. Este per\u00edodo presenci\u00f3 el surgimiento del radicalismo liderado por Leandro Alem y luego por Hip\u00f3lito Yrigoyen, marcando un per\u00edodo de crecimiento econ\u00f3mico y modernizaci\u00f3n de la infraestructura, adem\u00e1s del establecimiento de YPF.<\/p>\n<p>La \u00abd\u00e9cada infame\u00bb bajo el gobierno del Gral. Agust\u00edn P. Justo, caracterizada por el intento de desmantelamiento de YPF y el Pacto Roca-Runciman, represent\u00f3 un rev\u00e9s para la soberan\u00eda argentina y la consolidaci\u00f3n del neocolonialismo. Sin embargo, este per\u00edodo tambi\u00e9n fue testigo del surgimiento del peronismo, un movimiento que buscaba mejorar las condiciones de los trabajadores y promover la justicia social, as\u00ed como la recuperaci\u00f3n de la soberan\u00eda nacional.<\/p>\n<p>El regreso del liberalismo durante la era del menemismo, dentro del marco del peronismo, si bien logr\u00f3 estabilizar la econom\u00eda argentina despu\u00e9s de la hiperinflaci\u00f3n de los a\u00f1os 80, tambi\u00e9n exacerb\u00f3 la desigualdad y condujo a la privatizaci\u00f3n de numerosas empresas estatales, erosionando la soberan\u00eda nacional.<\/p>\n<p>El kirchnerismo surgi\u00f3 como una reacci\u00f3n a las pol\u00edticas liberales, aunque no logr\u00f3 encontrar un equilibrio satisfactorio entre una econom\u00eda capitalista y la justicia social. En lugar de ello, represent\u00f3 un intento de cambio cultural, marcado por un distanciamiento del nacionalismo cultural y las tradiciones arraigadas, lo que gener\u00f3 tensiones sociales y crisis. En julio de 2003, el kirchnerismo se aline\u00f3 con la Internacional Progresista.<\/p>\n<p>Los errores t\u00e1cticos y los objetivos estrat\u00e9gicos llevados a cabo por esta corriente pol\u00edtica dentro del Movimiento Nacional condujeron a una crisis econ\u00f3mica y social, allanando el camino para el retorno del liberalismo al poder, encarnado esta vez en la figura de Javier Milei.<\/p>\n<p>En cuanto al futuro, es dif\u00edcil predecir el curso que tomar\u00e1 el liberalismo en Argentina. Sin embargo, considerando los antecedentes hist\u00f3ricos analizados, es probable que surja una corriente nacionalista, hispanista y federal que busque un equilibrio entre el globalismo y la justicia social, integrando tanto al peronismo como al radicalismo en la l\u00ednea de Alem.<\/p>\n<p>&nbsp;<\/p>\n<p><em><strong>Luis Gotte<\/strong><\/em><br \/>\n<em><strong>La trinchera bonaerense<\/strong><\/em><\/p>\n","protected":false},"excerpt":{"rendered":"<p>El liberalismo ha dejado una huella nociva en la historia de Argentina, marcada por per\u00edodos de atraso t\u00e9cnico-cient\u00edfico y empobrecimiento. Desde los tiempos de Mitre, quien estableci\u00f3 un estado centralista alineado con el Imperio Brit\u00e1nico, hasta la actualidad, el liberalismo ha ejercido una influencia negativa en la pol\u00edtica argentina, impactando tanto en el r\u00e9gimen educativo [&hellip;]<\/p>\n","protected":false},"author":3,"featured_media":0,"comment_status":"closed","ping_status":"closed","sticky":false,"template":"","format":"standard","meta":{"footnotes":""},"categories":[24],"tags":[],"class_list":["post-101988","post","type-post","status-publish","format-standard","hentry","category-politica"],"yoast_head":"<!-- This site is optimized with the Yoast SEO plugin v25.9 - https:\/\/yoast.com\/wordpress\/plugins\/seo\/ -->\n<title>EL LIBERALISMO EN LA HISTORIA DE ARGENTINA, un an\u00e1lisis cr\u00edtico desde Mitre al presente - Noticias Radio Reflejos<\/title>\n<meta name=\"robots\" content=\"index, follow, max-snippet:-1, max-image-preview:large, max-video-preview:-1\" \/>\n<link rel=\"canonical\" href=\"https:\/\/www.noticiasradioreflejos.com.ar\/2021\/el-liberalismo-en-la-historia-de-argentina-un-analisis-critico-desde-mitre-al-presente\/\" \/>\n<meta property=\"og:locale\" content=\"es_ES\" \/>\n<meta property=\"og:type\" content=\"article\" \/>\n<meta property=\"og:title\" content=\"EL LIBERALISMO EN LA HISTORIA DE ARGENTINA, un an\u00e1lisis cr\u00edtico desde Mitre al presente - Noticias Radio Reflejos\" \/>\n<meta property=\"og:description\" content=\"El liberalismo ha dejado una huella nociva en la historia de Argentina, marcada por per\u00edodos de atraso t\u00e9cnico-cient\u00edfico y empobrecimiento. Desde los tiempos de Mitre, quien estableci\u00f3 un estado centralista alineado con el Imperio Brit\u00e1nico, hasta la actualidad, el liberalismo ha ejercido una influencia negativa en la pol\u00edtica argentina, impactando tanto en el r\u00e9gimen educativo [&hellip;]\" \/>\n<meta property=\"og:url\" content=\"https:\/\/www.noticiasradioreflejos.com.ar\/2021\/el-liberalismo-en-la-historia-de-argentina-un-analisis-critico-desde-mitre-al-presente\/\" \/>\n<meta property=\"og:site_name\" content=\"Noticias Radio Reflejos\" \/>\n<meta property=\"article:published_time\" content=\"2024-04-30T19:32:15+00:00\" \/>\n<meta property=\"og:image\" content=\"https:\/\/www.noticiasradioreflejos.com.ar\/2021\/wp-content\/uploads\/2021\/07\/logosol300x200.png\" \/>\n\t<meta property=\"og:image:width\" content=\"300\" \/>\n\t<meta property=\"og:image:height\" content=\"200\" \/>\n\t<meta property=\"og:image:type\" content=\"image\/png\" \/>\n<meta name=\"author\" content=\"Arnaldo Botto\" \/>\n<meta name=\"twitter:card\" content=\"summary_large_image\" \/>\n<script type=\"application\/ld+json\" class=\"yoast-schema-graph\">{\"@context\":\"https:\/\/schema.org\",\"@graph\":[{\"@type\":\"WebPage\",\"@id\":\"https:\/\/www.noticiasradioreflejos.com.ar\/2021\/el-liberalismo-en-la-historia-de-argentina-un-analisis-critico-desde-mitre-al-presente\/\",\"url\":\"https:\/\/www.noticiasradioreflejos.com.ar\/2021\/el-liberalismo-en-la-historia-de-argentina-un-analisis-critico-desde-mitre-al-presente\/\",\"name\":\"EL LIBERALISMO EN LA HISTORIA DE ARGENTINA, un an\u00e1lisis cr\u00edtico desde Mitre al presente - Noticias Radio Reflejos\",\"isPartOf\":{\"@id\":\"https:\/\/www.noticiasradioreflejos.com.ar\/2021\/#website\"},\"datePublished\":\"2024-04-30T19:32:15+00:00\",\"author\":{\"@id\":\"https:\/\/www.noticiasradioreflejos.com.ar\/2021\/#\/schema\/person\/ad82545263dcc5ec0996818884fd5fb1\"},\"breadcrumb\":{\"@id\":\"https:\/\/www.noticiasradioreflejos.com.ar\/2021\/el-liberalismo-en-la-historia-de-argentina-un-analisis-critico-desde-mitre-al-presente\/#breadcrumb\"},\"inLanguage\":\"es\",\"potentialAction\":[{\"@type\":\"ReadAction\",\"target\":[\"https:\/\/www.noticiasradioreflejos.com.ar\/2021\/el-liberalismo-en-la-historia-de-argentina-un-analisis-critico-desde-mitre-al-presente\/\"]}]},{\"@type\":\"BreadcrumbList\",\"@id\":\"https:\/\/www.noticiasradioreflejos.com.ar\/2021\/el-liberalismo-en-la-historia-de-argentina-un-analisis-critico-desde-mitre-al-presente\/#breadcrumb\",\"itemListElement\":[{\"@type\":\"ListItem\",\"position\":1,\"name\":\"Portada\",\"item\":\"https:\/\/www.noticiasradioreflejos.com.ar\/2021\/\"},{\"@type\":\"ListItem\",\"position\":2,\"name\":\"EL LIBERALISMO EN LA HISTORIA DE ARGENTINA, un an\u00e1lisis cr\u00edtico desde Mitre al presente\"}]},{\"@type\":\"WebSite\",\"@id\":\"https:\/\/www.noticiasradioreflejos.com.ar\/2021\/#website\",\"url\":\"https:\/\/www.noticiasradioreflejos.com.ar\/2021\/\",\"name\":\"Noticias Radio Reflejos\",\"description\":\"Las noticias de mi comarca\",\"potentialAction\":[{\"@type\":\"SearchAction\",\"target\":{\"@type\":\"EntryPoint\",\"urlTemplate\":\"https:\/\/www.noticiasradioreflejos.com.ar\/2021\/?s={search_term_string}\"},\"query-input\":{\"@type\":\"PropertyValueSpecification\",\"valueRequired\":true,\"valueName\":\"search_term_string\"}}],\"inLanguage\":\"es\"},{\"@type\":\"Person\",\"@id\":\"https:\/\/www.noticiasradioreflejos.com.ar\/2021\/#\/schema\/person\/ad82545263dcc5ec0996818884fd5fb1\",\"name\":\"Arnaldo Botto\",\"image\":{\"@type\":\"ImageObject\",\"inLanguage\":\"es\",\"@id\":\"https:\/\/www.noticiasradioreflejos.com.ar\/2021\/#\/schema\/person\/image\/\",\"url\":\"https:\/\/secure.gravatar.com\/avatar\/55cb5e37c1efa326397366e6974cb338056df65cb50e7d64d1cf314e87504837?s=96&d=mm&r=g\",\"contentUrl\":\"https:\/\/secure.gravatar.com\/avatar\/55cb5e37c1efa326397366e6974cb338056df65cb50e7d64d1cf314e87504837?s=96&d=mm&r=g\",\"caption\":\"Arnaldo Botto\"},\"url\":\"https:\/\/www.noticiasradioreflejos.com.ar\/2021\/author\/arnaldo\/\"}]}<\/script>\n<!-- \/ Yoast SEO plugin. -->","yoast_head_json":{"title":"EL LIBERALISMO EN LA HISTORIA DE ARGENTINA, un an\u00e1lisis cr\u00edtico desde Mitre al presente - Noticias Radio Reflejos","robots":{"index":"index","follow":"follow","max-snippet":"max-snippet:-1","max-image-preview":"max-image-preview:large","max-video-preview":"max-video-preview:-1"},"canonical":"https:\/\/www.noticiasradioreflejos.com.ar\/2021\/el-liberalismo-en-la-historia-de-argentina-un-analisis-critico-desde-mitre-al-presente\/","og_locale":"es_ES","og_type":"article","og_title":"EL LIBERALISMO EN LA HISTORIA DE ARGENTINA, un an\u00e1lisis cr\u00edtico desde Mitre al presente - Noticias Radio Reflejos","og_description":"El liberalismo ha dejado una huella nociva en la historia de Argentina, marcada por per\u00edodos de atraso t\u00e9cnico-cient\u00edfico y empobrecimiento. Desde los tiempos de Mitre, quien estableci\u00f3 un estado centralista alineado con el Imperio Brit\u00e1nico, hasta la actualidad, el liberalismo ha ejercido una influencia negativa en la pol\u00edtica argentina, impactando tanto en el r\u00e9gimen educativo [&hellip;]","og_url":"https:\/\/www.noticiasradioreflejos.com.ar\/2021\/el-liberalismo-en-la-historia-de-argentina-un-analisis-critico-desde-mitre-al-presente\/","og_site_name":"Noticias Radio Reflejos","article_published_time":"2024-04-30T19:32:15+00:00","og_image":[{"width":300,"height":200,"url":"https:\/\/www.noticiasradioreflejos.com.ar\/2021\/wp-content\/uploads\/2021\/07\/logosol300x200.png","type":"image\/png"}],"author":"Arnaldo Botto","twitter_card":"summary_large_image","schema":{"@context":"https:\/\/schema.org","@graph":[{"@type":"WebPage","@id":"https:\/\/www.noticiasradioreflejos.com.ar\/2021\/el-liberalismo-en-la-historia-de-argentina-un-analisis-critico-desde-mitre-al-presente\/","url":"https:\/\/www.noticiasradioreflejos.com.ar\/2021\/el-liberalismo-en-la-historia-de-argentina-un-analisis-critico-desde-mitre-al-presente\/","name":"EL LIBERALISMO EN LA HISTORIA DE ARGENTINA, un an\u00e1lisis cr\u00edtico desde Mitre al presente - Noticias Radio Reflejos","isPartOf":{"@id":"https:\/\/www.noticiasradioreflejos.com.ar\/2021\/#website"},"datePublished":"2024-04-30T19:32:15+00:00","author":{"@id":"https:\/\/www.noticiasradioreflejos.com.ar\/2021\/#\/schema\/person\/ad82545263dcc5ec0996818884fd5fb1"},"breadcrumb":{"@id":"https:\/\/www.noticiasradioreflejos.com.ar\/2021\/el-liberalismo-en-la-historia-de-argentina-un-analisis-critico-desde-mitre-al-presente\/#breadcrumb"},"inLanguage":"es","potentialAction":[{"@type":"ReadAction","target":["https:\/\/www.noticiasradioreflejos.com.ar\/2021\/el-liberalismo-en-la-historia-de-argentina-un-analisis-critico-desde-mitre-al-presente\/"]}]},{"@type":"BreadcrumbList","@id":"https:\/\/www.noticiasradioreflejos.com.ar\/2021\/el-liberalismo-en-la-historia-de-argentina-un-analisis-critico-desde-mitre-al-presente\/#breadcrumb","itemListElement":[{"@type":"ListItem","position":1,"name":"Portada","item":"https:\/\/www.noticiasradioreflejos.com.ar\/2021\/"},{"@type":"ListItem","position":2,"name":"EL LIBERALISMO EN LA HISTORIA DE ARGENTINA, un an\u00e1lisis cr\u00edtico desde Mitre al presente"}]},{"@type":"WebSite","@id":"https:\/\/www.noticiasradioreflejos.com.ar\/2021\/#website","url":"https:\/\/www.noticiasradioreflejos.com.ar\/2021\/","name":"Noticias Radio Reflejos","description":"Las noticias de mi comarca","potentialAction":[{"@type":"SearchAction","target":{"@type":"EntryPoint","urlTemplate":"https:\/\/www.noticiasradioreflejos.com.ar\/2021\/?s={search_term_string}"},"query-input":{"@type":"PropertyValueSpecification","valueRequired":true,"valueName":"search_term_string"}}],"inLanguage":"es"},{"@type":"Person","@id":"https:\/\/www.noticiasradioreflejos.com.ar\/2021\/#\/schema\/person\/ad82545263dcc5ec0996818884fd5fb1","name":"Arnaldo Botto","image":{"@type":"ImageObject","inLanguage":"es","@id":"https:\/\/www.noticiasradioreflejos.com.ar\/2021\/#\/schema\/person\/image\/","url":"https:\/\/secure.gravatar.com\/avatar\/55cb5e37c1efa326397366e6974cb338056df65cb50e7d64d1cf314e87504837?s=96&d=mm&r=g","contentUrl":"https:\/\/secure.gravatar.com\/avatar\/55cb5e37c1efa326397366e6974cb338056df65cb50e7d64d1cf314e87504837?s=96&d=mm&r=g","caption":"Arnaldo Botto"},"url":"https:\/\/www.noticiasradioreflejos.com.ar\/2021\/author\/arnaldo\/"}]}},"_links":{"self":[{"href":"https:\/\/www.noticiasradioreflejos.com.ar\/2021\/wp-json\/wp\/v2\/posts\/101988","targetHints":{"allow":["GET"]}}],"collection":[{"href":"https:\/\/www.noticiasradioreflejos.com.ar\/2021\/wp-json\/wp\/v2\/posts"}],"about":[{"href":"https:\/\/www.noticiasradioreflejos.com.ar\/2021\/wp-json\/wp\/v2\/types\/post"}],"author":[{"embeddable":true,"href":"https:\/\/www.noticiasradioreflejos.com.ar\/2021\/wp-json\/wp\/v2\/users\/3"}],"replies":[{"embeddable":true,"href":"https:\/\/www.noticiasradioreflejos.com.ar\/2021\/wp-json\/wp\/v2\/comments?post=101988"}],"version-history":[{"count":1,"href":"https:\/\/www.noticiasradioreflejos.com.ar\/2021\/wp-json\/wp\/v2\/posts\/101988\/revisions"}],"predecessor-version":[{"id":101990,"href":"https:\/\/www.noticiasradioreflejos.com.ar\/2021\/wp-json\/wp\/v2\/posts\/101988\/revisions\/101990"}],"wp:attachment":[{"href":"https:\/\/www.noticiasradioreflejos.com.ar\/2021\/wp-json\/wp\/v2\/media?parent=101988"}],"wp:term":[{"taxonomy":"category","embeddable":true,"href":"https:\/\/www.noticiasradioreflejos.com.ar\/2021\/wp-json\/wp\/v2\/categories?post=101988"},{"taxonomy":"post_tag","embeddable":true,"href":"https:\/\/www.noticiasradioreflejos.com.ar\/2021\/wp-json\/wp\/v2\/tags?post=101988"}],"curies":[{"name":"wp","href":"https:\/\/api.w.org\/{rel}","templated":true}]}}