{"id":101985,"date":"2024-04-30T16:23:24","date_gmt":"2024-04-30T19:23:24","guid":{"rendered":"https:\/\/www.noticiasradioreflejos.com.ar\/2021\/?p=101985"},"modified":"2024-04-30T16:23:24","modified_gmt":"2024-04-30T19:23:24","slug":"diputados-voto-la-eliminacion-de-la-moratoria-jubilatoria","status":"publish","type":"post","link":"https:\/\/www.noticiasradioreflejos.com.ar\/2021\/diputados-voto-la-eliminacion-de-la-moratoria-jubilatoria\/","title":{"rendered":"Diputados vot\u00f3 la eliminaci\u00f3n de la moratoria jubilatoria"},"content":{"rendered":"<p>El texto aprobado propone reemplazar ese mecanismo por una \u201cPrestaci\u00f3n de Retiro Proporcional\u201d, que otorga a las personas que no cumplen con los requisitos para jubilarse un proporcional por los a\u00f1os de aportes que hicieron, con un m\u00ednimo del 80% del haber de una jubilaci\u00f3n m\u00ednima.<!--more--><\/p>\n<div class=\"columns\" data-tadevel-template=\"web\/article-columns\">\n<div class=\"column-main\">\n<div class=\"article-body\" data-tadevel-template=\"web\/article-body\">\n<div class=\"article-body-content\">\n<p>La C\u00e1mara de Diputados elimin\u00f3 la\u00a0<strong>moratoria previsional<\/strong>\u00a0a trav\u00e9s de la votaci\u00f3n en particular del t\u00edtulo 9 que cre\u00f3 la \u201c<strong>Prestaci\u00f3n de Retiro Proporcional\u201d, tras 25 horas de sesi\u00f3n especial en el que se aborda la Ley de Bases<\/strong><\/p>\n<p>El resultado de la votaci\u00f3n dej\u00f3<strong>\u00a0125 votos a favor, 113 en contra y tres abstenciones.<\/strong><\/p>\n<p>La \u00faltima moratoria previsional puesta en marcha por el Gobierno de<strong>\u00a0Alberto Fern\u00e1ndez<\/strong>\u00a0permit\u00eda que personas que no hab\u00edan llegado a los 30 a\u00f1os de aportes jubilatorios durante su ejercicio laboral pudieran igualmente acceder a una jubilaci\u00f3n m\u00ednima a trav\u00e9s de un programa en el que se les iba descontando de las cuotas de los haberes lo correspondiente por los a\u00f1os adeudados.<\/p>\n<p>El Gobierno de<strong>\u00a0Javier Milei<\/strong>\u00a0consider\u00f3 que no es justo para las personas que aportaron durante 30 o m\u00e1s a\u00f1os financiar a aquellas personas que por distintas circunstancias no llegaron a hacerlo.<\/p>\n<p>De acuerdo a esta visi\u00f3n, la generalizaci\u00f3n de las moratorias y la universalizaci\u00f3n jubilatoria condujo a un achatamiento de la pir\u00e1mide que va en detrimento de los ingresos de los jubilados que hicieron contribuciones al\u00a0<strong>Sistema Integrado Previsional Argentino (SIPA)<\/strong>\u00a0\u201cdurante toda su vida\u201d laboral.<\/p>\n<p>En reemplazo de la moratoria, el Gobierno incluy\u00f3 un sistema similar a la Pensi\u00f3n Universal a la Adultez Mayor (PUAM) que reconoc\u00eda el 80% de los haberes de una jubilaci\u00f3n m\u00ednima para aquellas personas que no hubieran alcanzado los 30 a\u00f1os de aportes requeridos por regla general.<\/p>\n<p>Justamente la nueva\u00a0<strong>\u201cPrestaci\u00f3n de Retiro Proporcional\u201d propone otorgar a las personas que no cumplen con los requisitos para jubilarse un proporcional por los a\u00f1os de aportes, con un m\u00ednimo del 80% del haber de una jubilaci\u00f3n m\u00ednima.<\/strong><\/p>\n<\/div>\n<\/div>\n<\/div>\n<\/div>\n","protected":false},"excerpt":{"rendered":"<p>El texto aprobado propone reemplazar ese mecanismo por una \u201cPrestaci\u00f3n de Retiro Proporcional\u201d, que otorga a las personas que no cumplen con los requisitos para jubilarse un proporcional por los a\u00f1os de aportes que hicieron, con un m\u00ednimo del 80% del haber de una jubilaci\u00f3n m\u00ednima.<\/p>\n","protected":false},"author":3,"featured_media":101986,"comment_status":"closed","ping_status":"closed","sticky":false,"template":"","format":"standard","meta":{"footnotes":""},"categories":[24],"tags":[],"class_list":["post-101985","post","type-post","status-publish","format-standard","has-post-thumbnail","hentry","category-politica"],"yoast_head":"<!-- This site is optimized with the Yoast SEO plugin v25.9 - https:\/\/yoast.com\/wordpress\/plugins\/seo\/ -->\n<title>Diputados vot\u00f3 la eliminaci\u00f3n de la moratoria jubilatoria - Noticias Radio Reflejos<\/title>\n<meta name=\"robots\" content=\"index, follow, max-snippet:-1, max-image-preview:large, max-video-preview:-1\" \/>\n<link rel=\"canonical\" href=\"https:\/\/www.noticiasradioreflejos.com.ar\/2021\/diputados-voto-la-eliminacion-de-la-moratoria-jubilatoria\/\" \/>\n<meta property=\"og:locale\" content=\"es_ES\" \/>\n<meta property=\"og:type\" content=\"article\" \/>\n<meta property=\"og:title\" content=\"Diputados vot\u00f3 la eliminaci\u00f3n de la moratoria jubilatoria - Noticias Radio Reflejos\" \/>\n<meta property=\"og:description\" content=\"El texto aprobado propone reemplazar ese mecanismo por una \u201cPrestaci\u00f3n de Retiro Proporcional\u201d, que otorga a las personas que no cumplen con los requisitos para jubilarse un proporcional por los a\u00f1os de aportes que hicieron, con un m\u00ednimo del 80% del haber de una jubilaci\u00f3n m\u00ednima.\" \/>\n<meta property=\"og:url\" content=\"https:\/\/www.noticiasradioreflejos.com.ar\/2021\/diputados-voto-la-eliminacion-de-la-moratoria-jubilatoria\/\" \/>\n<meta property=\"og:site_name\" content=\"Noticias Radio Reflejos\" \/>\n<meta property=\"article:published_time\" content=\"2024-04-30T19:23:24+00:00\" \/>\n<meta property=\"og:image\" content=\"https:\/\/www.noticiasradioreflejos.com.ar\/2021\/wp-content\/uploads\/2024\/04\/diputados.jpg\" \/>\n\t<meta property=\"og:image:width\" content=\"1080\" \/>\n\t<meta property=\"og:image:height\" content=\"720\" \/>\n\t<meta property=\"og:image:type\" content=\"image\/jpeg\" \/>\n<meta name=\"author\" content=\"Arnaldo Botto\" \/>\n<meta name=\"twitter:card\" content=\"summary_large_image\" \/>\n<script type=\"application\/ld+json\" class=\"yoast-schema-graph\">{\"@context\":\"https:\/\/schema.org\",\"@graph\":[{\"@type\":\"WebPage\",\"@id\":\"https:\/\/www.noticiasradioreflejos.com.ar\/2021\/diputados-voto-la-eliminacion-de-la-moratoria-jubilatoria\/\",\"url\":\"https:\/\/www.noticiasradioreflejos.com.ar\/2021\/diputados-voto-la-eliminacion-de-la-moratoria-jubilatoria\/\",\"name\":\"Diputados vot\u00f3 la eliminaci\u00f3n de la moratoria jubilatoria - Noticias Radio Reflejos\",\"isPartOf\":{\"@id\":\"https:\/\/www.noticiasradioreflejos.com.ar\/2021\/#website\"},\"primaryImageOfPage\":{\"@id\":\"https:\/\/www.noticiasradioreflejos.com.ar\/2021\/diputados-voto-la-eliminacion-de-la-moratoria-jubilatoria\/#primaryimage\"},\"image\":{\"@id\":\"https:\/\/www.noticiasradioreflejos.com.ar\/2021\/diputados-voto-la-eliminacion-de-la-moratoria-jubilatoria\/#primaryimage\"},\"thumbnailUrl\":\"https:\/\/www.noticiasradioreflejos.com.ar\/2021\/wp-content\/uploads\/2024\/04\/diputados.jpg\",\"datePublished\":\"2024-04-30T19:23:24+00:00\",\"author\":{\"@id\":\"https:\/\/www.noticiasradioreflejos.com.ar\/2021\/#\/schema\/person\/ad82545263dcc5ec0996818884fd5fb1\"},\"breadcrumb\":{\"@id\":\"https:\/\/www.noticiasradioreflejos.com.ar\/2021\/diputados-voto-la-eliminacion-de-la-moratoria-jubilatoria\/#breadcrumb\"},\"inLanguage\":\"es\",\"potentialAction\":[{\"@type\":\"ReadAction\",\"target\":[\"https:\/\/www.noticiasradioreflejos.com.ar\/2021\/diputados-voto-la-eliminacion-de-la-moratoria-jubilatoria\/\"]}]},{\"@type\":\"ImageObject\",\"inLanguage\":\"es\",\"@id\":\"https:\/\/www.noticiasradioreflejos.com.ar\/2021\/diputados-voto-la-eliminacion-de-la-moratoria-jubilatoria\/#primaryimage\",\"url\":\"https:\/\/www.noticiasradioreflejos.com.ar\/2021\/wp-content\/uploads\/2024\/04\/diputados.jpg\",\"contentUrl\":\"https:\/\/www.noticiasradioreflejos.com.ar\/2021\/wp-content\/uploads\/2024\/04\/diputados.jpg\",\"width\":1080,\"height\":720},{\"@type\":\"BreadcrumbList\",\"@id\":\"https:\/\/www.noticiasradioreflejos.com.ar\/2021\/diputados-voto-la-eliminacion-de-la-moratoria-jubilatoria\/#breadcrumb\",\"itemListElement\":[{\"@type\":\"ListItem\",\"position\":1,\"name\":\"Portada\",\"item\":\"https:\/\/www.noticiasradioreflejos.com.ar\/2021\/\"},{\"@type\":\"ListItem\",\"position\":2,\"name\":\"Diputados vot\u00f3 la eliminaci\u00f3n de la moratoria jubilatoria\"}]},{\"@type\":\"WebSite\",\"@id\":\"https:\/\/www.noticiasradioreflejos.com.ar\/2021\/#website\",\"url\":\"https:\/\/www.noticiasradioreflejos.com.ar\/2021\/\",\"name\":\"Noticias Radio Reflejos\",\"description\":\"Las noticias de mi comarca\",\"potentialAction\":[{\"@type\":\"SearchAction\",\"target\":{\"@type\":\"EntryPoint\",\"urlTemplate\":\"https:\/\/www.noticiasradioreflejos.com.ar\/2021\/?s={search_term_string}\"},\"query-input\":{\"@type\":\"PropertyValueSpecification\",\"valueRequired\":true,\"valueName\":\"search_term_string\"}}],\"inLanguage\":\"es\"},{\"@type\":\"Person\",\"@id\":\"https:\/\/www.noticiasradioreflejos.com.ar\/2021\/#\/schema\/person\/ad82545263dcc5ec0996818884fd5fb1\",\"name\":\"Arnaldo Botto\",\"image\":{\"@type\":\"ImageObject\",\"inLanguage\":\"es\",\"@id\":\"https:\/\/www.noticiasradioreflejos.com.ar\/2021\/#\/schema\/person\/image\/\",\"url\":\"https:\/\/secure.gravatar.com\/avatar\/55cb5e37c1efa326397366e6974cb338056df65cb50e7d64d1cf314e87504837?s=96&d=mm&r=g\",\"contentUrl\":\"https:\/\/secure.gravatar.com\/avatar\/55cb5e37c1efa326397366e6974cb338056df65cb50e7d64d1cf314e87504837?s=96&d=mm&r=g\",\"caption\":\"Arnaldo Botto\"},\"url\":\"https:\/\/www.noticiasradioreflejos.com.ar\/2021\/author\/arnaldo\/\"}]}<\/script>\n<!-- \/ Yoast SEO plugin. -->","yoast_head_json":{"title":"Diputados vot\u00f3 la eliminaci\u00f3n de la moratoria jubilatoria - Noticias Radio Reflejos","robots":{"index":"index","follow":"follow","max-snippet":"max-snippet:-1","max-image-preview":"max-image-preview:large","max-video-preview":"max-video-preview:-1"},"canonical":"https:\/\/www.noticiasradioreflejos.com.ar\/2021\/diputados-voto-la-eliminacion-de-la-moratoria-jubilatoria\/","og_locale":"es_ES","og_type":"article","og_title":"Diputados vot\u00f3 la eliminaci\u00f3n de la moratoria jubilatoria - Noticias Radio Reflejos","og_description":"El texto aprobado propone reemplazar ese mecanismo por una \u201cPrestaci\u00f3n de Retiro Proporcional\u201d, que otorga a las personas que no cumplen con los requisitos para jubilarse un proporcional por los a\u00f1os de aportes que hicieron, con un m\u00ednimo del 80% del haber de una jubilaci\u00f3n m\u00ednima.","og_url":"https:\/\/www.noticiasradioreflejos.com.ar\/2021\/diputados-voto-la-eliminacion-de-la-moratoria-jubilatoria\/","og_site_name":"Noticias Radio Reflejos","article_published_time":"2024-04-30T19:23:24+00:00","og_image":[{"width":1080,"height":720,"url":"https:\/\/www.noticiasradioreflejos.com.ar\/2021\/wp-content\/uploads\/2024\/04\/diputados.jpg","type":"image\/jpeg"}],"author":"Arnaldo Botto","twitter_card":"summary_large_image","schema":{"@context":"https:\/\/schema.org","@graph":[{"@type":"WebPage","@id":"https:\/\/www.noticiasradioreflejos.com.ar\/2021\/diputados-voto-la-eliminacion-de-la-moratoria-jubilatoria\/","url":"https:\/\/www.noticiasradioreflejos.com.ar\/2021\/diputados-voto-la-eliminacion-de-la-moratoria-jubilatoria\/","name":"Diputados vot\u00f3 la eliminaci\u00f3n de la moratoria jubilatoria - Noticias Radio Reflejos","isPartOf":{"@id":"https:\/\/www.noticiasradioreflejos.com.ar\/2021\/#website"},"primaryImageOfPage":{"@id":"https:\/\/www.noticiasradioreflejos.com.ar\/2021\/diputados-voto-la-eliminacion-de-la-moratoria-jubilatoria\/#primaryimage"},"image":{"@id":"https:\/\/www.noticiasradioreflejos.com.ar\/2021\/diputados-voto-la-eliminacion-de-la-moratoria-jubilatoria\/#primaryimage"},"thumbnailUrl":"https:\/\/www.noticiasradioreflejos.com.ar\/2021\/wp-content\/uploads\/2024\/04\/diputados.jpg","datePublished":"2024-04-30T19:23:24+00:00","author":{"@id":"https:\/\/www.noticiasradioreflejos.com.ar\/2021\/#\/schema\/person\/ad82545263dcc5ec0996818884fd5fb1"},"breadcrumb":{"@id":"https:\/\/www.noticiasradioreflejos.com.ar\/2021\/diputados-voto-la-eliminacion-de-la-moratoria-jubilatoria\/#breadcrumb"},"inLanguage":"es","potentialAction":[{"@type":"ReadAction","target":["https:\/\/www.noticiasradioreflejos.com.ar\/2021\/diputados-voto-la-eliminacion-de-la-moratoria-jubilatoria\/"]}]},{"@type":"ImageObject","inLanguage":"es","@id":"https:\/\/www.noticiasradioreflejos.com.ar\/2021\/diputados-voto-la-eliminacion-de-la-moratoria-jubilatoria\/#primaryimage","url":"https:\/\/www.noticiasradioreflejos.com.ar\/2021\/wp-content\/uploads\/2024\/04\/diputados.jpg","contentUrl":"https:\/\/www.noticiasradioreflejos.com.ar\/2021\/wp-content\/uploads\/2024\/04\/diputados.jpg","width":1080,"height":720},{"@type":"BreadcrumbList","@id":"https:\/\/www.noticiasradioreflejos.com.ar\/2021\/diputados-voto-la-eliminacion-de-la-moratoria-jubilatoria\/#breadcrumb","itemListElement":[{"@type":"ListItem","position":1,"name":"Portada","item":"https:\/\/www.noticiasradioreflejos.com.ar\/2021\/"},{"@type":"ListItem","position":2,"name":"Diputados vot\u00f3 la eliminaci\u00f3n de la moratoria jubilatoria"}]},{"@type":"WebSite","@id":"https:\/\/www.noticiasradioreflejos.com.ar\/2021\/#website","url":"https:\/\/www.noticiasradioreflejos.com.ar\/2021\/","name":"Noticias Radio Reflejos","description":"Las noticias de mi comarca","potentialAction":[{"@type":"SearchAction","target":{"@type":"EntryPoint","urlTemplate":"https:\/\/www.noticiasradioreflejos.com.ar\/2021\/?s={search_term_string}"},"query-input":{"@type":"PropertyValueSpecification","valueRequired":true,"valueName":"search_term_string"}}],"inLanguage":"es"},{"@type":"Person","@id":"https:\/\/www.noticiasradioreflejos.com.ar\/2021\/#\/schema\/person\/ad82545263dcc5ec0996818884fd5fb1","name":"Arnaldo Botto","image":{"@type":"ImageObject","inLanguage":"es","@id":"https:\/\/www.noticiasradioreflejos.com.ar\/2021\/#\/schema\/person\/image\/","url":"https:\/\/secure.gravatar.com\/avatar\/55cb5e37c1efa326397366e6974cb338056df65cb50e7d64d1cf314e87504837?s=96&d=mm&r=g","contentUrl":"https:\/\/secure.gravatar.com\/avatar\/55cb5e37c1efa326397366e6974cb338056df65cb50e7d64d1cf314e87504837?s=96&d=mm&r=g","caption":"Arnaldo Botto"},"url":"https:\/\/www.noticiasradioreflejos.com.ar\/2021\/author\/arnaldo\/"}]}},"_links":{"self":[{"href":"https:\/\/www.noticiasradioreflejos.com.ar\/2021\/wp-json\/wp\/v2\/posts\/101985","targetHints":{"allow":["GET"]}}],"collection":[{"href":"https:\/\/www.noticiasradioreflejos.com.ar\/2021\/wp-json\/wp\/v2\/posts"}],"about":[{"href":"https:\/\/www.noticiasradioreflejos.com.ar\/2021\/wp-json\/wp\/v2\/types\/post"}],"author":[{"embeddable":true,"href":"https:\/\/www.noticiasradioreflejos.com.ar\/2021\/wp-json\/wp\/v2\/users\/3"}],"replies":[{"embeddable":true,"href":"https:\/\/www.noticiasradioreflejos.com.ar\/2021\/wp-json\/wp\/v2\/comments?post=101985"}],"version-history":[{"count":1,"href":"https:\/\/www.noticiasradioreflejos.com.ar\/2021\/wp-json\/wp\/v2\/posts\/101985\/revisions"}],"predecessor-version":[{"id":101987,"href":"https:\/\/www.noticiasradioreflejos.com.ar\/2021\/wp-json\/wp\/v2\/posts\/101985\/revisions\/101987"}],"wp:featuredmedia":[{"embeddable":true,"href":"https:\/\/www.noticiasradioreflejos.com.ar\/2021\/wp-json\/wp\/v2\/media\/101986"}],"wp:attachment":[{"href":"https:\/\/www.noticiasradioreflejos.com.ar\/2021\/wp-json\/wp\/v2\/media?parent=101985"}],"wp:term":[{"taxonomy":"category","embeddable":true,"href":"https:\/\/www.noticiasradioreflejos.com.ar\/2021\/wp-json\/wp\/v2\/categories?post=101985"},{"taxonomy":"post_tag","embeddable":true,"href":"https:\/\/www.noticiasradioreflejos.com.ar\/2021\/wp-json\/wp\/v2\/tags?post=101985"}],"curies":[{"name":"wp","href":"https:\/\/api.w.org\/{rel}","templated":true}]}}