{"id":101981,"date":"2024-04-30T16:16:54","date_gmt":"2024-04-30T19:16:54","guid":{"rendered":"https:\/\/www.noticiasradioreflejos.com.ar\/2021\/?p=101981"},"modified":"2024-04-30T16:19:57","modified_gmt":"2024-04-30T19:19:57","slug":"milei-dijo-que-la-media-sancion-a-la-ley-bases-es-un-paso-fundamental-para-sacar-a-argentina-del-pantano","status":"publish","type":"post","link":"https:\/\/www.noticiasradioreflejos.com.ar\/2021\/milei-dijo-que-la-media-sancion-a-la-ley-bases-es-un-paso-fundamental-para-sacar-a-argentina-del-pantano\/","title":{"rendered":"Milei dijo que la media sanci\u00f3n a la Ley Bases \u201ces un paso fundamental para sacar a Argentina del pantano\u201d"},"content":{"rendered":"<p>El Presidente consider\u00f3 que tras la votaci\u00f3n en Diputados, el Gobierno est\u00e1 \u201ccada vez m\u00e1s cerca\u201d de poder concretar el Pacto de Mayo y \u201cdar inicio a la nueva era de prosperidad\u201d.<!--more--><\/p>\n<div class=\"columns\" data-tadevel-template=\"web\/article-columns\">\n<div class=\"column-main\">\n<div class=\"article-body\" data-tadevel-template=\"web\/article-body\">\n<div class=\"article-body-content\">\n<p>El presidente\u00a0<strong>Javier Milei\u00a0<\/strong>celebr\u00f3 este martes la\u00a0<a href=\"https:\/\/noticiasargentinas.com\/politica\/diputados-aprobo-la-delegacion-de-facultades--privatizaciones--reforma-laboral--rigi-e-impuesto-al-tabaco_a662fb23679517100848332fd\"><strong>media sanci\u00f3n de la Ley Bases<\/strong><\/a>\u00a0en la C\u00e1mara de Diputados y consider\u00f3 que se trata de\u00a0<strong>\u201cun paso fundamental para sacar a Argentina del pantano\u201d.<\/strong><\/p>\n<p>El Presidente tambi\u00e9n dijo en su cuenta de la red social X que est\u00e1n \u201ccada vez m\u00e1s cerca\u201d de poder llevar a cabo el Pacto de Mayo en C\u00f3rdoba \u201c<strong>para dar inicio a una nueva era de prosperidad para la Argentina\u201d.<\/strong><\/p>\n<blockquote class=\"twitter-tweet\">\n<p dir=\"ltr\" lang=\"es\">MEDIA SANCI\u00d3N A LA LEY \u201cBASES\u201d<\/p>\n<p>La C\u00e1mara de Diputados de la Naci\u00f3n acaba de aprobar la media sanci\u00f3n de la totalidad de la ley \u201cBases y Puntos de Partida para la Libertad de los Argentinos\u201d. Este es un primer paso fundamental para sacar a Argentina del pantano que ha sido las\u2026<\/p>\n<p>\u2014 Javier Milei (@JMilei) <a href=\"https:\/\/twitter.com\/JMilei\/status\/1785358226302570553?ref_src=twsrc%5Etfw\">April 30, 2024<\/a><\/p><\/blockquote>\n<p><script async src=\"https:\/\/platform.twitter.com\/widgets.js\" charset=\"utf-8\"><\/script><\/p>\n<p>X de Javier Milei\u201c<\/p>\n<p>&nbsp;<\/p>\n<p>La C\u00e1mara de Diputados de la Naci\u00f3n acaba de aprobar la media sanci\u00f3n de la totalidad de la ley &#8216;Bases y Puntos de Partida para la Libertad de los Argentinos&#8217;\u201d, expres\u00f3 el mandatario que obtuvo su primer gui\u00f1o del Congreso en casi cinco meses de gesti\u00f3n.<\/p>\n<p>\u201cEste es un primer paso fundamental para sacar a Argentina del pantano que ha sido las \u00faltimas d\u00e9cadas. Quiero agradecer la enorme tarea de todos los diputados que,\u00a0<strong>entendiendo el momento hist\u00f3rico, decidieron acompa\u00f1ar nuestro proyecto<\/strong>\u201d, agreg\u00f3.<\/p>\n<p>Por otro lado, remarc\u00f3 \u201ccon este primer paso estamos cada vez m\u00e1s cerca de poder encontrarnos el 25 de Mayo en La Docta, C\u00f3rdoba, para dar inicio a una nueva era de prosperidad para la Argentina\u201d.<\/p>\n<p>Y cerr\u00f3: \u201cComo dec\u00eda el General San Mart\u00edn: \u2018<strong>Seamos libres, que lo dem\u00e1s no importa nada<\/strong>\u2019. VIVA LA LIBERTAD CARAJO!!!\u201d.<\/p>\n<p><strong>Minutos despu\u00e9s, se difundi\u00f3 un comunicado de la Oficina del Presidente\u00a0<\/strong>alusivo a la aprobaci\u00f3n de la ley de la c\u00e1mara baja, en el que se<strong>\u00a0expres\u00f3 el reconocimiento a \u201cla labor patri\u00f3tica de los Sres. Diputados Nacionales que colaboraron en su elaboraci\u00f3n, defendieron la norma en el recinto, y apoyaron con su voto las reformas que nuestro pa\u00eds necesita\u201d.<\/strong><\/p>\n<p><strong>\u201cEspecialmente a los Sres. jefes de sus respectivos bloques, Cristian Ritondo, Miguel \u00c1ngel Pichetto y Rodrigo de Loredo, quienes han dejado de lado toda diferencia partidaria en favor de la Naci\u00f3n\u201d<\/strong>, puntualiz\u00f3.<\/p>\n<p>El texto remarc\u00f3 que\u00a0<strong>\u201cel pueblo argentino requiere representantes dispuestos a terminar con los privilegios de la casta y la rep\u00fablica corporativa<\/strong>, en pos del futuro y el desarrollo de la Patria. La regencia de los protectores del statu quo concluy\u00f3 el 10 de diciembre\u201d. \u201cEs tiempo de aquellos dispuestos a poner el cuerpo para reinsertarnos en el camino de grandeza que un d\u00eda nos llev\u00f3 a ser un pa\u00eds pr\u00f3spero\u201d, se insisti\u00f3.<\/p>\n<p>\u201cLos argentinos que viven de su trabajo, aquellos que dedican sus esfuerzos al estudio y al progreso, quienes anhelan un porvenir prometedor para sus descendientes y las generaciones venideras, aguardan con expectativa que la grandeza vista hoy en el recinto de la Honorable C\u00e1mara de Diputados se reproduzca prontamente en el Senado de la Naci\u00f3n\u201d.<\/p>\n<p><strong>Y en un claro mensaje mensaje a los senadores, finaliz\u00f3: \u201cLos representantes de las provincias tienen ahora la responsabilidad hist\u00f3rica de instaurar un verdadero r\u00e9gimen federal que devuelva la dignidad y la libertad a sus pueblos<\/strong>, guiando nuevamente al pa\u00eds hacia la senda de la prosperidad que conducir\u00e1 al resurgimiento de la Rep\u00fablica Argentina como potencia mundial\u201d.<\/p>\n<\/div>\n<\/div>\n<\/div>\n<\/div>\n","protected":false},"excerpt":{"rendered":"<p>El Presidente consider\u00f3 que tras la votaci\u00f3n en Diputados, el Gobierno est\u00e1 \u201ccada vez m\u00e1s cerca\u201d de poder concretar el Pacto de Mayo y \u201cdar inicio a la nueva era de prosperidad\u201d.<\/p>\n","protected":false},"author":3,"featured_media":101261,"comment_status":"closed","ping_status":"closed","sticky":false,"template":"","format":"standard","meta":{"footnotes":""},"categories":[58],"tags":[],"class_list":["post-101981","post","type-post","status-publish","format-standard","has-post-thumbnail","hentry","category-gobierno"],"yoast_head":"<!-- This site is optimized with the Yoast SEO plugin v25.9 - https:\/\/yoast.com\/wordpress\/plugins\/seo\/ -->\n<title>Milei dijo que la media sanci\u00f3n a la Ley Bases \u201ces un paso fundamental para sacar a Argentina del pantano\u201d - Noticias Radio Reflejos<\/title>\n<meta name=\"robots\" content=\"index, follow, max-snippet:-1, max-image-preview:large, max-video-preview:-1\" \/>\n<link rel=\"canonical\" href=\"https:\/\/www.noticiasradioreflejos.com.ar\/2021\/milei-dijo-que-la-media-sancion-a-la-ley-bases-es-un-paso-fundamental-para-sacar-a-argentina-del-pantano\/\" \/>\n<meta property=\"og:locale\" content=\"es_ES\" \/>\n<meta property=\"og:type\" content=\"article\" \/>\n<meta property=\"og:title\" content=\"Milei dijo que la media sanci\u00f3n a la Ley Bases \u201ces un paso fundamental para sacar a Argentina del pantano\u201d - Noticias Radio Reflejos\" \/>\n<meta property=\"og:description\" content=\"El Presidente consider\u00f3 que tras la votaci\u00f3n en Diputados, el Gobierno est\u00e1 \u201ccada vez m\u00e1s cerca\u201d de poder concretar el Pacto de Mayo y \u201cdar inicio a la nueva era de prosperidad\u201d.\" \/>\n<meta property=\"og:url\" content=\"https:\/\/www.noticiasradioreflejos.com.ar\/2021\/milei-dijo-que-la-media-sancion-a-la-ley-bases-es-un-paso-fundamental-para-sacar-a-argentina-del-pantano\/\" \/>\n<meta property=\"og:site_name\" content=\"Noticias Radio Reflejos\" \/>\n<meta property=\"article:published_time\" content=\"2024-04-30T19:16:54+00:00\" \/>\n<meta property=\"article:modified_time\" content=\"2024-04-30T19:19:57+00:00\" \/>\n<meta property=\"og:image\" content=\"https:\/\/www.noticiasradioreflejos.com.ar\/2021\/wp-content\/uploads\/2024\/04\/milei-1.jpg\" \/>\n\t<meta property=\"og:image:width\" content=\"637\" \/>\n\t<meta property=\"og:image:height\" content=\"360\" \/>\n\t<meta property=\"og:image:type\" content=\"image\/jpeg\" \/>\n<meta name=\"author\" content=\"Arnaldo Botto\" \/>\n<meta name=\"twitter:card\" content=\"summary_large_image\" \/>\n<script type=\"application\/ld+json\" class=\"yoast-schema-graph\">{\"@context\":\"https:\/\/schema.org\",\"@graph\":[{\"@type\":\"WebPage\",\"@id\":\"https:\/\/www.noticiasradioreflejos.com.ar\/2021\/milei-dijo-que-la-media-sancion-a-la-ley-bases-es-un-paso-fundamental-para-sacar-a-argentina-del-pantano\/\",\"url\":\"https:\/\/www.noticiasradioreflejos.com.ar\/2021\/milei-dijo-que-la-media-sancion-a-la-ley-bases-es-un-paso-fundamental-para-sacar-a-argentina-del-pantano\/\",\"name\":\"Milei dijo que la media sanci\u00f3n a la Ley Bases \u201ces un paso fundamental para sacar a Argentina del pantano\u201d - Noticias Radio Reflejos\",\"isPartOf\":{\"@id\":\"https:\/\/www.noticiasradioreflejos.com.ar\/2021\/#website\"},\"primaryImageOfPage\":{\"@id\":\"https:\/\/www.noticiasradioreflejos.com.ar\/2021\/milei-dijo-que-la-media-sancion-a-la-ley-bases-es-un-paso-fundamental-para-sacar-a-argentina-del-pantano\/#primaryimage\"},\"image\":{\"@id\":\"https:\/\/www.noticiasradioreflejos.com.ar\/2021\/milei-dijo-que-la-media-sancion-a-la-ley-bases-es-un-paso-fundamental-para-sacar-a-argentina-del-pantano\/#primaryimage\"},\"thumbnailUrl\":\"https:\/\/www.noticiasradioreflejos.com.ar\/2021\/wp-content\/uploads\/2024\/04\/milei-1.jpg\",\"datePublished\":\"2024-04-30T19:16:54+00:00\",\"dateModified\":\"2024-04-30T19:19:57+00:00\",\"author\":{\"@id\":\"https:\/\/www.noticiasradioreflejos.com.ar\/2021\/#\/schema\/person\/ad82545263dcc5ec0996818884fd5fb1\"},\"breadcrumb\":{\"@id\":\"https:\/\/www.noticiasradioreflejos.com.ar\/2021\/milei-dijo-que-la-media-sancion-a-la-ley-bases-es-un-paso-fundamental-para-sacar-a-argentina-del-pantano\/#breadcrumb\"},\"inLanguage\":\"es\",\"potentialAction\":[{\"@type\":\"ReadAction\",\"target\":[\"https:\/\/www.noticiasradioreflejos.com.ar\/2021\/milei-dijo-que-la-media-sancion-a-la-ley-bases-es-un-paso-fundamental-para-sacar-a-argentina-del-pantano\/\"]}]},{\"@type\":\"ImageObject\",\"inLanguage\":\"es\",\"@id\":\"https:\/\/www.noticiasradioreflejos.com.ar\/2021\/milei-dijo-que-la-media-sancion-a-la-ley-bases-es-un-paso-fundamental-para-sacar-a-argentina-del-pantano\/#primaryimage\",\"url\":\"https:\/\/www.noticiasradioreflejos.com.ar\/2021\/wp-content\/uploads\/2024\/04\/milei-1.jpg\",\"contentUrl\":\"https:\/\/www.noticiasradioreflejos.com.ar\/2021\/wp-content\/uploads\/2024\/04\/milei-1.jpg\",\"width\":637,\"height\":360},{\"@type\":\"BreadcrumbList\",\"@id\":\"https:\/\/www.noticiasradioreflejos.com.ar\/2021\/milei-dijo-que-la-media-sancion-a-la-ley-bases-es-un-paso-fundamental-para-sacar-a-argentina-del-pantano\/#breadcrumb\",\"itemListElement\":[{\"@type\":\"ListItem\",\"position\":1,\"name\":\"Portada\",\"item\":\"https:\/\/www.noticiasradioreflejos.com.ar\/2021\/\"},{\"@type\":\"ListItem\",\"position\":2,\"name\":\"Milei dijo que la media sanci\u00f3n a la Ley Bases \u201ces un paso fundamental para sacar a Argentina del pantano\u201d\"}]},{\"@type\":\"WebSite\",\"@id\":\"https:\/\/www.noticiasradioreflejos.com.ar\/2021\/#website\",\"url\":\"https:\/\/www.noticiasradioreflejos.com.ar\/2021\/\",\"name\":\"Noticias Radio Reflejos\",\"description\":\"Las noticias de mi comarca\",\"potentialAction\":[{\"@type\":\"SearchAction\",\"target\":{\"@type\":\"EntryPoint\",\"urlTemplate\":\"https:\/\/www.noticiasradioreflejos.com.ar\/2021\/?s={search_term_string}\"},\"query-input\":{\"@type\":\"PropertyValueSpecification\",\"valueRequired\":true,\"valueName\":\"search_term_string\"}}],\"inLanguage\":\"es\"},{\"@type\":\"Person\",\"@id\":\"https:\/\/www.noticiasradioreflejos.com.ar\/2021\/#\/schema\/person\/ad82545263dcc5ec0996818884fd5fb1\",\"name\":\"Arnaldo Botto\",\"image\":{\"@type\":\"ImageObject\",\"inLanguage\":\"es\",\"@id\":\"https:\/\/www.noticiasradioreflejos.com.ar\/2021\/#\/schema\/person\/image\/\",\"url\":\"https:\/\/secure.gravatar.com\/avatar\/55cb5e37c1efa326397366e6974cb338056df65cb50e7d64d1cf314e87504837?s=96&d=mm&r=g\",\"contentUrl\":\"https:\/\/secure.gravatar.com\/avatar\/55cb5e37c1efa326397366e6974cb338056df65cb50e7d64d1cf314e87504837?s=96&d=mm&r=g\",\"caption\":\"Arnaldo Botto\"},\"url\":\"https:\/\/www.noticiasradioreflejos.com.ar\/2021\/author\/arnaldo\/\"}]}<\/script>\n<!-- \/ Yoast SEO plugin. -->","yoast_head_json":{"title":"Milei dijo que la media sanci\u00f3n a la Ley Bases \u201ces un paso fundamental para sacar a Argentina del pantano\u201d - Noticias Radio Reflejos","robots":{"index":"index","follow":"follow","max-snippet":"max-snippet:-1","max-image-preview":"max-image-preview:large","max-video-preview":"max-video-preview:-1"},"canonical":"https:\/\/www.noticiasradioreflejos.com.ar\/2021\/milei-dijo-que-la-media-sancion-a-la-ley-bases-es-un-paso-fundamental-para-sacar-a-argentina-del-pantano\/","og_locale":"es_ES","og_type":"article","og_title":"Milei dijo que la media sanci\u00f3n a la Ley Bases \u201ces un paso fundamental para sacar a Argentina del pantano\u201d - Noticias Radio Reflejos","og_description":"El Presidente consider\u00f3 que tras la votaci\u00f3n en Diputados, el Gobierno est\u00e1 \u201ccada vez m\u00e1s cerca\u201d de poder concretar el Pacto de Mayo y \u201cdar inicio a la nueva era de prosperidad\u201d.","og_url":"https:\/\/www.noticiasradioreflejos.com.ar\/2021\/milei-dijo-que-la-media-sancion-a-la-ley-bases-es-un-paso-fundamental-para-sacar-a-argentina-del-pantano\/","og_site_name":"Noticias Radio Reflejos","article_published_time":"2024-04-30T19:16:54+00:00","article_modified_time":"2024-04-30T19:19:57+00:00","og_image":[{"width":637,"height":360,"url":"https:\/\/www.noticiasradioreflejos.com.ar\/2021\/wp-content\/uploads\/2024\/04\/milei-1.jpg","type":"image\/jpeg"}],"author":"Arnaldo Botto","twitter_card":"summary_large_image","schema":{"@context":"https:\/\/schema.org","@graph":[{"@type":"WebPage","@id":"https:\/\/www.noticiasradioreflejos.com.ar\/2021\/milei-dijo-que-la-media-sancion-a-la-ley-bases-es-un-paso-fundamental-para-sacar-a-argentina-del-pantano\/","url":"https:\/\/www.noticiasradioreflejos.com.ar\/2021\/milei-dijo-que-la-media-sancion-a-la-ley-bases-es-un-paso-fundamental-para-sacar-a-argentina-del-pantano\/","name":"Milei dijo que la media sanci\u00f3n a la Ley Bases \u201ces un paso fundamental para sacar a Argentina del pantano\u201d - Noticias Radio Reflejos","isPartOf":{"@id":"https:\/\/www.noticiasradioreflejos.com.ar\/2021\/#website"},"primaryImageOfPage":{"@id":"https:\/\/www.noticiasradioreflejos.com.ar\/2021\/milei-dijo-que-la-media-sancion-a-la-ley-bases-es-un-paso-fundamental-para-sacar-a-argentina-del-pantano\/#primaryimage"},"image":{"@id":"https:\/\/www.noticiasradioreflejos.com.ar\/2021\/milei-dijo-que-la-media-sancion-a-la-ley-bases-es-un-paso-fundamental-para-sacar-a-argentina-del-pantano\/#primaryimage"},"thumbnailUrl":"https:\/\/www.noticiasradioreflejos.com.ar\/2021\/wp-content\/uploads\/2024\/04\/milei-1.jpg","datePublished":"2024-04-30T19:16:54+00:00","dateModified":"2024-04-30T19:19:57+00:00","author":{"@id":"https:\/\/www.noticiasradioreflejos.com.ar\/2021\/#\/schema\/person\/ad82545263dcc5ec0996818884fd5fb1"},"breadcrumb":{"@id":"https:\/\/www.noticiasradioreflejos.com.ar\/2021\/milei-dijo-que-la-media-sancion-a-la-ley-bases-es-un-paso-fundamental-para-sacar-a-argentina-del-pantano\/#breadcrumb"},"inLanguage":"es","potentialAction":[{"@type":"ReadAction","target":["https:\/\/www.noticiasradioreflejos.com.ar\/2021\/milei-dijo-que-la-media-sancion-a-la-ley-bases-es-un-paso-fundamental-para-sacar-a-argentina-del-pantano\/"]}]},{"@type":"ImageObject","inLanguage":"es","@id":"https:\/\/www.noticiasradioreflejos.com.ar\/2021\/milei-dijo-que-la-media-sancion-a-la-ley-bases-es-un-paso-fundamental-para-sacar-a-argentina-del-pantano\/#primaryimage","url":"https:\/\/www.noticiasradioreflejos.com.ar\/2021\/wp-content\/uploads\/2024\/04\/milei-1.jpg","contentUrl":"https:\/\/www.noticiasradioreflejos.com.ar\/2021\/wp-content\/uploads\/2024\/04\/milei-1.jpg","width":637,"height":360},{"@type":"BreadcrumbList","@id":"https:\/\/www.noticiasradioreflejos.com.ar\/2021\/milei-dijo-que-la-media-sancion-a-la-ley-bases-es-un-paso-fundamental-para-sacar-a-argentina-del-pantano\/#breadcrumb","itemListElement":[{"@type":"ListItem","position":1,"name":"Portada","item":"https:\/\/www.noticiasradioreflejos.com.ar\/2021\/"},{"@type":"ListItem","position":2,"name":"Milei dijo que la media sanci\u00f3n a la Ley Bases \u201ces un paso fundamental para sacar a Argentina del pantano\u201d"}]},{"@type":"WebSite","@id":"https:\/\/www.noticiasradioreflejos.com.ar\/2021\/#website","url":"https:\/\/www.noticiasradioreflejos.com.ar\/2021\/","name":"Noticias Radio Reflejos","description":"Las noticias de mi comarca","potentialAction":[{"@type":"SearchAction","target":{"@type":"EntryPoint","urlTemplate":"https:\/\/www.noticiasradioreflejos.com.ar\/2021\/?s={search_term_string}"},"query-input":{"@type":"PropertyValueSpecification","valueRequired":true,"valueName":"search_term_string"}}],"inLanguage":"es"},{"@type":"Person","@id":"https:\/\/www.noticiasradioreflejos.com.ar\/2021\/#\/schema\/person\/ad82545263dcc5ec0996818884fd5fb1","name":"Arnaldo Botto","image":{"@type":"ImageObject","inLanguage":"es","@id":"https:\/\/www.noticiasradioreflejos.com.ar\/2021\/#\/schema\/person\/image\/","url":"https:\/\/secure.gravatar.com\/avatar\/55cb5e37c1efa326397366e6974cb338056df65cb50e7d64d1cf314e87504837?s=96&d=mm&r=g","contentUrl":"https:\/\/secure.gravatar.com\/avatar\/55cb5e37c1efa326397366e6974cb338056df65cb50e7d64d1cf314e87504837?s=96&d=mm&r=g","caption":"Arnaldo Botto"},"url":"https:\/\/www.noticiasradioreflejos.com.ar\/2021\/author\/arnaldo\/"}]}},"_links":{"self":[{"href":"https:\/\/www.noticiasradioreflejos.com.ar\/2021\/wp-json\/wp\/v2\/posts\/101981","targetHints":{"allow":["GET"]}}],"collection":[{"href":"https:\/\/www.noticiasradioreflejos.com.ar\/2021\/wp-json\/wp\/v2\/posts"}],"about":[{"href":"https:\/\/www.noticiasradioreflejos.com.ar\/2021\/wp-json\/wp\/v2\/types\/post"}],"author":[{"embeddable":true,"href":"https:\/\/www.noticiasradioreflejos.com.ar\/2021\/wp-json\/wp\/v2\/users\/3"}],"replies":[{"embeddable":true,"href":"https:\/\/www.noticiasradioreflejos.com.ar\/2021\/wp-json\/wp\/v2\/comments?post=101981"}],"version-history":[{"count":3,"href":"https:\/\/www.noticiasradioreflejos.com.ar\/2021\/wp-json\/wp\/v2\/posts\/101981\/revisions"}],"predecessor-version":[{"id":101984,"href":"https:\/\/www.noticiasradioreflejos.com.ar\/2021\/wp-json\/wp\/v2\/posts\/101981\/revisions\/101984"}],"wp:featuredmedia":[{"embeddable":true,"href":"https:\/\/www.noticiasradioreflejos.com.ar\/2021\/wp-json\/wp\/v2\/media\/101261"}],"wp:attachment":[{"href":"https:\/\/www.noticiasradioreflejos.com.ar\/2021\/wp-json\/wp\/v2\/media?parent=101981"}],"wp:term":[{"taxonomy":"category","embeddable":true,"href":"https:\/\/www.noticiasradioreflejos.com.ar\/2021\/wp-json\/wp\/v2\/categories?post=101981"},{"taxonomy":"post_tag","embeddable":true,"href":"https:\/\/www.noticiasradioreflejos.com.ar\/2021\/wp-json\/wp\/v2\/tags?post=101981"}],"curies":[{"name":"wp","href":"https:\/\/api.w.org\/{rel}","templated":true}]}}