{"id":101979,"date":"2024-04-30T16:51:13","date_gmt":"2024-04-30T19:51:13","guid":{"rendered":"https:\/\/www.noticiasradioreflejos.com.ar\/2021\/?p=101979"},"modified":"2024-04-30T16:51:13","modified_gmt":"2024-04-30T19:51:13","slug":"la-paloma-busca-vivir-un-25-de-mayo-a-pleno","status":"publish","type":"post","link":"https:\/\/www.noticiasradioreflejos.com.ar\/2021\/la-paloma-busca-vivir-un-25-de-mayo-a-pleno\/","title":{"rendered":"La Paloma busca vivir un 25 de mayo a pleno"},"content":{"rendered":"<p>A trav\u00e9s de un gran almuerzo buscar\u00e1n seguir juntando fondos para el espacio hist\u00f3rico que tienen dedicado a Malvinas. Cristian Kurtz, uno de sus organizadores, resalt\u00f3 que \u201cnos brindamos al m\u00e1ximo para que el visitante se sienta a gusto\u201d.<!--more--><\/p>\n<p>El paraje La Paloma sigue marcando tendencia en lo que se refiere a fechas patrias. Y si bien sus comidas de campo ya est\u00e1n en boca de todo el sudoeste bonaerense, como as\u00ed tambi\u00e9n su Museo de Malvinas, este tipo de eventos se roban todas las miradas.<\/p>\n<p>Al respecto uno de sus m\u00e1ximos responsables, Cristian Kurtz, explic\u00f3 que \u201csiempre hac\u00edamos locro, y este a\u00f1o hemos estado con almuerzos, y vamos agrandando, juntando fondos para poder terminar el piso de la nueva sala. En vez de locro vamos a hacer un buen asado de vaca y asado de costilla\u201d.<\/p>\n<p>Pero siendo una fiesta de La Paloma, claramente la cosa no queda ah\u00ed, y as\u00ed lo hizo saber Cristian. \u201cDesde la ma\u00f1ana, con el izamiento del pabell\u00f3n, como siempre nos acompa\u00f1ar\u00e1n los veteranos cantando el himno nacional. Despu\u00e9s habr\u00e1 danzas t\u00edpicas del 25 de mayo, y \u00a0tras eso el gran almuerzo\u201d.<\/p>\n<p><a title=\"25 de mayo\" href=\"https:\/\/www.flickr.com\/photos\/182279889@N02\/53690054146\/in\/dateposted-public\/\" data-flickr-embed=\"true\"><img loading=\"lazy\" decoding=\"async\" class=\"aligncenter\" src=\"https:\/\/live.staticflickr.com\/65535\/53690054146_84c032d9a1_z.jpg\" alt=\"25 de mayo\" width=\"640\" height=\"416\" \/><\/a><\/p>\n<p>Y al momento de detallar la comida a m\u00e1s de uno se le hizo agua la boca, ya que enumer\u00f3 \u201cempanadas, chorizo, asado de vaca con ensalada, aguas saborizadas, vino de la casa, pastel de postre, y aguantando la sobremesa a la tarde, chocolate con torta frita\u201d.<\/p>\n<p>En otro pasaje de la charla admiti\u00f3 que el n\u00famero de comensales ha bajado ya que \u201cantes hac\u00edamos para 160, 180, 200 personas, y ahora estamos en 100, 120, pero bueno, todo nos sirve, todo nos ayuda, porque es una recaudaci\u00f3n linda que vamos meti\u00e9ndole a la sala, y al patio, y a todo el predio\u201d.<\/p>\n<p><a title=\"La Paloma sum\" href=\"https:\/\/www.flickr.com\/photos\/182279889@N02\/53690406069\/in\/dateposted-public\/\" data-flickr-embed=\"true\"><img loading=\"lazy\" decoding=\"async\" class=\"\" src=\"https:\/\/live.staticflickr.com\/65535\/53690406069_177e6b4b79_z.jpg\" alt=\"La Paloma sum\" width=\"724\" height=\"326\" \/><\/a><br \/>\nJustamente sobre el museo cont\u00f3 que \u201cel a\u00f1o pasado lo agrandamos. Tuvimos que hacer una ampliaci\u00f3n para poder recibir m\u00e1s donaciones que nos tra\u00edan de distintas fuerzas. Ahora armamos la balsa, que tenemos algo muy importante, para poder trabajar con las escuelas\u201d.<\/p>\n<p>Y sobre ese punto mencion\u00f3 que \u201cayer vino una maestra y se preguntaba si todo lo que est\u00e1 ac\u00e1 estuvo en Malvinas, y la respuesta es s\u00ed, la mayor parte, el 90% estuvo en la gesta y lleg\u00f3 a nosotros, as\u00ed que estamos con proyectos nuevos, con nuevas ideas, para poder seguir trayendo elementos, mostrarlos, trabajar y que no se pierda esta llama\u201d.<\/p>\n<p>Por \u00faltimo aclar\u00f3 que si bien a los espacios \u201cla entrada es libre y gratuita, el almuerzo ahora que lo hacemos a 25, vale 10 mil pesos los mayores, y 5 mil pesos los menores\u201d y que con lo recaudado siguen \u201csustentando el lugar, para mantenerlo, ya que nosotros no recibimos subsidios de nada\u201d.<\/p>\n<p><iframe loading=\"lazy\" src=\"https:\/\/w.soundcloud.com\/player\/?url=https%3A\/\/api.soundcloud.com\/tracks\/1811147487&amp;color=%23ff5500&amp;auto_play=false&amp;hide_related=false&amp;show_comments=true&amp;show_user=true&amp;show_reposts=false&amp;show_teaser=true\" width=\"100%\" height=\"166\" frameborder=\"no\" scrolling=\"no\"><\/iframe><\/p>\n<div style=\"font-size: 10px; color: #cccccc; line-break: anywhere; word-break: normal; overflow: hidden; white-space: nowrap; text-overflow: ellipsis; font-family: Interstate,Lucida Grande,Lucida Sans Unicode,Lucida Sans,Garuda,Verdana,Tahoma,sans-serif; font-weight: 100;\"><a style=\"color: #cccccc; text-decoration: none;\" title=\"fmreflejos 103.7\" href=\"https:\/\/soundcloud.com\/fmreflejos-103-7\" target=\"_blank\" rel=\"noopener\">fmreflejos 103.7<\/a> \u00b7 <a style=\"color: #cccccc; text-decoration: none;\" title=\"Cristian Kurtz 30 - 04\" href=\"https:\/\/soundcloud.com\/fmreflejos-103-7\/cristian-kurtz-30-04\" target=\"_blank\" rel=\"noopener\">Cristian Kurtz 30 &#8211; 04<\/a><\/div>\n<p><a data-flickr-embed=\"true\" href=\"https:\/\/www.flickr.com\/photos\/182279889@N02\/53689173162\/in\/dateposted-public\/\" title=\"Cande y sus Zapallos\"><img loading=\"lazy\" decoding=\"async\" src=\"https:\/\/live.staticflickr.com\/65535\/53689173162_729d9b3567_z.jpg\" width=\"480\" height=\"640\" alt=\"Cande y sus Zapallos\"\/><\/a><script async src=\"\/\/embedr.flickr.com\/assets\/client-code.js\" charset=\"utf-8\"><\/script><\/p>\n<p><a data-flickr-embed=\"true\" href=\"https:\/\/www.flickr.com\/photos\/182279889@N02\/53690406079\/in\/dateposted-public\/\" title=\"Gansos La Paloma\"><img loading=\"lazy\" decoding=\"async\" src=\"https:\/\/live.staticflickr.com\/65535\/53690406079_57bcab7109_z.jpg\" width=\"640\" height=\"371\" alt=\"Gansos La Paloma\"\/><\/a><script async src=\"\/\/embedr.flickr.com\/assets\/client-code.js\" charset=\"utf-8\"><\/script><\/p>\n","protected":false},"excerpt":{"rendered":"<p>A trav\u00e9s de un gran almuerzo buscar\u00e1n seguir juntando fondos para el espacio hist\u00f3rico que tienen dedicado a Malvinas. Cristian Kurtz, uno de sus organizadores, resalt\u00f3 que \u201cnos brindamos al m\u00e1ximo para que el visitante se sienta a gusto\u201d.<\/p>\n","protected":false},"author":3,"featured_media":101991,"comment_status":"closed","ping_status":"closed","sticky":false,"template":"","format":"standard","meta":{"footnotes":""},"categories":[35],"tags":[48],"class_list":["post-101979","post","type-post","status-publish","format-standard","has-post-thumbnail","hentry","category-cultura","tag-destacada"],"yoast_head":"<!-- This site is optimized with the Yoast SEO plugin v25.9 - https:\/\/yoast.com\/wordpress\/plugins\/seo\/ -->\n<title>La Paloma busca vivir un 25 de mayo a pleno - Noticias Radio Reflejos<\/title>\n<meta name=\"robots\" content=\"index, follow, max-snippet:-1, max-image-preview:large, max-video-preview:-1\" \/>\n<link rel=\"canonical\" href=\"https:\/\/www.noticiasradioreflejos.com.ar\/2021\/la-paloma-busca-vivir-un-25-de-mayo-a-pleno\/\" \/>\n<meta property=\"og:locale\" content=\"es_ES\" \/>\n<meta property=\"og:type\" content=\"article\" \/>\n<meta property=\"og:title\" content=\"La Paloma busca vivir un 25 de mayo a pleno - Noticias Radio Reflejos\" \/>\n<meta property=\"og:description\" content=\"A trav\u00e9s de un gran almuerzo buscar\u00e1n seguir juntando fondos para el espacio hist\u00f3rico que tienen dedicado a Malvinas. Cristian Kurtz, uno de sus organizadores, resalt\u00f3 que \u201cnos brindamos al m\u00e1ximo para que el visitante se sienta a gusto\u201d.\" \/>\n<meta property=\"og:url\" content=\"https:\/\/www.noticiasradioreflejos.com.ar\/2021\/la-paloma-busca-vivir-un-25-de-mayo-a-pleno\/\" \/>\n<meta property=\"og:site_name\" content=\"Noticias Radio Reflejos\" \/>\n<meta property=\"article:published_time\" content=\"2024-04-30T19:51:13+00:00\" \/>\n<meta property=\"og:image\" content=\"https:\/\/www.noticiasradioreflejos.com.ar\/2021\/wp-content\/uploads\/2024\/04\/la-paloma.jpg\" \/>\n\t<meta property=\"og:image:width\" content=\"800\" \/>\n\t<meta property=\"og:image:height\" content=\"740\" \/>\n\t<meta property=\"og:image:type\" content=\"image\/jpeg\" \/>\n<meta name=\"author\" content=\"Arnaldo Botto\" \/>\n<meta name=\"twitter:card\" content=\"summary_large_image\" \/>\n<script type=\"application\/ld+json\" class=\"yoast-schema-graph\">{\"@context\":\"https:\/\/schema.org\",\"@graph\":[{\"@type\":\"WebPage\",\"@id\":\"https:\/\/www.noticiasradioreflejos.com.ar\/2021\/la-paloma-busca-vivir-un-25-de-mayo-a-pleno\/\",\"url\":\"https:\/\/www.noticiasradioreflejos.com.ar\/2021\/la-paloma-busca-vivir-un-25-de-mayo-a-pleno\/\",\"name\":\"La Paloma busca vivir un 25 de mayo a pleno - Noticias Radio Reflejos\",\"isPartOf\":{\"@id\":\"https:\/\/www.noticiasradioreflejos.com.ar\/2021\/#website\"},\"primaryImageOfPage\":{\"@id\":\"https:\/\/www.noticiasradioreflejos.com.ar\/2021\/la-paloma-busca-vivir-un-25-de-mayo-a-pleno\/#primaryimage\"},\"image\":{\"@id\":\"https:\/\/www.noticiasradioreflejos.com.ar\/2021\/la-paloma-busca-vivir-un-25-de-mayo-a-pleno\/#primaryimage\"},\"thumbnailUrl\":\"https:\/\/www.noticiasradioreflejos.com.ar\/2021\/wp-content\/uploads\/2024\/04\/la-paloma.jpg\",\"datePublished\":\"2024-04-30T19:51:13+00:00\",\"author\":{\"@id\":\"https:\/\/www.noticiasradioreflejos.com.ar\/2021\/#\/schema\/person\/ad82545263dcc5ec0996818884fd5fb1\"},\"breadcrumb\":{\"@id\":\"https:\/\/www.noticiasradioreflejos.com.ar\/2021\/la-paloma-busca-vivir-un-25-de-mayo-a-pleno\/#breadcrumb\"},\"inLanguage\":\"es\",\"potentialAction\":[{\"@type\":\"ReadAction\",\"target\":[\"https:\/\/www.noticiasradioreflejos.com.ar\/2021\/la-paloma-busca-vivir-un-25-de-mayo-a-pleno\/\"]}]},{\"@type\":\"ImageObject\",\"inLanguage\":\"es\",\"@id\":\"https:\/\/www.noticiasradioreflejos.com.ar\/2021\/la-paloma-busca-vivir-un-25-de-mayo-a-pleno\/#primaryimage\",\"url\":\"https:\/\/www.noticiasradioreflejos.com.ar\/2021\/wp-content\/uploads\/2024\/04\/la-paloma.jpg\",\"contentUrl\":\"https:\/\/www.noticiasradioreflejos.com.ar\/2021\/wp-content\/uploads\/2024\/04\/la-paloma.jpg\",\"width\":800,\"height\":740},{\"@type\":\"BreadcrumbList\",\"@id\":\"https:\/\/www.noticiasradioreflejos.com.ar\/2021\/la-paloma-busca-vivir-un-25-de-mayo-a-pleno\/#breadcrumb\",\"itemListElement\":[{\"@type\":\"ListItem\",\"position\":1,\"name\":\"Portada\",\"item\":\"https:\/\/www.noticiasradioreflejos.com.ar\/2021\/\"},{\"@type\":\"ListItem\",\"position\":2,\"name\":\"La Paloma busca vivir un 25 de mayo a pleno\"}]},{\"@type\":\"WebSite\",\"@id\":\"https:\/\/www.noticiasradioreflejos.com.ar\/2021\/#website\",\"url\":\"https:\/\/www.noticiasradioreflejos.com.ar\/2021\/\",\"name\":\"Noticias Radio Reflejos\",\"description\":\"Las noticias de mi comarca\",\"potentialAction\":[{\"@type\":\"SearchAction\",\"target\":{\"@type\":\"EntryPoint\",\"urlTemplate\":\"https:\/\/www.noticiasradioreflejos.com.ar\/2021\/?s={search_term_string}\"},\"query-input\":{\"@type\":\"PropertyValueSpecification\",\"valueRequired\":true,\"valueName\":\"search_term_string\"}}],\"inLanguage\":\"es\"},{\"@type\":\"Person\",\"@id\":\"https:\/\/www.noticiasradioreflejos.com.ar\/2021\/#\/schema\/person\/ad82545263dcc5ec0996818884fd5fb1\",\"name\":\"Arnaldo Botto\",\"image\":{\"@type\":\"ImageObject\",\"inLanguage\":\"es\",\"@id\":\"https:\/\/www.noticiasradioreflejos.com.ar\/2021\/#\/schema\/person\/image\/\",\"url\":\"https:\/\/secure.gravatar.com\/avatar\/55cb5e37c1efa326397366e6974cb338056df65cb50e7d64d1cf314e87504837?s=96&d=mm&r=g\",\"contentUrl\":\"https:\/\/secure.gravatar.com\/avatar\/55cb5e37c1efa326397366e6974cb338056df65cb50e7d64d1cf314e87504837?s=96&d=mm&r=g\",\"caption\":\"Arnaldo Botto\"},\"url\":\"https:\/\/www.noticiasradioreflejos.com.ar\/2021\/author\/arnaldo\/\"}]}<\/script>\n<!-- \/ Yoast SEO plugin. -->","yoast_head_json":{"title":"La Paloma busca vivir un 25 de mayo a pleno - Noticias Radio Reflejos","robots":{"index":"index","follow":"follow","max-snippet":"max-snippet:-1","max-image-preview":"max-image-preview:large","max-video-preview":"max-video-preview:-1"},"canonical":"https:\/\/www.noticiasradioreflejos.com.ar\/2021\/la-paloma-busca-vivir-un-25-de-mayo-a-pleno\/","og_locale":"es_ES","og_type":"article","og_title":"La Paloma busca vivir un 25 de mayo a pleno - Noticias Radio Reflejos","og_description":"A trav\u00e9s de un gran almuerzo buscar\u00e1n seguir juntando fondos para el espacio hist\u00f3rico que tienen dedicado a Malvinas. Cristian Kurtz, uno de sus organizadores, resalt\u00f3 que \u201cnos brindamos al m\u00e1ximo para que el visitante se sienta a gusto\u201d.","og_url":"https:\/\/www.noticiasradioreflejos.com.ar\/2021\/la-paloma-busca-vivir-un-25-de-mayo-a-pleno\/","og_site_name":"Noticias Radio Reflejos","article_published_time":"2024-04-30T19:51:13+00:00","og_image":[{"width":800,"height":740,"url":"https:\/\/www.noticiasradioreflejos.com.ar\/2021\/wp-content\/uploads\/2024\/04\/la-paloma.jpg","type":"image\/jpeg"}],"author":"Arnaldo Botto","twitter_card":"summary_large_image","schema":{"@context":"https:\/\/schema.org","@graph":[{"@type":"WebPage","@id":"https:\/\/www.noticiasradioreflejos.com.ar\/2021\/la-paloma-busca-vivir-un-25-de-mayo-a-pleno\/","url":"https:\/\/www.noticiasradioreflejos.com.ar\/2021\/la-paloma-busca-vivir-un-25-de-mayo-a-pleno\/","name":"La Paloma busca vivir un 25 de mayo a pleno - Noticias Radio Reflejos","isPartOf":{"@id":"https:\/\/www.noticiasradioreflejos.com.ar\/2021\/#website"},"primaryImageOfPage":{"@id":"https:\/\/www.noticiasradioreflejos.com.ar\/2021\/la-paloma-busca-vivir-un-25-de-mayo-a-pleno\/#primaryimage"},"image":{"@id":"https:\/\/www.noticiasradioreflejos.com.ar\/2021\/la-paloma-busca-vivir-un-25-de-mayo-a-pleno\/#primaryimage"},"thumbnailUrl":"https:\/\/www.noticiasradioreflejos.com.ar\/2021\/wp-content\/uploads\/2024\/04\/la-paloma.jpg","datePublished":"2024-04-30T19:51:13+00:00","author":{"@id":"https:\/\/www.noticiasradioreflejos.com.ar\/2021\/#\/schema\/person\/ad82545263dcc5ec0996818884fd5fb1"},"breadcrumb":{"@id":"https:\/\/www.noticiasradioreflejos.com.ar\/2021\/la-paloma-busca-vivir-un-25-de-mayo-a-pleno\/#breadcrumb"},"inLanguage":"es","potentialAction":[{"@type":"ReadAction","target":["https:\/\/www.noticiasradioreflejos.com.ar\/2021\/la-paloma-busca-vivir-un-25-de-mayo-a-pleno\/"]}]},{"@type":"ImageObject","inLanguage":"es","@id":"https:\/\/www.noticiasradioreflejos.com.ar\/2021\/la-paloma-busca-vivir-un-25-de-mayo-a-pleno\/#primaryimage","url":"https:\/\/www.noticiasradioreflejos.com.ar\/2021\/wp-content\/uploads\/2024\/04\/la-paloma.jpg","contentUrl":"https:\/\/www.noticiasradioreflejos.com.ar\/2021\/wp-content\/uploads\/2024\/04\/la-paloma.jpg","width":800,"height":740},{"@type":"BreadcrumbList","@id":"https:\/\/www.noticiasradioreflejos.com.ar\/2021\/la-paloma-busca-vivir-un-25-de-mayo-a-pleno\/#breadcrumb","itemListElement":[{"@type":"ListItem","position":1,"name":"Portada","item":"https:\/\/www.noticiasradioreflejos.com.ar\/2021\/"},{"@type":"ListItem","position":2,"name":"La Paloma busca vivir un 25 de mayo a pleno"}]},{"@type":"WebSite","@id":"https:\/\/www.noticiasradioreflejos.com.ar\/2021\/#website","url":"https:\/\/www.noticiasradioreflejos.com.ar\/2021\/","name":"Noticias Radio Reflejos","description":"Las noticias de mi comarca","potentialAction":[{"@type":"SearchAction","target":{"@type":"EntryPoint","urlTemplate":"https:\/\/www.noticiasradioreflejos.com.ar\/2021\/?s={search_term_string}"},"query-input":{"@type":"PropertyValueSpecification","valueRequired":true,"valueName":"search_term_string"}}],"inLanguage":"es"},{"@type":"Person","@id":"https:\/\/www.noticiasradioreflejos.com.ar\/2021\/#\/schema\/person\/ad82545263dcc5ec0996818884fd5fb1","name":"Arnaldo Botto","image":{"@type":"ImageObject","inLanguage":"es","@id":"https:\/\/www.noticiasradioreflejos.com.ar\/2021\/#\/schema\/person\/image\/","url":"https:\/\/secure.gravatar.com\/avatar\/55cb5e37c1efa326397366e6974cb338056df65cb50e7d64d1cf314e87504837?s=96&d=mm&r=g","contentUrl":"https:\/\/secure.gravatar.com\/avatar\/55cb5e37c1efa326397366e6974cb338056df65cb50e7d64d1cf314e87504837?s=96&d=mm&r=g","caption":"Arnaldo Botto"},"url":"https:\/\/www.noticiasradioreflejos.com.ar\/2021\/author\/arnaldo\/"}]}},"_links":{"self":[{"href":"https:\/\/www.noticiasradioreflejos.com.ar\/2021\/wp-json\/wp\/v2\/posts\/101979","targetHints":{"allow":["GET"]}}],"collection":[{"href":"https:\/\/www.noticiasradioreflejos.com.ar\/2021\/wp-json\/wp\/v2\/posts"}],"about":[{"href":"https:\/\/www.noticiasradioreflejos.com.ar\/2021\/wp-json\/wp\/v2\/types\/post"}],"author":[{"embeddable":true,"href":"https:\/\/www.noticiasradioreflejos.com.ar\/2021\/wp-json\/wp\/v2\/users\/3"}],"replies":[{"embeddable":true,"href":"https:\/\/www.noticiasradioreflejos.com.ar\/2021\/wp-json\/wp\/v2\/comments?post=101979"}],"version-history":[{"count":2,"href":"https:\/\/www.noticiasradioreflejos.com.ar\/2021\/wp-json\/wp\/v2\/posts\/101979\/revisions"}],"predecessor-version":[{"id":101992,"href":"https:\/\/www.noticiasradioreflejos.com.ar\/2021\/wp-json\/wp\/v2\/posts\/101979\/revisions\/101992"}],"wp:featuredmedia":[{"embeddable":true,"href":"https:\/\/www.noticiasradioreflejos.com.ar\/2021\/wp-json\/wp\/v2\/media\/101991"}],"wp:attachment":[{"href":"https:\/\/www.noticiasradioreflejos.com.ar\/2021\/wp-json\/wp\/v2\/media?parent=101979"}],"wp:term":[{"taxonomy":"category","embeddable":true,"href":"https:\/\/www.noticiasradioreflejos.com.ar\/2021\/wp-json\/wp\/v2\/categories?post=101979"},{"taxonomy":"post_tag","embeddable":true,"href":"https:\/\/www.noticiasradioreflejos.com.ar\/2021\/wp-json\/wp\/v2\/tags?post=101979"}],"curies":[{"name":"wp","href":"https:\/\/api.w.org\/{rel}","templated":true}]}}