{"id":101977,"date":"2024-04-30T16:54:20","date_gmt":"2024-04-30T19:54:20","guid":{"rendered":"https:\/\/www.noticiasradioreflejos.com.ar\/2021\/?p=101977"},"modified":"2024-04-30T16:54:20","modified_gmt":"2024-04-30T19:54:20","slug":"la-venidera-semana-se-dara-una-charla-sobre-cancer-de-mama-y-vph","status":"publish","type":"post","link":"https:\/\/www.noticiasradioreflejos.com.ar\/2021\/la-venidera-semana-se-dara-una-charla-sobre-cancer-de-mama-y-vph\/","title":{"rendered":"La venidera semana se dar\u00e1 una charla sobre c\u00e1ncer de mama y VPH"},"content":{"rendered":"<p>El Dr. Hern\u00e1n Siciliano, Presidente del C\u00edrculo M\u00e9dico y autoridad de la C\u00e1mara que nuclea a Obstetras y Ginec\u00f3logos, brind\u00f3 detalles sobre la jornada que se vivir\u00e1.<!--more--><\/p>\n<p>El pr\u00f3ximo 10 de mayo, desde las 19 y en el auditorio de la Cooperativa El\u00e9ctrica, se llevar\u00e1 adelante una charla sobre la detecci\u00f3n precoz de c\u00e1ncer de mama y vacuna HPV.<\/p>\n<p>Al respecto el Dr. Hern\u00e1n Siciliano, Presidente del C\u00edrculo M\u00e9dico e integrante de la C\u00e1mara que nuclea a Obstetras y Ginec\u00f3logos, brind\u00f3 detalles de relevancia en relaci\u00f3n a este encuentro, el cual ser\u00e1 libre y gratuito.<\/p>\n<p>Comenzando la entrevista, el facultativo explic\u00f3 que \u201cen la sociedad tenemos como norma hacer jornadas en el interior. Por algo somos la Sociedad de Obstetricia y Ginecolog\u00eda de la Provincia de Buenos Aires y no somos del Conurbano\u201d.<\/p>\n<p>Y completando esta idea remarc\u00f3 que \u201csalimos al interior a hacer obviamente contacto con los ginec\u00f3logos socios y no socios y actualizando temas y tratando temas y viendo la realidad de nuestros colegas en el interior\u201d.<\/p>\n<p>Yendo directamente a lo que ocurrir\u00e1 el pr\u00f3ximo viernes, el doctor afirm\u00f3 que \u201cvamos a dar una charla abierta a la comunidad que est\u00e1 dirigida al p\u00fablico general y a entidades tambi\u00e9n educativas, a chicos que est\u00e9n haciendo salud y adolescencia y se va a hablar sobre prevenci\u00f3n de c\u00e1ncer de mama y aparte se va a hablar sobre vacuna HPV\u201d.<\/p>\n<p>De todas maneras resalt\u00f3 que \u201cno voy a disertar. Yo soy coordinador de la jornada. Hay gente que sabe mucho m\u00e1s que yo y todos los d\u00edas uno va aprendiendo\u201d.<\/p>\n<p>Por este motivo \u201cen la parte de mama van a estar dos personas que en la sociedad son colegas m\u00edos en la mesa, que son la doctora Ana Del Vecchio, que es la jefa de ginecolog\u00eda del hospital de Mor\u00f3n, que es una m\u00e9dica muy formada en patolog\u00eda mamaria y la doctora Mar\u00eda Rosa Blasco, una m\u00e9dica que tiene a\u00f1os en mastolog\u00eda y son palabras mayores en la provincia de Buenos Aires en el tratamiento de esta patolog\u00eda\u201d.<\/p>\n<p>En tanto que \u201cla doctora Delgado va a hablar sobre vacunas HPV, Es la jefa de patolog\u00eda vulvar del hospital de cl\u00ednicas de Buenos Aires, tambi\u00e9n palabras mayores en lo que ella sabe en un hospital universitario y toda la capacidad que tiene y bueno tambi\u00e9n les va a comentar de la importancia y el porqu\u00e9 de la vacuna para HPV.<\/p>\n<p><iframe loading=\"lazy\" width=\"100%\" height=\"166\" scrolling=\"no\" frameborder=\"no\" allow=\"autoplay\" src=\"https:\/\/w.soundcloud.com\/player\/?url=https%3A\/\/api.soundcloud.com\/tracks\/1811164350&#038;color=%23ff5500&#038;auto_play=false&#038;hide_related=false&#038;show_comments=true&#038;show_user=true&#038;show_reposts=false&#038;show_teaser=true\"><\/iframe><\/p>\n<div style=\"font-size: 10px; color: #cccccc;line-break: anywhere;word-break: normal;overflow: hidden;white-space: nowrap;text-overflow: ellipsis; font-family: Interstate,Lucida Grande,Lucida Sans Unicode,Lucida Sans,Garuda,Verdana,Tahoma,sans-serif;font-weight: 100;\"><a href=\"https:\/\/soundcloud.com\/fmreflejos-103-7\" title=\"fmreflejos 103.7\" target=\"_blank\" style=\"color: #cccccc; text-decoration: none;\" rel=\"noopener\">fmreflejos 103.7<\/a> \u00b7 <a href=\"https:\/\/soundcloud.com\/fmreflejos-103-7\/dr-hernan-siciliano-30-04\" title=\"Dr Hernan Siciliano 30 - 04\" target=\"_blank\" style=\"color: #cccccc; text-decoration: none;\" rel=\"noopener\">Dr Hernan Siciliano 30 &#8211; 04<\/a><\/div>\n","protected":false},"excerpt":{"rendered":"<p>El Dr. Hern\u00e1n Siciliano, Presidente del C\u00edrculo M\u00e9dico y autoridad de la C\u00e1mara que nuclea a Obstetras y Ginec\u00f3logos, brind\u00f3 detalles sobre la jornada que se vivir\u00e1.<\/p>\n","protected":false},"author":3,"featured_media":0,"comment_status":"closed","ping_status":"closed","sticky":false,"template":"","format":"standard","meta":{"footnotes":""},"categories":[35,26],"tags":[],"class_list":["post-101977","post","type-post","status-publish","format-standard","hentry","category-cultura","category-sociedad"],"yoast_head":"<!-- This site is optimized with the Yoast SEO plugin v25.9 - https:\/\/yoast.com\/wordpress\/plugins\/seo\/ -->\n<title>La venidera semana se dar\u00e1 una charla sobre c\u00e1ncer de mama y VPH - Noticias Radio Reflejos<\/title>\n<meta name=\"robots\" content=\"index, follow, max-snippet:-1, max-image-preview:large, max-video-preview:-1\" \/>\n<link rel=\"canonical\" href=\"https:\/\/www.noticiasradioreflejos.com.ar\/2021\/la-venidera-semana-se-dara-una-charla-sobre-cancer-de-mama-y-vph\/\" \/>\n<meta property=\"og:locale\" content=\"es_ES\" \/>\n<meta property=\"og:type\" content=\"article\" \/>\n<meta property=\"og:title\" content=\"La venidera semana se dar\u00e1 una charla sobre c\u00e1ncer de mama y VPH - Noticias Radio Reflejos\" \/>\n<meta property=\"og:description\" content=\"El Dr. Hern\u00e1n Siciliano, Presidente del C\u00edrculo M\u00e9dico y autoridad de la C\u00e1mara que nuclea a Obstetras y Ginec\u00f3logos, brind\u00f3 detalles sobre la jornada que se vivir\u00e1.\" \/>\n<meta property=\"og:url\" content=\"https:\/\/www.noticiasradioreflejos.com.ar\/2021\/la-venidera-semana-se-dara-una-charla-sobre-cancer-de-mama-y-vph\/\" \/>\n<meta property=\"og:site_name\" content=\"Noticias Radio Reflejos\" \/>\n<meta property=\"article:published_time\" content=\"2024-04-30T19:54:20+00:00\" \/>\n<meta property=\"og:image\" content=\"https:\/\/www.noticiasradioreflejos.com.ar\/2021\/wp-content\/uploads\/2021\/07\/logosol300x200.png\" \/>\n\t<meta property=\"og:image:width\" content=\"300\" \/>\n\t<meta property=\"og:image:height\" content=\"200\" \/>\n\t<meta property=\"og:image:type\" content=\"image\/png\" \/>\n<meta name=\"author\" content=\"Arnaldo Botto\" \/>\n<meta name=\"twitter:card\" content=\"summary_large_image\" \/>\n<script type=\"application\/ld+json\" class=\"yoast-schema-graph\">{\"@context\":\"https:\/\/schema.org\",\"@graph\":[{\"@type\":\"WebPage\",\"@id\":\"https:\/\/www.noticiasradioreflejos.com.ar\/2021\/la-venidera-semana-se-dara-una-charla-sobre-cancer-de-mama-y-vph\/\",\"url\":\"https:\/\/www.noticiasradioreflejos.com.ar\/2021\/la-venidera-semana-se-dara-una-charla-sobre-cancer-de-mama-y-vph\/\",\"name\":\"La venidera semana se dar\u00e1 una charla sobre c\u00e1ncer de mama y VPH - Noticias Radio Reflejos\",\"isPartOf\":{\"@id\":\"https:\/\/www.noticiasradioreflejos.com.ar\/2021\/#website\"},\"datePublished\":\"2024-04-30T19:54:20+00:00\",\"author\":{\"@id\":\"https:\/\/www.noticiasradioreflejos.com.ar\/2021\/#\/schema\/person\/ad82545263dcc5ec0996818884fd5fb1\"},\"breadcrumb\":{\"@id\":\"https:\/\/www.noticiasradioreflejos.com.ar\/2021\/la-venidera-semana-se-dara-una-charla-sobre-cancer-de-mama-y-vph\/#breadcrumb\"},\"inLanguage\":\"es\",\"potentialAction\":[{\"@type\":\"ReadAction\",\"target\":[\"https:\/\/www.noticiasradioreflejos.com.ar\/2021\/la-venidera-semana-se-dara-una-charla-sobre-cancer-de-mama-y-vph\/\"]}]},{\"@type\":\"BreadcrumbList\",\"@id\":\"https:\/\/www.noticiasradioreflejos.com.ar\/2021\/la-venidera-semana-se-dara-una-charla-sobre-cancer-de-mama-y-vph\/#breadcrumb\",\"itemListElement\":[{\"@type\":\"ListItem\",\"position\":1,\"name\":\"Portada\",\"item\":\"https:\/\/www.noticiasradioreflejos.com.ar\/2021\/\"},{\"@type\":\"ListItem\",\"position\":2,\"name\":\"La venidera semana se dar\u00e1 una charla sobre c\u00e1ncer de mama y VPH\"}]},{\"@type\":\"WebSite\",\"@id\":\"https:\/\/www.noticiasradioreflejos.com.ar\/2021\/#website\",\"url\":\"https:\/\/www.noticiasradioreflejos.com.ar\/2021\/\",\"name\":\"Noticias Radio Reflejos\",\"description\":\"Las noticias de mi comarca\",\"potentialAction\":[{\"@type\":\"SearchAction\",\"target\":{\"@type\":\"EntryPoint\",\"urlTemplate\":\"https:\/\/www.noticiasradioreflejos.com.ar\/2021\/?s={search_term_string}\"},\"query-input\":{\"@type\":\"PropertyValueSpecification\",\"valueRequired\":true,\"valueName\":\"search_term_string\"}}],\"inLanguage\":\"es\"},{\"@type\":\"Person\",\"@id\":\"https:\/\/www.noticiasradioreflejos.com.ar\/2021\/#\/schema\/person\/ad82545263dcc5ec0996818884fd5fb1\",\"name\":\"Arnaldo Botto\",\"image\":{\"@type\":\"ImageObject\",\"inLanguage\":\"es\",\"@id\":\"https:\/\/www.noticiasradioreflejos.com.ar\/2021\/#\/schema\/person\/image\/\",\"url\":\"https:\/\/secure.gravatar.com\/avatar\/55cb5e37c1efa326397366e6974cb338056df65cb50e7d64d1cf314e87504837?s=96&d=mm&r=g\",\"contentUrl\":\"https:\/\/secure.gravatar.com\/avatar\/55cb5e37c1efa326397366e6974cb338056df65cb50e7d64d1cf314e87504837?s=96&d=mm&r=g\",\"caption\":\"Arnaldo Botto\"},\"url\":\"https:\/\/www.noticiasradioreflejos.com.ar\/2021\/author\/arnaldo\/\"}]}<\/script>\n<!-- \/ Yoast SEO plugin. -->","yoast_head_json":{"title":"La venidera semana se dar\u00e1 una charla sobre c\u00e1ncer de mama y VPH - Noticias Radio Reflejos","robots":{"index":"index","follow":"follow","max-snippet":"max-snippet:-1","max-image-preview":"max-image-preview:large","max-video-preview":"max-video-preview:-1"},"canonical":"https:\/\/www.noticiasradioreflejos.com.ar\/2021\/la-venidera-semana-se-dara-una-charla-sobre-cancer-de-mama-y-vph\/","og_locale":"es_ES","og_type":"article","og_title":"La venidera semana se dar\u00e1 una charla sobre c\u00e1ncer de mama y VPH - Noticias Radio Reflejos","og_description":"El Dr. Hern\u00e1n Siciliano, Presidente del C\u00edrculo M\u00e9dico y autoridad de la C\u00e1mara que nuclea a Obstetras y Ginec\u00f3logos, brind\u00f3 detalles sobre la jornada que se vivir\u00e1.","og_url":"https:\/\/www.noticiasradioreflejos.com.ar\/2021\/la-venidera-semana-se-dara-una-charla-sobre-cancer-de-mama-y-vph\/","og_site_name":"Noticias Radio Reflejos","article_published_time":"2024-04-30T19:54:20+00:00","og_image":[{"width":300,"height":200,"url":"https:\/\/www.noticiasradioreflejos.com.ar\/2021\/wp-content\/uploads\/2021\/07\/logosol300x200.png","type":"image\/png"}],"author":"Arnaldo Botto","twitter_card":"summary_large_image","schema":{"@context":"https:\/\/schema.org","@graph":[{"@type":"WebPage","@id":"https:\/\/www.noticiasradioreflejos.com.ar\/2021\/la-venidera-semana-se-dara-una-charla-sobre-cancer-de-mama-y-vph\/","url":"https:\/\/www.noticiasradioreflejos.com.ar\/2021\/la-venidera-semana-se-dara-una-charla-sobre-cancer-de-mama-y-vph\/","name":"La venidera semana se dar\u00e1 una charla sobre c\u00e1ncer de mama y VPH - Noticias Radio Reflejos","isPartOf":{"@id":"https:\/\/www.noticiasradioreflejos.com.ar\/2021\/#website"},"datePublished":"2024-04-30T19:54:20+00:00","author":{"@id":"https:\/\/www.noticiasradioreflejos.com.ar\/2021\/#\/schema\/person\/ad82545263dcc5ec0996818884fd5fb1"},"breadcrumb":{"@id":"https:\/\/www.noticiasradioreflejos.com.ar\/2021\/la-venidera-semana-se-dara-una-charla-sobre-cancer-de-mama-y-vph\/#breadcrumb"},"inLanguage":"es","potentialAction":[{"@type":"ReadAction","target":["https:\/\/www.noticiasradioreflejos.com.ar\/2021\/la-venidera-semana-se-dara-una-charla-sobre-cancer-de-mama-y-vph\/"]}]},{"@type":"BreadcrumbList","@id":"https:\/\/www.noticiasradioreflejos.com.ar\/2021\/la-venidera-semana-se-dara-una-charla-sobre-cancer-de-mama-y-vph\/#breadcrumb","itemListElement":[{"@type":"ListItem","position":1,"name":"Portada","item":"https:\/\/www.noticiasradioreflejos.com.ar\/2021\/"},{"@type":"ListItem","position":2,"name":"La venidera semana se dar\u00e1 una charla sobre c\u00e1ncer de mama y VPH"}]},{"@type":"WebSite","@id":"https:\/\/www.noticiasradioreflejos.com.ar\/2021\/#website","url":"https:\/\/www.noticiasradioreflejos.com.ar\/2021\/","name":"Noticias Radio Reflejos","description":"Las noticias de mi comarca","potentialAction":[{"@type":"SearchAction","target":{"@type":"EntryPoint","urlTemplate":"https:\/\/www.noticiasradioreflejos.com.ar\/2021\/?s={search_term_string}"},"query-input":{"@type":"PropertyValueSpecification","valueRequired":true,"valueName":"search_term_string"}}],"inLanguage":"es"},{"@type":"Person","@id":"https:\/\/www.noticiasradioreflejos.com.ar\/2021\/#\/schema\/person\/ad82545263dcc5ec0996818884fd5fb1","name":"Arnaldo Botto","image":{"@type":"ImageObject","inLanguage":"es","@id":"https:\/\/www.noticiasradioreflejos.com.ar\/2021\/#\/schema\/person\/image\/","url":"https:\/\/secure.gravatar.com\/avatar\/55cb5e37c1efa326397366e6974cb338056df65cb50e7d64d1cf314e87504837?s=96&d=mm&r=g","contentUrl":"https:\/\/secure.gravatar.com\/avatar\/55cb5e37c1efa326397366e6974cb338056df65cb50e7d64d1cf314e87504837?s=96&d=mm&r=g","caption":"Arnaldo Botto"},"url":"https:\/\/www.noticiasradioreflejos.com.ar\/2021\/author\/arnaldo\/"}]}},"_links":{"self":[{"href":"https:\/\/www.noticiasradioreflejos.com.ar\/2021\/wp-json\/wp\/v2\/posts\/101977","targetHints":{"allow":["GET"]}}],"collection":[{"href":"https:\/\/www.noticiasradioreflejos.com.ar\/2021\/wp-json\/wp\/v2\/posts"}],"about":[{"href":"https:\/\/www.noticiasradioreflejos.com.ar\/2021\/wp-json\/wp\/v2\/types\/post"}],"author":[{"embeddable":true,"href":"https:\/\/www.noticiasradioreflejos.com.ar\/2021\/wp-json\/wp\/v2\/users\/3"}],"replies":[{"embeddable":true,"href":"https:\/\/www.noticiasradioreflejos.com.ar\/2021\/wp-json\/wp\/v2\/comments?post=101977"}],"version-history":[{"count":2,"href":"https:\/\/www.noticiasradioreflejos.com.ar\/2021\/wp-json\/wp\/v2\/posts\/101977\/revisions"}],"predecessor-version":[{"id":101994,"href":"https:\/\/www.noticiasradioreflejos.com.ar\/2021\/wp-json\/wp\/v2\/posts\/101977\/revisions\/101994"}],"wp:attachment":[{"href":"https:\/\/www.noticiasradioreflejos.com.ar\/2021\/wp-json\/wp\/v2\/media?parent=101977"}],"wp:term":[{"taxonomy":"category","embeddable":true,"href":"https:\/\/www.noticiasradioreflejos.com.ar\/2021\/wp-json\/wp\/v2\/categories?post=101977"},{"taxonomy":"post_tag","embeddable":true,"href":"https:\/\/www.noticiasradioreflejos.com.ar\/2021\/wp-json\/wp\/v2\/tags?post=101977"}],"curies":[{"name":"wp","href":"https:\/\/api.w.org\/{rel}","templated":true}]}}