{"id":101974,"date":"2024-04-30T13:41:55","date_gmt":"2024-04-30T16:41:55","guid":{"rendered":"https:\/\/www.noticiasradioreflejos.com.ar\/2021\/?p=101974"},"modified":"2024-04-30T17:04:29","modified_gmt":"2024-04-30T20:04:29","slug":"se-lanzo-la-primera-escuela-de-innovacion-tecnologica-aplicada-a-la-lutheria-para-las-orquestas-bonaerenses-martes-30-de-abril-de-2024","status":"publish","type":"post","link":"https:\/\/www.noticiasradioreflejos.com.ar\/2021\/se-lanzo-la-primera-escuela-de-innovacion-tecnologica-aplicada-a-la-lutheria-para-las-orquestas-bonaerenses-martes-30-de-abril-de-2024\/","title":{"rendered":"Se lanz\u00f3 la primera Escuela de Innovaci\u00f3n Tecnol\u00f3gica aplicada a la Luther\u00eda para las orquestas bonaerenses."},"content":{"rendered":"<p>Este s\u00e1bado 27 de abril, el Programa Coros y Orquestas Bonaerenses realiz\u00f3 el lanzamiento de la \u201cEscuela de Innovaci\u00f3n Tecnol\u00f3gica aplicada a la Luther\u00eda\u201d en Esteban Echeverr\u00eda, una iniciativa destinada a la b\u00fasqueda y el desarrollo de soluciones innovadoras en la puesta a punto y reparaci\u00f3n de instrumentos para orquestas.<!--more--><\/p>\n<p>La misma funcionar\u00e1 en la Escuela Secundaria N\u00b0 13 del barrio \u201cEl Jag\u00fcel\u201d de Esteban Echeverr\u00eda. Instituci\u00f3n que a su vez es sede de la Orquesta Montana, una de las 113 formaciones de Coros y Orquestas en la provincia, programa que funciona bajo la \u00f3rbita de la Direcci\u00f3n de Pol\u00edticas Socioeducativas, Direcci\u00f3n General de Cultura y Educaci\u00f3n de la Provincia de Buenos Aires. <\/p>\n<p><a data-flickr-embed=\"true\" href=\"https:\/\/www.flickr.com\/photos\/182279889@N02\/53689880658\/in\/dateposted-public\/\" title=\"DSC_0259\"><img loading=\"lazy\" decoding=\"async\" src=\"https:\/\/live.staticflickr.com\/65535\/53689880658_b72d8b3b0f_b.jpg\" width=\"1024\" height=\"678\" alt=\"DSC_0259\"\/><\/a><script async src=\"\/\/embedr.flickr.com\/assets\/client-code.js\" charset=\"utf-8\"><\/script><\/p>\n<p>La Escuela de Luther\u00eda contar\u00e1 con tres profesionales dedicados a tres \u00e1reas de trabajo que funcionar\u00e1n en paralelo: <\/p>\n<p>Investigaci\u00f3n: mediante procesos de desarrollo de software y elementos que contribuyen a favorecer la accesibilidad y a mejorar la calidad de los insumos musicales para estudiantes de toda la provincia;<\/p>\n<p>Producci\u00f3n: generando en cantidad estos insumos para acompa\u00f1ar la tarea cotidiana de cada sede del Programa, fomentando la reducci\u00f3n costos y la producci\u00f3n ambientalmente sustentable;<\/p>\n<p>Formaci\u00f3n: a trav\u00e9s de la articulaci\u00f3n con la Direcci\u00f3n Provincial de Educaci\u00f3n T\u00e9cnico Profesional, se capacitar\u00e1 y certificar\u00e1 a estudiantes y familiares interesados\/as en contribuir a su proyecto de vida a trav\u00e9s de esta tarea.<\/p>\n<p>Durante el acto de lanzamiento se presentaron los primeros resultados de los proyectos de investigaci\u00f3n y producci\u00f3n en distintas propuestas: timbales digitales, producci\u00f3n de resinas, encerdado de arcos sint\u00e9ticos, cultivo y producci\u00f3n de ca\u00f1as, accesorios en impresoras 3D, entre otros; junto a la presentaci\u00f3n del dise\u00f1o curricular enviado a la Direcci\u00f3n Provincial de Educaci\u00f3n T\u00e9cnico Profesional.<\/p>\n<p><a data-flickr-embed=\"true\" href=\"https:\/\/www.flickr.com\/photos\/182279889@N02\/53689660931\/in\/dateposted-public\/\" title=\"DSC_0147\"><img loading=\"lazy\" decoding=\"async\" src=\"https:\/\/live.staticflickr.com\/65535\/53689660931_c6a60a0dbb_b.jpg\" width=\"1024\" height=\"678\" alt=\"DSC_0147\"\/><\/a><script async src=\"\/\/embedr.flickr.com\/assets\/client-code.js\" charset=\"utf-8\"><\/script><\/p>\n<p>En el marco de la jornada de lanzamiento realiz\u00f3 un ensayo abierto la orquesta regional, agrupaci\u00f3n que nuclea a estudiantes de las 9 sedes del Programa ubicadas en los distritos de: Esteban Echeverr\u00eda, San Vicente, Ezeiza, Almirante Brown y Presidente Per\u00f3n. Participaron la Subdirectora de Inclusi\u00f3n y Fortalecimiento de las Trayectorias Educativas Adriana Aguinaga, el Coordinador del Programa Coros y Orquestas Bonaerenses Agust\u00edn Andrade, el Inspector Jefe Regional Leonardo Laflitto, inspectores\/as distritales, de nivel y de modalidad, y referentes de Coros y Orquestas junto a autoridades municipales y de los consejos escolares de los distritos de la regi\u00f3n.<\/p>\n<p>Desde 2005 el Programa Coros y Orquestas Bonaerenses ofrece el acceso libre y gratuito a una educaci\u00f3n musical de calidad a ni\u00f1as, ni\u00f1os y j\u00f3venes de las zonas perif\u00e9ricas y con mayor vulnerabilidad socioeducativa de la provincia de Buenos Aires. Trabajando cotidianamente por la inclusi\u00f3n y revinculaci\u00f3n educativa, desde una perspectiva de derechos y corresponsabilidad con actores comunitarios y estatales, acompa\u00f1ando sus trayectorias educativas y de vida.<\/p>\n","protected":false},"excerpt":{"rendered":"<p>Este s\u00e1bado 27 de abril, el Programa Coros y Orquestas Bonaerenses realiz\u00f3 el lanzamiento de la \u201cEscuela de Innovaci\u00f3n Tecnol\u00f3gica aplicada a la Luther\u00eda\u201d en Esteban Echeverr\u00eda, una iniciativa destinada a la b\u00fasqueda y el desarrollo de soluciones innovadoras en la puesta a punto y reparaci\u00f3n de instrumentos para orquestas.<\/p>\n","protected":false},"author":3,"featured_media":101975,"comment_status":"closed","ping_status":"closed","sticky":false,"template":"","format":"standard","meta":{"footnotes":""},"categories":[35,34],"tags":[],"class_list":["post-101974","post","type-post","status-publish","format-standard","has-post-thumbnail","hentry","category-cultura","category-educacion"],"yoast_head":"<!-- This site is optimized with the Yoast SEO plugin v25.9 - https:\/\/yoast.com\/wordpress\/plugins\/seo\/ -->\n<title>Se lanz\u00f3 la primera Escuela de Innovaci\u00f3n Tecnol\u00f3gica aplicada a la Luther\u00eda para las orquestas bonaerenses. - Noticias Radio Reflejos<\/title>\n<meta name=\"robots\" content=\"index, follow, max-snippet:-1, max-image-preview:large, max-video-preview:-1\" \/>\n<link rel=\"canonical\" href=\"https:\/\/www.noticiasradioreflejos.com.ar\/2021\/se-lanzo-la-primera-escuela-de-innovacion-tecnologica-aplicada-a-la-lutheria-para-las-orquestas-bonaerenses-martes-30-de-abril-de-2024\/\" \/>\n<meta property=\"og:locale\" content=\"es_ES\" \/>\n<meta property=\"og:type\" content=\"article\" \/>\n<meta property=\"og:title\" content=\"Se lanz\u00f3 la primera Escuela de Innovaci\u00f3n Tecnol\u00f3gica aplicada a la Luther\u00eda para las orquestas bonaerenses. - Noticias Radio Reflejos\" \/>\n<meta property=\"og:description\" content=\"Este s\u00e1bado 27 de abril, el Programa Coros y Orquestas Bonaerenses realiz\u00f3 el lanzamiento de la \u201cEscuela de Innovaci\u00f3n Tecnol\u00f3gica aplicada a la Luther\u00eda\u201d en Esteban Echeverr\u00eda, una iniciativa destinada a la b\u00fasqueda y el desarrollo de soluciones innovadoras en la puesta a punto y reparaci\u00f3n de instrumentos para orquestas.\" \/>\n<meta property=\"og:url\" content=\"https:\/\/www.noticiasradioreflejos.com.ar\/2021\/se-lanzo-la-primera-escuela-de-innovacion-tecnologica-aplicada-a-la-lutheria-para-las-orquestas-bonaerenses-martes-30-de-abril-de-2024\/\" \/>\n<meta property=\"og:site_name\" content=\"Noticias Radio Reflejos\" \/>\n<meta property=\"article:published_time\" content=\"2024-04-30T16:41:55+00:00\" \/>\n<meta property=\"article:modified_time\" content=\"2024-04-30T20:04:29+00:00\" \/>\n<meta property=\"og:image\" content=\"https:\/\/www.noticiasradioreflejos.com.ar\/2021\/wp-content\/uploads\/2024\/04\/DSC_0175-scaled.jpg\" \/>\n\t<meta property=\"og:image:width\" content=\"2560\" \/>\n\t<meta property=\"og:image:height\" content=\"1696\" \/>\n\t<meta property=\"og:image:type\" content=\"image\/jpeg\" \/>\n<meta name=\"author\" content=\"Arnaldo Botto\" \/>\n<meta name=\"twitter:card\" content=\"summary_large_image\" \/>\n<script type=\"application\/ld+json\" class=\"yoast-schema-graph\">{\"@context\":\"https:\/\/schema.org\",\"@graph\":[{\"@type\":\"WebPage\",\"@id\":\"https:\/\/www.noticiasradioreflejos.com.ar\/2021\/se-lanzo-la-primera-escuela-de-innovacion-tecnologica-aplicada-a-la-lutheria-para-las-orquestas-bonaerenses-martes-30-de-abril-de-2024\/\",\"url\":\"https:\/\/www.noticiasradioreflejos.com.ar\/2021\/se-lanzo-la-primera-escuela-de-innovacion-tecnologica-aplicada-a-la-lutheria-para-las-orquestas-bonaerenses-martes-30-de-abril-de-2024\/\",\"name\":\"Se lanz\u00f3 la primera Escuela de Innovaci\u00f3n Tecnol\u00f3gica aplicada a la Luther\u00eda para las orquestas bonaerenses. - Noticias Radio Reflejos\",\"isPartOf\":{\"@id\":\"https:\/\/www.noticiasradioreflejos.com.ar\/2021\/#website\"},\"primaryImageOfPage\":{\"@id\":\"https:\/\/www.noticiasradioreflejos.com.ar\/2021\/se-lanzo-la-primera-escuela-de-innovacion-tecnologica-aplicada-a-la-lutheria-para-las-orquestas-bonaerenses-martes-30-de-abril-de-2024\/#primaryimage\"},\"image\":{\"@id\":\"https:\/\/www.noticiasradioreflejos.com.ar\/2021\/se-lanzo-la-primera-escuela-de-innovacion-tecnologica-aplicada-a-la-lutheria-para-las-orquestas-bonaerenses-martes-30-de-abril-de-2024\/#primaryimage\"},\"thumbnailUrl\":\"https:\/\/www.noticiasradioreflejos.com.ar\/2021\/wp-content\/uploads\/2024\/04\/DSC_0175-scaled.jpg\",\"datePublished\":\"2024-04-30T16:41:55+00:00\",\"dateModified\":\"2024-04-30T20:04:29+00:00\",\"author\":{\"@id\":\"https:\/\/www.noticiasradioreflejos.com.ar\/2021\/#\/schema\/person\/ad82545263dcc5ec0996818884fd5fb1\"},\"breadcrumb\":{\"@id\":\"https:\/\/www.noticiasradioreflejos.com.ar\/2021\/se-lanzo-la-primera-escuela-de-innovacion-tecnologica-aplicada-a-la-lutheria-para-las-orquestas-bonaerenses-martes-30-de-abril-de-2024\/#breadcrumb\"},\"inLanguage\":\"es\",\"potentialAction\":[{\"@type\":\"ReadAction\",\"target\":[\"https:\/\/www.noticiasradioreflejos.com.ar\/2021\/se-lanzo-la-primera-escuela-de-innovacion-tecnologica-aplicada-a-la-lutheria-para-las-orquestas-bonaerenses-martes-30-de-abril-de-2024\/\"]}]},{\"@type\":\"ImageObject\",\"inLanguage\":\"es\",\"@id\":\"https:\/\/www.noticiasradioreflejos.com.ar\/2021\/se-lanzo-la-primera-escuela-de-innovacion-tecnologica-aplicada-a-la-lutheria-para-las-orquestas-bonaerenses-martes-30-de-abril-de-2024\/#primaryimage\",\"url\":\"https:\/\/www.noticiasradioreflejos.com.ar\/2021\/wp-content\/uploads\/2024\/04\/DSC_0175-scaled.jpg\",\"contentUrl\":\"https:\/\/www.noticiasradioreflejos.com.ar\/2021\/wp-content\/uploads\/2024\/04\/DSC_0175-scaled.jpg\",\"width\":2560,\"height\":1696},{\"@type\":\"BreadcrumbList\",\"@id\":\"https:\/\/www.noticiasradioreflejos.com.ar\/2021\/se-lanzo-la-primera-escuela-de-innovacion-tecnologica-aplicada-a-la-lutheria-para-las-orquestas-bonaerenses-martes-30-de-abril-de-2024\/#breadcrumb\",\"itemListElement\":[{\"@type\":\"ListItem\",\"position\":1,\"name\":\"Portada\",\"item\":\"https:\/\/www.noticiasradioreflejos.com.ar\/2021\/\"},{\"@type\":\"ListItem\",\"position\":2,\"name\":\"Se lanz\u00f3 la primera Escuela de Innovaci\u00f3n Tecnol\u00f3gica aplicada a la Luther\u00eda para las orquestas bonaerenses.\"}]},{\"@type\":\"WebSite\",\"@id\":\"https:\/\/www.noticiasradioreflejos.com.ar\/2021\/#website\",\"url\":\"https:\/\/www.noticiasradioreflejos.com.ar\/2021\/\",\"name\":\"Noticias Radio Reflejos\",\"description\":\"Las noticias de mi comarca\",\"potentialAction\":[{\"@type\":\"SearchAction\",\"target\":{\"@type\":\"EntryPoint\",\"urlTemplate\":\"https:\/\/www.noticiasradioreflejos.com.ar\/2021\/?s={search_term_string}\"},\"query-input\":{\"@type\":\"PropertyValueSpecification\",\"valueRequired\":true,\"valueName\":\"search_term_string\"}}],\"inLanguage\":\"es\"},{\"@type\":\"Person\",\"@id\":\"https:\/\/www.noticiasradioreflejos.com.ar\/2021\/#\/schema\/person\/ad82545263dcc5ec0996818884fd5fb1\",\"name\":\"Arnaldo Botto\",\"image\":{\"@type\":\"ImageObject\",\"inLanguage\":\"es\",\"@id\":\"https:\/\/www.noticiasradioreflejos.com.ar\/2021\/#\/schema\/person\/image\/\",\"url\":\"https:\/\/secure.gravatar.com\/avatar\/55cb5e37c1efa326397366e6974cb338056df65cb50e7d64d1cf314e87504837?s=96&d=mm&r=g\",\"contentUrl\":\"https:\/\/secure.gravatar.com\/avatar\/55cb5e37c1efa326397366e6974cb338056df65cb50e7d64d1cf314e87504837?s=96&d=mm&r=g\",\"caption\":\"Arnaldo Botto\"},\"url\":\"https:\/\/www.noticiasradioreflejos.com.ar\/2021\/author\/arnaldo\/\"}]}<\/script>\n<!-- \/ Yoast SEO plugin. -->","yoast_head_json":{"title":"Se lanz\u00f3 la primera Escuela de Innovaci\u00f3n Tecnol\u00f3gica aplicada a la Luther\u00eda para las orquestas bonaerenses. - Noticias Radio Reflejos","robots":{"index":"index","follow":"follow","max-snippet":"max-snippet:-1","max-image-preview":"max-image-preview:large","max-video-preview":"max-video-preview:-1"},"canonical":"https:\/\/www.noticiasradioreflejos.com.ar\/2021\/se-lanzo-la-primera-escuela-de-innovacion-tecnologica-aplicada-a-la-lutheria-para-las-orquestas-bonaerenses-martes-30-de-abril-de-2024\/","og_locale":"es_ES","og_type":"article","og_title":"Se lanz\u00f3 la primera Escuela de Innovaci\u00f3n Tecnol\u00f3gica aplicada a la Luther\u00eda para las orquestas bonaerenses. - Noticias Radio Reflejos","og_description":"Este s\u00e1bado 27 de abril, el Programa Coros y Orquestas Bonaerenses realiz\u00f3 el lanzamiento de la \u201cEscuela de Innovaci\u00f3n Tecnol\u00f3gica aplicada a la Luther\u00eda\u201d en Esteban Echeverr\u00eda, una iniciativa destinada a la b\u00fasqueda y el desarrollo de soluciones innovadoras en la puesta a punto y reparaci\u00f3n de instrumentos para orquestas.","og_url":"https:\/\/www.noticiasradioreflejos.com.ar\/2021\/se-lanzo-la-primera-escuela-de-innovacion-tecnologica-aplicada-a-la-lutheria-para-las-orquestas-bonaerenses-martes-30-de-abril-de-2024\/","og_site_name":"Noticias Radio Reflejos","article_published_time":"2024-04-30T16:41:55+00:00","article_modified_time":"2024-04-30T20:04:29+00:00","og_image":[{"width":2560,"height":1696,"url":"https:\/\/www.noticiasradioreflejos.com.ar\/2021\/wp-content\/uploads\/2024\/04\/DSC_0175-scaled.jpg","type":"image\/jpeg"}],"author":"Arnaldo Botto","twitter_card":"summary_large_image","schema":{"@context":"https:\/\/schema.org","@graph":[{"@type":"WebPage","@id":"https:\/\/www.noticiasradioreflejos.com.ar\/2021\/se-lanzo-la-primera-escuela-de-innovacion-tecnologica-aplicada-a-la-lutheria-para-las-orquestas-bonaerenses-martes-30-de-abril-de-2024\/","url":"https:\/\/www.noticiasradioreflejos.com.ar\/2021\/se-lanzo-la-primera-escuela-de-innovacion-tecnologica-aplicada-a-la-lutheria-para-las-orquestas-bonaerenses-martes-30-de-abril-de-2024\/","name":"Se lanz\u00f3 la primera Escuela de Innovaci\u00f3n Tecnol\u00f3gica aplicada a la Luther\u00eda para las orquestas bonaerenses. - Noticias Radio Reflejos","isPartOf":{"@id":"https:\/\/www.noticiasradioreflejos.com.ar\/2021\/#website"},"primaryImageOfPage":{"@id":"https:\/\/www.noticiasradioreflejos.com.ar\/2021\/se-lanzo-la-primera-escuela-de-innovacion-tecnologica-aplicada-a-la-lutheria-para-las-orquestas-bonaerenses-martes-30-de-abril-de-2024\/#primaryimage"},"image":{"@id":"https:\/\/www.noticiasradioreflejos.com.ar\/2021\/se-lanzo-la-primera-escuela-de-innovacion-tecnologica-aplicada-a-la-lutheria-para-las-orquestas-bonaerenses-martes-30-de-abril-de-2024\/#primaryimage"},"thumbnailUrl":"https:\/\/www.noticiasradioreflejos.com.ar\/2021\/wp-content\/uploads\/2024\/04\/DSC_0175-scaled.jpg","datePublished":"2024-04-30T16:41:55+00:00","dateModified":"2024-04-30T20:04:29+00:00","author":{"@id":"https:\/\/www.noticiasradioreflejos.com.ar\/2021\/#\/schema\/person\/ad82545263dcc5ec0996818884fd5fb1"},"breadcrumb":{"@id":"https:\/\/www.noticiasradioreflejos.com.ar\/2021\/se-lanzo-la-primera-escuela-de-innovacion-tecnologica-aplicada-a-la-lutheria-para-las-orquestas-bonaerenses-martes-30-de-abril-de-2024\/#breadcrumb"},"inLanguage":"es","potentialAction":[{"@type":"ReadAction","target":["https:\/\/www.noticiasradioreflejos.com.ar\/2021\/se-lanzo-la-primera-escuela-de-innovacion-tecnologica-aplicada-a-la-lutheria-para-las-orquestas-bonaerenses-martes-30-de-abril-de-2024\/"]}]},{"@type":"ImageObject","inLanguage":"es","@id":"https:\/\/www.noticiasradioreflejos.com.ar\/2021\/se-lanzo-la-primera-escuela-de-innovacion-tecnologica-aplicada-a-la-lutheria-para-las-orquestas-bonaerenses-martes-30-de-abril-de-2024\/#primaryimage","url":"https:\/\/www.noticiasradioreflejos.com.ar\/2021\/wp-content\/uploads\/2024\/04\/DSC_0175-scaled.jpg","contentUrl":"https:\/\/www.noticiasradioreflejos.com.ar\/2021\/wp-content\/uploads\/2024\/04\/DSC_0175-scaled.jpg","width":2560,"height":1696},{"@type":"BreadcrumbList","@id":"https:\/\/www.noticiasradioreflejos.com.ar\/2021\/se-lanzo-la-primera-escuela-de-innovacion-tecnologica-aplicada-a-la-lutheria-para-las-orquestas-bonaerenses-martes-30-de-abril-de-2024\/#breadcrumb","itemListElement":[{"@type":"ListItem","position":1,"name":"Portada","item":"https:\/\/www.noticiasradioreflejos.com.ar\/2021\/"},{"@type":"ListItem","position":2,"name":"Se lanz\u00f3 la primera Escuela de Innovaci\u00f3n Tecnol\u00f3gica aplicada a la Luther\u00eda para las orquestas bonaerenses."}]},{"@type":"WebSite","@id":"https:\/\/www.noticiasradioreflejos.com.ar\/2021\/#website","url":"https:\/\/www.noticiasradioreflejos.com.ar\/2021\/","name":"Noticias Radio Reflejos","description":"Las noticias de mi comarca","potentialAction":[{"@type":"SearchAction","target":{"@type":"EntryPoint","urlTemplate":"https:\/\/www.noticiasradioreflejos.com.ar\/2021\/?s={search_term_string}"},"query-input":{"@type":"PropertyValueSpecification","valueRequired":true,"valueName":"search_term_string"}}],"inLanguage":"es"},{"@type":"Person","@id":"https:\/\/www.noticiasradioreflejos.com.ar\/2021\/#\/schema\/person\/ad82545263dcc5ec0996818884fd5fb1","name":"Arnaldo Botto","image":{"@type":"ImageObject","inLanguage":"es","@id":"https:\/\/www.noticiasradioreflejos.com.ar\/2021\/#\/schema\/person\/image\/","url":"https:\/\/secure.gravatar.com\/avatar\/55cb5e37c1efa326397366e6974cb338056df65cb50e7d64d1cf314e87504837?s=96&d=mm&r=g","contentUrl":"https:\/\/secure.gravatar.com\/avatar\/55cb5e37c1efa326397366e6974cb338056df65cb50e7d64d1cf314e87504837?s=96&d=mm&r=g","caption":"Arnaldo Botto"},"url":"https:\/\/www.noticiasradioreflejos.com.ar\/2021\/author\/arnaldo\/"}]}},"_links":{"self":[{"href":"https:\/\/www.noticiasradioreflejos.com.ar\/2021\/wp-json\/wp\/v2\/posts\/101974","targetHints":{"allow":["GET"]}}],"collection":[{"href":"https:\/\/www.noticiasradioreflejos.com.ar\/2021\/wp-json\/wp\/v2\/posts"}],"about":[{"href":"https:\/\/www.noticiasradioreflejos.com.ar\/2021\/wp-json\/wp\/v2\/types\/post"}],"author":[{"embeddable":true,"href":"https:\/\/www.noticiasradioreflejos.com.ar\/2021\/wp-json\/wp\/v2\/users\/3"}],"replies":[{"embeddable":true,"href":"https:\/\/www.noticiasradioreflejos.com.ar\/2021\/wp-json\/wp\/v2\/comments?post=101974"}],"version-history":[{"count":2,"href":"https:\/\/www.noticiasradioreflejos.com.ar\/2021\/wp-json\/wp\/v2\/posts\/101974\/revisions"}],"predecessor-version":[{"id":101995,"href":"https:\/\/www.noticiasradioreflejos.com.ar\/2021\/wp-json\/wp\/v2\/posts\/101974\/revisions\/101995"}],"wp:featuredmedia":[{"embeddable":true,"href":"https:\/\/www.noticiasradioreflejos.com.ar\/2021\/wp-json\/wp\/v2\/media\/101975"}],"wp:attachment":[{"href":"https:\/\/www.noticiasradioreflejos.com.ar\/2021\/wp-json\/wp\/v2\/media?parent=101974"}],"wp:term":[{"taxonomy":"category","embeddable":true,"href":"https:\/\/www.noticiasradioreflejos.com.ar\/2021\/wp-json\/wp\/v2\/categories?post=101974"},{"taxonomy":"post_tag","embeddable":true,"href":"https:\/\/www.noticiasradioreflejos.com.ar\/2021\/wp-json\/wp\/v2\/tags?post=101974"}],"curies":[{"name":"wp","href":"https:\/\/api.w.org\/{rel}","templated":true}]}}