{"id":101777,"date":"2024-04-26T07:56:14","date_gmt":"2024-04-26T10:56:14","guid":{"rendered":"https:\/\/www.noticiasradioreflejos.com.ar\/2021\/?p=101777"},"modified":"2024-04-26T07:56:14","modified_gmt":"2024-04-26T10:56:14","slug":"un-fuerte-sismo-afecto-a-varias-ciudades-de-cordoba","status":"publish","type":"post","link":"https:\/\/www.noticiasradioreflejos.com.ar\/2021\/un-fuerte-sismo-afecto-a-varias-ciudades-de-cordoba\/","title":{"rendered":"Un fuerte sismo afect\u00f3 a varias ciudades de C\u00f3rdoba"},"content":{"rendered":"<header class=\"article-header\" data-tadevel-template=\"web\/article-header\">\n<p class=\"article-deck\">El temblor se registr\u00f3 a las 20:54 y el epicentro se ubic\u00f3 entre las Sierras Chicas y el Valle de Punilla, con una profundidad de 10 kil\u00f3metros.<\/p>\n<p><time class=\"article-date\" datetime=\"2024-04-26T00:48:22.390Z\"><\/time><picture data-tadevel-template=\"web\/picture\"><\/picture><\/header>\n<p><!--more--><\/p>\n<div class=\"columns\" data-tadevel-template=\"web\/article-columns\">\n<div class=\"column-main\">\n<div class=\"article-body\" data-tadevel-template=\"web\/article-body\">\n<div class=\"article-body-content\">\n<p>Un sismo de 4,6 grados en la Escala de Richter afect\u00f3 este jueves por la noche a varias ciudades de C\u00f3rdoba, donde los habitantes de los lugares en cuesti\u00f3n reflejaron en redes sociales que \u00abse movi\u00f3 todo\u00bb.<\/p>\n<p>El temblor se registr\u00f3 a las 20:54 y el epicentro se ubic\u00f3 entre las Sierras Chicas y el Valle de Punilla, con una profundidad de 10 kil\u00f3metros.<\/p>\n<p>As\u00ed lo inform\u00f3 el Instituto Nacional de Prevenci\u00f3n S\u00edsmica (Inpres), que se\u00f1al\u00f3 que el registro fue similar al sismo que afect\u00f3 a esa provincia a mediados de este mes.<\/p>\n<p>Seg\u00fan el Inpres, el epicentro fue en el noroeste de C\u00f3rdoba, a 13 kil\u00f3metros al suroeste de Jes\u00fas Mar\u00eda.<\/p>\n<p>El sismo tuvo una breve duraci\u00f3n, pero los lugares donde m\u00e1s se sinti\u00f3 fueron Villa Giardino, Bialet Mass\u00e9, Alta Gracia, La Calera y Tanti, entre otras localidades, seg\u00fan reportaron los usuarios en redes sociales.<\/p>\n<\/div>\n<\/div>\n<\/div>\n<\/div>\n","protected":false},"excerpt":{"rendered":"<p>El temblor se registr\u00f3 a las 20:54 y el epicentro se ubic\u00f3 entre las Sierras Chicas y el Valle de Punilla, con una profundidad de 10 kil\u00f3metros.<\/p>\n","protected":false},"author":3,"featured_media":0,"comment_status":"closed","ping_status":"closed","sticky":false,"template":"","format":"standard","meta":{"footnotes":""},"categories":[46,26],"tags":[],"class_list":["post-101777","post","type-post","status-publish","format-standard","hentry","category-ciencia-y-tecnologia","category-sociedad"],"yoast_head":"<!-- This site is optimized with the Yoast SEO plugin v25.9 - https:\/\/yoast.com\/wordpress\/plugins\/seo\/ -->\n<title>Un fuerte sismo afect\u00f3 a varias ciudades de C\u00f3rdoba - Noticias Radio Reflejos<\/title>\n<meta name=\"robots\" content=\"index, follow, max-snippet:-1, max-image-preview:large, max-video-preview:-1\" \/>\n<link rel=\"canonical\" href=\"https:\/\/www.noticiasradioreflejos.com.ar\/2021\/un-fuerte-sismo-afecto-a-varias-ciudades-de-cordoba\/\" \/>\n<meta property=\"og:locale\" content=\"es_ES\" \/>\n<meta property=\"og:type\" content=\"article\" \/>\n<meta property=\"og:title\" content=\"Un fuerte sismo afect\u00f3 a varias ciudades de C\u00f3rdoba - Noticias Radio Reflejos\" \/>\n<meta property=\"og:description\" content=\"El temblor se registr\u00f3 a las 20:54 y el epicentro se ubic\u00f3 entre las Sierras Chicas y el Valle de Punilla, con una profundidad de 10 kil\u00f3metros.\" \/>\n<meta property=\"og:url\" content=\"https:\/\/www.noticiasradioreflejos.com.ar\/2021\/un-fuerte-sismo-afecto-a-varias-ciudades-de-cordoba\/\" \/>\n<meta property=\"og:site_name\" content=\"Noticias Radio Reflejos\" \/>\n<meta property=\"article:published_time\" content=\"2024-04-26T10:56:14+00:00\" \/>\n<meta property=\"og:image\" content=\"https:\/\/www.noticiasradioreflejos.com.ar\/2021\/wp-content\/uploads\/2021\/07\/logosol300x200.png\" \/>\n\t<meta property=\"og:image:width\" content=\"300\" \/>\n\t<meta property=\"og:image:height\" content=\"200\" \/>\n\t<meta property=\"og:image:type\" content=\"image\/png\" \/>\n<meta name=\"author\" content=\"Arnaldo Botto\" \/>\n<meta name=\"twitter:card\" content=\"summary_large_image\" \/>\n<script type=\"application\/ld+json\" class=\"yoast-schema-graph\">{\"@context\":\"https:\/\/schema.org\",\"@graph\":[{\"@type\":\"WebPage\",\"@id\":\"https:\/\/www.noticiasradioreflejos.com.ar\/2021\/un-fuerte-sismo-afecto-a-varias-ciudades-de-cordoba\/\",\"url\":\"https:\/\/www.noticiasradioreflejos.com.ar\/2021\/un-fuerte-sismo-afecto-a-varias-ciudades-de-cordoba\/\",\"name\":\"Un fuerte sismo afect\u00f3 a varias ciudades de C\u00f3rdoba - Noticias Radio Reflejos\",\"isPartOf\":{\"@id\":\"https:\/\/www.noticiasradioreflejos.com.ar\/2021\/#website\"},\"datePublished\":\"2024-04-26T10:56:14+00:00\",\"author\":{\"@id\":\"https:\/\/www.noticiasradioreflejos.com.ar\/2021\/#\/schema\/person\/ad82545263dcc5ec0996818884fd5fb1\"},\"breadcrumb\":{\"@id\":\"https:\/\/www.noticiasradioreflejos.com.ar\/2021\/un-fuerte-sismo-afecto-a-varias-ciudades-de-cordoba\/#breadcrumb\"},\"inLanguage\":\"es\",\"potentialAction\":[{\"@type\":\"ReadAction\",\"target\":[\"https:\/\/www.noticiasradioreflejos.com.ar\/2021\/un-fuerte-sismo-afecto-a-varias-ciudades-de-cordoba\/\"]}]},{\"@type\":\"BreadcrumbList\",\"@id\":\"https:\/\/www.noticiasradioreflejos.com.ar\/2021\/un-fuerte-sismo-afecto-a-varias-ciudades-de-cordoba\/#breadcrumb\",\"itemListElement\":[{\"@type\":\"ListItem\",\"position\":1,\"name\":\"Portada\",\"item\":\"https:\/\/www.noticiasradioreflejos.com.ar\/2021\/\"},{\"@type\":\"ListItem\",\"position\":2,\"name\":\"Un fuerte sismo afect\u00f3 a varias ciudades de C\u00f3rdoba\"}]},{\"@type\":\"WebSite\",\"@id\":\"https:\/\/www.noticiasradioreflejos.com.ar\/2021\/#website\",\"url\":\"https:\/\/www.noticiasradioreflejos.com.ar\/2021\/\",\"name\":\"Noticias Radio Reflejos\",\"description\":\"Las noticias de mi comarca\",\"potentialAction\":[{\"@type\":\"SearchAction\",\"target\":{\"@type\":\"EntryPoint\",\"urlTemplate\":\"https:\/\/www.noticiasradioreflejos.com.ar\/2021\/?s={search_term_string}\"},\"query-input\":{\"@type\":\"PropertyValueSpecification\",\"valueRequired\":true,\"valueName\":\"search_term_string\"}}],\"inLanguage\":\"es\"},{\"@type\":\"Person\",\"@id\":\"https:\/\/www.noticiasradioreflejos.com.ar\/2021\/#\/schema\/person\/ad82545263dcc5ec0996818884fd5fb1\",\"name\":\"Arnaldo Botto\",\"image\":{\"@type\":\"ImageObject\",\"inLanguage\":\"es\",\"@id\":\"https:\/\/www.noticiasradioreflejos.com.ar\/2021\/#\/schema\/person\/image\/\",\"url\":\"https:\/\/secure.gravatar.com\/avatar\/55cb5e37c1efa326397366e6974cb338056df65cb50e7d64d1cf314e87504837?s=96&d=mm&r=g\",\"contentUrl\":\"https:\/\/secure.gravatar.com\/avatar\/55cb5e37c1efa326397366e6974cb338056df65cb50e7d64d1cf314e87504837?s=96&d=mm&r=g\",\"caption\":\"Arnaldo Botto\"},\"url\":\"https:\/\/www.noticiasradioreflejos.com.ar\/2021\/author\/arnaldo\/\"}]}<\/script>\n<!-- \/ Yoast SEO plugin. -->","yoast_head_json":{"title":"Un fuerte sismo afect\u00f3 a varias ciudades de C\u00f3rdoba - Noticias Radio Reflejos","robots":{"index":"index","follow":"follow","max-snippet":"max-snippet:-1","max-image-preview":"max-image-preview:large","max-video-preview":"max-video-preview:-1"},"canonical":"https:\/\/www.noticiasradioreflejos.com.ar\/2021\/un-fuerte-sismo-afecto-a-varias-ciudades-de-cordoba\/","og_locale":"es_ES","og_type":"article","og_title":"Un fuerte sismo afect\u00f3 a varias ciudades de C\u00f3rdoba - Noticias Radio Reflejos","og_description":"El temblor se registr\u00f3 a las 20:54 y el epicentro se ubic\u00f3 entre las Sierras Chicas y el Valle de Punilla, con una profundidad de 10 kil\u00f3metros.","og_url":"https:\/\/www.noticiasradioreflejos.com.ar\/2021\/un-fuerte-sismo-afecto-a-varias-ciudades-de-cordoba\/","og_site_name":"Noticias Radio Reflejos","article_published_time":"2024-04-26T10:56:14+00:00","og_image":[{"width":300,"height":200,"url":"https:\/\/www.noticiasradioreflejos.com.ar\/2021\/wp-content\/uploads\/2021\/07\/logosol300x200.png","type":"image\/png"}],"author":"Arnaldo Botto","twitter_card":"summary_large_image","schema":{"@context":"https:\/\/schema.org","@graph":[{"@type":"WebPage","@id":"https:\/\/www.noticiasradioreflejos.com.ar\/2021\/un-fuerte-sismo-afecto-a-varias-ciudades-de-cordoba\/","url":"https:\/\/www.noticiasradioreflejos.com.ar\/2021\/un-fuerte-sismo-afecto-a-varias-ciudades-de-cordoba\/","name":"Un fuerte sismo afect\u00f3 a varias ciudades de C\u00f3rdoba - Noticias Radio Reflejos","isPartOf":{"@id":"https:\/\/www.noticiasradioreflejos.com.ar\/2021\/#website"},"datePublished":"2024-04-26T10:56:14+00:00","author":{"@id":"https:\/\/www.noticiasradioreflejos.com.ar\/2021\/#\/schema\/person\/ad82545263dcc5ec0996818884fd5fb1"},"breadcrumb":{"@id":"https:\/\/www.noticiasradioreflejos.com.ar\/2021\/un-fuerte-sismo-afecto-a-varias-ciudades-de-cordoba\/#breadcrumb"},"inLanguage":"es","potentialAction":[{"@type":"ReadAction","target":["https:\/\/www.noticiasradioreflejos.com.ar\/2021\/un-fuerte-sismo-afecto-a-varias-ciudades-de-cordoba\/"]}]},{"@type":"BreadcrumbList","@id":"https:\/\/www.noticiasradioreflejos.com.ar\/2021\/un-fuerte-sismo-afecto-a-varias-ciudades-de-cordoba\/#breadcrumb","itemListElement":[{"@type":"ListItem","position":1,"name":"Portada","item":"https:\/\/www.noticiasradioreflejos.com.ar\/2021\/"},{"@type":"ListItem","position":2,"name":"Un fuerte sismo afect\u00f3 a varias ciudades de C\u00f3rdoba"}]},{"@type":"WebSite","@id":"https:\/\/www.noticiasradioreflejos.com.ar\/2021\/#website","url":"https:\/\/www.noticiasradioreflejos.com.ar\/2021\/","name":"Noticias Radio Reflejos","description":"Las noticias de mi comarca","potentialAction":[{"@type":"SearchAction","target":{"@type":"EntryPoint","urlTemplate":"https:\/\/www.noticiasradioreflejos.com.ar\/2021\/?s={search_term_string}"},"query-input":{"@type":"PropertyValueSpecification","valueRequired":true,"valueName":"search_term_string"}}],"inLanguage":"es"},{"@type":"Person","@id":"https:\/\/www.noticiasradioreflejos.com.ar\/2021\/#\/schema\/person\/ad82545263dcc5ec0996818884fd5fb1","name":"Arnaldo Botto","image":{"@type":"ImageObject","inLanguage":"es","@id":"https:\/\/www.noticiasradioreflejos.com.ar\/2021\/#\/schema\/person\/image\/","url":"https:\/\/secure.gravatar.com\/avatar\/55cb5e37c1efa326397366e6974cb338056df65cb50e7d64d1cf314e87504837?s=96&d=mm&r=g","contentUrl":"https:\/\/secure.gravatar.com\/avatar\/55cb5e37c1efa326397366e6974cb338056df65cb50e7d64d1cf314e87504837?s=96&d=mm&r=g","caption":"Arnaldo Botto"},"url":"https:\/\/www.noticiasradioreflejos.com.ar\/2021\/author\/arnaldo\/"}]}},"_links":{"self":[{"href":"https:\/\/www.noticiasradioreflejos.com.ar\/2021\/wp-json\/wp\/v2\/posts\/101777","targetHints":{"allow":["GET"]}}],"collection":[{"href":"https:\/\/www.noticiasradioreflejos.com.ar\/2021\/wp-json\/wp\/v2\/posts"}],"about":[{"href":"https:\/\/www.noticiasradioreflejos.com.ar\/2021\/wp-json\/wp\/v2\/types\/post"}],"author":[{"embeddable":true,"href":"https:\/\/www.noticiasradioreflejos.com.ar\/2021\/wp-json\/wp\/v2\/users\/3"}],"replies":[{"embeddable":true,"href":"https:\/\/www.noticiasradioreflejos.com.ar\/2021\/wp-json\/wp\/v2\/comments?post=101777"}],"version-history":[{"count":1,"href":"https:\/\/www.noticiasradioreflejos.com.ar\/2021\/wp-json\/wp\/v2\/posts\/101777\/revisions"}],"predecessor-version":[{"id":101779,"href":"https:\/\/www.noticiasradioreflejos.com.ar\/2021\/wp-json\/wp\/v2\/posts\/101777\/revisions\/101779"}],"wp:attachment":[{"href":"https:\/\/www.noticiasradioreflejos.com.ar\/2021\/wp-json\/wp\/v2\/media?parent=101777"}],"wp:term":[{"taxonomy":"category","embeddable":true,"href":"https:\/\/www.noticiasradioreflejos.com.ar\/2021\/wp-json\/wp\/v2\/categories?post=101777"},{"taxonomy":"post_tag","embeddable":true,"href":"https:\/\/www.noticiasradioreflejos.com.ar\/2021\/wp-json\/wp\/v2\/tags?post=101777"}],"curies":[{"name":"wp","href":"https:\/\/api.w.org\/{rel}","templated":true}]}}