{"id":101660,"date":"2024-04-23T21:37:02","date_gmt":"2024-04-24T00:37:02","guid":{"rendered":"https:\/\/www.noticiasradioreflejos.com.ar\/2021\/?p=101660"},"modified":"2024-04-23T21:37:02","modified_gmt":"2024-04-24T00:37:02","slug":"consultores-contradicen-a-milei-el-35-del-ajuste-del-gasto-publico-recayo-en-los-jubilados","status":"publish","type":"post","link":"https:\/\/www.noticiasradioreflejos.com.ar\/2021\/consultores-contradicen-a-milei-el-35-del-ajuste-del-gasto-publico-recayo-en-los-jubilados\/","title":{"rendered":"Consultores contradicen a Milei: el 35% del ajuste del gasto p\u00fablico recay\u00f3 en los jubilados"},"content":{"rendered":"<p>El Presidente fue refutado en su minimizaci\u00f3n de la p\u00e9rdida de poder adquisitivo del sector pasivo por el recorte del primer trimestre que proclam\u00f3 como un \u00e9xito.<!--more--><\/p>\n<div class=\"column-main\">\n<div class=\"article-body\" data-tadevel-template=\"web\/article-body\">\n<div class=\"article-body-content\">\n<p>Tanto el Instituto Argentino de An\u00e1lisis Fiscal (IARAF) que encabeza\u00a0<strong>Nad\u00edn Arga\u00f1araz,<\/strong>\u00a0como Profit Consultores y Autor\u00eda de\u00a0<strong>Am\u00edlcar Collante,<\/strong>\u00a0y Outlier, con\u00a0<strong>Gabriel Caama\u00f1o,<\/strong>\u00a0calcularon que en el primer trimestre<strong>\u00a0se licu\u00f3 casi en un 35% la\u00a0<\/strong><a href=\"https:\/\/noticiasargentinas.com\/economia\/cuanto-deberian-subir-las-jubilaciones-para-empardarle-a-la-inflacion-del-primer-trimestre_a65f3541795dc571a699255e8\"><strong>capacidad adquisitiva de jubilaciones y pensiones.<\/strong><\/a><\/p>\n<p>El mandatario destac\u00f3 textualmente, en su discurso pronunciado por cadena nacional, que \u201c<strong>de los cinco puntos del d\u00e9ficit del Tesoro que hemos ajustado, s\u00f3lo 0,4% responde a la p\u00e9rdida del poder adquisitivo de las jubilaciones<\/strong>. El restante 4,6% de ajuste que hemos logrado se debe \u00edntegramente al recorte del gasto p\u00fablico\u201d.<\/p>\n<p>A lo que Collante opuso: \u201cLo primero a resaltar es el papel que jug\u00f3 el\u00a0<strong>gasto en jubilaciones y pensiones<\/strong>, que a<strong>port\u00f3 m\u00e1s de 0,2 puntos PBI de reducci\u00f3n durante dicho per\u00edodo<\/strong>, lo que implic\u00f3\u00a0<strong>una ca\u00edda real superior al 30%\u00a0<\/strong>y explic\u00f3 poco\u00a0<strong>m\u00e1s de un tercio del esfuerzo de reducci\u00f3n del gasto.<\/strong><\/p>\n<p><a href=\"https:\/\/x.com\/DiPace4\/status\/1782843732577939850\" target=\"_blank\" rel=\"noopener nofollow\">https:\/\/x.com\/DiPace4\/status\/1782843732577939850<\/a><\/p>\n<p>El resultado es que\u00a0<strong>el recorte del gasto, 34,9%,<\/strong>\u00a0se explica por\u00a0<strong>jubilaciones,<\/strong>\u00a0seguido por el practicado en los Gastos de capital (obra p\u00fablica), que ocup\u00f3 22% del total reducido y la baja de los subsidios, que represent\u00f3 algo menos del 12%.<\/p>\n<p>Coincidi\u00f3 el economista\u00a0<strong>Gabriel Caama\u00f1o,<\/strong>\u00a0de Outlier:\u201cRespecto de la baja del gasto, la evoluci\u00f3n de sus componentes versus el PIB indica que\u00a0<strong>de los 0,6 puntos porcentuales de reducci\u00f3n del gasto primario 0,22 puntos los aportan las jubilaciones (un tercio).\u00a0<\/strong>Otro tanto el gasto de capital (un tercio), 0,1 puntos porcentuales subsidios econ\u00f3micos (15%) y otro tanto\u00a0<strong>Transferencias a Provincias\u00a0<\/strong>(15%)\u201d.<\/p>\n<h3>Motosierra y licuadora<\/h3>\n<p>En tanto, el Instituto Argentino de An\u00e1lisis Fiscal (IARAF), que encabeza\u00a0<strong>Nad\u00edn Arga\u00f1araz,<\/strong>\u00a0estim\u00f3 que\u00a0<strong>en porcentaje y en millones constantes\u00a0<\/strong>las erogaciones fueron\u00a0<strong>reducidas $2.984 millones, que ser\u00edan un 35% explicado por el retraso en los aumentos de las jubilaciones y pensiones durante el primer trimestre,\u00a0<\/strong>en plena aceleraci\u00f3n de la inflaci\u00f3n.<\/p>\n<p>En el an\u00e1lisis del IARAF se hizo notar que\u00a0<strong>el ajuste fiscal del primer trimestre fue equivalente, en t\u00e9rminos anuales, a 6 puntos porcentuales del PIB,\u00a0<\/strong>ya que \u00aben enero hab\u00eda sido equivalente a 8 puntos porcentuales y en el primer bimestre a 7 puntos porcentuales del PIB. El\u00a0<strong>equilibrio fiscal\u00a0<\/strong>requiere un esfuerzo anual de 5 puntos porcentuales del PIB\u00bb, indic\u00f3.<\/p>\n<p>El estudio del instituto cordob\u00e9s explica que \u00abestos datos anualizados no significan una\u00a0<strong>proyecci\u00f3n fiscal de 2024<\/strong>, sino una\u00a0<strong>anualizaci\u00f3n equivalente del comportamiento fiscal del primer trimestre del a\u00f1o.<\/strong><\/p>\n<p><a title=\"recorte a jubilados\" href=\"https:\/\/www.flickr.com\/photos\/182279889@N02\/53673774637\/in\/dateposted-public\/\" data-flickr-embed=\"true\"><img loading=\"lazy\" decoding=\"async\" class=\"aligncenter\" src=\"https:\/\/live.staticflickr.com\/65535\/53673774637_5485f9ee80_o.jpg\" alt=\"recorte a jubilados\" width=\"599\" height=\"539\" \/><\/a><\/p>\n<p>Tambi\u00e9n el ex ministro de Econom\u00eda de Mauricio Macri,\u00a0<strong>Adolfo Prat Gay\u00a0<\/strong>se refiri\u00f3 a c\u00f3mo los adultos mayores vuelven a ser la v\u00e1lvula de ajuste. \u00ab<a href=\"https:\/\/x.com\/AgenciaElVigia\/status\/1782590917620195809\" target=\"_blank\" rel=\"noopener nofollow\">La mitad del ajuste fiscal del primer trimestre es recorte real de jubilaciones. Fin\u00bb<\/a><\/p>\n<\/div>\n<\/div>\n<\/div>\n","protected":false},"excerpt":{"rendered":"<p>El Presidente fue refutado en su minimizaci\u00f3n de la p\u00e9rdida de poder adquisitivo del sector pasivo por el recorte del primer trimestre que proclam\u00f3 como un \u00e9xito.<\/p>\n","protected":false},"author":3,"featured_media":90200,"comment_status":"closed","ping_status":"closed","sticky":false,"template":"","format":"standard","meta":{"footnotes":""},"categories":[36,58],"tags":[],"class_list":["post-101660","post","type-post","status-publish","format-standard","has-post-thumbnail","hentry","category-economia","category-gobierno"],"yoast_head":"<!-- This site is optimized with the Yoast SEO plugin v25.9 - https:\/\/yoast.com\/wordpress\/plugins\/seo\/ -->\n<title>Consultores contradicen a Milei: el 35% del ajuste del gasto p\u00fablico recay\u00f3 en los jubilados - Noticias Radio Reflejos<\/title>\n<meta name=\"robots\" content=\"index, follow, max-snippet:-1, max-image-preview:large, max-video-preview:-1\" \/>\n<link rel=\"canonical\" href=\"https:\/\/www.noticiasradioreflejos.com.ar\/2021\/consultores-contradicen-a-milei-el-35-del-ajuste-del-gasto-publico-recayo-en-los-jubilados\/\" \/>\n<meta property=\"og:locale\" content=\"es_ES\" \/>\n<meta property=\"og:type\" content=\"article\" \/>\n<meta property=\"og:title\" content=\"Consultores contradicen a Milei: el 35% del ajuste del gasto p\u00fablico recay\u00f3 en los jubilados - Noticias Radio Reflejos\" \/>\n<meta property=\"og:description\" content=\"El Presidente fue refutado en su minimizaci\u00f3n de la p\u00e9rdida de poder adquisitivo del sector pasivo por el recorte del primer trimestre que proclam\u00f3 como un \u00e9xito.\" \/>\n<meta property=\"og:url\" content=\"https:\/\/www.noticiasradioreflejos.com.ar\/2021\/consultores-contradicen-a-milei-el-35-del-ajuste-del-gasto-publico-recayo-en-los-jubilados\/\" \/>\n<meta property=\"og:site_name\" content=\"Noticias Radio Reflejos\" \/>\n<meta property=\"article:published_time\" content=\"2024-04-24T00:37:02+00:00\" \/>\n<meta property=\"og:image\" content=\"https:\/\/www.noticiasradioreflejos.com.ar\/2021\/wp-content\/uploads\/2023\/07\/jubilados.jpg\" \/>\n\t<meta property=\"og:image:width\" content=\"1140\" \/>\n\t<meta property=\"og:image:height\" content=\"759\" \/>\n\t<meta property=\"og:image:type\" content=\"image\/jpeg\" \/>\n<meta name=\"author\" content=\"Arnaldo Botto\" \/>\n<meta name=\"twitter:card\" content=\"summary_large_image\" \/>\n<script type=\"application\/ld+json\" class=\"yoast-schema-graph\">{\"@context\":\"https:\/\/schema.org\",\"@graph\":[{\"@type\":\"WebPage\",\"@id\":\"https:\/\/www.noticiasradioreflejos.com.ar\/2021\/consultores-contradicen-a-milei-el-35-del-ajuste-del-gasto-publico-recayo-en-los-jubilados\/\",\"url\":\"https:\/\/www.noticiasradioreflejos.com.ar\/2021\/consultores-contradicen-a-milei-el-35-del-ajuste-del-gasto-publico-recayo-en-los-jubilados\/\",\"name\":\"Consultores contradicen a Milei: el 35% del ajuste del gasto p\u00fablico recay\u00f3 en los jubilados - Noticias Radio Reflejos\",\"isPartOf\":{\"@id\":\"https:\/\/www.noticiasradioreflejos.com.ar\/2021\/#website\"},\"primaryImageOfPage\":{\"@id\":\"https:\/\/www.noticiasradioreflejos.com.ar\/2021\/consultores-contradicen-a-milei-el-35-del-ajuste-del-gasto-publico-recayo-en-los-jubilados\/#primaryimage\"},\"image\":{\"@id\":\"https:\/\/www.noticiasradioreflejos.com.ar\/2021\/consultores-contradicen-a-milei-el-35-del-ajuste-del-gasto-publico-recayo-en-los-jubilados\/#primaryimage\"},\"thumbnailUrl\":\"https:\/\/www.noticiasradioreflejos.com.ar\/2021\/wp-content\/uploads\/2023\/07\/jubilados.jpg\",\"datePublished\":\"2024-04-24T00:37:02+00:00\",\"author\":{\"@id\":\"https:\/\/www.noticiasradioreflejos.com.ar\/2021\/#\/schema\/person\/ad82545263dcc5ec0996818884fd5fb1\"},\"breadcrumb\":{\"@id\":\"https:\/\/www.noticiasradioreflejos.com.ar\/2021\/consultores-contradicen-a-milei-el-35-del-ajuste-del-gasto-publico-recayo-en-los-jubilados\/#breadcrumb\"},\"inLanguage\":\"es\",\"potentialAction\":[{\"@type\":\"ReadAction\",\"target\":[\"https:\/\/www.noticiasradioreflejos.com.ar\/2021\/consultores-contradicen-a-milei-el-35-del-ajuste-del-gasto-publico-recayo-en-los-jubilados\/\"]}]},{\"@type\":\"ImageObject\",\"inLanguage\":\"es\",\"@id\":\"https:\/\/www.noticiasradioreflejos.com.ar\/2021\/consultores-contradicen-a-milei-el-35-del-ajuste-del-gasto-publico-recayo-en-los-jubilados\/#primaryimage\",\"url\":\"https:\/\/www.noticiasradioreflejos.com.ar\/2021\/wp-content\/uploads\/2023\/07\/jubilados.jpg\",\"contentUrl\":\"https:\/\/www.noticiasradioreflejos.com.ar\/2021\/wp-content\/uploads\/2023\/07\/jubilados.jpg\",\"width\":1140,\"height\":759},{\"@type\":\"BreadcrumbList\",\"@id\":\"https:\/\/www.noticiasradioreflejos.com.ar\/2021\/consultores-contradicen-a-milei-el-35-del-ajuste-del-gasto-publico-recayo-en-los-jubilados\/#breadcrumb\",\"itemListElement\":[{\"@type\":\"ListItem\",\"position\":1,\"name\":\"Portada\",\"item\":\"https:\/\/www.noticiasradioreflejos.com.ar\/2021\/\"},{\"@type\":\"ListItem\",\"position\":2,\"name\":\"Consultores contradicen a Milei: el 35% del ajuste del gasto p\u00fablico recay\u00f3 en los jubilados\"}]},{\"@type\":\"WebSite\",\"@id\":\"https:\/\/www.noticiasradioreflejos.com.ar\/2021\/#website\",\"url\":\"https:\/\/www.noticiasradioreflejos.com.ar\/2021\/\",\"name\":\"Noticias Radio Reflejos\",\"description\":\"Las noticias de mi comarca\",\"potentialAction\":[{\"@type\":\"SearchAction\",\"target\":{\"@type\":\"EntryPoint\",\"urlTemplate\":\"https:\/\/www.noticiasradioreflejos.com.ar\/2021\/?s={search_term_string}\"},\"query-input\":{\"@type\":\"PropertyValueSpecification\",\"valueRequired\":true,\"valueName\":\"search_term_string\"}}],\"inLanguage\":\"es\"},{\"@type\":\"Person\",\"@id\":\"https:\/\/www.noticiasradioreflejos.com.ar\/2021\/#\/schema\/person\/ad82545263dcc5ec0996818884fd5fb1\",\"name\":\"Arnaldo Botto\",\"image\":{\"@type\":\"ImageObject\",\"inLanguage\":\"es\",\"@id\":\"https:\/\/www.noticiasradioreflejos.com.ar\/2021\/#\/schema\/person\/image\/\",\"url\":\"https:\/\/secure.gravatar.com\/avatar\/55cb5e37c1efa326397366e6974cb338056df65cb50e7d64d1cf314e87504837?s=96&d=mm&r=g\",\"contentUrl\":\"https:\/\/secure.gravatar.com\/avatar\/55cb5e37c1efa326397366e6974cb338056df65cb50e7d64d1cf314e87504837?s=96&d=mm&r=g\",\"caption\":\"Arnaldo Botto\"},\"url\":\"https:\/\/www.noticiasradioreflejos.com.ar\/2021\/author\/arnaldo\/\"}]}<\/script>\n<!-- \/ Yoast SEO plugin. -->","yoast_head_json":{"title":"Consultores contradicen a Milei: el 35% del ajuste del gasto p\u00fablico recay\u00f3 en los jubilados - Noticias Radio Reflejos","robots":{"index":"index","follow":"follow","max-snippet":"max-snippet:-1","max-image-preview":"max-image-preview:large","max-video-preview":"max-video-preview:-1"},"canonical":"https:\/\/www.noticiasradioreflejos.com.ar\/2021\/consultores-contradicen-a-milei-el-35-del-ajuste-del-gasto-publico-recayo-en-los-jubilados\/","og_locale":"es_ES","og_type":"article","og_title":"Consultores contradicen a Milei: el 35% del ajuste del gasto p\u00fablico recay\u00f3 en los jubilados - Noticias Radio Reflejos","og_description":"El Presidente fue refutado en su minimizaci\u00f3n de la p\u00e9rdida de poder adquisitivo del sector pasivo por el recorte del primer trimestre que proclam\u00f3 como un \u00e9xito.","og_url":"https:\/\/www.noticiasradioreflejos.com.ar\/2021\/consultores-contradicen-a-milei-el-35-del-ajuste-del-gasto-publico-recayo-en-los-jubilados\/","og_site_name":"Noticias Radio Reflejos","article_published_time":"2024-04-24T00:37:02+00:00","og_image":[{"width":1140,"height":759,"url":"https:\/\/www.noticiasradioreflejos.com.ar\/2021\/wp-content\/uploads\/2023\/07\/jubilados.jpg","type":"image\/jpeg"}],"author":"Arnaldo Botto","twitter_card":"summary_large_image","schema":{"@context":"https:\/\/schema.org","@graph":[{"@type":"WebPage","@id":"https:\/\/www.noticiasradioreflejos.com.ar\/2021\/consultores-contradicen-a-milei-el-35-del-ajuste-del-gasto-publico-recayo-en-los-jubilados\/","url":"https:\/\/www.noticiasradioreflejos.com.ar\/2021\/consultores-contradicen-a-milei-el-35-del-ajuste-del-gasto-publico-recayo-en-los-jubilados\/","name":"Consultores contradicen a Milei: el 35% del ajuste del gasto p\u00fablico recay\u00f3 en los jubilados - Noticias Radio Reflejos","isPartOf":{"@id":"https:\/\/www.noticiasradioreflejos.com.ar\/2021\/#website"},"primaryImageOfPage":{"@id":"https:\/\/www.noticiasradioreflejos.com.ar\/2021\/consultores-contradicen-a-milei-el-35-del-ajuste-del-gasto-publico-recayo-en-los-jubilados\/#primaryimage"},"image":{"@id":"https:\/\/www.noticiasradioreflejos.com.ar\/2021\/consultores-contradicen-a-milei-el-35-del-ajuste-del-gasto-publico-recayo-en-los-jubilados\/#primaryimage"},"thumbnailUrl":"https:\/\/www.noticiasradioreflejos.com.ar\/2021\/wp-content\/uploads\/2023\/07\/jubilados.jpg","datePublished":"2024-04-24T00:37:02+00:00","author":{"@id":"https:\/\/www.noticiasradioreflejos.com.ar\/2021\/#\/schema\/person\/ad82545263dcc5ec0996818884fd5fb1"},"breadcrumb":{"@id":"https:\/\/www.noticiasradioreflejos.com.ar\/2021\/consultores-contradicen-a-milei-el-35-del-ajuste-del-gasto-publico-recayo-en-los-jubilados\/#breadcrumb"},"inLanguage":"es","potentialAction":[{"@type":"ReadAction","target":["https:\/\/www.noticiasradioreflejos.com.ar\/2021\/consultores-contradicen-a-milei-el-35-del-ajuste-del-gasto-publico-recayo-en-los-jubilados\/"]}]},{"@type":"ImageObject","inLanguage":"es","@id":"https:\/\/www.noticiasradioreflejos.com.ar\/2021\/consultores-contradicen-a-milei-el-35-del-ajuste-del-gasto-publico-recayo-en-los-jubilados\/#primaryimage","url":"https:\/\/www.noticiasradioreflejos.com.ar\/2021\/wp-content\/uploads\/2023\/07\/jubilados.jpg","contentUrl":"https:\/\/www.noticiasradioreflejos.com.ar\/2021\/wp-content\/uploads\/2023\/07\/jubilados.jpg","width":1140,"height":759},{"@type":"BreadcrumbList","@id":"https:\/\/www.noticiasradioreflejos.com.ar\/2021\/consultores-contradicen-a-milei-el-35-del-ajuste-del-gasto-publico-recayo-en-los-jubilados\/#breadcrumb","itemListElement":[{"@type":"ListItem","position":1,"name":"Portada","item":"https:\/\/www.noticiasradioreflejos.com.ar\/2021\/"},{"@type":"ListItem","position":2,"name":"Consultores contradicen a Milei: el 35% del ajuste del gasto p\u00fablico recay\u00f3 en los jubilados"}]},{"@type":"WebSite","@id":"https:\/\/www.noticiasradioreflejos.com.ar\/2021\/#website","url":"https:\/\/www.noticiasradioreflejos.com.ar\/2021\/","name":"Noticias Radio Reflejos","description":"Las noticias de mi comarca","potentialAction":[{"@type":"SearchAction","target":{"@type":"EntryPoint","urlTemplate":"https:\/\/www.noticiasradioreflejos.com.ar\/2021\/?s={search_term_string}"},"query-input":{"@type":"PropertyValueSpecification","valueRequired":true,"valueName":"search_term_string"}}],"inLanguage":"es"},{"@type":"Person","@id":"https:\/\/www.noticiasradioreflejos.com.ar\/2021\/#\/schema\/person\/ad82545263dcc5ec0996818884fd5fb1","name":"Arnaldo Botto","image":{"@type":"ImageObject","inLanguage":"es","@id":"https:\/\/www.noticiasradioreflejos.com.ar\/2021\/#\/schema\/person\/image\/","url":"https:\/\/secure.gravatar.com\/avatar\/55cb5e37c1efa326397366e6974cb338056df65cb50e7d64d1cf314e87504837?s=96&d=mm&r=g","contentUrl":"https:\/\/secure.gravatar.com\/avatar\/55cb5e37c1efa326397366e6974cb338056df65cb50e7d64d1cf314e87504837?s=96&d=mm&r=g","caption":"Arnaldo Botto"},"url":"https:\/\/www.noticiasradioreflejos.com.ar\/2021\/author\/arnaldo\/"}]}},"_links":{"self":[{"href":"https:\/\/www.noticiasradioreflejos.com.ar\/2021\/wp-json\/wp\/v2\/posts\/101660","targetHints":{"allow":["GET"]}}],"collection":[{"href":"https:\/\/www.noticiasradioreflejos.com.ar\/2021\/wp-json\/wp\/v2\/posts"}],"about":[{"href":"https:\/\/www.noticiasradioreflejos.com.ar\/2021\/wp-json\/wp\/v2\/types\/post"}],"author":[{"embeddable":true,"href":"https:\/\/www.noticiasradioreflejos.com.ar\/2021\/wp-json\/wp\/v2\/users\/3"}],"replies":[{"embeddable":true,"href":"https:\/\/www.noticiasradioreflejos.com.ar\/2021\/wp-json\/wp\/v2\/comments?post=101660"}],"version-history":[{"count":1,"href":"https:\/\/www.noticiasradioreflejos.com.ar\/2021\/wp-json\/wp\/v2\/posts\/101660\/revisions"}],"predecessor-version":[{"id":101661,"href":"https:\/\/www.noticiasradioreflejos.com.ar\/2021\/wp-json\/wp\/v2\/posts\/101660\/revisions\/101661"}],"wp:featuredmedia":[{"embeddable":true,"href":"https:\/\/www.noticiasradioreflejos.com.ar\/2021\/wp-json\/wp\/v2\/media\/90200"}],"wp:attachment":[{"href":"https:\/\/www.noticiasradioreflejos.com.ar\/2021\/wp-json\/wp\/v2\/media?parent=101660"}],"wp:term":[{"taxonomy":"category","embeddable":true,"href":"https:\/\/www.noticiasradioreflejos.com.ar\/2021\/wp-json\/wp\/v2\/categories?post=101660"},{"taxonomy":"post_tag","embeddable":true,"href":"https:\/\/www.noticiasradioreflejos.com.ar\/2021\/wp-json\/wp\/v2\/tags?post=101660"}],"curies":[{"name":"wp","href":"https:\/\/api.w.org\/{rel}","templated":true}]}}