{"id":101658,"date":"2024-04-23T17:52:41","date_gmt":"2024-04-23T20:52:41","guid":{"rendered":"https:\/\/www.noticiasradioreflejos.com.ar\/2021\/?p=101658"},"modified":"2024-04-23T17:52:41","modified_gmt":"2024-04-23T20:52:41","slug":"la-justicia-le-dio-la-razon-a-los-farmaceuticos-y-suspendio-articulos-del-dnu-70-2023-sobre-la-actividad","status":"publish","type":"post","link":"https:\/\/www.noticiasradioreflejos.com.ar\/2021\/la-justicia-le-dio-la-razon-a-los-farmaceuticos-y-suspendio-articulos-del-dnu-70-2023-sobre-la-actividad\/","title":{"rendered":"La Justicia le dio la raz\u00f3n a los farmac\u00e9uticos y suspendi\u00f3 art\u00edculos del DNU 70\/2023 sobre la actividad"},"content":{"rendered":"<p>La C\u00e1mara Nacional de Apelaciones del Trabajo suspendi\u00f3 tres art\u00edculos que modificaban la actividad laboral del sector.<!--more--><\/p>\n<p>La C\u00e1mara Nacional de Apelaciones del Trabajo suspendi\u00f3 tres art\u00edculos del Decreto de Necesidad y Urgencia (DNU) 70\/2023 que modificaban la actividad laboral de los farmac\u00e9uticos.<\/p>\n<p>La sentencia se dispuso en funci\u00f3n del pedido que formul\u00f3 el Sindicato Argentino de Farmac\u00e9uticos y Bioqu\u00edmicos (SAFYB), que hab\u00eda cuestionado los art\u00edculos 319, 320 y 321 de ese DNU, a trav\u00e9s del cual el Gobierno, a pocos d\u00edas de asumir, desregul\u00f3 numerosos sectores de la econom\u00eda.<\/p>\n<p>El DNU 70\/23 sacaba de circulaci\u00f3n a los farmac\u00e9uticos porque derogaba los art\u00edculos 13, 20, 25, 26, 27, 40, 41, 42, 43 y 44 de la ley 17565 de Farmacia, y favorec\u00eda la comercializaci\u00f3n de los medicamentos y la ganancia de los laboratorios, seg\u00fan el gremio del sector.<\/p>\n<p>Ahora, la Sala V de la C\u00e1mara Nacional de Apelaciones del Trabajo resolvi\u00f3 reestablecer la obligaci\u00f3n de la presencia, la atenci\u00f3n personal y la dependencia exclusiva del farmac\u00e9utico con la farmacia o establecimiento que dirija, durante todo el horario de atenci\u00f3n.<\/p>\n<p>Tambi\u00e9n, la obligaci\u00f3n de reemplazar al farmac\u00e9utico ausente por otro profesional para poder continuar con la distribuci\u00f3n y\/o dispensaci\u00f3n de los medicamentos, caso contrario la farmacia no podr\u00e1 dispensar remedios recetados y la obligaci\u00f3n de la direcci\u00f3n t\u00e9cnica farmac\u00e9utica en otros lugares como herborister\u00edas, porque el uso de plantas medicinales tambi\u00e9n conlleva riesgo.<\/p>\n<p>La sentencia afirm\u00f3: \u00abLos perjuicios que se derivan de manera inmediata de la entrada en vigencia del DNU 70\/23 en lo que hace a la modificaci\u00f3n y derogaci\u00f3n de los art\u00edculos 25, 26 y 42 de la ley 17.565 (art\u00edculos 319, 320 y 321 del DNU 70\/2023) que afectan el trabajo y la profesi\u00f3n de los farmac\u00e9uticos, en su fuente laboral, todos los recaudos cautelares se encuentran reunidos, por lo que corresponde revocar lo decidido en grado y hacer lugar a la suspensi\u00f3n de los efectos del DNU en lo que hace a las regulaciones implementadas hasta tanto se dicte resoluci\u00f3n definitiva\u00bb.<\/p>\n<p>En un comunicado, el Sindicato celebr\u00f3 el fallo y resalt\u00f3 que el objetivo de toda farmacia, droguer\u00eda o laboratorio es garantizar el origen, la conservaci\u00f3n y la informaci\u00f3n correcta de los medicamentos que consume la poblaci\u00f3n.<\/p>\n<p>Adem\u00e1s, advirti\u00f3 que la automedicaci\u00f3n y adicci\u00f3n a medicamentos es creciente en la Argentina y genera problemas de salud que luego el Estado debe atender.<\/p>\n<p>&nbsp;<\/p>\n<p>&nbsp;<\/p>\n<p><em><strong>Fuente NA<\/strong><\/em><\/p>\n","protected":false},"excerpt":{"rendered":"<p>La C\u00e1mara Nacional de Apelaciones del Trabajo suspendi\u00f3 tres art\u00edculos que modificaban la actividad laboral del sector.<\/p>\n","protected":false},"author":3,"featured_media":96292,"comment_status":"closed","ping_status":"closed","sticky":false,"template":"","format":"standard","meta":{"footnotes":""},"categories":[57],"tags":[],"class_list":["post-101658","post","type-post","status-publish","format-standard","has-post-thumbnail","hentry","category-judiciales"],"yoast_head":"<!-- This site is optimized with the Yoast SEO plugin v25.9 - https:\/\/yoast.com\/wordpress\/plugins\/seo\/ -->\n<title>La Justicia le dio la raz\u00f3n a los farmac\u00e9uticos y suspendi\u00f3 art\u00edculos del DNU 70\/2023 sobre la actividad - Noticias Radio Reflejos<\/title>\n<meta name=\"robots\" content=\"index, follow, max-snippet:-1, max-image-preview:large, max-video-preview:-1\" \/>\n<link rel=\"canonical\" href=\"https:\/\/www.noticiasradioreflejos.com.ar\/2021\/la-justicia-le-dio-la-razon-a-los-farmaceuticos-y-suspendio-articulos-del-dnu-70-2023-sobre-la-actividad\/\" \/>\n<meta property=\"og:locale\" content=\"es_ES\" \/>\n<meta property=\"og:type\" content=\"article\" \/>\n<meta property=\"og:title\" content=\"La Justicia le dio la raz\u00f3n a los farmac\u00e9uticos y suspendi\u00f3 art\u00edculos del DNU 70\/2023 sobre la actividad - Noticias Radio Reflejos\" \/>\n<meta property=\"og:description\" content=\"La C\u00e1mara Nacional de Apelaciones del Trabajo suspendi\u00f3 tres art\u00edculos que modificaban la actividad laboral del sector.\" \/>\n<meta property=\"og:url\" content=\"https:\/\/www.noticiasradioreflejos.com.ar\/2021\/la-justicia-le-dio-la-razon-a-los-farmaceuticos-y-suspendio-articulos-del-dnu-70-2023-sobre-la-actividad\/\" \/>\n<meta property=\"og:site_name\" content=\"Noticias Radio Reflejos\" \/>\n<meta property=\"article:published_time\" content=\"2024-04-23T20:52:41+00:00\" \/>\n<meta property=\"og:image\" content=\"https:\/\/www.noticiasradioreflejos.com.ar\/2021\/wp-content\/uploads\/2023\/12\/farmacias-que-cubre-pami.jpg\" \/>\n\t<meta property=\"og:image:width\" content=\"1496\" \/>\n\t<meta property=\"og:image:height\" content=\"950\" \/>\n\t<meta property=\"og:image:type\" content=\"image\/jpeg\" \/>\n<meta name=\"author\" content=\"Arnaldo Botto\" \/>\n<meta name=\"twitter:card\" content=\"summary_large_image\" \/>\n<script type=\"application\/ld+json\" class=\"yoast-schema-graph\">{\"@context\":\"https:\/\/schema.org\",\"@graph\":[{\"@type\":\"WebPage\",\"@id\":\"https:\/\/www.noticiasradioreflejos.com.ar\/2021\/la-justicia-le-dio-la-razon-a-los-farmaceuticos-y-suspendio-articulos-del-dnu-70-2023-sobre-la-actividad\/\",\"url\":\"https:\/\/www.noticiasradioreflejos.com.ar\/2021\/la-justicia-le-dio-la-razon-a-los-farmaceuticos-y-suspendio-articulos-del-dnu-70-2023-sobre-la-actividad\/\",\"name\":\"La Justicia le dio la raz\u00f3n a los farmac\u00e9uticos y suspendi\u00f3 art\u00edculos del DNU 70\/2023 sobre la actividad - Noticias Radio Reflejos\",\"isPartOf\":{\"@id\":\"https:\/\/www.noticiasradioreflejos.com.ar\/2021\/#website\"},\"primaryImageOfPage\":{\"@id\":\"https:\/\/www.noticiasradioreflejos.com.ar\/2021\/la-justicia-le-dio-la-razon-a-los-farmaceuticos-y-suspendio-articulos-del-dnu-70-2023-sobre-la-actividad\/#primaryimage\"},\"image\":{\"@id\":\"https:\/\/www.noticiasradioreflejos.com.ar\/2021\/la-justicia-le-dio-la-razon-a-los-farmaceuticos-y-suspendio-articulos-del-dnu-70-2023-sobre-la-actividad\/#primaryimage\"},\"thumbnailUrl\":\"https:\/\/www.noticiasradioreflejos.com.ar\/2021\/wp-content\/uploads\/2023\/12\/farmacias-que-cubre-pami.jpg\",\"datePublished\":\"2024-04-23T20:52:41+00:00\",\"author\":{\"@id\":\"https:\/\/www.noticiasradioreflejos.com.ar\/2021\/#\/schema\/person\/ad82545263dcc5ec0996818884fd5fb1\"},\"breadcrumb\":{\"@id\":\"https:\/\/www.noticiasradioreflejos.com.ar\/2021\/la-justicia-le-dio-la-razon-a-los-farmaceuticos-y-suspendio-articulos-del-dnu-70-2023-sobre-la-actividad\/#breadcrumb\"},\"inLanguage\":\"es\",\"potentialAction\":[{\"@type\":\"ReadAction\",\"target\":[\"https:\/\/www.noticiasradioreflejos.com.ar\/2021\/la-justicia-le-dio-la-razon-a-los-farmaceuticos-y-suspendio-articulos-del-dnu-70-2023-sobre-la-actividad\/\"]}]},{\"@type\":\"ImageObject\",\"inLanguage\":\"es\",\"@id\":\"https:\/\/www.noticiasradioreflejos.com.ar\/2021\/la-justicia-le-dio-la-razon-a-los-farmaceuticos-y-suspendio-articulos-del-dnu-70-2023-sobre-la-actividad\/#primaryimage\",\"url\":\"https:\/\/www.noticiasradioreflejos.com.ar\/2021\/wp-content\/uploads\/2023\/12\/farmacias-que-cubre-pami.jpg\",\"contentUrl\":\"https:\/\/www.noticiasradioreflejos.com.ar\/2021\/wp-content\/uploads\/2023\/12\/farmacias-que-cubre-pami.jpg\",\"width\":1496,\"height\":950},{\"@type\":\"BreadcrumbList\",\"@id\":\"https:\/\/www.noticiasradioreflejos.com.ar\/2021\/la-justicia-le-dio-la-razon-a-los-farmaceuticos-y-suspendio-articulos-del-dnu-70-2023-sobre-la-actividad\/#breadcrumb\",\"itemListElement\":[{\"@type\":\"ListItem\",\"position\":1,\"name\":\"Portada\",\"item\":\"https:\/\/www.noticiasradioreflejos.com.ar\/2021\/\"},{\"@type\":\"ListItem\",\"position\":2,\"name\":\"La Justicia le dio la raz\u00f3n a los farmac\u00e9uticos y suspendi\u00f3 art\u00edculos del DNU 70\/2023 sobre la actividad\"}]},{\"@type\":\"WebSite\",\"@id\":\"https:\/\/www.noticiasradioreflejos.com.ar\/2021\/#website\",\"url\":\"https:\/\/www.noticiasradioreflejos.com.ar\/2021\/\",\"name\":\"Noticias Radio Reflejos\",\"description\":\"Las noticias de mi comarca\",\"potentialAction\":[{\"@type\":\"SearchAction\",\"target\":{\"@type\":\"EntryPoint\",\"urlTemplate\":\"https:\/\/www.noticiasradioreflejos.com.ar\/2021\/?s={search_term_string}\"},\"query-input\":{\"@type\":\"PropertyValueSpecification\",\"valueRequired\":true,\"valueName\":\"search_term_string\"}}],\"inLanguage\":\"es\"},{\"@type\":\"Person\",\"@id\":\"https:\/\/www.noticiasradioreflejos.com.ar\/2021\/#\/schema\/person\/ad82545263dcc5ec0996818884fd5fb1\",\"name\":\"Arnaldo Botto\",\"image\":{\"@type\":\"ImageObject\",\"inLanguage\":\"es\",\"@id\":\"https:\/\/www.noticiasradioreflejos.com.ar\/2021\/#\/schema\/person\/image\/\",\"url\":\"https:\/\/secure.gravatar.com\/avatar\/55cb5e37c1efa326397366e6974cb338056df65cb50e7d64d1cf314e87504837?s=96&d=mm&r=g\",\"contentUrl\":\"https:\/\/secure.gravatar.com\/avatar\/55cb5e37c1efa326397366e6974cb338056df65cb50e7d64d1cf314e87504837?s=96&d=mm&r=g\",\"caption\":\"Arnaldo Botto\"},\"url\":\"https:\/\/www.noticiasradioreflejos.com.ar\/2021\/author\/arnaldo\/\"}]}<\/script>\n<!-- \/ Yoast SEO plugin. -->","yoast_head_json":{"title":"La Justicia le dio la raz\u00f3n a los farmac\u00e9uticos y suspendi\u00f3 art\u00edculos del DNU 70\/2023 sobre la actividad - Noticias Radio Reflejos","robots":{"index":"index","follow":"follow","max-snippet":"max-snippet:-1","max-image-preview":"max-image-preview:large","max-video-preview":"max-video-preview:-1"},"canonical":"https:\/\/www.noticiasradioreflejos.com.ar\/2021\/la-justicia-le-dio-la-razon-a-los-farmaceuticos-y-suspendio-articulos-del-dnu-70-2023-sobre-la-actividad\/","og_locale":"es_ES","og_type":"article","og_title":"La Justicia le dio la raz\u00f3n a los farmac\u00e9uticos y suspendi\u00f3 art\u00edculos del DNU 70\/2023 sobre la actividad - Noticias Radio Reflejos","og_description":"La C\u00e1mara Nacional de Apelaciones del Trabajo suspendi\u00f3 tres art\u00edculos que modificaban la actividad laboral del sector.","og_url":"https:\/\/www.noticiasradioreflejos.com.ar\/2021\/la-justicia-le-dio-la-razon-a-los-farmaceuticos-y-suspendio-articulos-del-dnu-70-2023-sobre-la-actividad\/","og_site_name":"Noticias Radio Reflejos","article_published_time":"2024-04-23T20:52:41+00:00","og_image":[{"width":1496,"height":950,"url":"https:\/\/www.noticiasradioreflejos.com.ar\/2021\/wp-content\/uploads\/2023\/12\/farmacias-que-cubre-pami.jpg","type":"image\/jpeg"}],"author":"Arnaldo Botto","twitter_card":"summary_large_image","schema":{"@context":"https:\/\/schema.org","@graph":[{"@type":"WebPage","@id":"https:\/\/www.noticiasradioreflejos.com.ar\/2021\/la-justicia-le-dio-la-razon-a-los-farmaceuticos-y-suspendio-articulos-del-dnu-70-2023-sobre-la-actividad\/","url":"https:\/\/www.noticiasradioreflejos.com.ar\/2021\/la-justicia-le-dio-la-razon-a-los-farmaceuticos-y-suspendio-articulos-del-dnu-70-2023-sobre-la-actividad\/","name":"La Justicia le dio la raz\u00f3n a los farmac\u00e9uticos y suspendi\u00f3 art\u00edculos del DNU 70\/2023 sobre la actividad - Noticias Radio Reflejos","isPartOf":{"@id":"https:\/\/www.noticiasradioreflejos.com.ar\/2021\/#website"},"primaryImageOfPage":{"@id":"https:\/\/www.noticiasradioreflejos.com.ar\/2021\/la-justicia-le-dio-la-razon-a-los-farmaceuticos-y-suspendio-articulos-del-dnu-70-2023-sobre-la-actividad\/#primaryimage"},"image":{"@id":"https:\/\/www.noticiasradioreflejos.com.ar\/2021\/la-justicia-le-dio-la-razon-a-los-farmaceuticos-y-suspendio-articulos-del-dnu-70-2023-sobre-la-actividad\/#primaryimage"},"thumbnailUrl":"https:\/\/www.noticiasradioreflejos.com.ar\/2021\/wp-content\/uploads\/2023\/12\/farmacias-que-cubre-pami.jpg","datePublished":"2024-04-23T20:52:41+00:00","author":{"@id":"https:\/\/www.noticiasradioreflejos.com.ar\/2021\/#\/schema\/person\/ad82545263dcc5ec0996818884fd5fb1"},"breadcrumb":{"@id":"https:\/\/www.noticiasradioreflejos.com.ar\/2021\/la-justicia-le-dio-la-razon-a-los-farmaceuticos-y-suspendio-articulos-del-dnu-70-2023-sobre-la-actividad\/#breadcrumb"},"inLanguage":"es","potentialAction":[{"@type":"ReadAction","target":["https:\/\/www.noticiasradioreflejos.com.ar\/2021\/la-justicia-le-dio-la-razon-a-los-farmaceuticos-y-suspendio-articulos-del-dnu-70-2023-sobre-la-actividad\/"]}]},{"@type":"ImageObject","inLanguage":"es","@id":"https:\/\/www.noticiasradioreflejos.com.ar\/2021\/la-justicia-le-dio-la-razon-a-los-farmaceuticos-y-suspendio-articulos-del-dnu-70-2023-sobre-la-actividad\/#primaryimage","url":"https:\/\/www.noticiasradioreflejos.com.ar\/2021\/wp-content\/uploads\/2023\/12\/farmacias-que-cubre-pami.jpg","contentUrl":"https:\/\/www.noticiasradioreflejos.com.ar\/2021\/wp-content\/uploads\/2023\/12\/farmacias-que-cubre-pami.jpg","width":1496,"height":950},{"@type":"BreadcrumbList","@id":"https:\/\/www.noticiasradioreflejos.com.ar\/2021\/la-justicia-le-dio-la-razon-a-los-farmaceuticos-y-suspendio-articulos-del-dnu-70-2023-sobre-la-actividad\/#breadcrumb","itemListElement":[{"@type":"ListItem","position":1,"name":"Portada","item":"https:\/\/www.noticiasradioreflejos.com.ar\/2021\/"},{"@type":"ListItem","position":2,"name":"La Justicia le dio la raz\u00f3n a los farmac\u00e9uticos y suspendi\u00f3 art\u00edculos del DNU 70\/2023 sobre la actividad"}]},{"@type":"WebSite","@id":"https:\/\/www.noticiasradioreflejos.com.ar\/2021\/#website","url":"https:\/\/www.noticiasradioreflejos.com.ar\/2021\/","name":"Noticias Radio Reflejos","description":"Las noticias de mi comarca","potentialAction":[{"@type":"SearchAction","target":{"@type":"EntryPoint","urlTemplate":"https:\/\/www.noticiasradioreflejos.com.ar\/2021\/?s={search_term_string}"},"query-input":{"@type":"PropertyValueSpecification","valueRequired":true,"valueName":"search_term_string"}}],"inLanguage":"es"},{"@type":"Person","@id":"https:\/\/www.noticiasradioreflejos.com.ar\/2021\/#\/schema\/person\/ad82545263dcc5ec0996818884fd5fb1","name":"Arnaldo Botto","image":{"@type":"ImageObject","inLanguage":"es","@id":"https:\/\/www.noticiasradioreflejos.com.ar\/2021\/#\/schema\/person\/image\/","url":"https:\/\/secure.gravatar.com\/avatar\/55cb5e37c1efa326397366e6974cb338056df65cb50e7d64d1cf314e87504837?s=96&d=mm&r=g","contentUrl":"https:\/\/secure.gravatar.com\/avatar\/55cb5e37c1efa326397366e6974cb338056df65cb50e7d64d1cf314e87504837?s=96&d=mm&r=g","caption":"Arnaldo Botto"},"url":"https:\/\/www.noticiasradioreflejos.com.ar\/2021\/author\/arnaldo\/"}]}},"_links":{"self":[{"href":"https:\/\/www.noticiasradioreflejos.com.ar\/2021\/wp-json\/wp\/v2\/posts\/101658","targetHints":{"allow":["GET"]}}],"collection":[{"href":"https:\/\/www.noticiasradioreflejos.com.ar\/2021\/wp-json\/wp\/v2\/posts"}],"about":[{"href":"https:\/\/www.noticiasradioreflejos.com.ar\/2021\/wp-json\/wp\/v2\/types\/post"}],"author":[{"embeddable":true,"href":"https:\/\/www.noticiasradioreflejos.com.ar\/2021\/wp-json\/wp\/v2\/users\/3"}],"replies":[{"embeddable":true,"href":"https:\/\/www.noticiasradioreflejos.com.ar\/2021\/wp-json\/wp\/v2\/comments?post=101658"}],"version-history":[{"count":1,"href":"https:\/\/www.noticiasradioreflejos.com.ar\/2021\/wp-json\/wp\/v2\/posts\/101658\/revisions"}],"predecessor-version":[{"id":101659,"href":"https:\/\/www.noticiasradioreflejos.com.ar\/2021\/wp-json\/wp\/v2\/posts\/101658\/revisions\/101659"}],"wp:featuredmedia":[{"embeddable":true,"href":"https:\/\/www.noticiasradioreflejos.com.ar\/2021\/wp-json\/wp\/v2\/media\/96292"}],"wp:attachment":[{"href":"https:\/\/www.noticiasradioreflejos.com.ar\/2021\/wp-json\/wp\/v2\/media?parent=101658"}],"wp:term":[{"taxonomy":"category","embeddable":true,"href":"https:\/\/www.noticiasradioreflejos.com.ar\/2021\/wp-json\/wp\/v2\/categories?post=101658"},{"taxonomy":"post_tag","embeddable":true,"href":"https:\/\/www.noticiasradioreflejos.com.ar\/2021\/wp-json\/wp\/v2\/tags?post=101658"}],"curies":[{"name":"wp","href":"https:\/\/api.w.org\/{rel}","templated":true}]}}