{"id":101650,"date":"2024-04-23T17:34:14","date_gmt":"2024-04-23T20:34:14","guid":{"rendered":"https:\/\/www.noticiasradioreflejos.com.ar\/2021\/?p=101650"},"modified":"2024-04-23T17:34:14","modified_gmt":"2024-04-23T20:34:14","slug":"velez-le-rescindio-el-contrato-a-osorio-florentin-y-cufre-tras-el-escandalo-de-abuso-sexual","status":"publish","type":"post","link":"https:\/\/www.noticiasradioreflejos.com.ar\/2021\/velez-le-rescindio-el-contrato-a-osorio-florentin-y-cufre-tras-el-escandalo-de-abuso-sexual\/","title":{"rendered":"V\u00e9lez le rescindi\u00f3 el contrato a Osorio, Florent\u00edn y Cufr\u00e9 tras el esc\u00e1ndalo de abuso sexual"},"content":{"rendered":"<p>La instituci\u00f3n ya lo hab\u00eda hecho d\u00edas atr\u00e1s con Sosa, tambi\u00e9n implicado en el caso.<!--more--><\/p>\n<p>V\u00e9lez inform\u00f3 este martes que notific\u00f3 a Abiel Osorio, Jos\u00e9 Florent\u00edn y Braian Cufr\u00e9 acerca de la \u201crescisi\u00f3n con efecto inmediato de sus respectivos contratos\u201d, luego del esc\u00e1ndalo de abuso sexual en los que est\u00e1n implicados ellos tres junto con el arquero Sebasti\u00e1n Sosa, tambi\u00e9n desafectado del club d\u00edas atr\u00e1s.<\/p>\n<p>&nbsp;<\/p>\n<blockquote class=\"twitter-tweet\">\n<p dir=\"ltr\" lang=\"es\">\ud83d\udd35 En el d\u00eda de la fecha el Club notific\u00f3 a los jugadores Abiel Osorio, Jos\u00e9 Florentin y Braian Cufr\u00e9 la rescisi\u00f3n con efecto inmediato de sus respectivos contratos de trabajo.<\/p>\n<p>\ud83d\udc68\ud83c\udffb\u200d\ud83d\udcbb <a href=\"https:\/\/t.co\/CNXo6CsjjS\">https:\/\/t.co\/CNXo6CsjjS<\/a> <a href=\"https:\/\/t.co\/FmY3a1qoMi\">pic.twitter.com\/FmY3a1qoMi<\/a><\/p>\n<p>\u2014 V\u00e9lez Sarsfield (@Velez) <a href=\"https:\/\/twitter.com\/Velez\/status\/1782836791910732078?ref_src=twsrc%5Etfw\">April 23, 2024<\/a><\/p><\/blockquote>\n<p><script async src=\"https:\/\/platform.twitter.com\/widgets.js\" charset=\"utf-8\"><\/script><br \/>\nX de V\u00e9lez Sarsfield<\/p>\n<p>En un comunicado, el \u201cFort\u00edn\u201d expres\u00f3: \u201cLa medida fue adoptada luego de una investigaci\u00f3n interna, mediante un sumario administrativo, que determin\u00f3 que los referidos jugadores incurrieron en inconductas laborales graves, lo que fundamenta la rescisi\u00f3n con causa de sus v\u00ednculos contractuales\u201d.<\/p>\n<p>\u201cLas \u00e1reas de F\u00fatbol, G\u00e9neros y Legales del Club, entre otras, han trabajado de manera permanente y coordinada con el objeto de atender la situaci\u00f3n con la seriedad que merece, cumpliendo con todos los pasos correspondientes y tomando todas las medidas necesarias para salvaguardar y proteger los intereses de la Instituci\u00f3n\u201d, a\u00f1adi\u00f3 uno de los semifinalistas de la actual Copa de la Liga.<\/p>\n<p>El hecho ocurri\u00f3 a comienzos de marzo luego del encuentro entre V\u00e9lez y Atl\u00e9tico Tucum\u00e1n. Alrededor de las 22, la joven recibi\u00f3 la invitaci\u00f3n a trav\u00e9s de Instagram para que se presentara en el Hotel Hilton.<\/p>\n<p>Seg\u00fan lo expuesto por la joven, ella acept\u00f3 y fue al lugar donde lleg\u00f3 a las 00.40 aproximadamente del 3 de marzo. Cuando subi\u00f3 a la habitaci\u00f3n, donde ya la estaba esperando Sosa, al ingresar observ\u00f3 que tambi\u00e9n se encontraban los jugadores Cufr\u00e9, Osorio y Florent\u00edn, con los cuales comparti\u00f3 unas latas de cerveza, luego fernet y, despu\u00e9s de tomar unos tragos, comenz\u00f3 a sentirse muy mareada.<\/p>\n<p>\u00abFue entonces que, sin ning\u00fan consentimiento, la abusaron sexualmente. Posteriormente, a las 05.30 aproximadamente, cuando se sinti\u00f3 un poco mejor, logr\u00f3 pedir un Uber y se retir\u00f3 a su domicilio\u00bb, dice la denuncia.<\/p>\n","protected":false},"excerpt":{"rendered":"<p>La instituci\u00f3n ya lo hab\u00eda hecho d\u00edas atr\u00e1s con Sosa, tambi\u00e9n implicado en el caso.<\/p>\n","protected":false},"author":3,"featured_media":0,"comment_status":"closed","ping_status":"closed","sticky":false,"template":"","format":"standard","meta":{"footnotes":""},"categories":[57],"tags":[],"class_list":["post-101650","post","type-post","status-publish","format-standard","hentry","category-judiciales"],"yoast_head":"<!-- This site is optimized with the Yoast SEO plugin v25.9 - https:\/\/yoast.com\/wordpress\/plugins\/seo\/ -->\n<title>V\u00e9lez le rescindi\u00f3 el contrato a Osorio, Florent\u00edn y Cufr\u00e9 tras el esc\u00e1ndalo de abuso sexual - Noticias Radio Reflejos<\/title>\n<meta name=\"robots\" content=\"index, follow, max-snippet:-1, max-image-preview:large, max-video-preview:-1\" \/>\n<link rel=\"canonical\" href=\"https:\/\/www.noticiasradioreflejos.com.ar\/2021\/velez-le-rescindio-el-contrato-a-osorio-florentin-y-cufre-tras-el-escandalo-de-abuso-sexual\/\" \/>\n<meta property=\"og:locale\" content=\"es_ES\" \/>\n<meta property=\"og:type\" content=\"article\" \/>\n<meta property=\"og:title\" content=\"V\u00e9lez le rescindi\u00f3 el contrato a Osorio, Florent\u00edn y Cufr\u00e9 tras el esc\u00e1ndalo de abuso sexual - Noticias Radio Reflejos\" \/>\n<meta property=\"og:description\" content=\"La instituci\u00f3n ya lo hab\u00eda hecho d\u00edas atr\u00e1s con Sosa, tambi\u00e9n implicado en el caso.\" \/>\n<meta property=\"og:url\" content=\"https:\/\/www.noticiasradioreflejos.com.ar\/2021\/velez-le-rescindio-el-contrato-a-osorio-florentin-y-cufre-tras-el-escandalo-de-abuso-sexual\/\" \/>\n<meta property=\"og:site_name\" content=\"Noticias Radio Reflejos\" \/>\n<meta property=\"article:published_time\" content=\"2024-04-23T20:34:14+00:00\" \/>\n<meta property=\"og:image\" content=\"https:\/\/www.noticiasradioreflejos.com.ar\/2021\/wp-content\/uploads\/2021\/07\/logosol300x200.png\" \/>\n\t<meta property=\"og:image:width\" content=\"300\" \/>\n\t<meta property=\"og:image:height\" content=\"200\" \/>\n\t<meta property=\"og:image:type\" content=\"image\/png\" \/>\n<meta name=\"author\" content=\"Arnaldo Botto\" \/>\n<meta name=\"twitter:card\" content=\"summary_large_image\" \/>\n<script type=\"application\/ld+json\" class=\"yoast-schema-graph\">{\"@context\":\"https:\/\/schema.org\",\"@graph\":[{\"@type\":\"WebPage\",\"@id\":\"https:\/\/www.noticiasradioreflejos.com.ar\/2021\/velez-le-rescindio-el-contrato-a-osorio-florentin-y-cufre-tras-el-escandalo-de-abuso-sexual\/\",\"url\":\"https:\/\/www.noticiasradioreflejos.com.ar\/2021\/velez-le-rescindio-el-contrato-a-osorio-florentin-y-cufre-tras-el-escandalo-de-abuso-sexual\/\",\"name\":\"V\u00e9lez le rescindi\u00f3 el contrato a Osorio, Florent\u00edn y Cufr\u00e9 tras el esc\u00e1ndalo de abuso sexual - Noticias Radio Reflejos\",\"isPartOf\":{\"@id\":\"https:\/\/www.noticiasradioreflejos.com.ar\/2021\/#website\"},\"datePublished\":\"2024-04-23T20:34:14+00:00\",\"author\":{\"@id\":\"https:\/\/www.noticiasradioreflejos.com.ar\/2021\/#\/schema\/person\/ad82545263dcc5ec0996818884fd5fb1\"},\"breadcrumb\":{\"@id\":\"https:\/\/www.noticiasradioreflejos.com.ar\/2021\/velez-le-rescindio-el-contrato-a-osorio-florentin-y-cufre-tras-el-escandalo-de-abuso-sexual\/#breadcrumb\"},\"inLanguage\":\"es\",\"potentialAction\":[{\"@type\":\"ReadAction\",\"target\":[\"https:\/\/www.noticiasradioreflejos.com.ar\/2021\/velez-le-rescindio-el-contrato-a-osorio-florentin-y-cufre-tras-el-escandalo-de-abuso-sexual\/\"]}]},{\"@type\":\"BreadcrumbList\",\"@id\":\"https:\/\/www.noticiasradioreflejos.com.ar\/2021\/velez-le-rescindio-el-contrato-a-osorio-florentin-y-cufre-tras-el-escandalo-de-abuso-sexual\/#breadcrumb\",\"itemListElement\":[{\"@type\":\"ListItem\",\"position\":1,\"name\":\"Portada\",\"item\":\"https:\/\/www.noticiasradioreflejos.com.ar\/2021\/\"},{\"@type\":\"ListItem\",\"position\":2,\"name\":\"V\u00e9lez le rescindi\u00f3 el contrato a Osorio, Florent\u00edn y Cufr\u00e9 tras el esc\u00e1ndalo de abuso sexual\"}]},{\"@type\":\"WebSite\",\"@id\":\"https:\/\/www.noticiasradioreflejos.com.ar\/2021\/#website\",\"url\":\"https:\/\/www.noticiasradioreflejos.com.ar\/2021\/\",\"name\":\"Noticias Radio Reflejos\",\"description\":\"Las noticias de mi comarca\",\"potentialAction\":[{\"@type\":\"SearchAction\",\"target\":{\"@type\":\"EntryPoint\",\"urlTemplate\":\"https:\/\/www.noticiasradioreflejos.com.ar\/2021\/?s={search_term_string}\"},\"query-input\":{\"@type\":\"PropertyValueSpecification\",\"valueRequired\":true,\"valueName\":\"search_term_string\"}}],\"inLanguage\":\"es\"},{\"@type\":\"Person\",\"@id\":\"https:\/\/www.noticiasradioreflejos.com.ar\/2021\/#\/schema\/person\/ad82545263dcc5ec0996818884fd5fb1\",\"name\":\"Arnaldo Botto\",\"image\":{\"@type\":\"ImageObject\",\"inLanguage\":\"es\",\"@id\":\"https:\/\/www.noticiasradioreflejos.com.ar\/2021\/#\/schema\/person\/image\/\",\"url\":\"https:\/\/secure.gravatar.com\/avatar\/55cb5e37c1efa326397366e6974cb338056df65cb50e7d64d1cf314e87504837?s=96&d=mm&r=g\",\"contentUrl\":\"https:\/\/secure.gravatar.com\/avatar\/55cb5e37c1efa326397366e6974cb338056df65cb50e7d64d1cf314e87504837?s=96&d=mm&r=g\",\"caption\":\"Arnaldo Botto\"},\"url\":\"https:\/\/www.noticiasradioreflejos.com.ar\/2021\/author\/arnaldo\/\"}]}<\/script>\n<!-- \/ Yoast SEO plugin. -->","yoast_head_json":{"title":"V\u00e9lez le rescindi\u00f3 el contrato a Osorio, Florent\u00edn y Cufr\u00e9 tras el esc\u00e1ndalo de abuso sexual - Noticias Radio Reflejos","robots":{"index":"index","follow":"follow","max-snippet":"max-snippet:-1","max-image-preview":"max-image-preview:large","max-video-preview":"max-video-preview:-1"},"canonical":"https:\/\/www.noticiasradioreflejos.com.ar\/2021\/velez-le-rescindio-el-contrato-a-osorio-florentin-y-cufre-tras-el-escandalo-de-abuso-sexual\/","og_locale":"es_ES","og_type":"article","og_title":"V\u00e9lez le rescindi\u00f3 el contrato a Osorio, Florent\u00edn y Cufr\u00e9 tras el esc\u00e1ndalo de abuso sexual - Noticias Radio Reflejos","og_description":"La instituci\u00f3n ya lo hab\u00eda hecho d\u00edas atr\u00e1s con Sosa, tambi\u00e9n implicado en el caso.","og_url":"https:\/\/www.noticiasradioreflejos.com.ar\/2021\/velez-le-rescindio-el-contrato-a-osorio-florentin-y-cufre-tras-el-escandalo-de-abuso-sexual\/","og_site_name":"Noticias Radio Reflejos","article_published_time":"2024-04-23T20:34:14+00:00","og_image":[{"width":300,"height":200,"url":"https:\/\/www.noticiasradioreflejos.com.ar\/2021\/wp-content\/uploads\/2021\/07\/logosol300x200.png","type":"image\/png"}],"author":"Arnaldo Botto","twitter_card":"summary_large_image","schema":{"@context":"https:\/\/schema.org","@graph":[{"@type":"WebPage","@id":"https:\/\/www.noticiasradioreflejos.com.ar\/2021\/velez-le-rescindio-el-contrato-a-osorio-florentin-y-cufre-tras-el-escandalo-de-abuso-sexual\/","url":"https:\/\/www.noticiasradioreflejos.com.ar\/2021\/velez-le-rescindio-el-contrato-a-osorio-florentin-y-cufre-tras-el-escandalo-de-abuso-sexual\/","name":"V\u00e9lez le rescindi\u00f3 el contrato a Osorio, Florent\u00edn y Cufr\u00e9 tras el esc\u00e1ndalo de abuso sexual - Noticias Radio Reflejos","isPartOf":{"@id":"https:\/\/www.noticiasradioreflejos.com.ar\/2021\/#website"},"datePublished":"2024-04-23T20:34:14+00:00","author":{"@id":"https:\/\/www.noticiasradioreflejos.com.ar\/2021\/#\/schema\/person\/ad82545263dcc5ec0996818884fd5fb1"},"breadcrumb":{"@id":"https:\/\/www.noticiasradioreflejos.com.ar\/2021\/velez-le-rescindio-el-contrato-a-osorio-florentin-y-cufre-tras-el-escandalo-de-abuso-sexual\/#breadcrumb"},"inLanguage":"es","potentialAction":[{"@type":"ReadAction","target":["https:\/\/www.noticiasradioreflejos.com.ar\/2021\/velez-le-rescindio-el-contrato-a-osorio-florentin-y-cufre-tras-el-escandalo-de-abuso-sexual\/"]}]},{"@type":"BreadcrumbList","@id":"https:\/\/www.noticiasradioreflejos.com.ar\/2021\/velez-le-rescindio-el-contrato-a-osorio-florentin-y-cufre-tras-el-escandalo-de-abuso-sexual\/#breadcrumb","itemListElement":[{"@type":"ListItem","position":1,"name":"Portada","item":"https:\/\/www.noticiasradioreflejos.com.ar\/2021\/"},{"@type":"ListItem","position":2,"name":"V\u00e9lez le rescindi\u00f3 el contrato a Osorio, Florent\u00edn y Cufr\u00e9 tras el esc\u00e1ndalo de abuso sexual"}]},{"@type":"WebSite","@id":"https:\/\/www.noticiasradioreflejos.com.ar\/2021\/#website","url":"https:\/\/www.noticiasradioreflejos.com.ar\/2021\/","name":"Noticias Radio Reflejos","description":"Las noticias de mi comarca","potentialAction":[{"@type":"SearchAction","target":{"@type":"EntryPoint","urlTemplate":"https:\/\/www.noticiasradioreflejos.com.ar\/2021\/?s={search_term_string}"},"query-input":{"@type":"PropertyValueSpecification","valueRequired":true,"valueName":"search_term_string"}}],"inLanguage":"es"},{"@type":"Person","@id":"https:\/\/www.noticiasradioreflejos.com.ar\/2021\/#\/schema\/person\/ad82545263dcc5ec0996818884fd5fb1","name":"Arnaldo Botto","image":{"@type":"ImageObject","inLanguage":"es","@id":"https:\/\/www.noticiasradioreflejos.com.ar\/2021\/#\/schema\/person\/image\/","url":"https:\/\/secure.gravatar.com\/avatar\/55cb5e37c1efa326397366e6974cb338056df65cb50e7d64d1cf314e87504837?s=96&d=mm&r=g","contentUrl":"https:\/\/secure.gravatar.com\/avatar\/55cb5e37c1efa326397366e6974cb338056df65cb50e7d64d1cf314e87504837?s=96&d=mm&r=g","caption":"Arnaldo Botto"},"url":"https:\/\/www.noticiasradioreflejos.com.ar\/2021\/author\/arnaldo\/"}]}},"_links":{"self":[{"href":"https:\/\/www.noticiasradioreflejos.com.ar\/2021\/wp-json\/wp\/v2\/posts\/101650","targetHints":{"allow":["GET"]}}],"collection":[{"href":"https:\/\/www.noticiasradioreflejos.com.ar\/2021\/wp-json\/wp\/v2\/posts"}],"about":[{"href":"https:\/\/www.noticiasradioreflejos.com.ar\/2021\/wp-json\/wp\/v2\/types\/post"}],"author":[{"embeddable":true,"href":"https:\/\/www.noticiasradioreflejos.com.ar\/2021\/wp-json\/wp\/v2\/users\/3"}],"replies":[{"embeddable":true,"href":"https:\/\/www.noticiasradioreflejos.com.ar\/2021\/wp-json\/wp\/v2\/comments?post=101650"}],"version-history":[{"count":1,"href":"https:\/\/www.noticiasradioreflejos.com.ar\/2021\/wp-json\/wp\/v2\/posts\/101650\/revisions"}],"predecessor-version":[{"id":101652,"href":"https:\/\/www.noticiasradioreflejos.com.ar\/2021\/wp-json\/wp\/v2\/posts\/101650\/revisions\/101652"}],"wp:attachment":[{"href":"https:\/\/www.noticiasradioreflejos.com.ar\/2021\/wp-json\/wp\/v2\/media?parent=101650"}],"wp:term":[{"taxonomy":"category","embeddable":true,"href":"https:\/\/www.noticiasradioreflejos.com.ar\/2021\/wp-json\/wp\/v2\/categories?post=101650"},{"taxonomy":"post_tag","embeddable":true,"href":"https:\/\/www.noticiasradioreflejos.com.ar\/2021\/wp-json\/wp\/v2\/tags?post=101650"}],"curies":[{"name":"wp","href":"https:\/\/api.w.org\/{rel}","templated":true}]}}