{"id":101647,"date":"2024-04-23T17:30:37","date_gmt":"2024-04-23T20:30:37","guid":{"rendered":"https:\/\/www.noticiasradioreflejos.com.ar\/2021\/?p=101647"},"modified":"2024-04-23T17:30:37","modified_gmt":"2024-04-23T20:30:37","slug":"otro-dato-confirma-la-fuerte-recesion-la-actividad-economica-cayo-32-en-febrero","status":"publish","type":"post","link":"https:\/\/www.noticiasradioreflejos.com.ar\/2021\/otro-dato-confirma-la-fuerte-recesion-la-actividad-economica-cayo-32-en-febrero\/","title":{"rendered":"Otro dato confirma la fuerte recesi\u00f3n: la actividad econ\u00f3mica cay\u00f3 3,2% en febrero"},"content":{"rendered":"<p>La construcci\u00f3n y la industria experimentaron fuertes bajas.<!--more--><\/p>\n<p>La recesi\u00f3n ya se instal\u00f3 a pleno en la econom\u00eda argentina, de acuerdo con datos oficiales. Con los n\u00fameros de febrero, el estimador de actividad econ\u00f3mica (EMAE) registr\u00f3 una ca\u00edda de 3,2% en la comparaci\u00f3n interanual, seg\u00fan el INDEC. Con relaci\u00f3n a enero la baja fue del 0,2%.<\/p>\n<p>Ocho sectores claves registraron ca\u00eddas en la comparaci\u00f3n interanual, entre los que se destacan Construcci\u00f3n (-19,1%) e Intermediaci\u00f3n financiera (-12,1% ia).<\/p>\n<p>Junto con Industria manufacturera (-8,4%) y Comercio mayorista, minorista y reparaciones (-5,5%), aportan 3,1 puntos porcentuales a la ca\u00edda interanual del EMAE.<\/p>\n<p>En tanto, siete sectores de actividad que conforman el EMAE registraron subas en febrero, entre los que se destacan Pesca (+31,6% ia) y Explotaci\u00f3n de minas y canteras (11,7% ia).<\/p>\n<p>El sector Explotaci\u00f3n de minas y canteras (+11,7%) fue, a su vez, el de mayor incidencia positiva en la variaci\u00f3n interanual del EMAE, seguido por Agricultura, ganader\u00eda, caza y silvicultura (+5,5%).<\/p>\n<p>Emilio Prado, economista de la Fundaci\u00f3n Libertad y Progreso, dijo que la recesi\u00f3n \u201cse profundiz\u00f3 en febrero dado que, en t\u00e9rminos desestacionalizados, el EMAE cay\u00f3 0,2% mensual y anot\u00f3 su cuarta ca\u00edda al hilo\u201d. <\/p>\n<p>\u00abEl registro negativo del EMAE hab\u00eda sido adelantado por los datos de Construcci\u00f3n (ISAC) y producci\u00f3n industrial (IPI) nos dieron pistas de ello con sus respectivas bajas del 10,1% y 1,3% mensual. Sin embargo, los sectores vinculados a las exportaciones siguieron al alza, como la miner\u00eda (+11,7%ia) y agricultura, ganader\u00eda y pesca (+5,5%), y lograron contrarrestar parte de la retracci\u00f3n.<br \/>\nUna relativa buena noticia es que la magnitud de la ca\u00edda se moder\u00f3 en relaci\u00f3n a enero (-1,2%) y diciembre (-2,8%). Esto nos indica que el piso de la contracci\u00f3n est\u00e1 cerca y, m\u00e1s espec\u00edficamente, posiblemente lo encontremos en abril\u00bb, indic\u00f3.<\/p>\n<p>Dijo que \u201cse puede inferir otra ca\u00edda en marzo a partir de los datos provistos por algunos sectores como \u00edndice construya (-11,2% mensual) y la producci\u00f3n automotriz (-29,4%ia), al igual que la contracci\u00f3n real en la recaudaci\u00f3n del IVA DGI del 18%, indicio de una nueva ca\u00edda en el consumo\u201d.<\/p>\n<p>Comentarios (0)<br \/>\nDej\u00e1 tu comentario<\/p>\n","protected":false},"excerpt":{"rendered":"<p>La construcci\u00f3n y la industria experimentaron fuertes bajas.<\/p>\n","protected":false},"author":3,"featured_media":101648,"comment_status":"closed","ping_status":"closed","sticky":false,"template":"","format":"standard","meta":{"footnotes":""},"categories":[36],"tags":[],"class_list":["post-101647","post","type-post","status-publish","format-standard","has-post-thumbnail","hentry","category-economia"],"yoast_head":"<!-- This site is optimized with the Yoast SEO plugin v25.9 - https:\/\/yoast.com\/wordpress\/plugins\/seo\/ -->\n<title>Otro dato confirma la fuerte recesi\u00f3n: la actividad econ\u00f3mica cay\u00f3 3,2% en febrero - Noticias Radio Reflejos<\/title>\n<meta name=\"robots\" content=\"index, follow, max-snippet:-1, max-image-preview:large, max-video-preview:-1\" \/>\n<link rel=\"canonical\" href=\"https:\/\/www.noticiasradioreflejos.com.ar\/2021\/otro-dato-confirma-la-fuerte-recesion-la-actividad-economica-cayo-32-en-febrero\/\" \/>\n<meta property=\"og:locale\" content=\"es_ES\" \/>\n<meta property=\"og:type\" content=\"article\" \/>\n<meta property=\"og:title\" content=\"Otro dato confirma la fuerte recesi\u00f3n: la actividad econ\u00f3mica cay\u00f3 3,2% en febrero - Noticias Radio Reflejos\" \/>\n<meta property=\"og:description\" content=\"La construcci\u00f3n y la industria experimentaron fuertes bajas.\" \/>\n<meta property=\"og:url\" content=\"https:\/\/www.noticiasradioreflejos.com.ar\/2021\/otro-dato-confirma-la-fuerte-recesion-la-actividad-economica-cayo-32-en-febrero\/\" \/>\n<meta property=\"og:site_name\" content=\"Noticias Radio Reflejos\" \/>\n<meta property=\"article:published_time\" content=\"2024-04-23T20:30:37+00:00\" \/>\n<meta property=\"og:image\" content=\"https:\/\/www.noticiasradioreflejos.com.ar\/2021\/wp-content\/uploads\/2024\/04\/construion.jpg\" \/>\n\t<meta property=\"og:image:width\" content=\"1080\" \/>\n\t<meta property=\"og:image:height\" content=\"720\" \/>\n\t<meta property=\"og:image:type\" content=\"image\/jpeg\" \/>\n<meta name=\"author\" content=\"Arnaldo Botto\" \/>\n<meta name=\"twitter:card\" content=\"summary_large_image\" \/>\n<script type=\"application\/ld+json\" class=\"yoast-schema-graph\">{\"@context\":\"https:\/\/schema.org\",\"@graph\":[{\"@type\":\"WebPage\",\"@id\":\"https:\/\/www.noticiasradioreflejos.com.ar\/2021\/otro-dato-confirma-la-fuerte-recesion-la-actividad-economica-cayo-32-en-febrero\/\",\"url\":\"https:\/\/www.noticiasradioreflejos.com.ar\/2021\/otro-dato-confirma-la-fuerte-recesion-la-actividad-economica-cayo-32-en-febrero\/\",\"name\":\"Otro dato confirma la fuerte recesi\u00f3n: la actividad econ\u00f3mica cay\u00f3 3,2% en febrero - Noticias Radio Reflejos\",\"isPartOf\":{\"@id\":\"https:\/\/www.noticiasradioreflejos.com.ar\/2021\/#website\"},\"primaryImageOfPage\":{\"@id\":\"https:\/\/www.noticiasradioreflejos.com.ar\/2021\/otro-dato-confirma-la-fuerte-recesion-la-actividad-economica-cayo-32-en-febrero\/#primaryimage\"},\"image\":{\"@id\":\"https:\/\/www.noticiasradioreflejos.com.ar\/2021\/otro-dato-confirma-la-fuerte-recesion-la-actividad-economica-cayo-32-en-febrero\/#primaryimage\"},\"thumbnailUrl\":\"https:\/\/www.noticiasradioreflejos.com.ar\/2021\/wp-content\/uploads\/2024\/04\/construion.jpg\",\"datePublished\":\"2024-04-23T20:30:37+00:00\",\"author\":{\"@id\":\"https:\/\/www.noticiasradioreflejos.com.ar\/2021\/#\/schema\/person\/ad82545263dcc5ec0996818884fd5fb1\"},\"breadcrumb\":{\"@id\":\"https:\/\/www.noticiasradioreflejos.com.ar\/2021\/otro-dato-confirma-la-fuerte-recesion-la-actividad-economica-cayo-32-en-febrero\/#breadcrumb\"},\"inLanguage\":\"es\",\"potentialAction\":[{\"@type\":\"ReadAction\",\"target\":[\"https:\/\/www.noticiasradioreflejos.com.ar\/2021\/otro-dato-confirma-la-fuerte-recesion-la-actividad-economica-cayo-32-en-febrero\/\"]}]},{\"@type\":\"ImageObject\",\"inLanguage\":\"es\",\"@id\":\"https:\/\/www.noticiasradioreflejos.com.ar\/2021\/otro-dato-confirma-la-fuerte-recesion-la-actividad-economica-cayo-32-en-febrero\/#primaryimage\",\"url\":\"https:\/\/www.noticiasradioreflejos.com.ar\/2021\/wp-content\/uploads\/2024\/04\/construion.jpg\",\"contentUrl\":\"https:\/\/www.noticiasradioreflejos.com.ar\/2021\/wp-content\/uploads\/2024\/04\/construion.jpg\",\"width\":1080,\"height\":720},{\"@type\":\"BreadcrumbList\",\"@id\":\"https:\/\/www.noticiasradioreflejos.com.ar\/2021\/otro-dato-confirma-la-fuerte-recesion-la-actividad-economica-cayo-32-en-febrero\/#breadcrumb\",\"itemListElement\":[{\"@type\":\"ListItem\",\"position\":1,\"name\":\"Portada\",\"item\":\"https:\/\/www.noticiasradioreflejos.com.ar\/2021\/\"},{\"@type\":\"ListItem\",\"position\":2,\"name\":\"Otro dato confirma la fuerte recesi\u00f3n: la actividad econ\u00f3mica cay\u00f3 3,2% en febrero\"}]},{\"@type\":\"WebSite\",\"@id\":\"https:\/\/www.noticiasradioreflejos.com.ar\/2021\/#website\",\"url\":\"https:\/\/www.noticiasradioreflejos.com.ar\/2021\/\",\"name\":\"Noticias Radio Reflejos\",\"description\":\"Las noticias de mi comarca\",\"potentialAction\":[{\"@type\":\"SearchAction\",\"target\":{\"@type\":\"EntryPoint\",\"urlTemplate\":\"https:\/\/www.noticiasradioreflejos.com.ar\/2021\/?s={search_term_string}\"},\"query-input\":{\"@type\":\"PropertyValueSpecification\",\"valueRequired\":true,\"valueName\":\"search_term_string\"}}],\"inLanguage\":\"es\"},{\"@type\":\"Person\",\"@id\":\"https:\/\/www.noticiasradioreflejos.com.ar\/2021\/#\/schema\/person\/ad82545263dcc5ec0996818884fd5fb1\",\"name\":\"Arnaldo Botto\",\"image\":{\"@type\":\"ImageObject\",\"inLanguage\":\"es\",\"@id\":\"https:\/\/www.noticiasradioreflejos.com.ar\/2021\/#\/schema\/person\/image\/\",\"url\":\"https:\/\/secure.gravatar.com\/avatar\/55cb5e37c1efa326397366e6974cb338056df65cb50e7d64d1cf314e87504837?s=96&d=mm&r=g\",\"contentUrl\":\"https:\/\/secure.gravatar.com\/avatar\/55cb5e37c1efa326397366e6974cb338056df65cb50e7d64d1cf314e87504837?s=96&d=mm&r=g\",\"caption\":\"Arnaldo Botto\"},\"url\":\"https:\/\/www.noticiasradioreflejos.com.ar\/2021\/author\/arnaldo\/\"}]}<\/script>\n<!-- \/ Yoast SEO plugin. -->","yoast_head_json":{"title":"Otro dato confirma la fuerte recesi\u00f3n: la actividad econ\u00f3mica cay\u00f3 3,2% en febrero - Noticias Radio Reflejos","robots":{"index":"index","follow":"follow","max-snippet":"max-snippet:-1","max-image-preview":"max-image-preview:large","max-video-preview":"max-video-preview:-1"},"canonical":"https:\/\/www.noticiasradioreflejos.com.ar\/2021\/otro-dato-confirma-la-fuerte-recesion-la-actividad-economica-cayo-32-en-febrero\/","og_locale":"es_ES","og_type":"article","og_title":"Otro dato confirma la fuerte recesi\u00f3n: la actividad econ\u00f3mica cay\u00f3 3,2% en febrero - Noticias Radio Reflejos","og_description":"La construcci\u00f3n y la industria experimentaron fuertes bajas.","og_url":"https:\/\/www.noticiasradioreflejos.com.ar\/2021\/otro-dato-confirma-la-fuerte-recesion-la-actividad-economica-cayo-32-en-febrero\/","og_site_name":"Noticias Radio Reflejos","article_published_time":"2024-04-23T20:30:37+00:00","og_image":[{"width":1080,"height":720,"url":"https:\/\/www.noticiasradioreflejos.com.ar\/2021\/wp-content\/uploads\/2024\/04\/construion.jpg","type":"image\/jpeg"}],"author":"Arnaldo Botto","twitter_card":"summary_large_image","schema":{"@context":"https:\/\/schema.org","@graph":[{"@type":"WebPage","@id":"https:\/\/www.noticiasradioreflejos.com.ar\/2021\/otro-dato-confirma-la-fuerte-recesion-la-actividad-economica-cayo-32-en-febrero\/","url":"https:\/\/www.noticiasradioreflejos.com.ar\/2021\/otro-dato-confirma-la-fuerte-recesion-la-actividad-economica-cayo-32-en-febrero\/","name":"Otro dato confirma la fuerte recesi\u00f3n: la actividad econ\u00f3mica cay\u00f3 3,2% en febrero - Noticias Radio Reflejos","isPartOf":{"@id":"https:\/\/www.noticiasradioreflejos.com.ar\/2021\/#website"},"primaryImageOfPage":{"@id":"https:\/\/www.noticiasradioreflejos.com.ar\/2021\/otro-dato-confirma-la-fuerte-recesion-la-actividad-economica-cayo-32-en-febrero\/#primaryimage"},"image":{"@id":"https:\/\/www.noticiasradioreflejos.com.ar\/2021\/otro-dato-confirma-la-fuerte-recesion-la-actividad-economica-cayo-32-en-febrero\/#primaryimage"},"thumbnailUrl":"https:\/\/www.noticiasradioreflejos.com.ar\/2021\/wp-content\/uploads\/2024\/04\/construion.jpg","datePublished":"2024-04-23T20:30:37+00:00","author":{"@id":"https:\/\/www.noticiasradioreflejos.com.ar\/2021\/#\/schema\/person\/ad82545263dcc5ec0996818884fd5fb1"},"breadcrumb":{"@id":"https:\/\/www.noticiasradioreflejos.com.ar\/2021\/otro-dato-confirma-la-fuerte-recesion-la-actividad-economica-cayo-32-en-febrero\/#breadcrumb"},"inLanguage":"es","potentialAction":[{"@type":"ReadAction","target":["https:\/\/www.noticiasradioreflejos.com.ar\/2021\/otro-dato-confirma-la-fuerte-recesion-la-actividad-economica-cayo-32-en-febrero\/"]}]},{"@type":"ImageObject","inLanguage":"es","@id":"https:\/\/www.noticiasradioreflejos.com.ar\/2021\/otro-dato-confirma-la-fuerte-recesion-la-actividad-economica-cayo-32-en-febrero\/#primaryimage","url":"https:\/\/www.noticiasradioreflejos.com.ar\/2021\/wp-content\/uploads\/2024\/04\/construion.jpg","contentUrl":"https:\/\/www.noticiasradioreflejos.com.ar\/2021\/wp-content\/uploads\/2024\/04\/construion.jpg","width":1080,"height":720},{"@type":"BreadcrumbList","@id":"https:\/\/www.noticiasradioreflejos.com.ar\/2021\/otro-dato-confirma-la-fuerte-recesion-la-actividad-economica-cayo-32-en-febrero\/#breadcrumb","itemListElement":[{"@type":"ListItem","position":1,"name":"Portada","item":"https:\/\/www.noticiasradioreflejos.com.ar\/2021\/"},{"@type":"ListItem","position":2,"name":"Otro dato confirma la fuerte recesi\u00f3n: la actividad econ\u00f3mica cay\u00f3 3,2% en febrero"}]},{"@type":"WebSite","@id":"https:\/\/www.noticiasradioreflejos.com.ar\/2021\/#website","url":"https:\/\/www.noticiasradioreflejos.com.ar\/2021\/","name":"Noticias Radio Reflejos","description":"Las noticias de mi comarca","potentialAction":[{"@type":"SearchAction","target":{"@type":"EntryPoint","urlTemplate":"https:\/\/www.noticiasradioreflejos.com.ar\/2021\/?s={search_term_string}"},"query-input":{"@type":"PropertyValueSpecification","valueRequired":true,"valueName":"search_term_string"}}],"inLanguage":"es"},{"@type":"Person","@id":"https:\/\/www.noticiasradioreflejos.com.ar\/2021\/#\/schema\/person\/ad82545263dcc5ec0996818884fd5fb1","name":"Arnaldo Botto","image":{"@type":"ImageObject","inLanguage":"es","@id":"https:\/\/www.noticiasradioreflejos.com.ar\/2021\/#\/schema\/person\/image\/","url":"https:\/\/secure.gravatar.com\/avatar\/55cb5e37c1efa326397366e6974cb338056df65cb50e7d64d1cf314e87504837?s=96&d=mm&r=g","contentUrl":"https:\/\/secure.gravatar.com\/avatar\/55cb5e37c1efa326397366e6974cb338056df65cb50e7d64d1cf314e87504837?s=96&d=mm&r=g","caption":"Arnaldo Botto"},"url":"https:\/\/www.noticiasradioreflejos.com.ar\/2021\/author\/arnaldo\/"}]}},"_links":{"self":[{"href":"https:\/\/www.noticiasradioreflejos.com.ar\/2021\/wp-json\/wp\/v2\/posts\/101647","targetHints":{"allow":["GET"]}}],"collection":[{"href":"https:\/\/www.noticiasradioreflejos.com.ar\/2021\/wp-json\/wp\/v2\/posts"}],"about":[{"href":"https:\/\/www.noticiasradioreflejos.com.ar\/2021\/wp-json\/wp\/v2\/types\/post"}],"author":[{"embeddable":true,"href":"https:\/\/www.noticiasradioreflejos.com.ar\/2021\/wp-json\/wp\/v2\/users\/3"}],"replies":[{"embeddable":true,"href":"https:\/\/www.noticiasradioreflejos.com.ar\/2021\/wp-json\/wp\/v2\/comments?post=101647"}],"version-history":[{"count":1,"href":"https:\/\/www.noticiasradioreflejos.com.ar\/2021\/wp-json\/wp\/v2\/posts\/101647\/revisions"}],"predecessor-version":[{"id":101649,"href":"https:\/\/www.noticiasradioreflejos.com.ar\/2021\/wp-json\/wp\/v2\/posts\/101647\/revisions\/101649"}],"wp:featuredmedia":[{"embeddable":true,"href":"https:\/\/www.noticiasradioreflejos.com.ar\/2021\/wp-json\/wp\/v2\/media\/101648"}],"wp:attachment":[{"href":"https:\/\/www.noticiasradioreflejos.com.ar\/2021\/wp-json\/wp\/v2\/media?parent=101647"}],"wp:term":[{"taxonomy":"category","embeddable":true,"href":"https:\/\/www.noticiasradioreflejos.com.ar\/2021\/wp-json\/wp\/v2\/categories?post=101647"},{"taxonomy":"post_tag","embeddable":true,"href":"https:\/\/www.noticiasradioreflejos.com.ar\/2021\/wp-json\/wp\/v2\/tags?post=101647"}],"curies":[{"name":"wp","href":"https:\/\/api.w.org\/{rel}","templated":true}]}}