{"id":101573,"date":"2024-04-22T17:19:59","date_gmt":"2024-04-22T20:19:59","guid":{"rendered":"https:\/\/www.noticiasradioreflejos.com.ar\/2021\/?p=101573"},"modified":"2024-04-22T17:19:59","modified_gmt":"2024-04-22T20:19:59","slug":"daniel-perez-entre-vecinos-y-policia-nos-debemos-cuidar-entre-todos","status":"publish","type":"post","link":"https:\/\/www.noticiasradioreflejos.com.ar\/2021\/daniel-perez-entre-vecinos-y-policia-nos-debemos-cuidar-entre-todos\/","title":{"rendered":"Daniel P\u00e9rez: \u201cEntre vecinos y polic\u00eda nos debemos cuidar entre todos\u201d"},"content":{"rendered":"<p>El Secretario de Seguridad se refiri\u00f3 a los \u00faltimos hechos ocurridos en la comarca. \u201cA veces uno quiere que todo sea r\u00e1pido, pero hay que hacer las cosas bien para no tener dolores de cabeza\u201d afirm\u00f3.<!--more--><\/p>\n<p><strong>El Secretario de Seguridad comunal, Daniel P\u00e9rez<\/strong>, se refiri\u00f3 esta ma\u00f1ana a algunos hechos delictivos ocurridos en los \u00faltimos d\u00edas dentro de la comarca.<\/p>\n<p><a title=\"Seguridad Saldunga sierra (2)\" href=\"https:\/\/www.flickr.com\/photos\/182279889@N02\/53672000241\/in\/dateposted-public\/\" data-flickr-embed=\"true\"><img loading=\"lazy\" decoding=\"async\" src=\"https:\/\/live.staticflickr.com\/65535\/53672000241_4718106bf4_c.jpg\" alt=\"Seguridad Saldunga sierra (2)\" width=\"800\" height=\"450\" \/><\/a><br \/>\nAl respecto sostuvo que \u201cvivimos en una zona privilegiada en cuanto a seguridad, pero eso no quita que cada tanto aparezcan estos hechos. En Saldungaray se dieron algunos, y por eso se han intensificado los controles. Todo lo que genere mayor seguridad, se har\u00e1 porque los amigos de lo ajeno a veces nos visitas\u201d.<\/p>\n<p>En esa l\u00ednea mencion\u00f3 que \u201clo m\u00e1s reciente ah\u00ed fue un caso de una vecina que dej\u00f3 el auto estacionado frente a su domicilio, sin seguridad y con la llave puesta. Exceso de confianza o esto que nunca pasa nada. No digo que est\u00e9 mal, sino que hay que tomar recaudos\u201d.<\/p>\n<p>\u201cUna persona con antecedentes policiales le sustrajo el auto y lo dej\u00f3 a unas cuadras. Por las c\u00e1maras se determin\u00f3 qui\u00e9n era y con un allanamiento pudimos recuperar las cosas que hab\u00eda sacado del auto\u201d complet\u00f3.<\/p>\n<p>Siguiendo con las novedades refiri\u00f3 que \u201ctambi\u00e9n sucedieron un par de escruches, lo que es que ingresan cuando no hay personas en la casa. En algunas de las denuncias est\u00e1n identificados los autores y en otras se est\u00e1 trabajando. Somos cautos para no interferir, y as\u00ed lograr allanamientos y recuperar los elementos. A veces no se da la informaci\u00f3n para poder trabajar mejor\u201d.<\/p>\n<p>Al tiempo que admiti\u00f3 que \u201ca veces uno quiere que sea m\u00e1s r\u00e1pido, que sea ya, pero hay que reunir las pruebas, hay que documentarlo y probarlo, para despu\u00e9s no tener dolores de cabeza despu\u00e9s\u201d.<\/p>\n<p><a title=\"Seguridad Saldunga sierra (3)\" href=\"https:\/\/www.flickr.com\/photos\/182279889@N02\/53672000246\/in\/dateposted-public\/\" data-flickr-embed=\"true\"><img loading=\"lazy\" decoding=\"async\" class=\"alignleft\" src=\"https:\/\/live.staticflickr.com\/65535\/53672000246_53c61038ef_c.jpg\" alt=\"Seguridad Saldunga sierra (3)\" width=\"432\" height=\"518\" \/><\/a>Sobre una persona con pedido de captura, el funcionario explic\u00f3 que \u201chabitualmente se llevan diferentes operativos. En uno de esos se identific\u00f3 una persona con pedido de captura. A esa persona se la demor\u00f3 y qued\u00f3 a disposici\u00f3n de la justicia. Se la encontr\u00f3 en una obra en construcci\u00f3n\u201d.<\/p>\n<p>Aunque busc\u00f3 dejar bien en claro que \u201cno quiero estigmatizar. Mi padre es constructor. Es una salida laboral que se accede f\u00e1cil. No es que uno anda revisando porque s\u00ed, sino que hay \u00f3rdenes de la superioridad. Quiz\u00e1s haya gente que tenga antecedentes y quiere reivindicarse y hacer las cosas bien. Que tenga antecedentes no quiere decir que sea mala persona. Se merecen una segunda oportunidad\u201d.<\/p>\n<p>\u201cSon todas acciones que buscan prevenir delitos. Uno a veces se encuentra tambi\u00e9n autos con pedidos de captura o con prohibici\u00f3n de circular\u201d concluy\u00f3.<\/p>\n<p><iframe loading=\"lazy\" src=\"https:\/\/w.soundcloud.com\/player\/?url=https%3A\/\/api.soundcloud.com\/tracks\/1805385042&amp;color=%23ff5500&amp;auto_play=false&amp;hide_related=false&amp;show_comments=true&amp;show_user=true&amp;show_reposts=false&amp;show_teaser=true\" width=\"100%\" height=\"166\" frameborder=\"no\" scrolling=\"no\"><\/iframe><\/p>\n<div style=\"font-size: 10px; color: #cccccc; line-break: anywhere; word-break: normal; overflow: hidden; white-space: nowrap; text-overflow: ellipsis; font-family: Interstate,Lucida Grande,Lucida Sans Unicode,Lucida Sans,Garuda,Verdana,Tahoma,sans-serif; font-weight: 100;\"><a style=\"color: #cccccc; text-decoration: none;\" title=\"fmreflejos 103.7\" href=\"https:\/\/soundcloud.com\/fmreflejos-103-7\" target=\"_blank\" rel=\"noopener\">fmreflejos 103.7<\/a> \u00b7 <a style=\"color: #cccccc; text-decoration: none;\" title=\"Daniel Perez 22 - 04\" href=\"https:\/\/soundcloud.com\/fmreflejos-103-7\/daniel-perez-22-04\" target=\"_blank\" rel=\"noopener\">Daniel Perez 22 &#8211; 04<\/a><\/div>\n","protected":false},"excerpt":{"rendered":"<p>El Secretario de Seguridad se refiri\u00f3 a los \u00faltimos hechos ocurridos en la comarca. \u201cA veces uno quiere que todo sea r\u00e1pido, pero hay que hacer las cosas bien para no tener dolores de cabeza\u201d afirm\u00f3.<\/p>\n","protected":false},"author":3,"featured_media":101593,"comment_status":"closed","ping_status":"closed","sticky":false,"template":"","format":"standard","meta":{"footnotes":""},"categories":[28,29],"tags":[48],"class_list":["post-101573","post","type-post","status-publish","format-standard","has-post-thumbnail","hentry","category-municipales","category-policiales","tag-destacada"],"yoast_head":"<!-- This site is optimized with the Yoast SEO plugin v25.9 - https:\/\/yoast.com\/wordpress\/plugins\/seo\/ -->\n<title>Daniel P\u00e9rez: \u201cEntre vecinos y polic\u00eda nos debemos cuidar entre todos\u201d - Noticias Radio Reflejos<\/title>\n<meta name=\"robots\" content=\"index, follow, max-snippet:-1, max-image-preview:large, max-video-preview:-1\" \/>\n<link rel=\"canonical\" href=\"https:\/\/www.noticiasradioreflejos.com.ar\/2021\/daniel-perez-entre-vecinos-y-policia-nos-debemos-cuidar-entre-todos\/\" \/>\n<meta property=\"og:locale\" content=\"es_ES\" \/>\n<meta property=\"og:type\" content=\"article\" \/>\n<meta property=\"og:title\" content=\"Daniel P\u00e9rez: \u201cEntre vecinos y polic\u00eda nos debemos cuidar entre todos\u201d - Noticias Radio Reflejos\" \/>\n<meta property=\"og:description\" content=\"El Secretario de Seguridad se refiri\u00f3 a los \u00faltimos hechos ocurridos en la comarca. \u201cA veces uno quiere que todo sea r\u00e1pido, pero hay que hacer las cosas bien para no tener dolores de cabeza\u201d afirm\u00f3.\" \/>\n<meta property=\"og:url\" content=\"https:\/\/www.noticiasradioreflejos.com.ar\/2021\/daniel-perez-entre-vecinos-y-policia-nos-debemos-cuidar-entre-todos\/\" \/>\n<meta property=\"og:site_name\" content=\"Noticias Radio Reflejos\" \/>\n<meta property=\"article:published_time\" content=\"2024-04-22T20:19:59+00:00\" \/>\n<meta property=\"og:image\" content=\"https:\/\/www.noticiasradioreflejos.com.ar\/2021\/wp-content\/uploads\/2024\/04\/Seguridad-Saldunga-sierra-1.jpeg\" \/>\n\t<meta property=\"og:image:width\" content=\"1280\" \/>\n\t<meta property=\"og:image:height\" content=\"960\" \/>\n\t<meta property=\"og:image:type\" content=\"image\/jpeg\" \/>\n<meta name=\"author\" content=\"Arnaldo Botto\" \/>\n<meta name=\"twitter:card\" content=\"summary_large_image\" \/>\n<script type=\"application\/ld+json\" class=\"yoast-schema-graph\">{\"@context\":\"https:\/\/schema.org\",\"@graph\":[{\"@type\":\"WebPage\",\"@id\":\"https:\/\/www.noticiasradioreflejos.com.ar\/2021\/daniel-perez-entre-vecinos-y-policia-nos-debemos-cuidar-entre-todos\/\",\"url\":\"https:\/\/www.noticiasradioreflejos.com.ar\/2021\/daniel-perez-entre-vecinos-y-policia-nos-debemos-cuidar-entre-todos\/\",\"name\":\"Daniel P\u00e9rez: \u201cEntre vecinos y polic\u00eda nos debemos cuidar entre todos\u201d - Noticias Radio Reflejos\",\"isPartOf\":{\"@id\":\"https:\/\/www.noticiasradioreflejos.com.ar\/2021\/#website\"},\"primaryImageOfPage\":{\"@id\":\"https:\/\/www.noticiasradioreflejos.com.ar\/2021\/daniel-perez-entre-vecinos-y-policia-nos-debemos-cuidar-entre-todos\/#primaryimage\"},\"image\":{\"@id\":\"https:\/\/www.noticiasradioreflejos.com.ar\/2021\/daniel-perez-entre-vecinos-y-policia-nos-debemos-cuidar-entre-todos\/#primaryimage\"},\"thumbnailUrl\":\"https:\/\/www.noticiasradioreflejos.com.ar\/2021\/wp-content\/uploads\/2024\/04\/Seguridad-Saldunga-sierra-1.jpeg\",\"datePublished\":\"2024-04-22T20:19:59+00:00\",\"author\":{\"@id\":\"https:\/\/www.noticiasradioreflejos.com.ar\/2021\/#\/schema\/person\/ad82545263dcc5ec0996818884fd5fb1\"},\"breadcrumb\":{\"@id\":\"https:\/\/www.noticiasradioreflejos.com.ar\/2021\/daniel-perez-entre-vecinos-y-policia-nos-debemos-cuidar-entre-todos\/#breadcrumb\"},\"inLanguage\":\"es\",\"potentialAction\":[{\"@type\":\"ReadAction\",\"target\":[\"https:\/\/www.noticiasradioreflejos.com.ar\/2021\/daniel-perez-entre-vecinos-y-policia-nos-debemos-cuidar-entre-todos\/\"]}]},{\"@type\":\"ImageObject\",\"inLanguage\":\"es\",\"@id\":\"https:\/\/www.noticiasradioreflejos.com.ar\/2021\/daniel-perez-entre-vecinos-y-policia-nos-debemos-cuidar-entre-todos\/#primaryimage\",\"url\":\"https:\/\/www.noticiasradioreflejos.com.ar\/2021\/wp-content\/uploads\/2024\/04\/Seguridad-Saldunga-sierra-1.jpeg\",\"contentUrl\":\"https:\/\/www.noticiasradioreflejos.com.ar\/2021\/wp-content\/uploads\/2024\/04\/Seguridad-Saldunga-sierra-1.jpeg\",\"width\":1280,\"height\":960},{\"@type\":\"BreadcrumbList\",\"@id\":\"https:\/\/www.noticiasradioreflejos.com.ar\/2021\/daniel-perez-entre-vecinos-y-policia-nos-debemos-cuidar-entre-todos\/#breadcrumb\",\"itemListElement\":[{\"@type\":\"ListItem\",\"position\":1,\"name\":\"Portada\",\"item\":\"https:\/\/www.noticiasradioreflejos.com.ar\/2021\/\"},{\"@type\":\"ListItem\",\"position\":2,\"name\":\"Daniel P\u00e9rez: \u201cEntre vecinos y polic\u00eda nos debemos cuidar entre todos\u201d\"}]},{\"@type\":\"WebSite\",\"@id\":\"https:\/\/www.noticiasradioreflejos.com.ar\/2021\/#website\",\"url\":\"https:\/\/www.noticiasradioreflejos.com.ar\/2021\/\",\"name\":\"Noticias Radio Reflejos\",\"description\":\"Las noticias de mi comarca\",\"potentialAction\":[{\"@type\":\"SearchAction\",\"target\":{\"@type\":\"EntryPoint\",\"urlTemplate\":\"https:\/\/www.noticiasradioreflejos.com.ar\/2021\/?s={search_term_string}\"},\"query-input\":{\"@type\":\"PropertyValueSpecification\",\"valueRequired\":true,\"valueName\":\"search_term_string\"}}],\"inLanguage\":\"es\"},{\"@type\":\"Person\",\"@id\":\"https:\/\/www.noticiasradioreflejos.com.ar\/2021\/#\/schema\/person\/ad82545263dcc5ec0996818884fd5fb1\",\"name\":\"Arnaldo Botto\",\"image\":{\"@type\":\"ImageObject\",\"inLanguage\":\"es\",\"@id\":\"https:\/\/www.noticiasradioreflejos.com.ar\/2021\/#\/schema\/person\/image\/\",\"url\":\"https:\/\/secure.gravatar.com\/avatar\/55cb5e37c1efa326397366e6974cb338056df65cb50e7d64d1cf314e87504837?s=96&d=mm&r=g\",\"contentUrl\":\"https:\/\/secure.gravatar.com\/avatar\/55cb5e37c1efa326397366e6974cb338056df65cb50e7d64d1cf314e87504837?s=96&d=mm&r=g\",\"caption\":\"Arnaldo Botto\"},\"url\":\"https:\/\/www.noticiasradioreflejos.com.ar\/2021\/author\/arnaldo\/\"}]}<\/script>\n<!-- \/ Yoast SEO plugin. -->","yoast_head_json":{"title":"Daniel P\u00e9rez: \u201cEntre vecinos y polic\u00eda nos debemos cuidar entre todos\u201d - Noticias Radio Reflejos","robots":{"index":"index","follow":"follow","max-snippet":"max-snippet:-1","max-image-preview":"max-image-preview:large","max-video-preview":"max-video-preview:-1"},"canonical":"https:\/\/www.noticiasradioreflejos.com.ar\/2021\/daniel-perez-entre-vecinos-y-policia-nos-debemos-cuidar-entre-todos\/","og_locale":"es_ES","og_type":"article","og_title":"Daniel P\u00e9rez: \u201cEntre vecinos y polic\u00eda nos debemos cuidar entre todos\u201d - Noticias Radio Reflejos","og_description":"El Secretario de Seguridad se refiri\u00f3 a los \u00faltimos hechos ocurridos en la comarca. \u201cA veces uno quiere que todo sea r\u00e1pido, pero hay que hacer las cosas bien para no tener dolores de cabeza\u201d afirm\u00f3.","og_url":"https:\/\/www.noticiasradioreflejos.com.ar\/2021\/daniel-perez-entre-vecinos-y-policia-nos-debemos-cuidar-entre-todos\/","og_site_name":"Noticias Radio Reflejos","article_published_time":"2024-04-22T20:19:59+00:00","og_image":[{"width":1280,"height":960,"url":"https:\/\/www.noticiasradioreflejos.com.ar\/2021\/wp-content\/uploads\/2024\/04\/Seguridad-Saldunga-sierra-1.jpeg","type":"image\/jpeg"}],"author":"Arnaldo Botto","twitter_card":"summary_large_image","schema":{"@context":"https:\/\/schema.org","@graph":[{"@type":"WebPage","@id":"https:\/\/www.noticiasradioreflejos.com.ar\/2021\/daniel-perez-entre-vecinos-y-policia-nos-debemos-cuidar-entre-todos\/","url":"https:\/\/www.noticiasradioreflejos.com.ar\/2021\/daniel-perez-entre-vecinos-y-policia-nos-debemos-cuidar-entre-todos\/","name":"Daniel P\u00e9rez: \u201cEntre vecinos y polic\u00eda nos debemos cuidar entre todos\u201d - Noticias Radio Reflejos","isPartOf":{"@id":"https:\/\/www.noticiasradioreflejos.com.ar\/2021\/#website"},"primaryImageOfPage":{"@id":"https:\/\/www.noticiasradioreflejos.com.ar\/2021\/daniel-perez-entre-vecinos-y-policia-nos-debemos-cuidar-entre-todos\/#primaryimage"},"image":{"@id":"https:\/\/www.noticiasradioreflejos.com.ar\/2021\/daniel-perez-entre-vecinos-y-policia-nos-debemos-cuidar-entre-todos\/#primaryimage"},"thumbnailUrl":"https:\/\/www.noticiasradioreflejos.com.ar\/2021\/wp-content\/uploads\/2024\/04\/Seguridad-Saldunga-sierra-1.jpeg","datePublished":"2024-04-22T20:19:59+00:00","author":{"@id":"https:\/\/www.noticiasradioreflejos.com.ar\/2021\/#\/schema\/person\/ad82545263dcc5ec0996818884fd5fb1"},"breadcrumb":{"@id":"https:\/\/www.noticiasradioreflejos.com.ar\/2021\/daniel-perez-entre-vecinos-y-policia-nos-debemos-cuidar-entre-todos\/#breadcrumb"},"inLanguage":"es","potentialAction":[{"@type":"ReadAction","target":["https:\/\/www.noticiasradioreflejos.com.ar\/2021\/daniel-perez-entre-vecinos-y-policia-nos-debemos-cuidar-entre-todos\/"]}]},{"@type":"ImageObject","inLanguage":"es","@id":"https:\/\/www.noticiasradioreflejos.com.ar\/2021\/daniel-perez-entre-vecinos-y-policia-nos-debemos-cuidar-entre-todos\/#primaryimage","url":"https:\/\/www.noticiasradioreflejos.com.ar\/2021\/wp-content\/uploads\/2024\/04\/Seguridad-Saldunga-sierra-1.jpeg","contentUrl":"https:\/\/www.noticiasradioreflejos.com.ar\/2021\/wp-content\/uploads\/2024\/04\/Seguridad-Saldunga-sierra-1.jpeg","width":1280,"height":960},{"@type":"BreadcrumbList","@id":"https:\/\/www.noticiasradioreflejos.com.ar\/2021\/daniel-perez-entre-vecinos-y-policia-nos-debemos-cuidar-entre-todos\/#breadcrumb","itemListElement":[{"@type":"ListItem","position":1,"name":"Portada","item":"https:\/\/www.noticiasradioreflejos.com.ar\/2021\/"},{"@type":"ListItem","position":2,"name":"Daniel P\u00e9rez: \u201cEntre vecinos y polic\u00eda nos debemos cuidar entre todos\u201d"}]},{"@type":"WebSite","@id":"https:\/\/www.noticiasradioreflejos.com.ar\/2021\/#website","url":"https:\/\/www.noticiasradioreflejos.com.ar\/2021\/","name":"Noticias Radio Reflejos","description":"Las noticias de mi comarca","potentialAction":[{"@type":"SearchAction","target":{"@type":"EntryPoint","urlTemplate":"https:\/\/www.noticiasradioreflejos.com.ar\/2021\/?s={search_term_string}"},"query-input":{"@type":"PropertyValueSpecification","valueRequired":true,"valueName":"search_term_string"}}],"inLanguage":"es"},{"@type":"Person","@id":"https:\/\/www.noticiasradioreflejos.com.ar\/2021\/#\/schema\/person\/ad82545263dcc5ec0996818884fd5fb1","name":"Arnaldo Botto","image":{"@type":"ImageObject","inLanguage":"es","@id":"https:\/\/www.noticiasradioreflejos.com.ar\/2021\/#\/schema\/person\/image\/","url":"https:\/\/secure.gravatar.com\/avatar\/55cb5e37c1efa326397366e6974cb338056df65cb50e7d64d1cf314e87504837?s=96&d=mm&r=g","contentUrl":"https:\/\/secure.gravatar.com\/avatar\/55cb5e37c1efa326397366e6974cb338056df65cb50e7d64d1cf314e87504837?s=96&d=mm&r=g","caption":"Arnaldo Botto"},"url":"https:\/\/www.noticiasradioreflejos.com.ar\/2021\/author\/arnaldo\/"}]}},"_links":{"self":[{"href":"https:\/\/www.noticiasradioreflejos.com.ar\/2021\/wp-json\/wp\/v2\/posts\/101573","targetHints":{"allow":["GET"]}}],"collection":[{"href":"https:\/\/www.noticiasradioreflejos.com.ar\/2021\/wp-json\/wp\/v2\/posts"}],"about":[{"href":"https:\/\/www.noticiasradioreflejos.com.ar\/2021\/wp-json\/wp\/v2\/types\/post"}],"author":[{"embeddable":true,"href":"https:\/\/www.noticiasradioreflejos.com.ar\/2021\/wp-json\/wp\/v2\/users\/3"}],"replies":[{"embeddable":true,"href":"https:\/\/www.noticiasradioreflejos.com.ar\/2021\/wp-json\/wp\/v2\/comments?post=101573"}],"version-history":[{"count":2,"href":"https:\/\/www.noticiasradioreflejos.com.ar\/2021\/wp-json\/wp\/v2\/posts\/101573\/revisions"}],"predecessor-version":[{"id":101594,"href":"https:\/\/www.noticiasradioreflejos.com.ar\/2021\/wp-json\/wp\/v2\/posts\/101573\/revisions\/101594"}],"wp:featuredmedia":[{"embeddable":true,"href":"https:\/\/www.noticiasradioreflejos.com.ar\/2021\/wp-json\/wp\/v2\/media\/101593"}],"wp:attachment":[{"href":"https:\/\/www.noticiasradioreflejos.com.ar\/2021\/wp-json\/wp\/v2\/media?parent=101573"}],"wp:term":[{"taxonomy":"category","embeddable":true,"href":"https:\/\/www.noticiasradioreflejos.com.ar\/2021\/wp-json\/wp\/v2\/categories?post=101573"},{"taxonomy":"post_tag","embeddable":true,"href":"https:\/\/www.noticiasradioreflejos.com.ar\/2021\/wp-json\/wp\/v2\/tags?post=101573"}],"curies":[{"name":"wp","href":"https:\/\/api.w.org\/{rel}","templated":true}]}}