{"id":101547,"date":"2024-04-22T07:35:35","date_gmt":"2024-04-22T10:35:35","guid":{"rendered":"https:\/\/www.noticiasradioreflejos.com.ar\/2021\/?p=101547"},"modified":"2024-04-22T07:36:08","modified_gmt":"2024-04-22T10:36:08","slug":"oficializan-el-pago-del-bono-de-70-000-para-jubilados","status":"publish","type":"post","link":"https:\/\/www.noticiasradioreflejos.com.ar\/2021\/oficializan-el-pago-del-bono-de-70-000-para-jubilados\/","title":{"rendered":"Oficializan el pago del bono de $70.000 para jubilados"},"content":{"rendered":"<p>El Gobierno oficializ\u00f3 esta noche que en mayo volver\u00e1 a pagar un bono de $70.000 para jubilados que perciban un haber m\u00ednimo. A su vez, recibir\u00e1n un aumento del 11% y la m\u00ednima en abril ser\u00e1 de $190.141,6.<!--more--><\/p>\n<div class=\"post_content page_margin_top_section clearfix\">\n<div class=\"content_box\">\n<div id=\"content-box\" class=\"text\">\n<p>Este lunes se public\u00f3 el decreto en el Bolet\u00edn Oficial mediante el que la administraci\u00f3n nacional dispuso otorgar \u00abuna ayuda econ\u00f3mica previsional por un monto m\u00e1ximo de pesos setenta mil ($70.000), que se abonar\u00e1 en el mes de mayo de 2024\u00bb.<\/p>\n<p>La totalidad del bono ser\u00e1 cobrado por aquellos que perciban mensualmente el haber m\u00ednimo. Quienes est\u00e9n englobados en ese grupo (incluyendo aquellos que reciban la Pensi\u00f3n Universal para el Adulto Mayor), cobrar\u00e1n $70.000.<\/p>\n<p>En cambio quienes reciban un ingreso mayor, el Gobierno abonar\u00e1 un proporcional de los $70.00 hasta completar los $260.141,6.<\/p>\n<p>Tambi\u00e9n estar\u00e1n incluidas en este beneficio \u00ablas personas beneficiarias de pensiones no contributivas por vejez, invalidez, madres de SIETE (7) hijos o m\u00e1s y dem\u00e1s pensiones no contributivas y pensiones graciables cuyo pago se encuentra a cargo de la ANSES\u00bb.<\/p>\n<h2>De cu\u00e1nto ser\u00e1 la jubilaci\u00f3n m\u00ednima y m\u00e1xima en mayo<\/h2>\n<p>En lo que respecta a los montos precisos, durante el mes de mayo, la jubilaci\u00f3n m\u00ednima se fija en $190.141,60. Esto representa un incremento del 11% con respecto al haber m\u00ednimo anterior de $171.283,31, y se calcula en base a la inflaci\u00f3n medida en marzo.<\/p>\n<p>Por otra parte, la jubilaci\u00f3n m\u00e1xima alcanzar\u00e1 los $1.279.472,92, estableciendo el l\u00edmite superior del haber para ese per\u00edodo.<\/p>\n<\/div>\n<\/div>\n<\/div>\n","protected":false},"excerpt":{"rendered":"<p>El Gobierno oficializ\u00f3 esta noche que en mayo volver\u00e1 a pagar un bono de $70.000 para jubilados que perciban un haber m\u00ednimo. A su vez, recibir\u00e1n un aumento del 11% y la m\u00ednima en abril ser\u00e1 de $190.141,6.<\/p>\n","protected":false},"author":3,"featured_media":101548,"comment_status":"closed","ping_status":"closed","sticky":false,"template":"","format":"standard","meta":{"footnotes":""},"categories":[36],"tags":[48],"class_list":["post-101547","post","type-post","status-publish","format-standard","has-post-thumbnail","hentry","category-economia","tag-destacada"],"yoast_head":"<!-- This site is optimized with the Yoast SEO plugin v25.9 - https:\/\/yoast.com\/wordpress\/plugins\/seo\/ -->\n<title>Oficializan el pago del bono de $70.000 para jubilados - Noticias Radio Reflejos<\/title>\n<meta name=\"robots\" content=\"index, follow, max-snippet:-1, max-image-preview:large, max-video-preview:-1\" \/>\n<link rel=\"canonical\" href=\"https:\/\/www.noticiasradioreflejos.com.ar\/2021\/oficializan-el-pago-del-bono-de-70-000-para-jubilados\/\" \/>\n<meta property=\"og:locale\" content=\"es_ES\" \/>\n<meta property=\"og:type\" content=\"article\" \/>\n<meta property=\"og:title\" content=\"Oficializan el pago del bono de $70.000 para jubilados - Noticias Radio Reflejos\" \/>\n<meta property=\"og:description\" content=\"El Gobierno oficializ\u00f3 esta noche que en mayo volver\u00e1 a pagar un bono de $70.000 para jubilados que perciban un haber m\u00ednimo. A su vez, recibir\u00e1n un aumento del 11% y la m\u00ednima en abril ser\u00e1 de $190.141,6.\" \/>\n<meta property=\"og:url\" content=\"https:\/\/www.noticiasradioreflejos.com.ar\/2021\/oficializan-el-pago-del-bono-de-70-000-para-jubilados\/\" \/>\n<meta property=\"og:site_name\" content=\"Noticias Radio Reflejos\" \/>\n<meta property=\"article:published_time\" content=\"2024-04-22T10:35:35+00:00\" \/>\n<meta property=\"article:modified_time\" content=\"2024-04-22T10:36:08+00:00\" \/>\n<meta property=\"og:image\" content=\"https:\/\/www.noticiasradioreflejos.com.ar\/2021\/wp-content\/uploads\/2024\/04\/jubilados-cajero.jpg\" \/>\n\t<meta property=\"og:image:width\" content=\"1625\" \/>\n\t<meta property=\"og:image:height\" content=\"715\" \/>\n\t<meta property=\"og:image:type\" content=\"image\/jpeg\" \/>\n<meta name=\"author\" content=\"Arnaldo Botto\" \/>\n<meta name=\"twitter:card\" content=\"summary_large_image\" \/>\n<script type=\"application\/ld+json\" class=\"yoast-schema-graph\">{\"@context\":\"https:\/\/schema.org\",\"@graph\":[{\"@type\":\"WebPage\",\"@id\":\"https:\/\/www.noticiasradioreflejos.com.ar\/2021\/oficializan-el-pago-del-bono-de-70-000-para-jubilados\/\",\"url\":\"https:\/\/www.noticiasradioreflejos.com.ar\/2021\/oficializan-el-pago-del-bono-de-70-000-para-jubilados\/\",\"name\":\"Oficializan el pago del bono de $70.000 para jubilados - Noticias Radio Reflejos\",\"isPartOf\":{\"@id\":\"https:\/\/www.noticiasradioreflejos.com.ar\/2021\/#website\"},\"primaryImageOfPage\":{\"@id\":\"https:\/\/www.noticiasradioreflejos.com.ar\/2021\/oficializan-el-pago-del-bono-de-70-000-para-jubilados\/#primaryimage\"},\"image\":{\"@id\":\"https:\/\/www.noticiasradioreflejos.com.ar\/2021\/oficializan-el-pago-del-bono-de-70-000-para-jubilados\/#primaryimage\"},\"thumbnailUrl\":\"https:\/\/www.noticiasradioreflejos.com.ar\/2021\/wp-content\/uploads\/2024\/04\/jubilados-cajero.jpg\",\"datePublished\":\"2024-04-22T10:35:35+00:00\",\"dateModified\":\"2024-04-22T10:36:08+00:00\",\"author\":{\"@id\":\"https:\/\/www.noticiasradioreflejos.com.ar\/2021\/#\/schema\/person\/ad82545263dcc5ec0996818884fd5fb1\"},\"breadcrumb\":{\"@id\":\"https:\/\/www.noticiasradioreflejos.com.ar\/2021\/oficializan-el-pago-del-bono-de-70-000-para-jubilados\/#breadcrumb\"},\"inLanguage\":\"es\",\"potentialAction\":[{\"@type\":\"ReadAction\",\"target\":[\"https:\/\/www.noticiasradioreflejos.com.ar\/2021\/oficializan-el-pago-del-bono-de-70-000-para-jubilados\/\"]}]},{\"@type\":\"ImageObject\",\"inLanguage\":\"es\",\"@id\":\"https:\/\/www.noticiasradioreflejos.com.ar\/2021\/oficializan-el-pago-del-bono-de-70-000-para-jubilados\/#primaryimage\",\"url\":\"https:\/\/www.noticiasradioreflejos.com.ar\/2021\/wp-content\/uploads\/2024\/04\/jubilados-cajero.jpg\",\"contentUrl\":\"https:\/\/www.noticiasradioreflejos.com.ar\/2021\/wp-content\/uploads\/2024\/04\/jubilados-cajero.jpg\",\"width\":1625,\"height\":715},{\"@type\":\"BreadcrumbList\",\"@id\":\"https:\/\/www.noticiasradioreflejos.com.ar\/2021\/oficializan-el-pago-del-bono-de-70-000-para-jubilados\/#breadcrumb\",\"itemListElement\":[{\"@type\":\"ListItem\",\"position\":1,\"name\":\"Portada\",\"item\":\"https:\/\/www.noticiasradioreflejos.com.ar\/2021\/\"},{\"@type\":\"ListItem\",\"position\":2,\"name\":\"Oficializan el pago del bono de $70.000 para jubilados\"}]},{\"@type\":\"WebSite\",\"@id\":\"https:\/\/www.noticiasradioreflejos.com.ar\/2021\/#website\",\"url\":\"https:\/\/www.noticiasradioreflejos.com.ar\/2021\/\",\"name\":\"Noticias Radio Reflejos\",\"description\":\"Las noticias de mi comarca\",\"potentialAction\":[{\"@type\":\"SearchAction\",\"target\":{\"@type\":\"EntryPoint\",\"urlTemplate\":\"https:\/\/www.noticiasradioreflejos.com.ar\/2021\/?s={search_term_string}\"},\"query-input\":{\"@type\":\"PropertyValueSpecification\",\"valueRequired\":true,\"valueName\":\"search_term_string\"}}],\"inLanguage\":\"es\"},{\"@type\":\"Person\",\"@id\":\"https:\/\/www.noticiasradioreflejos.com.ar\/2021\/#\/schema\/person\/ad82545263dcc5ec0996818884fd5fb1\",\"name\":\"Arnaldo Botto\",\"image\":{\"@type\":\"ImageObject\",\"inLanguage\":\"es\",\"@id\":\"https:\/\/www.noticiasradioreflejos.com.ar\/2021\/#\/schema\/person\/image\/\",\"url\":\"https:\/\/secure.gravatar.com\/avatar\/55cb5e37c1efa326397366e6974cb338056df65cb50e7d64d1cf314e87504837?s=96&d=mm&r=g\",\"contentUrl\":\"https:\/\/secure.gravatar.com\/avatar\/55cb5e37c1efa326397366e6974cb338056df65cb50e7d64d1cf314e87504837?s=96&d=mm&r=g\",\"caption\":\"Arnaldo Botto\"},\"url\":\"https:\/\/www.noticiasradioreflejos.com.ar\/2021\/author\/arnaldo\/\"}]}<\/script>\n<!-- \/ Yoast SEO plugin. -->","yoast_head_json":{"title":"Oficializan el pago del bono de $70.000 para jubilados - Noticias Radio Reflejos","robots":{"index":"index","follow":"follow","max-snippet":"max-snippet:-1","max-image-preview":"max-image-preview:large","max-video-preview":"max-video-preview:-1"},"canonical":"https:\/\/www.noticiasradioreflejos.com.ar\/2021\/oficializan-el-pago-del-bono-de-70-000-para-jubilados\/","og_locale":"es_ES","og_type":"article","og_title":"Oficializan el pago del bono de $70.000 para jubilados - Noticias Radio Reflejos","og_description":"El Gobierno oficializ\u00f3 esta noche que en mayo volver\u00e1 a pagar un bono de $70.000 para jubilados que perciban un haber m\u00ednimo. A su vez, recibir\u00e1n un aumento del 11% y la m\u00ednima en abril ser\u00e1 de $190.141,6.","og_url":"https:\/\/www.noticiasradioreflejos.com.ar\/2021\/oficializan-el-pago-del-bono-de-70-000-para-jubilados\/","og_site_name":"Noticias Radio Reflejos","article_published_time":"2024-04-22T10:35:35+00:00","article_modified_time":"2024-04-22T10:36:08+00:00","og_image":[{"width":1625,"height":715,"url":"https:\/\/www.noticiasradioreflejos.com.ar\/2021\/wp-content\/uploads\/2024\/04\/jubilados-cajero.jpg","type":"image\/jpeg"}],"author":"Arnaldo Botto","twitter_card":"summary_large_image","schema":{"@context":"https:\/\/schema.org","@graph":[{"@type":"WebPage","@id":"https:\/\/www.noticiasradioreflejos.com.ar\/2021\/oficializan-el-pago-del-bono-de-70-000-para-jubilados\/","url":"https:\/\/www.noticiasradioreflejos.com.ar\/2021\/oficializan-el-pago-del-bono-de-70-000-para-jubilados\/","name":"Oficializan el pago del bono de $70.000 para jubilados - Noticias Radio Reflejos","isPartOf":{"@id":"https:\/\/www.noticiasradioreflejos.com.ar\/2021\/#website"},"primaryImageOfPage":{"@id":"https:\/\/www.noticiasradioreflejos.com.ar\/2021\/oficializan-el-pago-del-bono-de-70-000-para-jubilados\/#primaryimage"},"image":{"@id":"https:\/\/www.noticiasradioreflejos.com.ar\/2021\/oficializan-el-pago-del-bono-de-70-000-para-jubilados\/#primaryimage"},"thumbnailUrl":"https:\/\/www.noticiasradioreflejos.com.ar\/2021\/wp-content\/uploads\/2024\/04\/jubilados-cajero.jpg","datePublished":"2024-04-22T10:35:35+00:00","dateModified":"2024-04-22T10:36:08+00:00","author":{"@id":"https:\/\/www.noticiasradioreflejos.com.ar\/2021\/#\/schema\/person\/ad82545263dcc5ec0996818884fd5fb1"},"breadcrumb":{"@id":"https:\/\/www.noticiasradioreflejos.com.ar\/2021\/oficializan-el-pago-del-bono-de-70-000-para-jubilados\/#breadcrumb"},"inLanguage":"es","potentialAction":[{"@type":"ReadAction","target":["https:\/\/www.noticiasradioreflejos.com.ar\/2021\/oficializan-el-pago-del-bono-de-70-000-para-jubilados\/"]}]},{"@type":"ImageObject","inLanguage":"es","@id":"https:\/\/www.noticiasradioreflejos.com.ar\/2021\/oficializan-el-pago-del-bono-de-70-000-para-jubilados\/#primaryimage","url":"https:\/\/www.noticiasradioreflejos.com.ar\/2021\/wp-content\/uploads\/2024\/04\/jubilados-cajero.jpg","contentUrl":"https:\/\/www.noticiasradioreflejos.com.ar\/2021\/wp-content\/uploads\/2024\/04\/jubilados-cajero.jpg","width":1625,"height":715},{"@type":"BreadcrumbList","@id":"https:\/\/www.noticiasradioreflejos.com.ar\/2021\/oficializan-el-pago-del-bono-de-70-000-para-jubilados\/#breadcrumb","itemListElement":[{"@type":"ListItem","position":1,"name":"Portada","item":"https:\/\/www.noticiasradioreflejos.com.ar\/2021\/"},{"@type":"ListItem","position":2,"name":"Oficializan el pago del bono de $70.000 para jubilados"}]},{"@type":"WebSite","@id":"https:\/\/www.noticiasradioreflejos.com.ar\/2021\/#website","url":"https:\/\/www.noticiasradioreflejos.com.ar\/2021\/","name":"Noticias Radio Reflejos","description":"Las noticias de mi comarca","potentialAction":[{"@type":"SearchAction","target":{"@type":"EntryPoint","urlTemplate":"https:\/\/www.noticiasradioreflejos.com.ar\/2021\/?s={search_term_string}"},"query-input":{"@type":"PropertyValueSpecification","valueRequired":true,"valueName":"search_term_string"}}],"inLanguage":"es"},{"@type":"Person","@id":"https:\/\/www.noticiasradioreflejos.com.ar\/2021\/#\/schema\/person\/ad82545263dcc5ec0996818884fd5fb1","name":"Arnaldo Botto","image":{"@type":"ImageObject","inLanguage":"es","@id":"https:\/\/www.noticiasradioreflejos.com.ar\/2021\/#\/schema\/person\/image\/","url":"https:\/\/secure.gravatar.com\/avatar\/55cb5e37c1efa326397366e6974cb338056df65cb50e7d64d1cf314e87504837?s=96&d=mm&r=g","contentUrl":"https:\/\/secure.gravatar.com\/avatar\/55cb5e37c1efa326397366e6974cb338056df65cb50e7d64d1cf314e87504837?s=96&d=mm&r=g","caption":"Arnaldo Botto"},"url":"https:\/\/www.noticiasradioreflejos.com.ar\/2021\/author\/arnaldo\/"}]}},"_links":{"self":[{"href":"https:\/\/www.noticiasradioreflejos.com.ar\/2021\/wp-json\/wp\/v2\/posts\/101547","targetHints":{"allow":["GET"]}}],"collection":[{"href":"https:\/\/www.noticiasradioreflejos.com.ar\/2021\/wp-json\/wp\/v2\/posts"}],"about":[{"href":"https:\/\/www.noticiasradioreflejos.com.ar\/2021\/wp-json\/wp\/v2\/types\/post"}],"author":[{"embeddable":true,"href":"https:\/\/www.noticiasradioreflejos.com.ar\/2021\/wp-json\/wp\/v2\/users\/3"}],"replies":[{"embeddable":true,"href":"https:\/\/www.noticiasradioreflejos.com.ar\/2021\/wp-json\/wp\/v2\/comments?post=101547"}],"version-history":[{"count":1,"href":"https:\/\/www.noticiasradioreflejos.com.ar\/2021\/wp-json\/wp\/v2\/posts\/101547\/revisions"}],"predecessor-version":[{"id":101549,"href":"https:\/\/www.noticiasradioreflejos.com.ar\/2021\/wp-json\/wp\/v2\/posts\/101547\/revisions\/101549"}],"wp:featuredmedia":[{"embeddable":true,"href":"https:\/\/www.noticiasradioreflejos.com.ar\/2021\/wp-json\/wp\/v2\/media\/101548"}],"wp:attachment":[{"href":"https:\/\/www.noticiasradioreflejos.com.ar\/2021\/wp-json\/wp\/v2\/media?parent=101547"}],"wp:term":[{"taxonomy":"category","embeddable":true,"href":"https:\/\/www.noticiasradioreflejos.com.ar\/2021\/wp-json\/wp\/v2\/categories?post=101547"},{"taxonomy":"post_tag","embeddable":true,"href":"https:\/\/www.noticiasradioreflejos.com.ar\/2021\/wp-json\/wp\/v2\/tags?post=101547"}],"curies":[{"name":"wp","href":"https:\/\/api.w.org\/{rel}","templated":true}]}}