{"id":101534,"date":"2024-04-21T08:15:20","date_gmt":"2024-04-21T11:15:20","guid":{"rendered":"https:\/\/www.noticiasradioreflejos.com.ar\/2021\/?p=101534"},"modified":"2024-04-21T22:10:24","modified_gmt":"2024-04-22T01:10:24","slug":"allanamientos-y-detenciones-en-saldungaray-y-sierra-de-la-ventana","status":"publish","type":"post","link":"https:\/\/www.noticiasradioreflejos.com.ar\/2021\/allanamientos-y-detenciones-en-saldungaray-y-sierra-de-la-ventana\/","title":{"rendered":"Allanamientos y detenciones en Saldungaray y Sierra de la Ventana"},"content":{"rendered":"<p>La Polic\u00eda llega a esclarecer el robo de un veh\u00edculo en Saldungaray y aprendieron a un hombre con pedido de captura.<!--more--><\/p>\n<p><b>Parte de prensa\u00a0<\/b><\/p>\n<p><span style=\"font-weight: 400;\">La Secretar\u00eda de Seguridad pone en conocimiento a la poblaci\u00f3n, que a ra\u00edz de los hechos delictivos que se suscitaron en Saldungaray, desde la cartera se trabaj\u00f3 mancomunadamente con la Jefatura Policial de Tornquist.\u00a0<\/span><\/p>\n<p><span style=\"font-weight: 400;\">En ese sentido, se diagramaron operativos vehiculares diferentes d\u00edas y horarios, contando con personal policial y cuerpo de inspectores municipales, con el objetivo de dar un mayor ordenamiento de tr\u00e1nsito; donde se procedi\u00f3 al control de documentaci\u00f3n, labr\u00e1ndose infracciones y secuestrando motos por falta de la misma.\u00a0<\/span><\/p>\n<p><a title=\"Allanamiento Saldungaray\" href=\"https:\/\/www.flickr.com\/photos\/182279889@N02\/53667287907\/in\/dateposted-public\/\" data-flickr-embed=\"true\"><img loading=\"lazy\" decoding=\"async\" class=\"aligncenter\" src=\"https:\/\/live.staticflickr.com\/65535\/53667287907_63e2324d31_o.png\" alt=\"Allanamiento Saldungaray\" width=\"631\" height=\"350\" \/><\/a><\/p>\n<p><span style=\"font-weight: 400;\">Asimismo en relaci\u00f3n al hecho de la sustracci\u00f3n del autom\u00f3vil propiedad de la Sra. Claudia G\u00f3mez, y de los elementos que hab\u00edan en su interior, gracias a personas del medio que se involucraron en el caso y de las tareas investigativas llevadas a cabo por personal policial se logr\u00f3 dar con el autor, solicit\u00e1ndose a la Ayudant\u00eda Fiscal de Tornquist las respectivas \u00f3rdenes de allanamientos, y de manera r\u00e1pida las solicita al Juzgado de Garant\u00edas N\u00b0 3, quien orden\u00f3 las diligencias judiciales sobre el domicilio de Calle Sarmiento sin n\u00famero donde reside DIEGO MERCADO, y Calle La Plata 624, donde reside LUIS MIGUEL CUEVAS, persona que ya cuenta con antecedentes de estas caracter\u00edsticas y quien en su domicilio ten\u00eda gran parte de los elementos sustra\u00eddos a G\u00f3mez de su rodado.<\/span><\/p>\n<p><a href=\"https:\/\/flic.kr\/p\/2pLurVc\"><img loading=\"lazy\" decoding=\"async\" src=\"https:\/\/live.staticflickr.com\/65535\/53668374353_88f1f64d02_n.jpg\" alt=\"Allanamiento Saldungaray\" width=\"268\" height=\"320\" \/><\/a><\/p>\n<p><span style=\"font-weight: 400;\">Adem\u00e1s, en la localidad de Sierra de la Ventana, personal perteneciente a la Subestaci\u00f3n Polic\u00eda de Seguridad Comunal, procede a la identificaci\u00f3n del ciudadano Lopez Luciano de 28 a\u00f1os, no residente, constatando que el mismo posee un pedido de captura a solicitud del Juzgado Correccional N\u00b0 2 de Tres Arroyos, por Infracci\u00f3n a la LEY N\u00b0 8031.<\/span><\/p>\n<p><a title=\"Allanamiento Saldungaray\" href=\"https:\/\/www.flickr.com\/photos\/182279889@N02\/53668616790\/in\/dateposted-public\/\" data-flickr-embed=\"true\"><img loading=\"lazy\" decoding=\"async\" class=\"aligncenter\" src=\"https:\/\/live.staticflickr.com\/65535\/53668616790_92328bb2c8_o.png\" alt=\"Allanamiento Saldungaray\" width=\"544\" height=\"566\" \/><\/a><script async src=\"\/\/embedr.flickr.com\/assets\/client-code.js\" charset=\"utf-8\"><\/script><\/p>\n","protected":false},"excerpt":{"rendered":"<p>La Polic\u00eda llega a esclarecer el robo de un veh\u00edculo en Saldungaray y aprendieron a un hombre con pedido de captura.<\/p>\n","protected":false},"author":3,"featured_media":101535,"comment_status":"closed","ping_status":"closed","sticky":false,"template":"","format":"standard","meta":{"footnotes":""},"categories":[29],"tags":[48],"class_list":["post-101534","post","type-post","status-publish","format-standard","has-post-thumbnail","hentry","category-policiales","tag-destacada"],"yoast_head":"<!-- This site is optimized with the Yoast SEO plugin v25.9 - https:\/\/yoast.com\/wordpress\/plugins\/seo\/ -->\n<title>Allanamientos y detenciones en Saldungaray y Sierra de la Ventana - Noticias Radio Reflejos<\/title>\n<meta name=\"robots\" content=\"index, follow, max-snippet:-1, max-image-preview:large, max-video-preview:-1\" \/>\n<link rel=\"canonical\" href=\"https:\/\/www.noticiasradioreflejos.com.ar\/2021\/allanamientos-y-detenciones-en-saldungaray-y-sierra-de-la-ventana\/\" \/>\n<meta property=\"og:locale\" content=\"es_ES\" \/>\n<meta property=\"og:type\" content=\"article\" \/>\n<meta property=\"og:title\" content=\"Allanamientos y detenciones en Saldungaray y Sierra de la Ventana - Noticias Radio Reflejos\" \/>\n<meta property=\"og:description\" content=\"La Polic\u00eda llega a esclarecer el robo de un veh\u00edculo en Saldungaray y aprendieron a un hombre con pedido de captura.\" \/>\n<meta property=\"og:url\" content=\"https:\/\/www.noticiasradioreflejos.com.ar\/2021\/allanamientos-y-detenciones-en-saldungaray-y-sierra-de-la-ventana\/\" \/>\n<meta property=\"og:site_name\" content=\"Noticias Radio Reflejos\" \/>\n<meta property=\"article:published_time\" content=\"2024-04-21T11:15:20+00:00\" \/>\n<meta property=\"article:modified_time\" content=\"2024-04-22T01:10:24+00:00\" \/>\n<meta property=\"og:image\" content=\"https:\/\/www.noticiasradioreflejos.com.ar\/2021\/wp-content\/uploads\/2024\/04\/allanamiento1.png\" \/>\n\t<meta property=\"og:image:width\" content=\"338\" \/>\n\t<meta property=\"og:image:height\" content=\"217\" \/>\n\t<meta property=\"og:image:type\" content=\"image\/png\" \/>\n<meta name=\"author\" content=\"Arnaldo Botto\" \/>\n<meta name=\"twitter:card\" content=\"summary_large_image\" \/>\n<script type=\"application\/ld+json\" class=\"yoast-schema-graph\">{\"@context\":\"https:\/\/schema.org\",\"@graph\":[{\"@type\":\"WebPage\",\"@id\":\"https:\/\/www.noticiasradioreflejos.com.ar\/2021\/allanamientos-y-detenciones-en-saldungaray-y-sierra-de-la-ventana\/\",\"url\":\"https:\/\/www.noticiasradioreflejos.com.ar\/2021\/allanamientos-y-detenciones-en-saldungaray-y-sierra-de-la-ventana\/\",\"name\":\"Allanamientos y detenciones en Saldungaray y Sierra de la Ventana - Noticias Radio Reflejos\",\"isPartOf\":{\"@id\":\"https:\/\/www.noticiasradioreflejos.com.ar\/2021\/#website\"},\"primaryImageOfPage\":{\"@id\":\"https:\/\/www.noticiasradioreflejos.com.ar\/2021\/allanamientos-y-detenciones-en-saldungaray-y-sierra-de-la-ventana\/#primaryimage\"},\"image\":{\"@id\":\"https:\/\/www.noticiasradioreflejos.com.ar\/2021\/allanamientos-y-detenciones-en-saldungaray-y-sierra-de-la-ventana\/#primaryimage\"},\"thumbnailUrl\":\"https:\/\/www.noticiasradioreflejos.com.ar\/2021\/wp-content\/uploads\/2024\/04\/allanamiento1.png\",\"datePublished\":\"2024-04-21T11:15:20+00:00\",\"dateModified\":\"2024-04-22T01:10:24+00:00\",\"author\":{\"@id\":\"https:\/\/www.noticiasradioreflejos.com.ar\/2021\/#\/schema\/person\/ad82545263dcc5ec0996818884fd5fb1\"},\"breadcrumb\":{\"@id\":\"https:\/\/www.noticiasradioreflejos.com.ar\/2021\/allanamientos-y-detenciones-en-saldungaray-y-sierra-de-la-ventana\/#breadcrumb\"},\"inLanguage\":\"es\",\"potentialAction\":[{\"@type\":\"ReadAction\",\"target\":[\"https:\/\/www.noticiasradioreflejos.com.ar\/2021\/allanamientos-y-detenciones-en-saldungaray-y-sierra-de-la-ventana\/\"]}]},{\"@type\":\"ImageObject\",\"inLanguage\":\"es\",\"@id\":\"https:\/\/www.noticiasradioreflejos.com.ar\/2021\/allanamientos-y-detenciones-en-saldungaray-y-sierra-de-la-ventana\/#primaryimage\",\"url\":\"https:\/\/www.noticiasradioreflejos.com.ar\/2021\/wp-content\/uploads\/2024\/04\/allanamiento1.png\",\"contentUrl\":\"https:\/\/www.noticiasradioreflejos.com.ar\/2021\/wp-content\/uploads\/2024\/04\/allanamiento1.png\",\"width\":338,\"height\":217},{\"@type\":\"BreadcrumbList\",\"@id\":\"https:\/\/www.noticiasradioreflejos.com.ar\/2021\/allanamientos-y-detenciones-en-saldungaray-y-sierra-de-la-ventana\/#breadcrumb\",\"itemListElement\":[{\"@type\":\"ListItem\",\"position\":1,\"name\":\"Portada\",\"item\":\"https:\/\/www.noticiasradioreflejos.com.ar\/2021\/\"},{\"@type\":\"ListItem\",\"position\":2,\"name\":\"Allanamientos y detenciones en Saldungaray y Sierra de la Ventana\"}]},{\"@type\":\"WebSite\",\"@id\":\"https:\/\/www.noticiasradioreflejos.com.ar\/2021\/#website\",\"url\":\"https:\/\/www.noticiasradioreflejos.com.ar\/2021\/\",\"name\":\"Noticias Radio Reflejos\",\"description\":\"Las noticias de mi comarca\",\"potentialAction\":[{\"@type\":\"SearchAction\",\"target\":{\"@type\":\"EntryPoint\",\"urlTemplate\":\"https:\/\/www.noticiasradioreflejos.com.ar\/2021\/?s={search_term_string}\"},\"query-input\":{\"@type\":\"PropertyValueSpecification\",\"valueRequired\":true,\"valueName\":\"search_term_string\"}}],\"inLanguage\":\"es\"},{\"@type\":\"Person\",\"@id\":\"https:\/\/www.noticiasradioreflejos.com.ar\/2021\/#\/schema\/person\/ad82545263dcc5ec0996818884fd5fb1\",\"name\":\"Arnaldo Botto\",\"image\":{\"@type\":\"ImageObject\",\"inLanguage\":\"es\",\"@id\":\"https:\/\/www.noticiasradioreflejos.com.ar\/2021\/#\/schema\/person\/image\/\",\"url\":\"https:\/\/secure.gravatar.com\/avatar\/55cb5e37c1efa326397366e6974cb338056df65cb50e7d64d1cf314e87504837?s=96&d=mm&r=g\",\"contentUrl\":\"https:\/\/secure.gravatar.com\/avatar\/55cb5e37c1efa326397366e6974cb338056df65cb50e7d64d1cf314e87504837?s=96&d=mm&r=g\",\"caption\":\"Arnaldo Botto\"},\"url\":\"https:\/\/www.noticiasradioreflejos.com.ar\/2021\/author\/arnaldo\/\"}]}<\/script>\n<!-- \/ Yoast SEO plugin. -->","yoast_head_json":{"title":"Allanamientos y detenciones en Saldungaray y Sierra de la Ventana - Noticias Radio Reflejos","robots":{"index":"index","follow":"follow","max-snippet":"max-snippet:-1","max-image-preview":"max-image-preview:large","max-video-preview":"max-video-preview:-1"},"canonical":"https:\/\/www.noticiasradioreflejos.com.ar\/2021\/allanamientos-y-detenciones-en-saldungaray-y-sierra-de-la-ventana\/","og_locale":"es_ES","og_type":"article","og_title":"Allanamientos y detenciones en Saldungaray y Sierra de la Ventana - Noticias Radio Reflejos","og_description":"La Polic\u00eda llega a esclarecer el robo de un veh\u00edculo en Saldungaray y aprendieron a un hombre con pedido de captura.","og_url":"https:\/\/www.noticiasradioreflejos.com.ar\/2021\/allanamientos-y-detenciones-en-saldungaray-y-sierra-de-la-ventana\/","og_site_name":"Noticias Radio Reflejos","article_published_time":"2024-04-21T11:15:20+00:00","article_modified_time":"2024-04-22T01:10:24+00:00","og_image":[{"width":338,"height":217,"url":"https:\/\/www.noticiasradioreflejos.com.ar\/2021\/wp-content\/uploads\/2024\/04\/allanamiento1.png","type":"image\/png"}],"author":"Arnaldo Botto","twitter_card":"summary_large_image","schema":{"@context":"https:\/\/schema.org","@graph":[{"@type":"WebPage","@id":"https:\/\/www.noticiasradioreflejos.com.ar\/2021\/allanamientos-y-detenciones-en-saldungaray-y-sierra-de-la-ventana\/","url":"https:\/\/www.noticiasradioreflejos.com.ar\/2021\/allanamientos-y-detenciones-en-saldungaray-y-sierra-de-la-ventana\/","name":"Allanamientos y detenciones en Saldungaray y Sierra de la Ventana - Noticias Radio Reflejos","isPartOf":{"@id":"https:\/\/www.noticiasradioreflejos.com.ar\/2021\/#website"},"primaryImageOfPage":{"@id":"https:\/\/www.noticiasradioreflejos.com.ar\/2021\/allanamientos-y-detenciones-en-saldungaray-y-sierra-de-la-ventana\/#primaryimage"},"image":{"@id":"https:\/\/www.noticiasradioreflejos.com.ar\/2021\/allanamientos-y-detenciones-en-saldungaray-y-sierra-de-la-ventana\/#primaryimage"},"thumbnailUrl":"https:\/\/www.noticiasradioreflejos.com.ar\/2021\/wp-content\/uploads\/2024\/04\/allanamiento1.png","datePublished":"2024-04-21T11:15:20+00:00","dateModified":"2024-04-22T01:10:24+00:00","author":{"@id":"https:\/\/www.noticiasradioreflejos.com.ar\/2021\/#\/schema\/person\/ad82545263dcc5ec0996818884fd5fb1"},"breadcrumb":{"@id":"https:\/\/www.noticiasradioreflejos.com.ar\/2021\/allanamientos-y-detenciones-en-saldungaray-y-sierra-de-la-ventana\/#breadcrumb"},"inLanguage":"es","potentialAction":[{"@type":"ReadAction","target":["https:\/\/www.noticiasradioreflejos.com.ar\/2021\/allanamientos-y-detenciones-en-saldungaray-y-sierra-de-la-ventana\/"]}]},{"@type":"ImageObject","inLanguage":"es","@id":"https:\/\/www.noticiasradioreflejos.com.ar\/2021\/allanamientos-y-detenciones-en-saldungaray-y-sierra-de-la-ventana\/#primaryimage","url":"https:\/\/www.noticiasradioreflejos.com.ar\/2021\/wp-content\/uploads\/2024\/04\/allanamiento1.png","contentUrl":"https:\/\/www.noticiasradioreflejos.com.ar\/2021\/wp-content\/uploads\/2024\/04\/allanamiento1.png","width":338,"height":217},{"@type":"BreadcrumbList","@id":"https:\/\/www.noticiasradioreflejos.com.ar\/2021\/allanamientos-y-detenciones-en-saldungaray-y-sierra-de-la-ventana\/#breadcrumb","itemListElement":[{"@type":"ListItem","position":1,"name":"Portada","item":"https:\/\/www.noticiasradioreflejos.com.ar\/2021\/"},{"@type":"ListItem","position":2,"name":"Allanamientos y detenciones en Saldungaray y Sierra de la Ventana"}]},{"@type":"WebSite","@id":"https:\/\/www.noticiasradioreflejos.com.ar\/2021\/#website","url":"https:\/\/www.noticiasradioreflejos.com.ar\/2021\/","name":"Noticias Radio Reflejos","description":"Las noticias de mi comarca","potentialAction":[{"@type":"SearchAction","target":{"@type":"EntryPoint","urlTemplate":"https:\/\/www.noticiasradioreflejos.com.ar\/2021\/?s={search_term_string}"},"query-input":{"@type":"PropertyValueSpecification","valueRequired":true,"valueName":"search_term_string"}}],"inLanguage":"es"},{"@type":"Person","@id":"https:\/\/www.noticiasradioreflejos.com.ar\/2021\/#\/schema\/person\/ad82545263dcc5ec0996818884fd5fb1","name":"Arnaldo Botto","image":{"@type":"ImageObject","inLanguage":"es","@id":"https:\/\/www.noticiasradioreflejos.com.ar\/2021\/#\/schema\/person\/image\/","url":"https:\/\/secure.gravatar.com\/avatar\/55cb5e37c1efa326397366e6974cb338056df65cb50e7d64d1cf314e87504837?s=96&d=mm&r=g","contentUrl":"https:\/\/secure.gravatar.com\/avatar\/55cb5e37c1efa326397366e6974cb338056df65cb50e7d64d1cf314e87504837?s=96&d=mm&r=g","caption":"Arnaldo Botto"},"url":"https:\/\/www.noticiasradioreflejos.com.ar\/2021\/author\/arnaldo\/"}]}},"_links":{"self":[{"href":"https:\/\/www.noticiasradioreflejos.com.ar\/2021\/wp-json\/wp\/v2\/posts\/101534","targetHints":{"allow":["GET"]}}],"collection":[{"href":"https:\/\/www.noticiasradioreflejos.com.ar\/2021\/wp-json\/wp\/v2\/posts"}],"about":[{"href":"https:\/\/www.noticiasradioreflejos.com.ar\/2021\/wp-json\/wp\/v2\/types\/post"}],"author":[{"embeddable":true,"href":"https:\/\/www.noticiasradioreflejos.com.ar\/2021\/wp-json\/wp\/v2\/users\/3"}],"replies":[{"embeddable":true,"href":"https:\/\/www.noticiasradioreflejos.com.ar\/2021\/wp-json\/wp\/v2\/comments?post=101534"}],"version-history":[{"count":3,"href":"https:\/\/www.noticiasradioreflejos.com.ar\/2021\/wp-json\/wp\/v2\/posts\/101534\/revisions"}],"predecessor-version":[{"id":101540,"href":"https:\/\/www.noticiasradioreflejos.com.ar\/2021\/wp-json\/wp\/v2\/posts\/101534\/revisions\/101540"}],"wp:featuredmedia":[{"embeddable":true,"href":"https:\/\/www.noticiasradioreflejos.com.ar\/2021\/wp-json\/wp\/v2\/media\/101535"}],"wp:attachment":[{"href":"https:\/\/www.noticiasradioreflejos.com.ar\/2021\/wp-json\/wp\/v2\/media?parent=101534"}],"wp:term":[{"taxonomy":"category","embeddable":true,"href":"https:\/\/www.noticiasradioreflejos.com.ar\/2021\/wp-json\/wp\/v2\/categories?post=101534"},{"taxonomy":"post_tag","embeddable":true,"href":"https:\/\/www.noticiasradioreflejos.com.ar\/2021\/wp-json\/wp\/v2\/tags?post=101534"}],"curies":[{"name":"wp","href":"https:\/\/api.w.org\/{rel}","templated":true}]}}