{"id":101531,"date":"2024-04-20T00:39:57","date_gmt":"2024-04-20T03:39:57","guid":{"rendered":"https:\/\/www.noticiasradioreflejos.com.ar\/2021\/?p=101531"},"modified":"2024-04-22T11:32:52","modified_gmt":"2024-04-22T14:32:52","slug":"sergio-bordoni-no-quiero-llegar-a-la-instancia-de-mandar-fuerzas-policiales-para-buscar-a-los-concejales","status":"publish","type":"post","link":"https:\/\/www.noticiasradioreflejos.com.ar\/2021\/sergio-bordoni-no-quiero-llegar-a-la-instancia-de-mandar-fuerzas-policiales-para-buscar-a-los-concejales\/","title":{"rendered":"Sergio Bordoni: \u201cNo quiero llegar a la instancia de mandar fuerzas policiales para buscar a los concejales\u201d"},"content":{"rendered":"<p>Palabras del intendente municipal luego de que el Bloque opositor no se presentara a sesionar.<\/p>\n<p><!--more--><\/p>\n<p>En la noche de este vienes el intendente Sergio Bordoni brind\u00f3 declaraciones luego de la nueva convocatoria a sesi\u00f3n extraordinaria del Concejo Deliberate, para tratar nuevamente el expediente que busca adquirir un cami\u00f3n compactador de basura, para Saldungaray.<\/p>\n<p>&nbsp;<\/p>\n<p><a href=\"https:\/\/flic.kr\/p\/2pLhaPk\"><img loading=\"lazy\" decoding=\"async\" src=\"https:\/\/live.staticflickr.com\/65535\/53665978845_963a00029d.jpg\" alt=\"HCD 19 04\" width=\"500\" height=\"225\" \/><\/a><\/p>\n<p>La reuni\u00f3n que estaba programada este viernes a la hora 20, tuvo una espera de 30 minutos, pero no se pudo sesionar por la ausencia que ya hab\u00eda adelantado el bloque de Juntos UCR y LLA, por lo tanto no hubo Quorum.<\/p>\n<p>Bordoni se mostr\u00f3 molesto y aclarando que no quiere llegar a hacer uso del articulo 70 que avala a buscar a los concejales a sus respectivos domicilios, con la fuerza p\u00fablica.<\/p>\n<p>&nbsp;<\/p>\n<p><strong>Sergio Bordoni<\/strong><\/p>\n<p>\u201cHab\u00edamos pedido una sesi\u00f3n extraordinaria, no hubo quorum y eso confirma una vez mas lo que dije en cuanto al tratamiento de la comisi\u00f3n vial, nosotros ped\u00edamos sesiones y no daban quorum porque se trataban en sesiones ordinarias, eso tambi\u00e9n retras\u00f3 el inicio de los trabajos de la ex comisi\u00f3n vial\u201d.<\/p>\n<p>&nbsp;<\/p>\n<p><strong>Apunt\u00f3 contra el bloque opositor diciendo<\/strong><\/p>\n<p>\u201cSe sienten agraviados y ofendidos, pero ac\u00e1 hay una sola cosa, tienen que venir a trabajar y tratar de solucionar los problemas de la gente. Ac\u00e1 hay un problema que es la erradicaci\u00f3n del basurero a cielo abierto que tenemos entre Saldungaray y Sierra, hay una forma de poder sacarlo, este pedido no fue para la erradicaci\u00f3n sino para la compra de un bien para la recolecci\u00f3n de la basura de dicho basurero\u201d.<\/p>\n<p>&nbsp;<\/p>\n<p><strong>Respuesta al repudio de la oposici\u00f3n por los dichos del intendente contra personas puntuales del bloque<\/strong><\/p>\n<p>\u201cMe tengo que bancar que me digan patr\u00f3n de estancia y mentiroso, que tambi\u00e9n son agravios, esto es la jerga pol\u00edtica, pero ellos agravian y nadie les dice nada, cuando uno les dice lo que les dije yo anoche se enojan. Esto no habla bien de la gente que trabaja, los que no asisten se les descuenta el d\u00eda y ac\u00e1 no vinieron a trabajar\u201d.<\/p>\n<p>&nbsp;<\/p>\n<p><a href=\"https:\/\/flic.kr\/p\/2pLfTPV\"><img loading=\"lazy\" decoding=\"async\" src=\"https:\/\/live.staticflickr.com\/65535\/53665729943_0eb231d557.jpg\" alt=\"HCD 19 04\" width=\"500\" height=\"225\" \/><\/a><\/p>\n<p><strong>En referencia al articulo 70<\/strong><\/p>\n<p>\u201cHay un articulo que es el n\u00famero 70 que avala que podemos ir a buscarlos con la fuerza p\u00fablica pero no quiero llegar a eso porque es algo horrendo. Cuando llamas a una reuni\u00f3n extraordinaria tienen que venir y sino hay que llamarlos con la fuerza p\u00fablica, esto ser\u00eda un corte de dialogo absoluto y no estar\u00eda bueno. Hay concejales que son muy potables y otros que no sirven para nada, anoche hable con Facundo Marzialetti, \u00e9l ten\u00eda la idea de venir y sesionar, obviamente se han reunido y decidieron no hacerlo\u201d.<\/p>\n<p>&nbsp;<\/p>\n<p><strong>Como continuar\u00e1 el tratado del expediente de ahora en mas<\/strong><\/p>\n<p>\u201cEl mi\u00e9rcoles hay reuni\u00f3n de trabajo y pediremos que sesionen, quieren cambiar unos articulados del proyecto que presentamos, les dije que no ten\u00eda problemas en cambiar lo que quieran con tal de que se pueda aprobar r\u00e1pido\u201d.<\/p>\n<p>&nbsp;<\/p>\n<p><strong>Empatiz\u00f3 con algunos concejales de la oposici\u00f3n, apuntando que est\u00e1n manejados por una persona<\/strong><\/p>\n<p>\u201cHay concejales buenos como estos chicos Marzialetti que felicitaron la gesti\u00f3n del ejecutivo para comprar el compactador de basura, no lo pudo aprobar porque hay alguien que maneja ese bloque y ese alguien es la persona que yo nombr\u00e9, pero no lo voy a nombrar porque sino se siente ofendido\u201d.<\/p>\n<p>&nbsp;<\/p>\n<p><strong>Con respecto a hacer llamado a sesi\u00f3n el d\u00eda lunes<\/strong><\/p>\n<p>\u201cLes voy a dar tiempo para que trabajen hasta el mi\u00e9rcoles, no hay mucho para mirar porque es la compra de un cami\u00f3n compactador de basura, pero que miren y analicen a ver que es lo oscuro que le pueden encontrar en algo tan b\u00e1sico como la dicha compra, en el peor de los casos esto termina en la compra de un cami\u00f3n y nada m\u00e1s, luego si no quieren aprobar la erradicaci\u00f3n del basurero ser\u00e1 otra cosa\u201d.<\/p>\n<p>&nbsp;<\/p>\n<p><strong>Respuesta sobre dichos trat\u00e1ndolo de mentiroso<\/strong><\/p>\n<p>\u201cCuando yo dije el otro d\u00eda que no nos daban quorum para tratar lo de la comisi\u00f3n vial, salieron a decirme mentiroso y hoy est\u00e1 a la vista que le dimos una sesi\u00f3n y el quorum no estuvo, otra vez pasa lo mismo, esto quiere decir que el intendente no es mentiroso, si digo algo enseguida se ofenden\u201d.<\/p>\n<p>&nbsp;<\/p>\n<p><strong>Sobre los dichos de que el ejecutivo arm\u00f3 un \u201ccirco\u201d en la sesi\u00f3n pasada y apunt\u00f3 contra el ex candidato a intendente Federico Labarthe<\/strong><\/p>\n<p>\u201cAnoche se dijo que se hab\u00eda armado un circo \u00bfQue venga gente de mi ejecutivo a una sesi\u00f3n del concejo deliberante es circo? \u00bfY cuando armaron el circo de la comisi\u00f3n vial que vinieron con carteles? Es m\u00e1s, el candidato a intendente del radicalismo o juntos, Federico Labarthe, invitaba a que se concentraran los chacareros en el concejo deliberante, tengo el mensaje guardado en mi celular. Cuando nosotros lo hacemos es circo, cuando lo hacen ellos es espont\u00e1neo, lamento que pase esto\u201d.<\/p>\n<p>Culmin\u00f3 diciendo; \u201cNo quiero llegar a la instancia de mandar fuerzas policiales a los concejales, hay gente que no se merece eso, pero est\u00e1n dentro de un bloque pol\u00edtico, hay personas sin experiencia como la concejal de Libertad Avanza que la han tomado como propias de ellos, est\u00e1 bien porque ellos son parte del gobierno de Milei, pero la chica no tiene la culpa\u201d. Finaliz\u00f3.<\/p>\n<p>&nbsp;<\/p>\n<p><em><strong>Nota Sergio Bordoni<\/strong><\/em><\/p>\n<p><iframe loading=\"lazy\" src=\"https:\/\/w.soundcloud.com\/player\/?url=https%3A\/\/api.soundcloud.com\/tracks\/1805348499&amp;color=%23ff5500&amp;auto_play=false&amp;hide_related=false&amp;show_comments=true&amp;show_user=true&amp;show_reposts=false&amp;show_teaser=true\" width=\"100%\" height=\"166\" frameborder=\"no\" scrolling=\"no\"><\/iframe><\/p>\n<div style=\"font-size: 10px; color: #cccccc; line-break: anywhere; word-break: normal; overflow: hidden; white-space: nowrap; text-overflow: ellipsis; font-family: Interstate,Lucida Grande,Lucida Sans Unicode,Lucida Sans,Garuda,Verdana,Tahoma,sans-serif; font-weight: 100;\"><a style=\"color: #cccccc; text-decoration: none;\" title=\"fmreflejos 103.7\" href=\"https:\/\/soundcloud.com\/fmreflejos-103-7\" target=\"_blank\" rel=\"noopener\">fmreflejos 103.7<\/a> \u00b7 <a style=\"color: #cccccc; text-decoration: none;\" title=\"Sergio - Bordoni - 19424\" href=\"https:\/\/soundcloud.com\/fmreflejos-103-7\/sergio-bordoni-19424\" target=\"_blank\" rel=\"noopener\">Sergio &#8211; Bordoni &#8211; 19424<\/a><\/div>\n<p>Noticias Tornquist \u00a9 2024<\/p>\n","protected":false},"excerpt":{"rendered":"<p>Palabras del intendente municipal luego de que el Bloque opositor no se presentara a sesionar.<\/p>\n","protected":false},"author":3,"featured_media":101532,"comment_status":"closed","ping_status":"closed","sticky":false,"template":"","format":"standard","meta":{"footnotes":""},"categories":[28],"tags":[48],"class_list":["post-101531","post","type-post","status-publish","format-standard","has-post-thumbnail","hentry","category-municipales","tag-destacada"],"yoast_head":"<!-- This site is optimized with the Yoast SEO plugin v25.9 - https:\/\/yoast.com\/wordpress\/plugins\/seo\/ -->\n<title>Sergio Bordoni: \u201cNo quiero llegar a la instancia de mandar fuerzas policiales para buscar a los concejales\u201d - Noticias Radio Reflejos<\/title>\n<meta name=\"robots\" content=\"index, follow, max-snippet:-1, max-image-preview:large, max-video-preview:-1\" \/>\n<link rel=\"canonical\" href=\"https:\/\/www.noticiasradioreflejos.com.ar\/2021\/sergio-bordoni-no-quiero-llegar-a-la-instancia-de-mandar-fuerzas-policiales-para-buscar-a-los-concejales\/\" \/>\n<meta property=\"og:locale\" content=\"es_ES\" \/>\n<meta property=\"og:type\" content=\"article\" \/>\n<meta property=\"og:title\" content=\"Sergio Bordoni: \u201cNo quiero llegar a la instancia de mandar fuerzas policiales para buscar a los concejales\u201d - Noticias Radio Reflejos\" \/>\n<meta property=\"og:description\" content=\"Palabras del intendente municipal luego de que el Bloque opositor no se presentara a sesionar.\" \/>\n<meta property=\"og:url\" content=\"https:\/\/www.noticiasradioreflejos.com.ar\/2021\/sergio-bordoni-no-quiero-llegar-a-la-instancia-de-mandar-fuerzas-policiales-para-buscar-a-los-concejales\/\" \/>\n<meta property=\"og:site_name\" content=\"Noticias Radio Reflejos\" \/>\n<meta property=\"article:published_time\" content=\"2024-04-20T03:39:57+00:00\" \/>\n<meta property=\"article:modified_time\" content=\"2024-04-22T14:32:52+00:00\" \/>\n<meta property=\"og:image\" content=\"https:\/\/www.noticiasradioreflejos.com.ar\/2021\/wp-content\/uploads\/2024\/04\/3ac90f03ed224f75b803f73940dca19b.jpg_1600.jpg\" \/>\n\t<meta property=\"og:image:width\" content=\"1600\" \/>\n\t<meta property=\"og:image:height\" content=\"720\" \/>\n\t<meta property=\"og:image:type\" content=\"image\/jpeg\" \/>\n<meta name=\"author\" content=\"Arnaldo Botto\" \/>\n<meta name=\"twitter:card\" content=\"summary_large_image\" \/>\n<script type=\"application\/ld+json\" class=\"yoast-schema-graph\">{\"@context\":\"https:\/\/schema.org\",\"@graph\":[{\"@type\":\"WebPage\",\"@id\":\"https:\/\/www.noticiasradioreflejos.com.ar\/2021\/sergio-bordoni-no-quiero-llegar-a-la-instancia-de-mandar-fuerzas-policiales-para-buscar-a-los-concejales\/\",\"url\":\"https:\/\/www.noticiasradioreflejos.com.ar\/2021\/sergio-bordoni-no-quiero-llegar-a-la-instancia-de-mandar-fuerzas-policiales-para-buscar-a-los-concejales\/\",\"name\":\"Sergio Bordoni: \u201cNo quiero llegar a la instancia de mandar fuerzas policiales para buscar a los concejales\u201d - Noticias Radio Reflejos\",\"isPartOf\":{\"@id\":\"https:\/\/www.noticiasradioreflejos.com.ar\/2021\/#website\"},\"primaryImageOfPage\":{\"@id\":\"https:\/\/www.noticiasradioreflejos.com.ar\/2021\/sergio-bordoni-no-quiero-llegar-a-la-instancia-de-mandar-fuerzas-policiales-para-buscar-a-los-concejales\/#primaryimage\"},\"image\":{\"@id\":\"https:\/\/www.noticiasradioreflejos.com.ar\/2021\/sergio-bordoni-no-quiero-llegar-a-la-instancia-de-mandar-fuerzas-policiales-para-buscar-a-los-concejales\/#primaryimage\"},\"thumbnailUrl\":\"https:\/\/www.noticiasradioreflejos.com.ar\/2021\/wp-content\/uploads\/2024\/04\/3ac90f03ed224f75b803f73940dca19b.jpg_1600.jpg\",\"datePublished\":\"2024-04-20T03:39:57+00:00\",\"dateModified\":\"2024-04-22T14:32:52+00:00\",\"author\":{\"@id\":\"https:\/\/www.noticiasradioreflejos.com.ar\/2021\/#\/schema\/person\/ad82545263dcc5ec0996818884fd5fb1\"},\"breadcrumb\":{\"@id\":\"https:\/\/www.noticiasradioreflejos.com.ar\/2021\/sergio-bordoni-no-quiero-llegar-a-la-instancia-de-mandar-fuerzas-policiales-para-buscar-a-los-concejales\/#breadcrumb\"},\"inLanguage\":\"es\",\"potentialAction\":[{\"@type\":\"ReadAction\",\"target\":[\"https:\/\/www.noticiasradioreflejos.com.ar\/2021\/sergio-bordoni-no-quiero-llegar-a-la-instancia-de-mandar-fuerzas-policiales-para-buscar-a-los-concejales\/\"]}]},{\"@type\":\"ImageObject\",\"inLanguage\":\"es\",\"@id\":\"https:\/\/www.noticiasradioreflejos.com.ar\/2021\/sergio-bordoni-no-quiero-llegar-a-la-instancia-de-mandar-fuerzas-policiales-para-buscar-a-los-concejales\/#primaryimage\",\"url\":\"https:\/\/www.noticiasradioreflejos.com.ar\/2021\/wp-content\/uploads\/2024\/04\/3ac90f03ed224f75b803f73940dca19b.jpg_1600.jpg\",\"contentUrl\":\"https:\/\/www.noticiasradioreflejos.com.ar\/2021\/wp-content\/uploads\/2024\/04\/3ac90f03ed224f75b803f73940dca19b.jpg_1600.jpg\",\"width\":1600,\"height\":720},{\"@type\":\"BreadcrumbList\",\"@id\":\"https:\/\/www.noticiasradioreflejos.com.ar\/2021\/sergio-bordoni-no-quiero-llegar-a-la-instancia-de-mandar-fuerzas-policiales-para-buscar-a-los-concejales\/#breadcrumb\",\"itemListElement\":[{\"@type\":\"ListItem\",\"position\":1,\"name\":\"Portada\",\"item\":\"https:\/\/www.noticiasradioreflejos.com.ar\/2021\/\"},{\"@type\":\"ListItem\",\"position\":2,\"name\":\"Sergio Bordoni: \u201cNo quiero llegar a la instancia de mandar fuerzas policiales para buscar a los concejales\u201d\"}]},{\"@type\":\"WebSite\",\"@id\":\"https:\/\/www.noticiasradioreflejos.com.ar\/2021\/#website\",\"url\":\"https:\/\/www.noticiasradioreflejos.com.ar\/2021\/\",\"name\":\"Noticias Radio Reflejos\",\"description\":\"Las noticias de mi comarca\",\"potentialAction\":[{\"@type\":\"SearchAction\",\"target\":{\"@type\":\"EntryPoint\",\"urlTemplate\":\"https:\/\/www.noticiasradioreflejos.com.ar\/2021\/?s={search_term_string}\"},\"query-input\":{\"@type\":\"PropertyValueSpecification\",\"valueRequired\":true,\"valueName\":\"search_term_string\"}}],\"inLanguage\":\"es\"},{\"@type\":\"Person\",\"@id\":\"https:\/\/www.noticiasradioreflejos.com.ar\/2021\/#\/schema\/person\/ad82545263dcc5ec0996818884fd5fb1\",\"name\":\"Arnaldo Botto\",\"image\":{\"@type\":\"ImageObject\",\"inLanguage\":\"es\",\"@id\":\"https:\/\/www.noticiasradioreflejos.com.ar\/2021\/#\/schema\/person\/image\/\",\"url\":\"https:\/\/secure.gravatar.com\/avatar\/55cb5e37c1efa326397366e6974cb338056df65cb50e7d64d1cf314e87504837?s=96&d=mm&r=g\",\"contentUrl\":\"https:\/\/secure.gravatar.com\/avatar\/55cb5e37c1efa326397366e6974cb338056df65cb50e7d64d1cf314e87504837?s=96&d=mm&r=g\",\"caption\":\"Arnaldo Botto\"},\"url\":\"https:\/\/www.noticiasradioreflejos.com.ar\/2021\/author\/arnaldo\/\"}]}<\/script>\n<!-- \/ Yoast SEO plugin. -->","yoast_head_json":{"title":"Sergio Bordoni: \u201cNo quiero llegar a la instancia de mandar fuerzas policiales para buscar a los concejales\u201d - Noticias Radio Reflejos","robots":{"index":"index","follow":"follow","max-snippet":"max-snippet:-1","max-image-preview":"max-image-preview:large","max-video-preview":"max-video-preview:-1"},"canonical":"https:\/\/www.noticiasradioreflejos.com.ar\/2021\/sergio-bordoni-no-quiero-llegar-a-la-instancia-de-mandar-fuerzas-policiales-para-buscar-a-los-concejales\/","og_locale":"es_ES","og_type":"article","og_title":"Sergio Bordoni: \u201cNo quiero llegar a la instancia de mandar fuerzas policiales para buscar a los concejales\u201d - Noticias Radio Reflejos","og_description":"Palabras del intendente municipal luego de que el Bloque opositor no se presentara a sesionar.","og_url":"https:\/\/www.noticiasradioreflejos.com.ar\/2021\/sergio-bordoni-no-quiero-llegar-a-la-instancia-de-mandar-fuerzas-policiales-para-buscar-a-los-concejales\/","og_site_name":"Noticias Radio Reflejos","article_published_time":"2024-04-20T03:39:57+00:00","article_modified_time":"2024-04-22T14:32:52+00:00","og_image":[{"width":1600,"height":720,"url":"https:\/\/www.noticiasradioreflejos.com.ar\/2021\/wp-content\/uploads\/2024\/04\/3ac90f03ed224f75b803f73940dca19b.jpg_1600.jpg","type":"image\/jpeg"}],"author":"Arnaldo Botto","twitter_card":"summary_large_image","schema":{"@context":"https:\/\/schema.org","@graph":[{"@type":"WebPage","@id":"https:\/\/www.noticiasradioreflejos.com.ar\/2021\/sergio-bordoni-no-quiero-llegar-a-la-instancia-de-mandar-fuerzas-policiales-para-buscar-a-los-concejales\/","url":"https:\/\/www.noticiasradioreflejos.com.ar\/2021\/sergio-bordoni-no-quiero-llegar-a-la-instancia-de-mandar-fuerzas-policiales-para-buscar-a-los-concejales\/","name":"Sergio Bordoni: \u201cNo quiero llegar a la instancia de mandar fuerzas policiales para buscar a los concejales\u201d - Noticias Radio Reflejos","isPartOf":{"@id":"https:\/\/www.noticiasradioreflejos.com.ar\/2021\/#website"},"primaryImageOfPage":{"@id":"https:\/\/www.noticiasradioreflejos.com.ar\/2021\/sergio-bordoni-no-quiero-llegar-a-la-instancia-de-mandar-fuerzas-policiales-para-buscar-a-los-concejales\/#primaryimage"},"image":{"@id":"https:\/\/www.noticiasradioreflejos.com.ar\/2021\/sergio-bordoni-no-quiero-llegar-a-la-instancia-de-mandar-fuerzas-policiales-para-buscar-a-los-concejales\/#primaryimage"},"thumbnailUrl":"https:\/\/www.noticiasradioreflejos.com.ar\/2021\/wp-content\/uploads\/2024\/04\/3ac90f03ed224f75b803f73940dca19b.jpg_1600.jpg","datePublished":"2024-04-20T03:39:57+00:00","dateModified":"2024-04-22T14:32:52+00:00","author":{"@id":"https:\/\/www.noticiasradioreflejos.com.ar\/2021\/#\/schema\/person\/ad82545263dcc5ec0996818884fd5fb1"},"breadcrumb":{"@id":"https:\/\/www.noticiasradioreflejos.com.ar\/2021\/sergio-bordoni-no-quiero-llegar-a-la-instancia-de-mandar-fuerzas-policiales-para-buscar-a-los-concejales\/#breadcrumb"},"inLanguage":"es","potentialAction":[{"@type":"ReadAction","target":["https:\/\/www.noticiasradioreflejos.com.ar\/2021\/sergio-bordoni-no-quiero-llegar-a-la-instancia-de-mandar-fuerzas-policiales-para-buscar-a-los-concejales\/"]}]},{"@type":"ImageObject","inLanguage":"es","@id":"https:\/\/www.noticiasradioreflejos.com.ar\/2021\/sergio-bordoni-no-quiero-llegar-a-la-instancia-de-mandar-fuerzas-policiales-para-buscar-a-los-concejales\/#primaryimage","url":"https:\/\/www.noticiasradioreflejos.com.ar\/2021\/wp-content\/uploads\/2024\/04\/3ac90f03ed224f75b803f73940dca19b.jpg_1600.jpg","contentUrl":"https:\/\/www.noticiasradioreflejos.com.ar\/2021\/wp-content\/uploads\/2024\/04\/3ac90f03ed224f75b803f73940dca19b.jpg_1600.jpg","width":1600,"height":720},{"@type":"BreadcrumbList","@id":"https:\/\/www.noticiasradioreflejos.com.ar\/2021\/sergio-bordoni-no-quiero-llegar-a-la-instancia-de-mandar-fuerzas-policiales-para-buscar-a-los-concejales\/#breadcrumb","itemListElement":[{"@type":"ListItem","position":1,"name":"Portada","item":"https:\/\/www.noticiasradioreflejos.com.ar\/2021\/"},{"@type":"ListItem","position":2,"name":"Sergio Bordoni: \u201cNo quiero llegar a la instancia de mandar fuerzas policiales para buscar a los concejales\u201d"}]},{"@type":"WebSite","@id":"https:\/\/www.noticiasradioreflejos.com.ar\/2021\/#website","url":"https:\/\/www.noticiasradioreflejos.com.ar\/2021\/","name":"Noticias Radio Reflejos","description":"Las noticias de mi comarca","potentialAction":[{"@type":"SearchAction","target":{"@type":"EntryPoint","urlTemplate":"https:\/\/www.noticiasradioreflejos.com.ar\/2021\/?s={search_term_string}"},"query-input":{"@type":"PropertyValueSpecification","valueRequired":true,"valueName":"search_term_string"}}],"inLanguage":"es"},{"@type":"Person","@id":"https:\/\/www.noticiasradioreflejos.com.ar\/2021\/#\/schema\/person\/ad82545263dcc5ec0996818884fd5fb1","name":"Arnaldo Botto","image":{"@type":"ImageObject","inLanguage":"es","@id":"https:\/\/www.noticiasradioreflejos.com.ar\/2021\/#\/schema\/person\/image\/","url":"https:\/\/secure.gravatar.com\/avatar\/55cb5e37c1efa326397366e6974cb338056df65cb50e7d64d1cf314e87504837?s=96&d=mm&r=g","contentUrl":"https:\/\/secure.gravatar.com\/avatar\/55cb5e37c1efa326397366e6974cb338056df65cb50e7d64d1cf314e87504837?s=96&d=mm&r=g","caption":"Arnaldo Botto"},"url":"https:\/\/www.noticiasradioreflejos.com.ar\/2021\/author\/arnaldo\/"}]}},"_links":{"self":[{"href":"https:\/\/www.noticiasradioreflejos.com.ar\/2021\/wp-json\/wp\/v2\/posts\/101531","targetHints":{"allow":["GET"]}}],"collection":[{"href":"https:\/\/www.noticiasradioreflejos.com.ar\/2021\/wp-json\/wp\/v2\/posts"}],"about":[{"href":"https:\/\/www.noticiasradioreflejos.com.ar\/2021\/wp-json\/wp\/v2\/types\/post"}],"author":[{"embeddable":true,"href":"https:\/\/www.noticiasradioreflejos.com.ar\/2021\/wp-json\/wp\/v2\/users\/3"}],"replies":[{"embeddable":true,"href":"https:\/\/www.noticiasradioreflejos.com.ar\/2021\/wp-json\/wp\/v2\/comments?post=101531"}],"version-history":[{"count":3,"href":"https:\/\/www.noticiasradioreflejos.com.ar\/2021\/wp-json\/wp\/v2\/posts\/101531\/revisions"}],"predecessor-version":[{"id":101565,"href":"https:\/\/www.noticiasradioreflejos.com.ar\/2021\/wp-json\/wp\/v2\/posts\/101531\/revisions\/101565"}],"wp:featuredmedia":[{"embeddable":true,"href":"https:\/\/www.noticiasradioreflejos.com.ar\/2021\/wp-json\/wp\/v2\/media\/101532"}],"wp:attachment":[{"href":"https:\/\/www.noticiasradioreflejos.com.ar\/2021\/wp-json\/wp\/v2\/media?parent=101531"}],"wp:term":[{"taxonomy":"category","embeddable":true,"href":"https:\/\/www.noticiasradioreflejos.com.ar\/2021\/wp-json\/wp\/v2\/categories?post=101531"},{"taxonomy":"post_tag","embeddable":true,"href":"https:\/\/www.noticiasradioreflejos.com.ar\/2021\/wp-json\/wp\/v2\/tags?post=101531"}],"curies":[{"name":"wp","href":"https:\/\/api.w.org\/{rel}","templated":true}]}}