{"id":101378,"date":"2024-04-17T07:58:12","date_gmt":"2024-04-17T10:58:12","guid":{"rendered":"https:\/\/www.noticiasradioreflejos.com.ar\/2021\/?p=101378"},"modified":"2024-04-17T07:58:12","modified_gmt":"2024-04-17T10:58:12","slug":"publicacion-de-llamado-a-concurso-isfd","status":"publish","type":"post","link":"https:\/\/www.noticiasradioreflejos.com.ar\/2021\/publicacion-de-llamado-a-concurso-isfd\/","title":{"rendered":"Publicaci\u00f3n de llamado a concurso ISFD"},"content":{"rendered":"<p>LLAMADO A CONCURSO PARA CUBRIR EDIs EN EL ISFDyT N\u00b0162 \u2013 CICLO 2024<!--more--><br \/>\n<b>CRONOGRAMA<\/b>\u00a0(seg\u00fan pautas establecidas en la Res. 1161\/20)<br \/>\n\uf0b7 DIFUSI\u00d3N E INSCRIPCI\u00d3N: 16\/4\/24 al 22\/4\/24<br \/>\n\uf0b7 Recusaci\u00f3n\/excusaci\u00f3n: desde 23\/4\/24<br \/>\n\uf0b7 Notificaci\u00f3n de aspirantes que no re\u00fanen las condiciones (tentativo, seg\u00fan fecha de respuesta<br \/>\ndel Tribunal): 24\/4\/24<br \/>\n\uf0b7 Fecha de entrevista: a confirmar. La misma ser\u00e1 en horario de 18 a 22 hs y se avisar\u00e1 a los<br \/>\npostulantes con 72 hs o m\u00e1s de antelaci\u00f3n. Modalidad de entrevista: PRESENCIAL<br \/>\nLos siguientes llamados a concursos corresponden a la siguiente normativa de cobertura de c\u00e1tedras para Educaci\u00f3n Superior: Res. 5886\/03; Res. 1161\/20 y la Disp. 30\/05. Para cada asignatura se deber\u00e1 adem\u00e1s tomar las indicaciones del Dise\u00f1o Curricular en cuesti\u00f3n (corresponde al n\u00famero de resoluci\u00f3n de cada carrera y se pueden descargar de Internet o solicitar en el Instituto).<\/p>\n<div><u>CONSULTAS:<\/u><br \/>\nPresencial: DE LUNES A VIERNES, 18.30 a 21 hs<br \/>\nDirecci\u00f3n y mail: ISFDyTN\u00b0162, Av. E. Tornquist 319, Tornquist;\u00a0<a href=\"mailto:isfd162concursos@gmail.com\" target=\"_blank\" rel=\"noopener\">isfd162concursos@gmail.com<\/a><\/p>\n<p>INSCRIPCION UNICAMENTE PRESENCIAL:<br \/>\nISFDyTN\u00b0162, Av. E. Tornquist 319, SEDE TORNQUIST. Horario: 18.30 a 21 hs<\/p>\n<p>ACLARACIONES Y PAUTAS OBLIGATORIAS PARA LA INSCRIPCI\u00d3N:<br \/>\nGenerales: curr\u00edculum vitae, propuesta y entrevista, se evaluar\u00e1n obligatoriamente seg\u00fan las grillas de la resoluci\u00f3n 5886\/03. Especialmente para la propuesta y la entrevista, el postulante deber\u00e1 tener en cuenta que las mismas reflejen los \u00edtems incluidos en las grillas mencionadas.<br \/>\nPresentaci\u00f3n de la Propuesta pedag\u00f3gica:<br \/>\n&#8211; Se entrega en sobre papel madera CERRADO, donde deber\u00e1 colocarse por fuera del mismo:<br \/>\nNombre del postulante, DNI, Asignatura, Carrera y A\u00f1o para la que se postula.<br \/>\n&#8211; Se sugiere realizar la propuesta seg\u00fan el formato sugerido en la disposici\u00f3n 30\/05 (solicitar en ISFDyT N\u00b0162)<br \/>\n&#8211; Es obligatorio que la propuesta siga los lineamientos del Dise\u00f1o Curricular (Resoluci\u00f3n) de la carrera para la que se postula (se aclara en cada carrera).<\/p>\n<p>Presentaci\u00f3n del Curr\u00edculum vitae:<br \/>\n&#8211; Se entrega en sobre papel madera ABIERTO, donde deber\u00e1 colocarse por fuera del mismo:<br \/>\nNombre del postulante, DNI, Asignatura, Carrera y A\u00f1o para la que se postula.<br \/>\n&#8211; \u00danicamente se acepta CV en formato del Anexo III de la res. 5886\/03. En papel.<br \/>\n&#8211; Solo se aceptar\u00e1n CV acompa\u00f1ados de certificaciones en formato de fotocopias autenticadas(este tr\u00e1mite se realiza en cualquier instituci\u00f3n educativa). No olvidar presentar: fotocopias del DNI, T\u00edtulo, Certificaci\u00f3n de servicios, \u00faltimas dos calificaciones del nivel superior si las tuviera y Constancias de cursos.<\/p>\n<p>&#8211; IMPORTANTE: Los t\u00edtulos de base y cursos deben estar registrados en el Consejo Escolar antes de fotocopiar.<br \/>\nAclaraci\u00f3n: Si el T\u00edtulo de base no estuviera registrado en el Consejo Escolar, vale 0 puntos para el Tribunal Descentralizado.<br \/>\nEn los concursos s\u00f3lo se aceptar\u00e1n t\u00edtulos sin registrar, en caso de que no haya postulantes con t\u00edtulos registrados en el llamado para esa asignatura.<br \/>\nEn caso de presentarse postulantes con el T\u00edtulo de base registrado, los que no lo tengan quedar\u00e1n excluidos de dicho concurso.<\/p><\/div>\n<div>\n\uf0b7 4to A\u00d1O PROF. EDUCACION INICIAL &#8211; Espacio de Definici\u00f3n Institucional (3 m\u00f3dulos) + TAIN (1 m\u00f3dulo).<br \/>\nHorario: LUNES 18 a 21 hs<br \/>\nTema del EDI: Articulaci\u00f3n Inicial \u2013 Primaria: \u201cEstrategias y propuestas de intensificaci\u00f3n y Articulaci\u00f3n de las Trayectorias Educativas entre los Niveles Inicial y Primario\u201d<br \/>\nContenidos m\u00ednimos requeridos para la propuesta pedag\u00f3gica:<br \/>\n1. La Articulaci\u00f3n. Un desaf\u00edo compartido para promover la continuidad de la ense\u00f1anza.<br \/>\n2. El trabajo interinstitucional, como instancia estructurante en la Articulaci\u00f3n entre los Niveles Inicial y Primario.<br \/>\n3. La Articulaci\u00f3n entre niveles como espacio de formaci\u00f3n y trabajo en equipo entre Directivos y Docentes de ambos niveles (Sala de 5 a\u00f1os y U.P.)<br \/>\n4. Experiencias Pedag\u00f3gicas espec\u00edficas sobre Pr\u00e1cticas del Lenguaje y Juegos Matem\u00e1ticos para la educaci\u00f3n Inicial en articulaci\u00f3n con el Nivel Primario.<\/p>\n<p>\uf0b7 3\u00b0 A\u00d1O PROF. EDUCACION ESPECIAL (Res. 1009\/09) Espacio de Definici\u00f3n Institucional (2 m\u00f3dulos) + TAIN (1 m\u00f3dulo)<\/p><\/div>\n<div>\nHorario: Martes 18 a 19 hs \u2013 Mi\u00e9rcoles 21 \u2013 22 hs.<br \/>\nTema del EDI: La propuesta curricular complementaria del nivel Primario.<br \/>\nContenidos m\u00ednimos requeridos para la propuesta pedag\u00f3gica:<br \/>\n1- La relaci\u00f3n intersubjetiva en el aula: Modelo pedag\u00f3gico y modelos institucionales de las escuelas de la Modalidad.<br \/>\n1.a- La ense\u00f1anza como elemento privilegiado para el v\u00ednculo educativo.<br \/>\n1.b- Variables organizacionales de definici\u00f3n institucional. Su problematizaci\u00f3n para la planificaci\u00f3n de la ense\u00f1anza.<br \/>\n1.c- La discapacidad como categor\u00eda pol\u00edtica e interseccional y su problematizaci\u00f3n en t\u00e9rminos educativos.<br \/>\n2- La relaci\u00f3n ense\u00f1anza-aprendizaje-<wbr \/>contenidos<br \/>\n2.1-Organizaci\u00f3n curricular institucional a partir de los campos de conocimiento. Su inscripci\u00f3n en el Proyecto Institucional.<br \/>\n2.2-Los proyectos de ense\u00f1anza y las propuestas did\u00e1cticas. Progresi\u00f3n de contenidos. Los recortes de la realidad, su relevancia social en contextos aut\u00e9nticos de indagaci\u00f3n. La organizaci\u00f3n de tiempos y espacios: la escuela y la comunidad. Propuestas integradas entre equipos de trabajo.<br \/>\n2.3-La transversalizaci\u00f3n de la ESI en los proyectos de ense\u00f1anza.<br \/>\n2.4-Los procesos de evaluaci\u00f3n. La evaluaci\u00f3n como pr\u00e1ctica sistem\u00e1tica con sentido formativo. Registros e instrumentos. La producci\u00f3n de informes y registros pedag\u00f3gicos.<\/p>\n<p>3\u00b0A\u00d1O TEC. SUP. PSICOPEDAGOG\u00cdA (Res. 2460\/11) &#8211; Espacio de Definici\u00f3n Institucional 1 m\u00f3dulo Horario: LUNES 19.30 \u2013 20.30 hs.<\/p>\n<p>TEMA del EDI: TALLER DE ACOMPA\u00d1AMIENTO DE LAS PR\u00c1CTICAS PROFESIONALIZANTES<br \/>\nContenidos m\u00ednimos requeridos para la propuesta pedag\u00f3gica:<br \/>\n&#8211; Fundamentos te\u00f3ricos que sustentan las pr\u00e1cticas profesionalizantes sobre el rol de la intervenci\u00f3n del Psicopedagogo en diferentes contextos<br \/>\n&#8211; El rol del Psicopedagogo frente a edades tempranas, adolescentes, adultos y adultos mayores<br \/>\n&#8211; La planificaci\u00f3n, modalidades de dictado y evaluaci\u00f3n de talleres destinados a ni\u00f1os,adolescentes, adultos, adultos mayores y familias.<br \/>\n&#8211; El empleo de diferentes recursos en talleres y otros contextos: an\u00e1lisis cr\u00edtico de los mismos.<br \/>\n&#8211; Apoyo de la pr\u00e1ctica profesionalizante<\/p>\n<p><b>JURADO:<\/b><br \/>\nTITULAR: DI NOTOLO, GUILLERMO\u2013 ARTIN, KARINA \u2013 CAIRO, SAMANTA<br \/>\nSUPLENTE: SEHTMAN, MARIO \u2013 OTERMIN, MARIA DEL CARMEN<br \/>\nALUMNOS A DESIGNAR<br \/>\nGREMIOS: SUTEBA \u2013 FEB \u2013 UDOCBA<\/div>\n","protected":false},"excerpt":{"rendered":"<p>LLAMADO A CONCURSO PARA CUBRIR EDIs EN EL ISFDyT N\u00b0162 \u2013 CICLO 2024<\/p>\n","protected":false},"author":3,"featured_media":50776,"comment_status":"closed","ping_status":"closed","sticky":false,"template":"","format":"standard","meta":{"footnotes":""},"categories":[34],"tags":[],"class_list":["post-101378","post","type-post","status-publish","format-standard","has-post-thumbnail","hentry","category-educacion"],"yoast_head":"<!-- This site is optimized with the Yoast SEO plugin v25.9 - https:\/\/yoast.com\/wordpress\/plugins\/seo\/ -->\n<title>Publicaci\u00f3n de llamado a concurso ISFD - Noticias Radio Reflejos<\/title>\n<meta name=\"robots\" content=\"index, follow, max-snippet:-1, max-image-preview:large, max-video-preview:-1\" \/>\n<link rel=\"canonical\" href=\"https:\/\/www.noticiasradioreflejos.com.ar\/2021\/publicacion-de-llamado-a-concurso-isfd\/\" \/>\n<meta property=\"og:locale\" content=\"es_ES\" \/>\n<meta property=\"og:type\" content=\"article\" \/>\n<meta property=\"og:title\" content=\"Publicaci\u00f3n de llamado a concurso ISFD - Noticias Radio Reflejos\" \/>\n<meta property=\"og:description\" content=\"LLAMADO A CONCURSO PARA CUBRIR EDIs EN EL ISFDyT N\u00b0162 \u2013 CICLO 2024\" \/>\n<meta property=\"og:url\" content=\"https:\/\/www.noticiasradioreflejos.com.ar\/2021\/publicacion-de-llamado-a-concurso-isfd\/\" \/>\n<meta property=\"og:site_name\" content=\"Noticias Radio Reflejos\" \/>\n<meta property=\"article:published_time\" content=\"2024-04-17T10:58:12+00:00\" \/>\n<meta property=\"og:image\" content=\"https:\/\/www.noticiasradioreflejos.com.ar\/2021\/wp-content\/uploads\/2020\/12\/SAD.jpg\" \/>\n\t<meta property=\"og:image:width\" content=\"506\" \/>\n\t<meta property=\"og:image:height\" content=\"330\" \/>\n\t<meta property=\"og:image:type\" content=\"image\/jpeg\" \/>\n<meta name=\"author\" content=\"Arnaldo Botto\" \/>\n<meta name=\"twitter:card\" content=\"summary_large_image\" \/>\n<script type=\"application\/ld+json\" class=\"yoast-schema-graph\">{\"@context\":\"https:\/\/schema.org\",\"@graph\":[{\"@type\":\"WebPage\",\"@id\":\"https:\/\/www.noticiasradioreflejos.com.ar\/2021\/publicacion-de-llamado-a-concurso-isfd\/\",\"url\":\"https:\/\/www.noticiasradioreflejos.com.ar\/2021\/publicacion-de-llamado-a-concurso-isfd\/\",\"name\":\"Publicaci\u00f3n de llamado a concurso ISFD - Noticias Radio Reflejos\",\"isPartOf\":{\"@id\":\"https:\/\/www.noticiasradioreflejos.com.ar\/2021\/#website\"},\"primaryImageOfPage\":{\"@id\":\"https:\/\/www.noticiasradioreflejos.com.ar\/2021\/publicacion-de-llamado-a-concurso-isfd\/#primaryimage\"},\"image\":{\"@id\":\"https:\/\/www.noticiasradioreflejos.com.ar\/2021\/publicacion-de-llamado-a-concurso-isfd\/#primaryimage\"},\"thumbnailUrl\":\"https:\/\/www.noticiasradioreflejos.com.ar\/2021\/wp-content\/uploads\/2020\/12\/SAD.jpg\",\"datePublished\":\"2024-04-17T10:58:12+00:00\",\"author\":{\"@id\":\"https:\/\/www.noticiasradioreflejos.com.ar\/2021\/#\/schema\/person\/ad82545263dcc5ec0996818884fd5fb1\"},\"breadcrumb\":{\"@id\":\"https:\/\/www.noticiasradioreflejos.com.ar\/2021\/publicacion-de-llamado-a-concurso-isfd\/#breadcrumb\"},\"inLanguage\":\"es\",\"potentialAction\":[{\"@type\":\"ReadAction\",\"target\":[\"https:\/\/www.noticiasradioreflejos.com.ar\/2021\/publicacion-de-llamado-a-concurso-isfd\/\"]}]},{\"@type\":\"ImageObject\",\"inLanguage\":\"es\",\"@id\":\"https:\/\/www.noticiasradioreflejos.com.ar\/2021\/publicacion-de-llamado-a-concurso-isfd\/#primaryimage\",\"url\":\"https:\/\/www.noticiasradioreflejos.com.ar\/2021\/wp-content\/uploads\/2020\/12\/SAD.jpg\",\"contentUrl\":\"https:\/\/www.noticiasradioreflejos.com.ar\/2021\/wp-content\/uploads\/2020\/12\/SAD.jpg\",\"width\":506,\"height\":330},{\"@type\":\"BreadcrumbList\",\"@id\":\"https:\/\/www.noticiasradioreflejos.com.ar\/2021\/publicacion-de-llamado-a-concurso-isfd\/#breadcrumb\",\"itemListElement\":[{\"@type\":\"ListItem\",\"position\":1,\"name\":\"Portada\",\"item\":\"https:\/\/www.noticiasradioreflejos.com.ar\/2021\/\"},{\"@type\":\"ListItem\",\"position\":2,\"name\":\"Publicaci\u00f3n de llamado a concurso ISFD\"}]},{\"@type\":\"WebSite\",\"@id\":\"https:\/\/www.noticiasradioreflejos.com.ar\/2021\/#website\",\"url\":\"https:\/\/www.noticiasradioreflejos.com.ar\/2021\/\",\"name\":\"Noticias Radio Reflejos\",\"description\":\"Las noticias de mi comarca\",\"potentialAction\":[{\"@type\":\"SearchAction\",\"target\":{\"@type\":\"EntryPoint\",\"urlTemplate\":\"https:\/\/www.noticiasradioreflejos.com.ar\/2021\/?s={search_term_string}\"},\"query-input\":{\"@type\":\"PropertyValueSpecification\",\"valueRequired\":true,\"valueName\":\"search_term_string\"}}],\"inLanguage\":\"es\"},{\"@type\":\"Person\",\"@id\":\"https:\/\/www.noticiasradioreflejos.com.ar\/2021\/#\/schema\/person\/ad82545263dcc5ec0996818884fd5fb1\",\"name\":\"Arnaldo Botto\",\"image\":{\"@type\":\"ImageObject\",\"inLanguage\":\"es\",\"@id\":\"https:\/\/www.noticiasradioreflejos.com.ar\/2021\/#\/schema\/person\/image\/\",\"url\":\"https:\/\/secure.gravatar.com\/avatar\/55cb5e37c1efa326397366e6974cb338056df65cb50e7d64d1cf314e87504837?s=96&d=mm&r=g\",\"contentUrl\":\"https:\/\/secure.gravatar.com\/avatar\/55cb5e37c1efa326397366e6974cb338056df65cb50e7d64d1cf314e87504837?s=96&d=mm&r=g\",\"caption\":\"Arnaldo Botto\"},\"url\":\"https:\/\/www.noticiasradioreflejos.com.ar\/2021\/author\/arnaldo\/\"}]}<\/script>\n<!-- \/ Yoast SEO plugin. -->","yoast_head_json":{"title":"Publicaci\u00f3n de llamado a concurso ISFD - Noticias Radio Reflejos","robots":{"index":"index","follow":"follow","max-snippet":"max-snippet:-1","max-image-preview":"max-image-preview:large","max-video-preview":"max-video-preview:-1"},"canonical":"https:\/\/www.noticiasradioreflejos.com.ar\/2021\/publicacion-de-llamado-a-concurso-isfd\/","og_locale":"es_ES","og_type":"article","og_title":"Publicaci\u00f3n de llamado a concurso ISFD - Noticias Radio Reflejos","og_description":"LLAMADO A CONCURSO PARA CUBRIR EDIs EN EL ISFDyT N\u00b0162 \u2013 CICLO 2024","og_url":"https:\/\/www.noticiasradioreflejos.com.ar\/2021\/publicacion-de-llamado-a-concurso-isfd\/","og_site_name":"Noticias Radio Reflejos","article_published_time":"2024-04-17T10:58:12+00:00","og_image":[{"width":506,"height":330,"url":"https:\/\/www.noticiasradioreflejos.com.ar\/2021\/wp-content\/uploads\/2020\/12\/SAD.jpg","type":"image\/jpeg"}],"author":"Arnaldo Botto","twitter_card":"summary_large_image","schema":{"@context":"https:\/\/schema.org","@graph":[{"@type":"WebPage","@id":"https:\/\/www.noticiasradioreflejos.com.ar\/2021\/publicacion-de-llamado-a-concurso-isfd\/","url":"https:\/\/www.noticiasradioreflejos.com.ar\/2021\/publicacion-de-llamado-a-concurso-isfd\/","name":"Publicaci\u00f3n de llamado a concurso ISFD - Noticias Radio Reflejos","isPartOf":{"@id":"https:\/\/www.noticiasradioreflejos.com.ar\/2021\/#website"},"primaryImageOfPage":{"@id":"https:\/\/www.noticiasradioreflejos.com.ar\/2021\/publicacion-de-llamado-a-concurso-isfd\/#primaryimage"},"image":{"@id":"https:\/\/www.noticiasradioreflejos.com.ar\/2021\/publicacion-de-llamado-a-concurso-isfd\/#primaryimage"},"thumbnailUrl":"https:\/\/www.noticiasradioreflejos.com.ar\/2021\/wp-content\/uploads\/2020\/12\/SAD.jpg","datePublished":"2024-04-17T10:58:12+00:00","author":{"@id":"https:\/\/www.noticiasradioreflejos.com.ar\/2021\/#\/schema\/person\/ad82545263dcc5ec0996818884fd5fb1"},"breadcrumb":{"@id":"https:\/\/www.noticiasradioreflejos.com.ar\/2021\/publicacion-de-llamado-a-concurso-isfd\/#breadcrumb"},"inLanguage":"es","potentialAction":[{"@type":"ReadAction","target":["https:\/\/www.noticiasradioreflejos.com.ar\/2021\/publicacion-de-llamado-a-concurso-isfd\/"]}]},{"@type":"ImageObject","inLanguage":"es","@id":"https:\/\/www.noticiasradioreflejos.com.ar\/2021\/publicacion-de-llamado-a-concurso-isfd\/#primaryimage","url":"https:\/\/www.noticiasradioreflejos.com.ar\/2021\/wp-content\/uploads\/2020\/12\/SAD.jpg","contentUrl":"https:\/\/www.noticiasradioreflejos.com.ar\/2021\/wp-content\/uploads\/2020\/12\/SAD.jpg","width":506,"height":330},{"@type":"BreadcrumbList","@id":"https:\/\/www.noticiasradioreflejos.com.ar\/2021\/publicacion-de-llamado-a-concurso-isfd\/#breadcrumb","itemListElement":[{"@type":"ListItem","position":1,"name":"Portada","item":"https:\/\/www.noticiasradioreflejos.com.ar\/2021\/"},{"@type":"ListItem","position":2,"name":"Publicaci\u00f3n de llamado a concurso ISFD"}]},{"@type":"WebSite","@id":"https:\/\/www.noticiasradioreflejos.com.ar\/2021\/#website","url":"https:\/\/www.noticiasradioreflejos.com.ar\/2021\/","name":"Noticias Radio Reflejos","description":"Las noticias de mi comarca","potentialAction":[{"@type":"SearchAction","target":{"@type":"EntryPoint","urlTemplate":"https:\/\/www.noticiasradioreflejos.com.ar\/2021\/?s={search_term_string}"},"query-input":{"@type":"PropertyValueSpecification","valueRequired":true,"valueName":"search_term_string"}}],"inLanguage":"es"},{"@type":"Person","@id":"https:\/\/www.noticiasradioreflejos.com.ar\/2021\/#\/schema\/person\/ad82545263dcc5ec0996818884fd5fb1","name":"Arnaldo Botto","image":{"@type":"ImageObject","inLanguage":"es","@id":"https:\/\/www.noticiasradioreflejos.com.ar\/2021\/#\/schema\/person\/image\/","url":"https:\/\/secure.gravatar.com\/avatar\/55cb5e37c1efa326397366e6974cb338056df65cb50e7d64d1cf314e87504837?s=96&d=mm&r=g","contentUrl":"https:\/\/secure.gravatar.com\/avatar\/55cb5e37c1efa326397366e6974cb338056df65cb50e7d64d1cf314e87504837?s=96&d=mm&r=g","caption":"Arnaldo Botto"},"url":"https:\/\/www.noticiasradioreflejos.com.ar\/2021\/author\/arnaldo\/"}]}},"_links":{"self":[{"href":"https:\/\/www.noticiasradioreflejos.com.ar\/2021\/wp-json\/wp\/v2\/posts\/101378","targetHints":{"allow":["GET"]}}],"collection":[{"href":"https:\/\/www.noticiasradioreflejos.com.ar\/2021\/wp-json\/wp\/v2\/posts"}],"about":[{"href":"https:\/\/www.noticiasradioreflejos.com.ar\/2021\/wp-json\/wp\/v2\/types\/post"}],"author":[{"embeddable":true,"href":"https:\/\/www.noticiasradioreflejos.com.ar\/2021\/wp-json\/wp\/v2\/users\/3"}],"replies":[{"embeddable":true,"href":"https:\/\/www.noticiasradioreflejos.com.ar\/2021\/wp-json\/wp\/v2\/comments?post=101378"}],"version-history":[{"count":2,"href":"https:\/\/www.noticiasradioreflejos.com.ar\/2021\/wp-json\/wp\/v2\/posts\/101378\/revisions"}],"predecessor-version":[{"id":101380,"href":"https:\/\/www.noticiasradioreflejos.com.ar\/2021\/wp-json\/wp\/v2\/posts\/101378\/revisions\/101380"}],"wp:featuredmedia":[{"embeddable":true,"href":"https:\/\/www.noticiasradioreflejos.com.ar\/2021\/wp-json\/wp\/v2\/media\/50776"}],"wp:attachment":[{"href":"https:\/\/www.noticiasradioreflejos.com.ar\/2021\/wp-json\/wp\/v2\/media?parent=101378"}],"wp:term":[{"taxonomy":"category","embeddable":true,"href":"https:\/\/www.noticiasradioreflejos.com.ar\/2021\/wp-json\/wp\/v2\/categories?post=101378"},{"taxonomy":"post_tag","embeddable":true,"href":"https:\/\/www.noticiasradioreflejos.com.ar\/2021\/wp-json\/wp\/v2\/tags?post=101378"}],"curies":[{"name":"wp","href":"https:\/\/api.w.org\/{rel}","templated":true}]}}