{"id":101266,"date":"2024-04-15T14:35:02","date_gmt":"2024-04-15T17:35:02","guid":{"rendered":"https:\/\/www.noticiasradioreflejos.com.ar\/2021\/?p=101266"},"modified":"2024-04-15T14:35:02","modified_gmt":"2024-04-15T17:35:02","slug":"aerolineas-deja-rutas-de-cabotaje-y-no-renueva-contratos-a-mas-de-70-trabajadores","status":"publish","type":"post","link":"https:\/\/www.noticiasradioreflejos.com.ar\/2021\/aerolineas-deja-rutas-de-cabotaje-y-no-renueva-contratos-a-mas-de-70-trabajadores\/","title":{"rendered":"Aerol\u00edneas deja rutas de cabotaje y no renueva contratos a m\u00e1s de 70 trabajadores"},"content":{"rendered":"<p>Integrantes de gremios aeron\u00e1uticos informaron que involucra a los de rampa y de tr\u00e1fico de varias escalas. Sorpresivamente, la empresa suspendi\u00f3 vuelos a C\u00f3rdoba por falta de aviones<!--more--><\/p>\n<div class=\"columns\" data-tadevel-template=\"web\/article-columns\">\n<div class=\"column-main\">\n<div class=\"article-body\" data-tadevel-template=\"web\/article-body\">\n<div class=\"article-body-content\">\n<p><strong>Aerol\u00edneas Argentinas<\/strong>\u00a0anunci\u00f3 la\u00a0<strong>suspensi\u00f3n de los vuelos entre R\u00edo Cuarto y Buenos Aires<\/strong>\u00a0desde el 21 de abril hasta el 30 de junio por\u00a0\u201c<strong>falta de aviones disponibles\u201d.<\/strong><\/p>\n<p>Se trata de una escala muy importante, utilizada por varios pasajeros, que no podr\u00e1n utilizarla hasta nuevo aviso mientras el\u00a0<strong>Jefe de Gabinete, Nicol\u00e1s Posse,<\/strong>\u00a0con pasado laboral en la Corporaci\u00f3n Am\u00e9rica de la familia Eurneki\u00e1n,\u00a0<strong>analiza el futuro de la empresa que ser\u00e1 privatizada previa contracci\u00f3n de sus actividades.<\/strong><\/p>\n<p>La empresa hab\u00eda retomado los vuelos a la localidad cordobesa en 2015 utilizando aeronaves Embraer para cubrir el trayecto. Pero, la disponibilidad de estos aviones no permitir\u00e1 que contin\u00faen las operaciones.<\/p>\n<p>En di\u00e1logo con Cadena 3,\u00a0<strong>Pablo Irusta, secretario gremial de la seccional R\u00edo Cuarto de ATE<\/strong>, dijo que en el aeropuerto local trabajan 16 personas para el funcionamiento de la l\u00ednea de bandera en esa ciudad.<\/p>\n<p>\u00abEs muy preocupante porque directamente no vamos a tener ning\u00fan vuelo en dos meses, siendo una plaza que es totalmente rentable, que tenemos casi un 80% de ocupaci\u00f3n en los d\u00edas normales y del 100% en fines de semana largos\u00bb, asegur\u00f3.<\/p>\n<p><strong>En octubre de 2023, el ex titular de la compa\u00f1\u00eda Pablo Ceriani hab\u00eda comunicado la adquisici\u00f3n de nuevos Embraer que reemplazar\u00edan aviones con muchas horas de vuelo acumuladas.<\/strong>\u00a0\u00a0Junto al actual<strong>\u00a0titular de la l\u00ednea a\u00e9rea, Fabi\u00e1n Lombardo,<\/strong>\u00a0que en ese entonces era el director comercial, el 11 de octubre\u00a0<strong>anunciaron el ingreso de 12 aviones del tipo Embraer 195-E2 que reemplazar\u00e1n a los Embraer 190 que posee la l\u00ednea a\u00e9rea.<\/strong><\/p>\n<p>Los 12 E195-E2 comenzar\u00e1n a ingresar a partir del a\u00f1o pr\u00f3ximo, complet\u00e1ndose la entrega en 2026. Entre sus principales caracter\u00edsticas se destaca una mayor cantidad de asientos: 136 contra 96 de los aviones de la flota Embraer actual compuesta por 26 aviones.<\/p>\n<p><strong>Los aviones que volaron hasta hace pocos d\u00edas a C\u00f3rdoba eran los E195-E2 con capacidad para 96 pasajeros y eran utilizados en promedio por 80 pasajeros.<\/strong><\/p>\n<p>De los nuevos aviones anunciados por Ceriani poco se sabe. En su momento, la direcci\u00f3n de la compa\u00f1\u00eda afirm\u00f3, \u00abCon este acuerdo conseguimos modernizar nuestra flota, aumentar la productividad y reducir el costo por asiento. Tener un socio como Embraer que nos apoya y nos acompa\u00f1a en este camino de crecimiento es un espaldarazo muy importante\u201d.<\/p>\n<p><strong>En la actualidad faltan aviones y sobran pasajeros<\/strong>.<\/p>\n<p>La contracci\u00f3n de las operaciones no s\u00f3lo suceden a nivel nacional sino tambi\u00e9n a nivel internacional con el abandono y c<strong>ese de las operaciones en rutas codiciadas como la de Buenos Aires-Nueva York,<\/strong>\u00a0que para los referentes gremiales se trata de un verdadero desprop\u00f3sito teniendo en cuenta la importancia del destino. Acerca de la ruta que une Buenos Aires con Roma, tambi\u00e9n hay dudas y\u00a0<a href=\"https:\/\/noticiasargentinas.com\/economia\/traniela--la-primera-piloto-trans-de-la-argentina-se-pone-al-frente-de-la-resistencia-por-aerolineas-argentinas-_a66146bacd1a8391eb00b1223\">para algunos referentes como la comandante Traniela\u00a0Carle Campolieto<\/a>, \u201clos n\u00fameros por los que se toma la decisi\u00f3n no son claros y siempre existe la sospecha que la ruta se la quedar\u00e1 otro operador\u201d.<\/p>\n<p>Este recorte de rutas comenz\u00f3 a implicar despidos de personal contratado.\u00a0<strong>Seg\u00fan denunciaron a NA fuentes gremiales, m\u00e1s de 70 trabajadores de tr\u00e1fico y de rutas de distintos puntos del interior de nuestro pa\u00eds recibieron telegramas informando que no se les renovar\u00e1n los contratos.<\/strong><\/p>\n<p>Los voceros gremiales explicaron, \u201c<strong>el retiro voluntario no es todo lo exitoso que esperaba la direcci\u00f3n. Se anotaron cerca de 600 trabajadores entonces empezaron a limpiar los contratos que hab\u00eda. No es que los despidieron directamente, no se les renov\u00f3 el contrato.<\/strong>\u00a0As\u00ed que en el fin de semana, esto pas\u00f3 el s\u00e1bado. Entre el s\u00e1bado y el domingo, 70 personas afuera de Bariloche, Salta, y el Calafate\u201d.<\/p>\n<p>El futuro de Aerol\u00edneas pasa por estos d\u00edas por el despacho de Jefatura de Gabinete en Casa Rosada,\u00a0<strong>se insiste en su privatizaci\u00f3n previo acuerdo con el Congreso<\/strong>\u00a0y se analiza\u00a0<strong>convertir a Aerol\u00edneas \u00a0Argentinas en una empresa de cabotaje y de vuelos regionales con un socio privado<\/strong>\u00a0<strong>que, bien podr\u00eda ser, alg\u00fan empresario cercano a Eduardo Eurneki\u00e1n.<\/strong><\/p>\n<\/div>\n<\/div>\n<\/div>\n<\/div>\n<p>&nbsp;<\/p>\n<div class=\"wrapper style-scope share-button\" title=\"Compartir en X (Twitter)\"><\/div>\n<div class=\"wrapper style-scope share-button\" title=\"Compartir en WhatsApp\"><\/div>\n<div class=\"wrapper style-scope share-button\" title=\"Escuchar el art\u00edculo\"><\/div>\n<div class=\"author article-author\">\n<div class=\"imgwrap\"><img loading=\"lazy\" decoding=\"async\" src=\"https:\/\/alpha-assets.tadevel-cdn.com\/658d6dfac289c2b3eb187e54\/t256.jpeg\" alt=\"Antonio D'Eramo\" width=\"64\" height=\"64\" \/><\/div>\n<div class=\"textwrap\">\n<div class=\"name\"><strong>ANTONIO D&#8217;ERAMO &#8211; NA<\/strong><\/div>\n<\/div>\n<\/div>\n","protected":false},"excerpt":{"rendered":"<p>Integrantes de gremios aeron\u00e1uticos informaron que involucra a los de rampa y de tr\u00e1fico de varias escalas. Sorpresivamente, la empresa suspendi\u00f3 vuelos a C\u00f3rdoba por falta de aviones<\/p>\n","protected":false},"author":3,"featured_media":101267,"comment_status":"closed","ping_status":"closed","sticky":false,"template":"","format":"standard","meta":{"footnotes":""},"categories":[58,24,26],"tags":[],"class_list":["post-101266","post","type-post","status-publish","format-standard","has-post-thumbnail","hentry","category-gobierno","category-politica","category-sociedad"],"yoast_head":"<!-- This site is optimized with the Yoast SEO plugin v25.9 - https:\/\/yoast.com\/wordpress\/plugins\/seo\/ -->\n<title>Aerol\u00edneas deja rutas de cabotaje y no renueva contratos a m\u00e1s de 70 trabajadores - Noticias Radio Reflejos<\/title>\n<meta name=\"robots\" content=\"index, follow, max-snippet:-1, max-image-preview:large, max-video-preview:-1\" \/>\n<link rel=\"canonical\" href=\"https:\/\/www.noticiasradioreflejos.com.ar\/2021\/aerolineas-deja-rutas-de-cabotaje-y-no-renueva-contratos-a-mas-de-70-trabajadores\/\" \/>\n<meta property=\"og:locale\" content=\"es_ES\" \/>\n<meta property=\"og:type\" content=\"article\" \/>\n<meta property=\"og:title\" content=\"Aerol\u00edneas deja rutas de cabotaje y no renueva contratos a m\u00e1s de 70 trabajadores - Noticias Radio Reflejos\" \/>\n<meta property=\"og:description\" content=\"Integrantes de gremios aeron\u00e1uticos informaron que involucra a los de rampa y de tr\u00e1fico de varias escalas. Sorpresivamente, la empresa suspendi\u00f3 vuelos a C\u00f3rdoba por falta de aviones\" \/>\n<meta property=\"og:url\" content=\"https:\/\/www.noticiasradioreflejos.com.ar\/2021\/aerolineas-deja-rutas-de-cabotaje-y-no-renueva-contratos-a-mas-de-70-trabajadores\/\" \/>\n<meta property=\"og:site_name\" content=\"Noticias Radio Reflejos\" \/>\n<meta property=\"article:published_time\" content=\"2024-04-15T17:35:02+00:00\" \/>\n<meta property=\"og:image\" content=\"https:\/\/www.noticiasradioreflejos.com.ar\/2021\/wp-content\/uploads\/2024\/04\/Aerolineas-pista.jpg\" \/>\n\t<meta property=\"og:image:width\" content=\"1024\" \/>\n\t<meta property=\"og:image:height\" content=\"677\" \/>\n\t<meta property=\"og:image:type\" content=\"image\/jpeg\" \/>\n<meta name=\"author\" content=\"Arnaldo Botto\" \/>\n<meta name=\"twitter:card\" content=\"summary_large_image\" \/>\n<script type=\"application\/ld+json\" class=\"yoast-schema-graph\">{\"@context\":\"https:\/\/schema.org\",\"@graph\":[{\"@type\":\"WebPage\",\"@id\":\"https:\/\/www.noticiasradioreflejos.com.ar\/2021\/aerolineas-deja-rutas-de-cabotaje-y-no-renueva-contratos-a-mas-de-70-trabajadores\/\",\"url\":\"https:\/\/www.noticiasradioreflejos.com.ar\/2021\/aerolineas-deja-rutas-de-cabotaje-y-no-renueva-contratos-a-mas-de-70-trabajadores\/\",\"name\":\"Aerol\u00edneas deja rutas de cabotaje y no renueva contratos a m\u00e1s de 70 trabajadores - Noticias Radio Reflejos\",\"isPartOf\":{\"@id\":\"https:\/\/www.noticiasradioreflejos.com.ar\/2021\/#website\"},\"primaryImageOfPage\":{\"@id\":\"https:\/\/www.noticiasradioreflejos.com.ar\/2021\/aerolineas-deja-rutas-de-cabotaje-y-no-renueva-contratos-a-mas-de-70-trabajadores\/#primaryimage\"},\"image\":{\"@id\":\"https:\/\/www.noticiasradioreflejos.com.ar\/2021\/aerolineas-deja-rutas-de-cabotaje-y-no-renueva-contratos-a-mas-de-70-trabajadores\/#primaryimage\"},\"thumbnailUrl\":\"https:\/\/www.noticiasradioreflejos.com.ar\/2021\/wp-content\/uploads\/2024\/04\/Aerolineas-pista.jpg\",\"datePublished\":\"2024-04-15T17:35:02+00:00\",\"author\":{\"@id\":\"https:\/\/www.noticiasradioreflejos.com.ar\/2021\/#\/schema\/person\/ad82545263dcc5ec0996818884fd5fb1\"},\"breadcrumb\":{\"@id\":\"https:\/\/www.noticiasradioreflejos.com.ar\/2021\/aerolineas-deja-rutas-de-cabotaje-y-no-renueva-contratos-a-mas-de-70-trabajadores\/#breadcrumb\"},\"inLanguage\":\"es\",\"potentialAction\":[{\"@type\":\"ReadAction\",\"target\":[\"https:\/\/www.noticiasradioreflejos.com.ar\/2021\/aerolineas-deja-rutas-de-cabotaje-y-no-renueva-contratos-a-mas-de-70-trabajadores\/\"]}]},{\"@type\":\"ImageObject\",\"inLanguage\":\"es\",\"@id\":\"https:\/\/www.noticiasradioreflejos.com.ar\/2021\/aerolineas-deja-rutas-de-cabotaje-y-no-renueva-contratos-a-mas-de-70-trabajadores\/#primaryimage\",\"url\":\"https:\/\/www.noticiasradioreflejos.com.ar\/2021\/wp-content\/uploads\/2024\/04\/Aerolineas-pista.jpg\",\"contentUrl\":\"https:\/\/www.noticiasradioreflejos.com.ar\/2021\/wp-content\/uploads\/2024\/04\/Aerolineas-pista.jpg\",\"width\":1024,\"height\":677},{\"@type\":\"BreadcrumbList\",\"@id\":\"https:\/\/www.noticiasradioreflejos.com.ar\/2021\/aerolineas-deja-rutas-de-cabotaje-y-no-renueva-contratos-a-mas-de-70-trabajadores\/#breadcrumb\",\"itemListElement\":[{\"@type\":\"ListItem\",\"position\":1,\"name\":\"Portada\",\"item\":\"https:\/\/www.noticiasradioreflejos.com.ar\/2021\/\"},{\"@type\":\"ListItem\",\"position\":2,\"name\":\"Aerol\u00edneas deja rutas de cabotaje y no renueva contratos a m\u00e1s de 70 trabajadores\"}]},{\"@type\":\"WebSite\",\"@id\":\"https:\/\/www.noticiasradioreflejos.com.ar\/2021\/#website\",\"url\":\"https:\/\/www.noticiasradioreflejos.com.ar\/2021\/\",\"name\":\"Noticias Radio Reflejos\",\"description\":\"Las noticias de mi comarca\",\"potentialAction\":[{\"@type\":\"SearchAction\",\"target\":{\"@type\":\"EntryPoint\",\"urlTemplate\":\"https:\/\/www.noticiasradioreflejos.com.ar\/2021\/?s={search_term_string}\"},\"query-input\":{\"@type\":\"PropertyValueSpecification\",\"valueRequired\":true,\"valueName\":\"search_term_string\"}}],\"inLanguage\":\"es\"},{\"@type\":\"Person\",\"@id\":\"https:\/\/www.noticiasradioreflejos.com.ar\/2021\/#\/schema\/person\/ad82545263dcc5ec0996818884fd5fb1\",\"name\":\"Arnaldo Botto\",\"image\":{\"@type\":\"ImageObject\",\"inLanguage\":\"es\",\"@id\":\"https:\/\/www.noticiasradioreflejos.com.ar\/2021\/#\/schema\/person\/image\/\",\"url\":\"https:\/\/secure.gravatar.com\/avatar\/55cb5e37c1efa326397366e6974cb338056df65cb50e7d64d1cf314e87504837?s=96&d=mm&r=g\",\"contentUrl\":\"https:\/\/secure.gravatar.com\/avatar\/55cb5e37c1efa326397366e6974cb338056df65cb50e7d64d1cf314e87504837?s=96&d=mm&r=g\",\"caption\":\"Arnaldo Botto\"},\"url\":\"https:\/\/www.noticiasradioreflejos.com.ar\/2021\/author\/arnaldo\/\"}]}<\/script>\n<!-- \/ Yoast SEO plugin. -->","yoast_head_json":{"title":"Aerol\u00edneas deja rutas de cabotaje y no renueva contratos a m\u00e1s de 70 trabajadores - Noticias Radio Reflejos","robots":{"index":"index","follow":"follow","max-snippet":"max-snippet:-1","max-image-preview":"max-image-preview:large","max-video-preview":"max-video-preview:-1"},"canonical":"https:\/\/www.noticiasradioreflejos.com.ar\/2021\/aerolineas-deja-rutas-de-cabotaje-y-no-renueva-contratos-a-mas-de-70-trabajadores\/","og_locale":"es_ES","og_type":"article","og_title":"Aerol\u00edneas deja rutas de cabotaje y no renueva contratos a m\u00e1s de 70 trabajadores - Noticias Radio Reflejos","og_description":"Integrantes de gremios aeron\u00e1uticos informaron que involucra a los de rampa y de tr\u00e1fico de varias escalas. Sorpresivamente, la empresa suspendi\u00f3 vuelos a C\u00f3rdoba por falta de aviones","og_url":"https:\/\/www.noticiasradioreflejos.com.ar\/2021\/aerolineas-deja-rutas-de-cabotaje-y-no-renueva-contratos-a-mas-de-70-trabajadores\/","og_site_name":"Noticias Radio Reflejos","article_published_time":"2024-04-15T17:35:02+00:00","og_image":[{"width":1024,"height":677,"url":"https:\/\/www.noticiasradioreflejos.com.ar\/2021\/wp-content\/uploads\/2024\/04\/Aerolineas-pista.jpg","type":"image\/jpeg"}],"author":"Arnaldo Botto","twitter_card":"summary_large_image","schema":{"@context":"https:\/\/schema.org","@graph":[{"@type":"WebPage","@id":"https:\/\/www.noticiasradioreflejos.com.ar\/2021\/aerolineas-deja-rutas-de-cabotaje-y-no-renueva-contratos-a-mas-de-70-trabajadores\/","url":"https:\/\/www.noticiasradioreflejos.com.ar\/2021\/aerolineas-deja-rutas-de-cabotaje-y-no-renueva-contratos-a-mas-de-70-trabajadores\/","name":"Aerol\u00edneas deja rutas de cabotaje y no renueva contratos a m\u00e1s de 70 trabajadores - Noticias Radio Reflejos","isPartOf":{"@id":"https:\/\/www.noticiasradioreflejos.com.ar\/2021\/#website"},"primaryImageOfPage":{"@id":"https:\/\/www.noticiasradioreflejos.com.ar\/2021\/aerolineas-deja-rutas-de-cabotaje-y-no-renueva-contratos-a-mas-de-70-trabajadores\/#primaryimage"},"image":{"@id":"https:\/\/www.noticiasradioreflejos.com.ar\/2021\/aerolineas-deja-rutas-de-cabotaje-y-no-renueva-contratos-a-mas-de-70-trabajadores\/#primaryimage"},"thumbnailUrl":"https:\/\/www.noticiasradioreflejos.com.ar\/2021\/wp-content\/uploads\/2024\/04\/Aerolineas-pista.jpg","datePublished":"2024-04-15T17:35:02+00:00","author":{"@id":"https:\/\/www.noticiasradioreflejos.com.ar\/2021\/#\/schema\/person\/ad82545263dcc5ec0996818884fd5fb1"},"breadcrumb":{"@id":"https:\/\/www.noticiasradioreflejos.com.ar\/2021\/aerolineas-deja-rutas-de-cabotaje-y-no-renueva-contratos-a-mas-de-70-trabajadores\/#breadcrumb"},"inLanguage":"es","potentialAction":[{"@type":"ReadAction","target":["https:\/\/www.noticiasradioreflejos.com.ar\/2021\/aerolineas-deja-rutas-de-cabotaje-y-no-renueva-contratos-a-mas-de-70-trabajadores\/"]}]},{"@type":"ImageObject","inLanguage":"es","@id":"https:\/\/www.noticiasradioreflejos.com.ar\/2021\/aerolineas-deja-rutas-de-cabotaje-y-no-renueva-contratos-a-mas-de-70-trabajadores\/#primaryimage","url":"https:\/\/www.noticiasradioreflejos.com.ar\/2021\/wp-content\/uploads\/2024\/04\/Aerolineas-pista.jpg","contentUrl":"https:\/\/www.noticiasradioreflejos.com.ar\/2021\/wp-content\/uploads\/2024\/04\/Aerolineas-pista.jpg","width":1024,"height":677},{"@type":"BreadcrumbList","@id":"https:\/\/www.noticiasradioreflejos.com.ar\/2021\/aerolineas-deja-rutas-de-cabotaje-y-no-renueva-contratos-a-mas-de-70-trabajadores\/#breadcrumb","itemListElement":[{"@type":"ListItem","position":1,"name":"Portada","item":"https:\/\/www.noticiasradioreflejos.com.ar\/2021\/"},{"@type":"ListItem","position":2,"name":"Aerol\u00edneas deja rutas de cabotaje y no renueva contratos a m\u00e1s de 70 trabajadores"}]},{"@type":"WebSite","@id":"https:\/\/www.noticiasradioreflejos.com.ar\/2021\/#website","url":"https:\/\/www.noticiasradioreflejos.com.ar\/2021\/","name":"Noticias Radio Reflejos","description":"Las noticias de mi comarca","potentialAction":[{"@type":"SearchAction","target":{"@type":"EntryPoint","urlTemplate":"https:\/\/www.noticiasradioreflejos.com.ar\/2021\/?s={search_term_string}"},"query-input":{"@type":"PropertyValueSpecification","valueRequired":true,"valueName":"search_term_string"}}],"inLanguage":"es"},{"@type":"Person","@id":"https:\/\/www.noticiasradioreflejos.com.ar\/2021\/#\/schema\/person\/ad82545263dcc5ec0996818884fd5fb1","name":"Arnaldo Botto","image":{"@type":"ImageObject","inLanguage":"es","@id":"https:\/\/www.noticiasradioreflejos.com.ar\/2021\/#\/schema\/person\/image\/","url":"https:\/\/secure.gravatar.com\/avatar\/55cb5e37c1efa326397366e6974cb338056df65cb50e7d64d1cf314e87504837?s=96&d=mm&r=g","contentUrl":"https:\/\/secure.gravatar.com\/avatar\/55cb5e37c1efa326397366e6974cb338056df65cb50e7d64d1cf314e87504837?s=96&d=mm&r=g","caption":"Arnaldo Botto"},"url":"https:\/\/www.noticiasradioreflejos.com.ar\/2021\/author\/arnaldo\/"}]}},"_links":{"self":[{"href":"https:\/\/www.noticiasradioreflejos.com.ar\/2021\/wp-json\/wp\/v2\/posts\/101266","targetHints":{"allow":["GET"]}}],"collection":[{"href":"https:\/\/www.noticiasradioreflejos.com.ar\/2021\/wp-json\/wp\/v2\/posts"}],"about":[{"href":"https:\/\/www.noticiasradioreflejos.com.ar\/2021\/wp-json\/wp\/v2\/types\/post"}],"author":[{"embeddable":true,"href":"https:\/\/www.noticiasradioreflejos.com.ar\/2021\/wp-json\/wp\/v2\/users\/3"}],"replies":[{"embeddable":true,"href":"https:\/\/www.noticiasradioreflejos.com.ar\/2021\/wp-json\/wp\/v2\/comments?post=101266"}],"version-history":[{"count":1,"href":"https:\/\/www.noticiasradioreflejos.com.ar\/2021\/wp-json\/wp\/v2\/posts\/101266\/revisions"}],"predecessor-version":[{"id":101268,"href":"https:\/\/www.noticiasradioreflejos.com.ar\/2021\/wp-json\/wp\/v2\/posts\/101266\/revisions\/101268"}],"wp:featuredmedia":[{"embeddable":true,"href":"https:\/\/www.noticiasradioreflejos.com.ar\/2021\/wp-json\/wp\/v2\/media\/101267"}],"wp:attachment":[{"href":"https:\/\/www.noticiasradioreflejos.com.ar\/2021\/wp-json\/wp\/v2\/media?parent=101266"}],"wp:term":[{"taxonomy":"category","embeddable":true,"href":"https:\/\/www.noticiasradioreflejos.com.ar\/2021\/wp-json\/wp\/v2\/categories?post=101266"},{"taxonomy":"post_tag","embeddable":true,"href":"https:\/\/www.noticiasradioreflejos.com.ar\/2021\/wp-json\/wp\/v2\/tags?post=101266"}],"curies":[{"name":"wp","href":"https:\/\/api.w.org\/{rel}","templated":true}]}}