{"id":101203,"date":"2024-04-12T16:54:42","date_gmt":"2024-04-12T19:54:42","guid":{"rendered":"https:\/\/www.noticiasradioreflejos.com.ar\/2021\/?p=101203"},"modified":"2024-04-12T16:54:42","modified_gmt":"2024-04-12T19:54:42","slug":"bloque-jxc-ucr-no-a-la-privatizacion-del-banco-de-la-nacion-argentina","status":"publish","type":"post","link":"https:\/\/www.noticiasradioreflejos.com.ar\/2021\/bloque-jxc-ucr-no-a-la-privatizacion-del-banco-de-la-nacion-argentina\/","title":{"rendered":"Bloque JxC UCR: No a la privatizaci\u00f3n del Banco de la Naci\u00f3n Argentina"},"content":{"rendered":"<p>El Bloque Juntos por el Cambio UCR presenta el Proyecto de Resoluci\u00f3n, adhiriendo y celebrando el Proyecto de Ley 5052-D-2023 presentado en la Honorable C\u00e1mara de Diputados de la Naci\u00f3n en defensa de la Banca P\u00fablica Nacional, que except\u00faa en forma permanente de ser declarado \u201cSujeto a Privatizaci\u00f3n\u201d al Banco de la Naci\u00f3n Argentina, continuando, de manera invariable, su actividad como Instituci\u00f3n bancaria de propiedad del Estado Nacional.<!--more--><\/p>\n<p style=\"text-align: right;\">Tornquist, 12 de abril de 2024.<\/p>\n<p style=\"text-align: left;\">\nVISTO:<br \/>\nEl Proyecto de Ley 5052-D-2023, presentado en la Honorable C\u00e1mara de Diputados de la Naci\u00f3n en defensa de la Banca P\u00fablica Nacional;<br \/>\nEl DNU 70\/2023 sobre \u201cReforma del Estado\u201d, del Poder Ejecutivo Nacional, que en su Art\u00edculo 41\u00ba establece la derogaci\u00f3n del tercer p\u00e1rrafo del Art\u00edculo 9\u00b0 de la Ley N\u00b0 23.696, introducido por la Ley N\u00ba25.108, y;<\/p>\n<p style=\"text-align: left;\">\nCONSIDERANDO:<br \/>\nQue el mencionado DNU hoy est\u00e1 vigente y se encuentra pendiente de su tratamiento en la Honorable C\u00e1mara de Diputados de la Naci\u00f3n;<br \/>\nQue en defensa de la Banca P\u00fablica, el Diputado Nacional Dr. Pablo Adri\u00e1n Juliano ha presentado un proyecto de Ley para evitar la privatizaci\u00f3n de la misma;<br \/>\nQue la Argentina vivi\u00f3 este intento de privatizaci\u00f3n de empresas del Estado a\u00f1os atr\u00e1s, m\u00e1s precisamente con la sanci\u00f3n de la Ley N\u00ba23.696 de reforma del Estado de agosto de 1989;<br \/>\nQue el Banco de la Naci\u00f3n Argentina (BNA) fue fundado en 1891 por iniciativa del Presidente Carlos Pellegrini (liberal), como un medio para resolver los embates de una devastadora crisis econ\u00f3mica que afectaba, en especial, al sistema bancario existente en ese momento en manos de los privados;<br \/>\nQue el Banco de la Naci\u00f3n Argentina, debido a su presencia federal, fue testigo y motor de la evoluci\u00f3n econ\u00f3mica, territorial, social y pol\u00edtica de la Argentina desde finales del siglo XIX;<br \/>\nQue, en su origen, tal como lo refleja su carta org\u00e1nica, nace como instrumento para el financiamiento de las actividades productivas del sector agropecuario, el segmento m\u00e1s importante en cuanto a tama\u00f1o y el m\u00e1s din\u00e1mico del entramado productivo de la Argentina;<br \/>\nQue, en mayor o menor medida, en todas las \u00e9pocas logr\u00f3 sobreponerse al devenir de la Argentina para enfocarse en su rol principal: ser agente de cambio, modernizaci\u00f3n y desarrollo del pa\u00eds, con una visi\u00f3n federal;<br \/>\nQue el Banco de la Naci\u00f3n Argentina no presenta d\u00e9ficit. Por el contrario, es superavitario. Pese a que debe modernizarse, para ser \u00e1gil, eficaz y eficiente para sus clientes;<br \/>\nQue dicho organismo cumple el papel estrat\u00e9gico de atender de manera prioritaria las necesidades de financiamiento de las PyMEs y los sectores m\u00e1s din\u00e1micos, lo que se agrega a su tradicional acci\u00f3n a favor del desarrollo del campo, la industria, las econom\u00edas regionales y el comercio exterior;<br \/>\nQue, como es tradicional, el Banco Naci\u00f3n dispone de una significativa oferta crediticia dise\u00f1ada para cubrir las necesidades de financiamiento de los diferentes sectores productivos de la econom\u00eda argentina. Adem\u00e1s de su hist\u00f3rica acci\u00f3n a favor del financiamiento del campo, de la industria, las econom\u00edas regionales y el comercio exterior, apuesta a atender de manera prioritaria las necesidades de cr\u00e9dito de las peque\u00f1as y medianas empresas;<br \/>\nQue en el nuevo Proyecto de Ley (ley \u00f3mnibus), enviado por el Poder Ejecutivo Nacional al Congreso de la Naci\u00f3n, estipula que dicho organismo se podr\u00eda privatizar parcialmente;<br \/>\nQue el Banco Naci\u00f3n cuenta con 17.403 empleados en el \u00e1mbito nacional y 182 empleados en el exterior y con 2.793 cajeros autom\u00e1ticos y 600 TAS;<br \/>\nQue desde nuestros Bloques bregamos porque siga siendo del Estado Argentino, y no un bot\u00edn apetecible por financistas privados o la banca extranjera;<\/p>\n<p style=\"text-align: left;\">\nPOR ELLO:<br \/>\nLOS BLOQUES DE CONCEJALES DE JUNTOS Y JUNTOS POR EL CAMBIO<br \/>\nPROPONEN EL SIGUIENTE<br \/>\nPROYECTO DE RESOLUCI\u00d3N<\/p>\n<p>ART\u00cdCULO 1\u00b0: El Honorable Concejo Deliberante de Tornquist, celebra el Proyecto de Ley 5052-D-2023 presentado en la Honorable C\u00e1mara de Diputados de la Naci\u00f3n en defensa de la Banca P\u00fablica Nacional, que except\u00faa en forma permanente de ser declarado \u201cSujeto a Privatizaci\u00f3n\u201d al Banco de la Naci\u00f3n Argentina, continuando, de manera invariable, su actividad como Instituci\u00f3n bancaria de propiedad del Estado Nacional.<\/p>\n<p>ART\u00cdCULO 2\u00b0: Solicitar a todos los Bloques de la Honorable C\u00e1mara de Diputados de la Naci\u00f3n el pronto tratamiento del Proyecto de Ley 5052-D-2023, cuyo autor es el Diputado Nacional Dr. Pablo Juliano.<\/p>\n<p>ART\u00cdCULO 3\u00ba: Enviar a trav\u00e9s de la Presidencia copia de la presente Resoluci\u00f3n a la Honorable C\u00e1mara de Diputados de la Naci\u00f3n, en especial al Diputado Nacional Dr. Pablo Juliano.<\/p>\n<p>ART\u00cdCULO 4\u00b0: Enviar copia de la presente Resoluci\u00f3n a los Concejos Deliberante de los 135 Distritos de la Provincia de Buenos Aires.<\/p>\n<p>ART\u00cdCULO 5\u00b0: Enviar copia de la Presente Resoluci\u00f3n al Gerente del Banco Naci\u00f3n de la localidad de Tornquist, Sr. Juan Pablo Madrid.<\/p>\n<p>ART\u00cdCULO 6\u00b0: De forma.<\/p>\n","protected":false},"excerpt":{"rendered":"<p>El Bloque Juntos por el Cambio UCR presenta el Proyecto de Resoluci\u00f3n, adhiriendo y celebrando el Proyecto de Ley 5052-D-2023 presentado en la Honorable C\u00e1mara de Diputados de la Naci\u00f3n en defensa de la Banca P\u00fablica Nacional, que except\u00faa en forma permanente de ser declarado \u201cSujeto a Privatizaci\u00f3n\u201d al Banco de la Naci\u00f3n Argentina, continuando, [&hellip;]<\/p>\n","protected":false},"author":3,"featured_media":0,"comment_status":"closed","ping_status":"closed","sticky":false,"template":"","format":"standard","meta":{"footnotes":""},"categories":[24],"tags":[],"class_list":["post-101203","post","type-post","status-publish","format-standard","hentry","category-politica"],"yoast_head":"<!-- This site is optimized with the Yoast SEO plugin v25.9 - https:\/\/yoast.com\/wordpress\/plugins\/seo\/ -->\n<title>Bloque JxC UCR: No a la privatizaci\u00f3n del Banco de la Naci\u00f3n Argentina - Noticias Radio Reflejos<\/title>\n<meta name=\"robots\" content=\"index, follow, max-snippet:-1, max-image-preview:large, max-video-preview:-1\" \/>\n<link rel=\"canonical\" href=\"https:\/\/www.noticiasradioreflejos.com.ar\/2021\/bloque-jxc-ucr-no-a-la-privatizacion-del-banco-de-la-nacion-argentina\/\" \/>\n<meta property=\"og:locale\" content=\"es_ES\" \/>\n<meta property=\"og:type\" content=\"article\" \/>\n<meta property=\"og:title\" content=\"Bloque JxC UCR: No a la privatizaci\u00f3n del Banco de la Naci\u00f3n Argentina - Noticias Radio Reflejos\" \/>\n<meta property=\"og:description\" content=\"El Bloque Juntos por el Cambio UCR presenta el Proyecto de Resoluci\u00f3n, adhiriendo y celebrando el Proyecto de Ley 5052-D-2023 presentado en la Honorable C\u00e1mara de Diputados de la Naci\u00f3n en defensa de la Banca P\u00fablica Nacional, que except\u00faa en forma permanente de ser declarado \u201cSujeto a Privatizaci\u00f3n\u201d al Banco de la Naci\u00f3n Argentina, continuando, [&hellip;]\" \/>\n<meta property=\"og:url\" content=\"https:\/\/www.noticiasradioreflejos.com.ar\/2021\/bloque-jxc-ucr-no-a-la-privatizacion-del-banco-de-la-nacion-argentina\/\" \/>\n<meta property=\"og:site_name\" content=\"Noticias Radio Reflejos\" \/>\n<meta property=\"article:published_time\" content=\"2024-04-12T19:54:42+00:00\" \/>\n<meta property=\"og:image\" content=\"https:\/\/www.noticiasradioreflejos.com.ar\/2021\/wp-content\/uploads\/2021\/07\/logosol300x200.png\" \/>\n\t<meta property=\"og:image:width\" content=\"300\" \/>\n\t<meta property=\"og:image:height\" content=\"200\" \/>\n\t<meta property=\"og:image:type\" content=\"image\/png\" \/>\n<meta name=\"author\" content=\"Arnaldo Botto\" \/>\n<meta name=\"twitter:card\" content=\"summary_large_image\" \/>\n<script type=\"application\/ld+json\" class=\"yoast-schema-graph\">{\"@context\":\"https:\/\/schema.org\",\"@graph\":[{\"@type\":\"WebPage\",\"@id\":\"https:\/\/www.noticiasradioreflejos.com.ar\/2021\/bloque-jxc-ucr-no-a-la-privatizacion-del-banco-de-la-nacion-argentina\/\",\"url\":\"https:\/\/www.noticiasradioreflejos.com.ar\/2021\/bloque-jxc-ucr-no-a-la-privatizacion-del-banco-de-la-nacion-argentina\/\",\"name\":\"Bloque JxC UCR: No a la privatizaci\u00f3n del Banco de la Naci\u00f3n Argentina - Noticias Radio Reflejos\",\"isPartOf\":{\"@id\":\"https:\/\/www.noticiasradioreflejos.com.ar\/2021\/#website\"},\"datePublished\":\"2024-04-12T19:54:42+00:00\",\"author\":{\"@id\":\"https:\/\/www.noticiasradioreflejos.com.ar\/2021\/#\/schema\/person\/ad82545263dcc5ec0996818884fd5fb1\"},\"breadcrumb\":{\"@id\":\"https:\/\/www.noticiasradioreflejos.com.ar\/2021\/bloque-jxc-ucr-no-a-la-privatizacion-del-banco-de-la-nacion-argentina\/#breadcrumb\"},\"inLanguage\":\"es\",\"potentialAction\":[{\"@type\":\"ReadAction\",\"target\":[\"https:\/\/www.noticiasradioreflejos.com.ar\/2021\/bloque-jxc-ucr-no-a-la-privatizacion-del-banco-de-la-nacion-argentina\/\"]}]},{\"@type\":\"BreadcrumbList\",\"@id\":\"https:\/\/www.noticiasradioreflejos.com.ar\/2021\/bloque-jxc-ucr-no-a-la-privatizacion-del-banco-de-la-nacion-argentina\/#breadcrumb\",\"itemListElement\":[{\"@type\":\"ListItem\",\"position\":1,\"name\":\"Portada\",\"item\":\"https:\/\/www.noticiasradioreflejos.com.ar\/2021\/\"},{\"@type\":\"ListItem\",\"position\":2,\"name\":\"Bloque JxC UCR: No a la privatizaci\u00f3n del Banco de la Naci\u00f3n Argentina\"}]},{\"@type\":\"WebSite\",\"@id\":\"https:\/\/www.noticiasradioreflejos.com.ar\/2021\/#website\",\"url\":\"https:\/\/www.noticiasradioreflejos.com.ar\/2021\/\",\"name\":\"Noticias Radio Reflejos\",\"description\":\"Las noticias de mi comarca\",\"potentialAction\":[{\"@type\":\"SearchAction\",\"target\":{\"@type\":\"EntryPoint\",\"urlTemplate\":\"https:\/\/www.noticiasradioreflejos.com.ar\/2021\/?s={search_term_string}\"},\"query-input\":{\"@type\":\"PropertyValueSpecification\",\"valueRequired\":true,\"valueName\":\"search_term_string\"}}],\"inLanguage\":\"es\"},{\"@type\":\"Person\",\"@id\":\"https:\/\/www.noticiasradioreflejos.com.ar\/2021\/#\/schema\/person\/ad82545263dcc5ec0996818884fd5fb1\",\"name\":\"Arnaldo Botto\",\"image\":{\"@type\":\"ImageObject\",\"inLanguage\":\"es\",\"@id\":\"https:\/\/www.noticiasradioreflejos.com.ar\/2021\/#\/schema\/person\/image\/\",\"url\":\"https:\/\/secure.gravatar.com\/avatar\/55cb5e37c1efa326397366e6974cb338056df65cb50e7d64d1cf314e87504837?s=96&d=mm&r=g\",\"contentUrl\":\"https:\/\/secure.gravatar.com\/avatar\/55cb5e37c1efa326397366e6974cb338056df65cb50e7d64d1cf314e87504837?s=96&d=mm&r=g\",\"caption\":\"Arnaldo Botto\"},\"url\":\"https:\/\/www.noticiasradioreflejos.com.ar\/2021\/author\/arnaldo\/\"}]}<\/script>\n<!-- \/ Yoast SEO plugin. -->","yoast_head_json":{"title":"Bloque JxC UCR: No a la privatizaci\u00f3n del Banco de la Naci\u00f3n Argentina - Noticias Radio Reflejos","robots":{"index":"index","follow":"follow","max-snippet":"max-snippet:-1","max-image-preview":"max-image-preview:large","max-video-preview":"max-video-preview:-1"},"canonical":"https:\/\/www.noticiasradioreflejos.com.ar\/2021\/bloque-jxc-ucr-no-a-la-privatizacion-del-banco-de-la-nacion-argentina\/","og_locale":"es_ES","og_type":"article","og_title":"Bloque JxC UCR: No a la privatizaci\u00f3n del Banco de la Naci\u00f3n Argentina - Noticias Radio Reflejos","og_description":"El Bloque Juntos por el Cambio UCR presenta el Proyecto de Resoluci\u00f3n, adhiriendo y celebrando el Proyecto de Ley 5052-D-2023 presentado en la Honorable C\u00e1mara de Diputados de la Naci\u00f3n en defensa de la Banca P\u00fablica Nacional, que except\u00faa en forma permanente de ser declarado \u201cSujeto a Privatizaci\u00f3n\u201d al Banco de la Naci\u00f3n Argentina, continuando, [&hellip;]","og_url":"https:\/\/www.noticiasradioreflejos.com.ar\/2021\/bloque-jxc-ucr-no-a-la-privatizacion-del-banco-de-la-nacion-argentina\/","og_site_name":"Noticias Radio Reflejos","article_published_time":"2024-04-12T19:54:42+00:00","og_image":[{"width":300,"height":200,"url":"https:\/\/www.noticiasradioreflejos.com.ar\/2021\/wp-content\/uploads\/2021\/07\/logosol300x200.png","type":"image\/png"}],"author":"Arnaldo Botto","twitter_card":"summary_large_image","schema":{"@context":"https:\/\/schema.org","@graph":[{"@type":"WebPage","@id":"https:\/\/www.noticiasradioreflejos.com.ar\/2021\/bloque-jxc-ucr-no-a-la-privatizacion-del-banco-de-la-nacion-argentina\/","url":"https:\/\/www.noticiasradioreflejos.com.ar\/2021\/bloque-jxc-ucr-no-a-la-privatizacion-del-banco-de-la-nacion-argentina\/","name":"Bloque JxC UCR: No a la privatizaci\u00f3n del Banco de la Naci\u00f3n Argentina - Noticias Radio Reflejos","isPartOf":{"@id":"https:\/\/www.noticiasradioreflejos.com.ar\/2021\/#website"},"datePublished":"2024-04-12T19:54:42+00:00","author":{"@id":"https:\/\/www.noticiasradioreflejos.com.ar\/2021\/#\/schema\/person\/ad82545263dcc5ec0996818884fd5fb1"},"breadcrumb":{"@id":"https:\/\/www.noticiasradioreflejos.com.ar\/2021\/bloque-jxc-ucr-no-a-la-privatizacion-del-banco-de-la-nacion-argentina\/#breadcrumb"},"inLanguage":"es","potentialAction":[{"@type":"ReadAction","target":["https:\/\/www.noticiasradioreflejos.com.ar\/2021\/bloque-jxc-ucr-no-a-la-privatizacion-del-banco-de-la-nacion-argentina\/"]}]},{"@type":"BreadcrumbList","@id":"https:\/\/www.noticiasradioreflejos.com.ar\/2021\/bloque-jxc-ucr-no-a-la-privatizacion-del-banco-de-la-nacion-argentina\/#breadcrumb","itemListElement":[{"@type":"ListItem","position":1,"name":"Portada","item":"https:\/\/www.noticiasradioreflejos.com.ar\/2021\/"},{"@type":"ListItem","position":2,"name":"Bloque JxC UCR: No a la privatizaci\u00f3n del Banco de la Naci\u00f3n Argentina"}]},{"@type":"WebSite","@id":"https:\/\/www.noticiasradioreflejos.com.ar\/2021\/#website","url":"https:\/\/www.noticiasradioreflejos.com.ar\/2021\/","name":"Noticias Radio Reflejos","description":"Las noticias de mi comarca","potentialAction":[{"@type":"SearchAction","target":{"@type":"EntryPoint","urlTemplate":"https:\/\/www.noticiasradioreflejos.com.ar\/2021\/?s={search_term_string}"},"query-input":{"@type":"PropertyValueSpecification","valueRequired":true,"valueName":"search_term_string"}}],"inLanguage":"es"},{"@type":"Person","@id":"https:\/\/www.noticiasradioreflejos.com.ar\/2021\/#\/schema\/person\/ad82545263dcc5ec0996818884fd5fb1","name":"Arnaldo Botto","image":{"@type":"ImageObject","inLanguage":"es","@id":"https:\/\/www.noticiasradioreflejos.com.ar\/2021\/#\/schema\/person\/image\/","url":"https:\/\/secure.gravatar.com\/avatar\/55cb5e37c1efa326397366e6974cb338056df65cb50e7d64d1cf314e87504837?s=96&d=mm&r=g","contentUrl":"https:\/\/secure.gravatar.com\/avatar\/55cb5e37c1efa326397366e6974cb338056df65cb50e7d64d1cf314e87504837?s=96&d=mm&r=g","caption":"Arnaldo Botto"},"url":"https:\/\/www.noticiasradioreflejos.com.ar\/2021\/author\/arnaldo\/"}]}},"_links":{"self":[{"href":"https:\/\/www.noticiasradioreflejos.com.ar\/2021\/wp-json\/wp\/v2\/posts\/101203","targetHints":{"allow":["GET"]}}],"collection":[{"href":"https:\/\/www.noticiasradioreflejos.com.ar\/2021\/wp-json\/wp\/v2\/posts"}],"about":[{"href":"https:\/\/www.noticiasradioreflejos.com.ar\/2021\/wp-json\/wp\/v2\/types\/post"}],"author":[{"embeddable":true,"href":"https:\/\/www.noticiasradioreflejos.com.ar\/2021\/wp-json\/wp\/v2\/users\/3"}],"replies":[{"embeddable":true,"href":"https:\/\/www.noticiasradioreflejos.com.ar\/2021\/wp-json\/wp\/v2\/comments?post=101203"}],"version-history":[{"count":1,"href":"https:\/\/www.noticiasradioreflejos.com.ar\/2021\/wp-json\/wp\/v2\/posts\/101203\/revisions"}],"predecessor-version":[{"id":101205,"href":"https:\/\/www.noticiasradioreflejos.com.ar\/2021\/wp-json\/wp\/v2\/posts\/101203\/revisions\/101205"}],"wp:attachment":[{"href":"https:\/\/www.noticiasradioreflejos.com.ar\/2021\/wp-json\/wp\/v2\/media?parent=101203"}],"wp:term":[{"taxonomy":"category","embeddable":true,"href":"https:\/\/www.noticiasradioreflejos.com.ar\/2021\/wp-json\/wp\/v2\/categories?post=101203"},{"taxonomy":"post_tag","embeddable":true,"href":"https:\/\/www.noticiasradioreflejos.com.ar\/2021\/wp-json\/wp\/v2\/tags?post=101203"}],"curies":[{"name":"wp","href":"https:\/\/api.w.org\/{rel}","templated":true}]}}